{"id":990,"date":"2023-05-25T15:59:42","date_gmt":"2023-05-25T15:59:42","guid":{"rendered":"https:\/\/blogdobispo.com.br\/?p=990"},"modified":"2023-05-25T15:59:42","modified_gmt":"2023-05-25T15:59:42","slug":"governo-anuncia-corte-de-impostos-para-reduzir-em-ate-1079-preco-de-carros-de-ate-r-120-mil","status":"publish","type":"post","link":"https:\/\/blogdobispo.com.br\/?p=990","title":{"rendered":"Governo anuncia corte de impostos para reduzir, em at\u00e9 10,79%, pre\u00e7o de carros de at\u00e9 R$ 120 mil"},"content":{"rendered":"\n<p>O governo federal anunciou nesta quinta-feira (25) que vai reduzir impostos com o objetivo de reduzir o pre\u00e7o final dos carros populares&nbsp;<strong>em at\u00e9 10,79%<\/strong>. A medida valer\u00e1 para&nbsp;<strong>ve\u00edculos com valor final de at\u00e9 R$ 120 mil<\/strong>.<\/p>\n\n\n\n<p>As medidas, segundo o setor automotivo,&nbsp;<strong>podem fazer com que os carros populares novos voltem a custar menos de R$ 60 mil (veja abaixo).<\/strong><\/p>\n\n\n\n<p><strong>Atualmente no Brasil, o pre\u00e7o de partida do carro zero, sem contar com as medidas anunciadas nesta quinta-feira, \u00e9 de cerca de R$ 68 mil, mais de 50 sal\u00e1rios m\u00ednimos (que est\u00e1 em R$ 1.320,00).<\/strong><\/p>\n\n\n\n<p>Segundo o vice-presidente da Rep\u00fablica e ministro de Desenvolvimento, Ind\u00fastria, Com\u00e9rcio e Servi\u00e7os, Geraldo Alckmin, o abatimento no pre\u00e7o final poder\u00e1 ser ainda maior: O governo estuda permitir a venda direta dos carros a pessoas f\u00edsicas.<\/p>\n\n\n\n<p>Hoje, a venda direta \u00e9 realizada apenas para CNPJs. A modalidade \u00e9 utilizada por locadoras e empresas de frete, por exemplo, por n\u00e3o incluir custos de log\u00edstica e o lucro das concession\u00e1rias, por exemplo.<\/p>\n\n\n\n<p>Segundo Alckmin,&nbsp;<strong>o desconto vai variar de 1,5% a 10,79%, com base em tr\u00eas fatores<\/strong>:<\/p>\n\n\n\n<ul class=\"wp-block-list\">\n<li><strong>o valor atual do ve\u00edculo<\/strong>: quanto mais barato o carro, maior ser\u00e1 o desconto tribut\u00e1rio;<\/li>\n\n\n\n<li><strong>a emiss\u00e3o de poluentes<\/strong>: quanto mais limpo for o motor e o processo produtivo, maior o desconto;<\/li>\n\n\n\n<li><strong>a cadeia de produ\u00e7\u00e3o<\/strong>: quanto maior o percentual de pe\u00e7as e acess\u00f3rios produzidos no Brasil, maior o desconto.<\/li>\n<\/ul>\n\n\n\n<p>As a\u00e7\u00f5es foram anunciadas ap\u00f3s reuni\u00e3o do presidente Luiz In\u00e1cio Lula da Silva, de Alckmin e de representantes da equipe econ\u00f4mica com entidades do setor automotivo no Pal\u00e1cio do Planalto.<\/p>\n\n\n\n<p>Segundo Alckmin, &#8220;quanto menor o carro, mais acess\u00edvel, maior ser\u00e1 o desconto&#8221;.<\/p>\n\n\n\n<blockquote class=\"wp-block-quote is-layout-flow wp-block-quote-is-layout-flow\">\n<p>&#8220;Hoje, o carro mais barato \u00e9 quase R$ 70 mil. Queremos reduzir esse valor. Mas os outros tamb\u00e9m ser\u00e3o reduzidos. Quanto menor, mais acess\u00edvel, maior ser\u00e1 o desconto do IPI, PIS e Cofins. Primeiro item \u00e9 social, \u00e9 voc\u00ea atender mais essa popula\u00e7\u00e3o que est\u00e1 precisando mais&#8221;, declarou o vice-presidente, que \u00e9 tamb\u00e9m ministro de Desenvolvimento, Com\u00e9rcio, Ind\u00fastria e Servi\u00e7os.<\/p>\n<\/blockquote>\n\n\n\n<p>O Minist\u00e9rio da Fazenda ter\u00e1 um prazo de 15 dias para adequar a decis\u00e3o \u00e0s regras fiscais \u2013 ou seja, calcular a perda de arrecada\u00e7\u00e3o e dizer qual ser\u00e1 a compensa\u00e7\u00e3o no or\u00e7amento.<\/p>\n\n\n\n<p>Passado esse prazo, segundo Alckmin, o governo editar\u00e1 uma medida provis\u00f3ria e um decreto para regulamentar o tema.<\/p>\n\n\n\n<h2 class=\"wp-block-heading\">Carros abaixo de R$ 60 mil, prev\u00ea Anfavea<\/h2>\n\n\n\n<p>O presidente da Associa\u00e7\u00e3o Nacional dos Fabricantes de Ve\u00edculos Automotores (Anfavea), M\u00e1rcio de Lima Leite, afirma que o pacote torna &#8220;muito poss\u00edvel&#8221; que carros novos voltem a custar abaixo de R$ 60 mil nas concession\u00e1rias.<\/p>\n\n\n\n<blockquote class=\"wp-block-quote is-layout-flow wp-block-quote-is-layout-flow\">\n<p>&#8220;O pre\u00e7o, cada montadora tem sua pol\u00edtica. Mas pelos n\u00fameros que v\u00eam sendo apresentados, \u00e9 muito poss\u00edvel termos pre\u00e7os abaixo de R$ 60 mil. Hoje, com as redu\u00e7\u00f5es tribut\u00e1rias que est\u00e3o em discuss\u00e3o e o esfor\u00e7o conjunto de todo setor, \u00e9 bem poss\u00edvel que tenhamos. Mas isso \u00e9 uma quest\u00e3o que cada montadora, que cada fabricante, tem a sua pol\u00edtica&#8221;, declarou.<\/p>\n<cite>A inten\u00e7\u00e3o de baratear os ve\u00edculos foi manifestada publicamente pelo presidente Lula durante discurso no dia 4 de maio.<\/cite><\/blockquote>\n\n\n\n<ul class=\"wp-block-list\">\n<li>Nos \u00faltimos dias, representantes de minist\u00e9rios e do setor discutiram poss\u00edveis alternativas para reduzir os pre\u00e7os.<\/li>\n\n\n\n<li>Os executivos frisaram para o governo que as montadoras j\u00e1 t\u00eam muita pouca margem de lucro nos carros populares e que, por isso, seria dif\u00edcil reduzir os pre\u00e7os nas f\u00e1bricas. A margem, segundo as empresas, s\u00e3o maiores no carros mais caros.<\/li>\n<\/ul>\n\n\n\n<h2 class=\"wp-block-heading\">Est\u00edmulo \u00e0 ind\u00fastria<\/h2>\n\n\n\n<p>O governo tamb\u00e9m anunciou medidas de um pacote geral de est\u00edmulo \u00e0 ind\u00fastria geral. As propostas incluem:<\/p>\n\n\n\n<ul class=\"wp-block-list\">\n<li>a ado\u00e7\u00e3o da taxa referencial (TR) como taxa de juros para projetos de pesquisa e inova\u00e7\u00e3o \u2013 o que deve baratear os esfor\u00e7os da ind\u00fastria nessas \u00e1reas;<\/li>\n\n\n\n<li>R$ 4 bilh\u00f5es do Banco Nacional de Desenvolvimento Econ\u00f4mico e Sustent\u00e1vel (BNDES) para financiamentos em d\u00f3lar voltados a empresas que trabalham com exporta\u00e7\u00e3o \u2013 a opera\u00e7\u00e3o em d\u00f3lar, segundo Alckmin, serve como uma prote\u00e7\u00e3o cambial.<\/li>\n<\/ul>\n\n\n\n<h2 class=\"wp-block-heading\">Representante da ind\u00fastria automobil\u00edstica<\/h2>\n\n\n\n<p>Nesta quarta-feira (24), o presidente da Stellantis, Antonio Filosa, se encontrou com o ministro da Fazenda, Fernando Haddad, e afirmou, ap\u00f3s a reuni\u00e3o, que o&nbsp;<strong>setor automobil\u00edstico est\u00e1 claramente sofrendo com os juros altos.<\/strong><\/p>\n\n\n\n<figure class=\"wp-block-image size-full\"><img data-recalc-dims=\"1\" fetchpriority=\"high\" decoding=\"async\" width=\"318\" height=\"159\" src=\"https:\/\/i0.wp.com\/blogdobispo.com.br\/wp-content\/uploads\/2023\/05\/download-9.jpg?resize=318%2C159&#038;ssl=1\" alt=\"\" class=\"wp-image-991\" srcset=\"https:\/\/i0.wp.com\/blogdobispo.com.br\/wp-content\/uploads\/2023\/05\/download-9.jpg?w=318&amp;ssl=1 318w, https:\/\/i0.wp.com\/blogdobispo.com.br\/wp-content\/uploads\/2023\/05\/download-9.jpg?resize=300%2C150&amp;ssl=1 300w\" sizes=\"(max-width: 318px) 100vw, 318px\" \/><\/figure>\n","protected":false},"excerpt":{"rendered":"<p>O governo federal anunciou nesta quinta-feira (25) que vai reduzir impostos com o objetivo de reduzir o pre\u00e7o final dos carros populares&nbsp;em at\u00e9 10,79%. A medida valer\u00e1 para&nbsp;ve\u00edculos com valor final de at\u00e9 R$ 120 mil. As medidas, segundo o setor automotivo,&nbsp;podem fazer com que os carros populares novos voltem a custar menos de R$ [&hellip;]<\/p>\n","protected":false},"author":1,"featured_media":0,"comment_status":"open","ping_status":"open","sticky":false,"template":"","format":"standard","meta":{"cybocfi_hide_featured_image":"","_jetpack_memberships_contains_paid_content":false,"footnotes":""},"categories":[1],"tags":[],"class_list":["post-990","post","type-post","status-publish","format-standard","hentry","category-diversos"],"yoast_head":"<!-- This site is optimized with the Yoast SEO plugin v25.6 - https:\/\/yoast.com\/wordpress\/plugins\/seo\/ -->\n<title>Governo anuncia corte de impostos para reduzir, em at\u00e9 10,79%, pre\u00e7o de carros de at\u00e9 R$ 120 mil - Blog do Bispo<\/title>\n<meta name=\"robots\" content=\"index, follow, max-snippet:-1, max-image-preview:large, max-video-preview:-1\" \/>\n<link rel=\"canonical\" href=\"https:\/\/blogdobispo.com.br\/?p=990\" \/>\n<meta property=\"og:locale\" content=\"pt_BR\" \/>\n<meta property=\"og:type\" content=\"article\" \/>\n<meta property=\"og:title\" content=\"Governo anuncia corte de impostos para reduzir, em at\u00e9 10,79%, pre\u00e7o de carros de at\u00e9 R$ 120 mil - Blog do Bispo\" \/>\n<meta property=\"og:description\" content=\"O governo federal anunciou nesta quinta-feira (25) que vai reduzir impostos com o objetivo de reduzir o pre\u00e7o final dos carros populares&nbsp;em at\u00e9 10,79%. A medida valer\u00e1 para&nbsp;ve\u00edculos com valor final de at\u00e9 R$ 120 mil. As medidas, segundo o setor automotivo,&nbsp;podem fazer com que os carros populares novos voltem a custar menos de R$ [&hellip;]\" \/>\n<meta property=\"og:url\" content=\"https:\/\/blogdobispo.com.br\/?p=990\" \/>\n<meta property=\"og:site_name\" content=\"Blog do Bispo\" \/>\n<meta property=\"article:published_time\" content=\"2023-05-25T15:59:42+00:00\" \/>\n<meta property=\"og:image\" content=\"https:\/\/blogdobispo.com.br\/wp-content\/uploads\/2023\/05\/download-9.jpg\" \/>\n<meta name=\"author\" content=\"Jefferson Sterfeno\" \/>\n<meta name=\"twitter:card\" content=\"summary_large_image\" \/>\n<meta name=\"twitter:label1\" content=\"Escrito por\" \/>\n\t<meta name=\"twitter:data1\" content=\"Jefferson Sterfeno\" \/>\n\t<meta name=\"twitter:label2\" content=\"Est. tempo de leitura\" \/>\n\t<meta name=\"twitter:data2\" content=\"4 minutos\" \/>\n<script type=\"application\/ld+json\" class=\"yoast-schema-graph\">{\"@context\":\"https:\/\/schema.org\",\"@graph\":[{\"@type\":\"Article\",\"@id\":\"https:\/\/blogdobispo.com.br\/?p=990#article\",\"isPartOf\":{\"@id\":\"https:\/\/blogdobispo.com.br\/?p=990\"},\"author\":{\"name\":\"Jefferson Sterfeno\",\"@id\":\"https:\/\/blogdobispo.com.br\/#\/schema\/person\/e2209cc0e6cea5c5233d033e997b373f\"},\"headline\":\"Governo anuncia corte de impostos para reduzir, em at\u00e9 10,79%, pre\u00e7o de carros de at\u00e9 R$ 120 mil\",\"datePublished\":\"2023-05-25T15:59:42+00:00\",\"mainEntityOfPage\":{\"@id\":\"https:\/\/blogdobispo.com.br\/?p=990\"},\"wordCount\":768,\"commentCount\":0,\"publisher\":{\"@id\":\"https:\/\/blogdobispo.com.br\/#organization\"},\"image\":{\"@id\":\"https:\/\/blogdobispo.com.br\/?p=990#primaryimage\"},\"thumbnailUrl\":\"https:\/\/blogdobispo.com.br\/wp-content\/uploads\/2023\/05\/download-9.jpg\",\"articleSection\":[\"diversos\"],\"inLanguage\":\"pt-BR\",\"potentialAction\":[{\"@type\":\"CommentAction\",\"name\":\"Comment\",\"target\":[\"https:\/\/blogdobispo.com.br\/?p=990#respond\"]}]},{\"@type\":\"WebPage\",\"@id\":\"https:\/\/blogdobispo.com.br\/?p=990\",\"url\":\"https:\/\/blogdobispo.com.br\/?p=990\",\"name\":\"Governo anuncia corte de impostos para reduzir, em at\u00e9 10,79%, pre\u00e7o de carros de at\u00e9 R$ 120 mil - Blog do Bispo\",\"isPartOf\":{\"@id\":\"https:\/\/blogdobispo.com.br\/#website\"},\"primaryImageOfPage\":{\"@id\":\"https:\/\/blogdobispo.com.br\/?p=990#primaryimage\"},\"image\":{\"@id\":\"https:\/\/blogdobispo.com.br\/?p=990#primaryimage\"},\"thumbnailUrl\":\"https:\/\/blogdobispo.com.br\/wp-content\/uploads\/2023\/05\/download-9.jpg\",\"datePublished\":\"2023-05-25T15:59:42+00:00\",\"breadcrumb\":{\"@id\":\"https:\/\/blogdobispo.com.br\/?p=990#breadcrumb\"},\"inLanguage\":\"pt-BR\",\"potentialAction\":[{\"@type\":\"ReadAction\",\"target\":[\"https:\/\/blogdobispo.com.br\/?p=990\"]}]},{\"@type\":\"ImageObject\",\"inLanguage\":\"pt-BR\",\"@id\":\"https:\/\/blogdobispo.com.br\/?p=990#primaryimage\",\"url\":\"https:\/\/blogdobispo.com.br\/wp-content\/uploads\/2023\/05\/download-9.jpg\",\"contentUrl\":\"https:\/\/blogdobispo.com.br\/wp-content\/uploads\/2023\/05\/download-9.jpg\"},{\"@type\":\"BreadcrumbList\",\"@id\":\"https:\/\/blogdobispo.com.br\/?p=990#breadcrumb\",\"itemListElement\":[{\"@type\":\"ListItem\",\"position\":1,\"name\":\"In\u00edcio\",\"item\":\"https:\/\/blogdobispo.com.br\/\"},{\"@type\":\"ListItem\",\"position\":2,\"name\":\"Governo anuncia corte de impostos para reduzir, em at\u00e9 10,79%, pre\u00e7o de carros de at\u00e9 R$ 120 mil\"}]},{\"@type\":\"WebSite\",\"@id\":\"https:\/\/blogdobispo.com.br\/#website\",\"url\":\"https:\/\/blogdobispo.com.br\/\",\"name\":\"Blog do Bispo\",\"description\":\"Comprometido apenas com o leitor\",\"publisher\":{\"@id\":\"https:\/\/blogdobispo.com.br\/#organization\"},\"potentialAction\":[{\"@type\":\"SearchAction\",\"target\":{\"@type\":\"EntryPoint\",\"urlTemplate\":\"https:\/\/blogdobispo.com.br\/?s={search_term_string}\"},\"query-input\":{\"@type\":\"PropertyValueSpecification\",\"valueRequired\":true,\"valueName\":\"search_term_string\"}}],\"inLanguage\":\"pt-BR\"},{\"@type\":\"Organization\",\"@id\":\"https:\/\/blogdobispo.com.br\/#organization\",\"name\":\"Blog do Bispo\",\"url\":\"https:\/\/blogdobispo.com.br\/\",\"logo\":{\"@type\":\"ImageObject\",\"inLanguage\":\"pt-BR\",\"@id\":\"https:\/\/blogdobispo.com.br\/#\/schema\/logo\/image\/\",\"url\":\"http:\/\/blogdobispo.com.br\/wp-content\/uploads\/2023\/05\/cropped-headear.png\",\"contentUrl\":\"http:\/\/blogdobispo.com.br\/wp-content\/uploads\/2023\/05\/cropped-headear.png\",\"width\":1500,\"height\":399,\"caption\":\"Blog do Bispo\"},\"image\":{\"@id\":\"https:\/\/blogdobispo.com.br\/#\/schema\/logo\/image\/\"}},{\"@type\":\"Person\",\"@id\":\"https:\/\/blogdobispo.com.br\/#\/schema\/person\/e2209cc0e6cea5c5233d033e997b373f\",\"name\":\"Jefferson Sterfeno\",\"image\":{\"@type\":\"ImageObject\",\"inLanguage\":\"pt-BR\",\"@id\":\"https:\/\/blogdobispo.com.br\/#\/schema\/person\/image\/\",\"url\":\"https:\/\/secure.gravatar.com\/avatar\/0534e84764641168a677026b6d57a3f51dc7ac4db0b4f6186d9cb330d4ee1160?s=96&d=mm&r=g\",\"contentUrl\":\"https:\/\/secure.gravatar.com\/avatar\/0534e84764641168a677026b6d57a3f51dc7ac4db0b4f6186d9cb330d4ee1160?s=96&d=mm&r=g\",\"caption\":\"Jefferson Sterfeno\"},\"sameAs\":[\"http:\/\/blogdobispo.com.br\"],\"url\":\"https:\/\/blogdobispo.com.br\/?author=1\"}]}<\/script>\n<!-- \/ Yoast SEO plugin. -->","yoast_head_json":{"title":"Governo anuncia corte de impostos para reduzir, em at\u00e9 10,79%, pre\u00e7o de carros de at\u00e9 R$ 120 mil - Blog do Bispo","robots":{"index":"index","follow":"follow","max-snippet":"max-snippet:-1","max-image-preview":"max-image-preview:large","max-video-preview":"max-video-preview:-1"},"canonical":"https:\/\/blogdobispo.com.br\/?p=990","og_locale":"pt_BR","og_type":"article","og_title":"Governo anuncia corte de impostos para reduzir, em at\u00e9 10,79%, pre\u00e7o de carros de at\u00e9 R$ 120 mil - Blog do Bispo","og_description":"O governo federal anunciou nesta quinta-feira (25) que vai reduzir impostos com o objetivo de reduzir o pre\u00e7o final dos carros populares&nbsp;em at\u00e9 10,79%. A medida valer\u00e1 para&nbsp;ve\u00edculos com valor final de at\u00e9 R$ 120 mil. As medidas, segundo o setor automotivo,&nbsp;podem fazer com que os carros populares novos voltem a custar menos de R$ [&hellip;]","og_url":"https:\/\/blogdobispo.com.br\/?p=990","og_site_name":"Blog do Bispo","article_published_time":"2023-05-25T15:59:42+00:00","og_image":[{"url":"https:\/\/blogdobispo.com.br\/wp-content\/uploads\/2023\/05\/download-9.jpg","type":"","width":"","height":""}],"author":"Jefferson Sterfeno","twitter_card":"summary_large_image","twitter_misc":{"Escrito por":"Jefferson Sterfeno","Est. tempo de leitura":"4 minutos"},"schema":{"@context":"https:\/\/schema.org","@graph":[{"@type":"Article","@id":"https:\/\/blogdobispo.com.br\/?p=990#article","isPartOf":{"@id":"https:\/\/blogdobispo.com.br\/?p=990"},"author":{"name":"Jefferson Sterfeno","@id":"https:\/\/blogdobispo.com.br\/#\/schema\/person\/e2209cc0e6cea5c5233d033e997b373f"},"headline":"Governo anuncia corte de impostos para reduzir, em at\u00e9 10,79%, pre\u00e7o de carros de at\u00e9 R$ 120 mil","datePublished":"2023-05-25T15:59:42+00:00","mainEntityOfPage":{"@id":"https:\/\/blogdobispo.com.br\/?p=990"},"wordCount":768,"commentCount":0,"publisher":{"@id":"https:\/\/blogdobispo.com.br\/#organization"},"image":{"@id":"https:\/\/blogdobispo.com.br\/?p=990#primaryimage"},"thumbnailUrl":"https:\/\/blogdobispo.com.br\/wp-content\/uploads\/2023\/05\/download-9.jpg","articleSection":["diversos"],"inLanguage":"pt-BR","potentialAction":[{"@type":"CommentAction","name":"Comment","target":["https:\/\/blogdobispo.com.br\/?p=990#respond"]}]},{"@type":"WebPage","@id":"https:\/\/blogdobispo.com.br\/?p=990","url":"https:\/\/blogdobispo.com.br\/?p=990","name":"Governo anuncia corte de impostos para reduzir, em at\u00e9 10,79%, pre\u00e7o de carros de at\u00e9 R$ 120 mil - Blog do Bispo","isPartOf":{"@id":"https:\/\/blogdobispo.com.br\/#website"},"primaryImageOfPage":{"@id":"https:\/\/blogdobispo.com.br\/?p=990#primaryimage"},"image":{"@id":"https:\/\/blogdobispo.com.br\/?p=990#primaryimage"},"thumbnailUrl":"https:\/\/blogdobispo.com.br\/wp-content\/uploads\/2023\/05\/download-9.jpg","datePublished":"2023-05-25T15:59:42+00:00","breadcrumb":{"@id":"https:\/\/blogdobispo.com.br\/?p=990#breadcrumb"},"inLanguage":"pt-BR","potentialAction":[{"@type":"ReadAction","target":["https:\/\/blogdobispo.com.br\/?p=990"]}]},{"@type":"ImageObject","inLanguage":"pt-BR","@id":"https:\/\/blogdobispo.com.br\/?p=990#primaryimage","url":"https:\/\/blogdobispo.com.br\/wp-content\/uploads\/2023\/05\/download-9.jpg","contentUrl":"https:\/\/blogdobispo.com.br\/wp-content\/uploads\/2023\/05\/download-9.jpg"},{"@type":"BreadcrumbList","@id":"https:\/\/blogdobispo.com.br\/?p=990#breadcrumb","itemListElement":[{"@type":"ListItem","position":1,"name":"In\u00edcio","item":"https:\/\/blogdobispo.com.br\/"},{"@type":"ListItem","position":2,"name":"Governo anuncia corte de impostos para reduzir, em at\u00e9 10,79%, pre\u00e7o de carros de at\u00e9 R$ 120 mil"}]},{"@type":"WebSite","@id":"https:\/\/blogdobispo.com.br\/#website","url":"https:\/\/blogdobispo.com.br\/","name":"Blog do Bispo","description":"Comprometido apenas com o leitor","publisher":{"@id":"https:\/\/blogdobispo.com.br\/#organization"},"potentialAction":[{"@type":"SearchAction","target":{"@type":"EntryPoint","urlTemplate":"https:\/\/blogdobispo.com.br\/?s={search_term_string}"},"query-input":{"@type":"PropertyValueSpecification","valueRequired":true,"valueName":"search_term_string"}}],"inLanguage":"pt-BR"},{"@type":"Organization","@id":"https:\/\/blogdobispo.com.br\/#organization","name":"Blog do Bispo","url":"https:\/\/blogdobispo.com.br\/","logo":{"@type":"ImageObject","inLanguage":"pt-BR","@id":"https:\/\/blogdobispo.com.br\/#\/schema\/logo\/image\/","url":"http:\/\/blogdobispo.com.br\/wp-content\/uploads\/2023\/05\/cropped-headear.png","contentUrl":"http:\/\/blogdobispo.com.br\/wp-content\/uploads\/2023\/05\/cropped-headear.png","width":1500,"height":399,"caption":"Blog do Bispo"},"image":{"@id":"https:\/\/blogdobispo.com.br\/#\/schema\/logo\/image\/"}},{"@type":"Person","@id":"https:\/\/blogdobispo.com.br\/#\/schema\/person\/e2209cc0e6cea5c5233d033e997b373f","name":"Jefferson Sterfeno","image":{"@type":"ImageObject","inLanguage":"pt-BR","@id":"https:\/\/blogdobispo.com.br\/#\/schema\/person\/image\/","url":"https:\/\/secure.gravatar.com\/avatar\/0534e84764641168a677026b6d57a3f51dc7ac4db0b4f6186d9cb330d4ee1160?s=96&d=mm&r=g","contentUrl":"https:\/\/secure.gravatar.com\/avatar\/0534e84764641168a677026b6d57a3f51dc7ac4db0b4f6186d9cb330d4ee1160?s=96&d=mm&r=g","caption":"Jefferson Sterfeno"},"sameAs":["http:\/\/blogdobispo.com.br"],"url":"https:\/\/blogdobispo.com.br\/?author=1"}]}},"featured_image_urls":{"full":"","thumbnail":"","medium":"","medium_large":"","large":"","1536x1536":"","2048x2048":""},"author_info":{"display_name":"Jefferson Sterfeno","author_link":"https:\/\/blogdobispo.com.br\/?author=1"},"category_info":"<a href=\"https:\/\/blogdobispo.com.br\/?cat=1\" rel=\"category\">diversos<\/a>","tag_info":"diversos","comment_count":"0","jetpack_featured_media_url":"","jetpack_sharing_enabled":true,"_links":{"self":[{"href":"https:\/\/blogdobispo.com.br\/index.php?rest_route=\/wp\/v2\/posts\/990","targetHints":{"allow":["GET"]}}],"collection":[{"href":"https:\/\/blogdobispo.com.br\/index.php?rest_route=\/wp\/v2\/posts"}],"about":[{"href":"https:\/\/blogdobispo.com.br\/index.php?rest_route=\/wp\/v2\/types\/post"}],"author":[{"embeddable":true,"href":"https:\/\/blogdobispo.com.br\/index.php?rest_route=\/wp\/v2\/users\/1"}],"replies":[{"embeddable":true,"href":"https:\/\/blogdobispo.com.br\/index.php?rest_route=%2Fwp%2Fv2%2Fcomments&post=990"}],"version-history":[{"count":1,"href":"https:\/\/blogdobispo.com.br\/index.php?rest_route=\/wp\/v2\/posts\/990\/revisions"}],"predecessor-version":[{"id":992,"href":"https:\/\/blogdobispo.com.br\/index.php?rest_route=\/wp\/v2\/posts\/990\/revisions\/992"}],"wp:attachment":[{"href":"https:\/\/blogdobispo.com.br\/index.php?rest_route=%2Fwp%2Fv2%2Fmedia&parent=990"}],"wp:term":[{"taxonomy":"category","embeddable":true,"href":"https:\/\/blogdobispo.com.br\/index.php?rest_route=%2Fwp%2Fv2%2Fcategories&post=990"},{"taxonomy":"post_tag","embeddable":true,"href":"https:\/\/blogdobispo.com.br\/index.php?rest_route=%2Fwp%2Fv2%2Ftags&post=990"}],"curies":[{"name":"wp","href":"https:\/\/api.w.org\/{rel}","templated":true}]}}