{"id":987,"date":"2023-05-25T15:46:39","date_gmt":"2023-05-25T15:46:39","guid":{"rendered":"https:\/\/blogdobispo.com.br\/?p=987"},"modified":"2023-05-25T15:46:39","modified_gmt":"2023-05-25T15:46:39","slug":"exatus-agora-rn-carlos-eduardo-lidera-com-29-natalia-tem-12-e-candidato-de-alvaro-dias-8","status":"publish","type":"post","link":"https:\/\/blogdobispo.com.br\/?p=987","title":{"rendered":"Exatus\/Agora RN: Carlos Eduardo lidera com 29%; Nat\u00e1lia tem 12%; e candidato de \u00c1lvaro Dias, 8%"},"content":{"rendered":"\n<p>Rec\u00e9m filiado ao PSD, Carlos Eduardo Alves \u00e9 o preferido dos natalenses na disputa pela Prefeitura do Natal que ser\u00e1 realizada em 2024. O dado consta na mais recente pesquisa divulgada pelo jornal AGORA RN nesta quarta-feira 24, em parceria com o INSTITUTO EXATUS. Conforme o levantamento, o ex-prefeito da capital lidera as inten\u00e7\u00f5es de voto, sendo lembrado por 29,43% dos entrevistados na pesquisa estimulada, em que s\u00e3o apresentados os nomes dos poss\u00edveis candidatos.<\/p>\n\n\n\n<p>Em segundo lugar \u2013 mas com menos da metade do percentual de Carlos Eduardo \u2013 est\u00e1 a deputada federal Nat\u00e1lia Bonavides (PT), que aparece com 12,10%. A pr\u00e9-candidata petista colocou seu nome \u00e0 disposi\u00e7\u00e3o em fevereiro deste ano, durante as festividades de funda\u00e7\u00e3o do Partido dos Trabalhadores. Al\u00e9m de ter sido a deputada federal mais votada do RN em 2022, com 157.565 votos, Nat\u00e1lia tamb\u00e9m foi a mais votada em Natal, com 52.198 votos s\u00f3 no munic\u00edpio.<\/p>\n\n\n\n<p>O prefeito \u00c1lvaro Dias (Republicanos), que n\u00e3o poder\u00e1 ser candidato \u00e0 reelei\u00e7\u00e3o, ir\u00e1 apoiar um nome para a disputa. Mesmo sem uma defini\u00e7\u00e3o sobre o futuro apoiado, o \u201ccandidato de \u00c1lvaro Dias\u201d ficou em terceiro lugar no levantamento, com 8,67%.<\/p>\n\n\n\n<p>Em seguida aparece o senador Styvenson Valentim (Podemos), que foi lembrado por 7,71% dos natalenses. O parlamentar n\u00e3o descarta disputar o executivo municipal no ano que vem, embora tamb\u00e9m j\u00e1 tenha dito que deseja ser candidato a governador do RN em 2026.<\/p>\n\n\n\n<p>Na sequ\u00eancia foram lembrados o deputado federal pelo Uni\u00e3o Brasil Paulinho Freire (4,57%); a deputada estadual pelo PV Eudiane Macedo (2,86%); al\u00e9m do secret\u00e1rio de Servi\u00e7os Urbanos de Natal, Irapo\u00e3 N\u00f3brega, e do ex-deputado federal pelo PSB Rafael Motta, ambos com 1,71%.<\/p>\n\n\n\n<p>O deputado federal bolsonarista General Gir\u00e3o (PL), que lan\u00e7ou sua pr\u00e9-candidatura a prefeito de Natal no \u00faltimo fim de semana durante um evento em Mossor\u00f3, aparece com 1,43% das inten\u00e7\u00f5es de voto. Ele foi o segundo deputado federal mais votado da capital nas elei\u00e7\u00f5es do ano passado, quando obteve 30.226 votos s\u00f3 no munic\u00edpio, perdendo apenas para Nat\u00e1lia Bonavides.<\/p>\n\n\n\n<p>Foram citados ainda o comunicador Bruno Giovanni (BG), lembrado por 1,33% dos natalenses; o presidente da C\u00e2mara Municipal de Natal e vereador pelo MDB, Eriko J\u00e1come (1,33%); al\u00e9m do vereador pelo PSOL Rob\u00e9rio Paulino (0,29%).<\/p>\n\n\n\n<p>16% dos entrevistados disseram que votar\u00e3o em \u201cningu\u00e9m\u201d, \u201cnenhum\u201d, \u201cbranco\u201d ou \u201cnulo\u201d. Outros 7,81% n\u00e3o sabem em quem ir\u00e3o votar, e 3,05% n\u00e3o responderam. Foram entrevistadas 1.050 pessoas em todas as zonas administrativas da capital potiguar. A margem de erro \u00e9 de 3% para mais ou para menos, com n\u00edvel de confian\u00e7a de 95%.<\/p>\n\n\n\n<p><strong>VOTOS DE \u00c1LVARO<\/strong><\/p>\n\n\n\n<p>Em um segundo cen\u00e1rio, o INSTITUTO EXATUS\/AGORA RN perguntou aos eleitores em quais nomes eles votariam para prefeito de Natal, excluindo-se o termo \u201ccandidato de \u00c1lvaro\u201d do levantamento. Como resultado, o ex-prefeito Carlos Eduardo Alves permanece em primeiro, mas agora com 35,62%, ou seja, 6,19% a mais do que no cen\u00e1rio anterior, em que ele obteve 29,43%.<\/p>\n\n\n\n<p>J\u00e1 a deputada Nat\u00e1lia Bonavides praticamente manteve o percentual anterior, com 12,67%. O mesmo ocorreu com o senador Styvenson, que continuou com 7,71%. Ele foi seguido por Paulinho Freire (4,95%), Eudiane Macedo (3,05%), Rafael Motta (2%), Irapo\u00e3 N\u00f3brega (1,9%), General Gir\u00e3o (1,71%), Eriko J\u00e1come (1,33%), Bruno Giovanni (1,05%) e Rob\u00e9rio Paulino (0,10%).<\/p>\n\n\n\n<p>Ainda conforme a pesquisa, 16,67% disseram que votar\u00e3o em \u201cningu\u00e9m\u201d, \u201cnenhum\u201d, \u201cbranco\u201d ou \u201cnulo\u201d; 8,29% n\u00e3o sabem em quem v\u00e3o votar e 2,95% n\u00e3o responderam.<\/p>\n\n\n\n\n\n\n\n\n\n\n\n\n\n\n\n\n\n\n\n\n\n<figure class=\"wp-block-image size-full\"><img data-recalc-dims=\"1\" fetchpriority=\"high\" decoding=\"async\" width=\"800\" height=\"451\" src=\"https:\/\/i0.wp.com\/blogdobispo.com.br\/wp-content\/uploads\/2023\/05\/1684925894930032-930x524-1.jpg?resize=800%2C451&#038;ssl=1\" alt=\"\" class=\"wp-image-988\" srcset=\"https:\/\/i0.wp.com\/blogdobispo.com.br\/wp-content\/uploads\/2023\/05\/1684925894930032-930x524-1.jpg?w=930&amp;ssl=1 930w, https:\/\/i0.wp.com\/blogdobispo.com.br\/wp-content\/uploads\/2023\/05\/1684925894930032-930x524-1.jpg?resize=300%2C169&amp;ssl=1 300w, https:\/\/i0.wp.com\/blogdobispo.com.br\/wp-content\/uploads\/2023\/05\/1684925894930032-930x524-1.jpg?resize=768%2C433&amp;ssl=1 768w\" sizes=\"(max-width: 800px) 100vw, 800px\" \/><\/figure>\n","protected":false},"excerpt":{"rendered":"<p>Rec\u00e9m filiado ao PSD, Carlos Eduardo Alves \u00e9 o preferido dos natalenses na disputa pela Prefeitura do Natal que ser\u00e1 realizada em 2024. O dado consta na mais recente pesquisa divulgada pelo jornal AGORA RN nesta quarta-feira 24, em parceria com o INSTITUTO EXATUS. Conforme o levantamento, o ex-prefeito da capital lidera as inten\u00e7\u00f5es de [&hellip;]<\/p>\n","protected":false},"author":1,"featured_media":0,"comment_status":"open","ping_status":"open","sticky":false,"template":"","format":"standard","meta":{"cybocfi_hide_featured_image":"","_jetpack_memberships_contains_paid_content":false,"footnotes":""},"categories":[1],"tags":[],"class_list":["post-987","post","type-post","status-publish","format-standard","hentry","category-diversos"],"yoast_head":"<!-- This site is optimized with the Yoast SEO plugin v25.6 - https:\/\/yoast.com\/wordpress\/plugins\/seo\/ -->\n<title>Exatus\/Agora RN: Carlos Eduardo lidera com 29%; Nat\u00e1lia tem 12%; e candidato de \u00c1lvaro Dias, 8% - Blog do Bispo<\/title>\n<meta name=\"robots\" content=\"index, follow, max-snippet:-1, max-image-preview:large, max-video-preview:-1\" \/>\n<link rel=\"canonical\" href=\"https:\/\/blogdobispo.com.br\/?p=987\" \/>\n<meta property=\"og:locale\" content=\"pt_BR\" \/>\n<meta property=\"og:type\" content=\"article\" \/>\n<meta property=\"og:title\" content=\"Exatus\/Agora RN: Carlos Eduardo lidera com 29%; Nat\u00e1lia tem 12%; e candidato de \u00c1lvaro Dias, 8% - Blog do Bispo\" \/>\n<meta property=\"og:description\" content=\"Rec\u00e9m filiado ao PSD, Carlos Eduardo Alves \u00e9 o preferido dos natalenses na disputa pela Prefeitura do Natal que ser\u00e1 realizada em 2024. O dado consta na mais recente pesquisa divulgada pelo jornal AGORA RN nesta quarta-feira 24, em parceria com o INSTITUTO EXATUS. Conforme o levantamento, o ex-prefeito da capital lidera as inten\u00e7\u00f5es de [&hellip;]\" \/>\n<meta property=\"og:url\" content=\"https:\/\/blogdobispo.com.br\/?p=987\" \/>\n<meta property=\"og:site_name\" content=\"Blog do Bispo\" \/>\n<meta property=\"article:published_time\" content=\"2023-05-25T15:46:39+00:00\" \/>\n<meta property=\"og:image\" content=\"https:\/\/blogdobispo.com.br\/wp-content\/uploads\/2023\/05\/1684925894930032-930x524-1.jpg\" \/>\n<meta name=\"author\" content=\"Jefferson Sterfeno\" \/>\n<meta name=\"twitter:card\" content=\"summary_large_image\" \/>\n<meta name=\"twitter:label1\" content=\"Escrito por\" \/>\n\t<meta name=\"twitter:data1\" content=\"Jefferson Sterfeno\" \/>\n\t<meta name=\"twitter:label2\" content=\"Est. tempo de leitura\" \/>\n\t<meta name=\"twitter:data2\" content=\"3 minutos\" \/>\n<script type=\"application\/ld+json\" class=\"yoast-schema-graph\">{\"@context\":\"https:\/\/schema.org\",\"@graph\":[{\"@type\":\"Article\",\"@id\":\"https:\/\/blogdobispo.com.br\/?p=987#article\",\"isPartOf\":{\"@id\":\"https:\/\/blogdobispo.com.br\/?p=987\"},\"author\":{\"name\":\"Jefferson Sterfeno\",\"@id\":\"https:\/\/blogdobispo.com.br\/#\/schema\/person\/e2209cc0e6cea5c5233d033e997b373f\"},\"headline\":\"Exatus\/Agora RN: Carlos Eduardo lidera com 29%; Nat\u00e1lia tem 12%; e candidato de \u00c1lvaro Dias, 8%\",\"datePublished\":\"2023-05-25T15:46:39+00:00\",\"mainEntityOfPage\":{\"@id\":\"https:\/\/blogdobispo.com.br\/?p=987\"},\"wordCount\":583,\"commentCount\":0,\"publisher\":{\"@id\":\"https:\/\/blogdobispo.com.br\/#organization\"},\"image\":{\"@id\":\"https:\/\/blogdobispo.com.br\/?p=987#primaryimage\"},\"thumbnailUrl\":\"https:\/\/blogdobispo.com.br\/wp-content\/uploads\/2023\/05\/1684925894930032-930x524-1.jpg\",\"articleSection\":[\"diversos\"],\"inLanguage\":\"pt-BR\",\"potentialAction\":[{\"@type\":\"CommentAction\",\"name\":\"Comment\",\"target\":[\"https:\/\/blogdobispo.com.br\/?p=987#respond\"]}]},{\"@type\":\"WebPage\",\"@id\":\"https:\/\/blogdobispo.com.br\/?p=987\",\"url\":\"https:\/\/blogdobispo.com.br\/?p=987\",\"name\":\"Exatus\/Agora RN: Carlos Eduardo lidera com 29%; Nat\u00e1lia tem 12%; e candidato de \u00c1lvaro Dias, 8% - Blog do Bispo\",\"isPartOf\":{\"@id\":\"https:\/\/blogdobispo.com.br\/#website\"},\"primaryImageOfPage\":{\"@id\":\"https:\/\/blogdobispo.com.br\/?p=987#primaryimage\"},\"image\":{\"@id\":\"https:\/\/blogdobispo.com.br\/?p=987#primaryimage\"},\"thumbnailUrl\":\"https:\/\/blogdobispo.com.br\/wp-content\/uploads\/2023\/05\/1684925894930032-930x524-1.jpg\",\"datePublished\":\"2023-05-25T15:46:39+00:00\",\"breadcrumb\":{\"@id\":\"https:\/\/blogdobispo.com.br\/?p=987#breadcrumb\"},\"inLanguage\":\"pt-BR\",\"potentialAction\":[{\"@type\":\"ReadAction\",\"target\":[\"https:\/\/blogdobispo.com.br\/?p=987\"]}]},{\"@type\":\"ImageObject\",\"inLanguage\":\"pt-BR\",\"@id\":\"https:\/\/blogdobispo.com.br\/?p=987#primaryimage\",\"url\":\"https:\/\/blogdobispo.com.br\/wp-content\/uploads\/2023\/05\/1684925894930032-930x524-1.jpg\",\"contentUrl\":\"https:\/\/blogdobispo.com.br\/wp-content\/uploads\/2023\/05\/1684925894930032-930x524-1.jpg\"},{\"@type\":\"BreadcrumbList\",\"@id\":\"https:\/\/blogdobispo.com.br\/?p=987#breadcrumb\",\"itemListElement\":[{\"@type\":\"ListItem\",\"position\":1,\"name\":\"In\u00edcio\",\"item\":\"https:\/\/blogdobispo.com.br\/\"},{\"@type\":\"ListItem\",\"position\":2,\"name\":\"Exatus\/Agora RN: Carlos Eduardo lidera com 29%; Nat\u00e1lia tem 12%; e candidato de \u00c1lvaro Dias, 8%\"}]},{\"@type\":\"WebSite\",\"@id\":\"https:\/\/blogdobispo.com.br\/#website\",\"url\":\"https:\/\/blogdobispo.com.br\/\",\"name\":\"Blog do Bispo\",\"description\":\"Comprometido apenas com o leitor\",\"publisher\":{\"@id\":\"https:\/\/blogdobispo.com.br\/#organization\"},\"potentialAction\":[{\"@type\":\"SearchAction\",\"target\":{\"@type\":\"EntryPoint\",\"urlTemplate\":\"https:\/\/blogdobispo.com.br\/?s={search_term_string}\"},\"query-input\":{\"@type\":\"PropertyValueSpecification\",\"valueRequired\":true,\"valueName\":\"search_term_string\"}}],\"inLanguage\":\"pt-BR\"},{\"@type\":\"Organization\",\"@id\":\"https:\/\/blogdobispo.com.br\/#organization\",\"name\":\"Blog do Bispo\",\"url\":\"https:\/\/blogdobispo.com.br\/\",\"logo\":{\"@type\":\"ImageObject\",\"inLanguage\":\"pt-BR\",\"@id\":\"https:\/\/blogdobispo.com.br\/#\/schema\/logo\/image\/\",\"url\":\"http:\/\/blogdobispo.com.br\/wp-content\/uploads\/2023\/05\/cropped-headear.png\",\"contentUrl\":\"http:\/\/blogdobispo.com.br\/wp-content\/uploads\/2023\/05\/cropped-headear.png\",\"width\":1500,\"height\":399,\"caption\":\"Blog do Bispo\"},\"image\":{\"@id\":\"https:\/\/blogdobispo.com.br\/#\/schema\/logo\/image\/\"}},{\"@type\":\"Person\",\"@id\":\"https:\/\/blogdobispo.com.br\/#\/schema\/person\/e2209cc0e6cea5c5233d033e997b373f\",\"name\":\"Jefferson Sterfeno\",\"image\":{\"@type\":\"ImageObject\",\"inLanguage\":\"pt-BR\",\"@id\":\"https:\/\/blogdobispo.com.br\/#\/schema\/person\/image\/\",\"url\":\"https:\/\/secure.gravatar.com\/avatar\/0534e84764641168a677026b6d57a3f51dc7ac4db0b4f6186d9cb330d4ee1160?s=96&d=mm&r=g\",\"contentUrl\":\"https:\/\/secure.gravatar.com\/avatar\/0534e84764641168a677026b6d57a3f51dc7ac4db0b4f6186d9cb330d4ee1160?s=96&d=mm&r=g\",\"caption\":\"Jefferson Sterfeno\"},\"sameAs\":[\"http:\/\/blogdobispo.com.br\"],\"url\":\"https:\/\/blogdobispo.com.br\/?author=1\"}]}<\/script>\n<!-- \/ Yoast SEO plugin. -->","yoast_head_json":{"title":"Exatus\/Agora RN: Carlos Eduardo lidera com 29%; Nat\u00e1lia tem 12%; e candidato de \u00c1lvaro Dias, 8% - Blog do Bispo","robots":{"index":"index","follow":"follow","max-snippet":"max-snippet:-1","max-image-preview":"max-image-preview:large","max-video-preview":"max-video-preview:-1"},"canonical":"https:\/\/blogdobispo.com.br\/?p=987","og_locale":"pt_BR","og_type":"article","og_title":"Exatus\/Agora RN: Carlos Eduardo lidera com 29%; Nat\u00e1lia tem 12%; e candidato de \u00c1lvaro Dias, 8% - Blog do Bispo","og_description":"Rec\u00e9m filiado ao PSD, Carlos Eduardo Alves \u00e9 o preferido dos natalenses na disputa pela Prefeitura do Natal que ser\u00e1 realizada em 2024. O dado consta na mais recente pesquisa divulgada pelo jornal AGORA RN nesta quarta-feira 24, em parceria com o INSTITUTO EXATUS. Conforme o levantamento, o ex-prefeito da capital lidera as inten\u00e7\u00f5es de [&hellip;]","og_url":"https:\/\/blogdobispo.com.br\/?p=987","og_site_name":"Blog do Bispo","article_published_time":"2023-05-25T15:46:39+00:00","og_image":[{"url":"https:\/\/blogdobispo.com.br\/wp-content\/uploads\/2023\/05\/1684925894930032-930x524-1.jpg","type":"","width":"","height":""}],"author":"Jefferson Sterfeno","twitter_card":"summary_large_image","twitter_misc":{"Escrito por":"Jefferson Sterfeno","Est. tempo de leitura":"3 minutos"},"schema":{"@context":"https:\/\/schema.org","@graph":[{"@type":"Article","@id":"https:\/\/blogdobispo.com.br\/?p=987#article","isPartOf":{"@id":"https:\/\/blogdobispo.com.br\/?p=987"},"author":{"name":"Jefferson Sterfeno","@id":"https:\/\/blogdobispo.com.br\/#\/schema\/person\/e2209cc0e6cea5c5233d033e997b373f"},"headline":"Exatus\/Agora RN: Carlos Eduardo lidera com 29%; Nat\u00e1lia tem 12%; e candidato de \u00c1lvaro Dias, 8%","datePublished":"2023-05-25T15:46:39+00:00","mainEntityOfPage":{"@id":"https:\/\/blogdobispo.com.br\/?p=987"},"wordCount":583,"commentCount":0,"publisher":{"@id":"https:\/\/blogdobispo.com.br\/#organization"},"image":{"@id":"https:\/\/blogdobispo.com.br\/?p=987#primaryimage"},"thumbnailUrl":"https:\/\/blogdobispo.com.br\/wp-content\/uploads\/2023\/05\/1684925894930032-930x524-1.jpg","articleSection":["diversos"],"inLanguage":"pt-BR","potentialAction":[{"@type":"CommentAction","name":"Comment","target":["https:\/\/blogdobispo.com.br\/?p=987#respond"]}]},{"@type":"WebPage","@id":"https:\/\/blogdobispo.com.br\/?p=987","url":"https:\/\/blogdobispo.com.br\/?p=987","name":"Exatus\/Agora RN: Carlos Eduardo lidera com 29%; Nat\u00e1lia tem 12%; e candidato de \u00c1lvaro Dias, 8% - Blog do Bispo","isPartOf":{"@id":"https:\/\/blogdobispo.com.br\/#website"},"primaryImageOfPage":{"@id":"https:\/\/blogdobispo.com.br\/?p=987#primaryimage"},"image":{"@id":"https:\/\/blogdobispo.com.br\/?p=987#primaryimage"},"thumbnailUrl":"https:\/\/blogdobispo.com.br\/wp-content\/uploads\/2023\/05\/1684925894930032-930x524-1.jpg","datePublished":"2023-05-25T15:46:39+00:00","breadcrumb":{"@id":"https:\/\/blogdobispo.com.br\/?p=987#breadcrumb"},"inLanguage":"pt-BR","potentialAction":[{"@type":"ReadAction","target":["https:\/\/blogdobispo.com.br\/?p=987"]}]},{"@type":"ImageObject","inLanguage":"pt-BR","@id":"https:\/\/blogdobispo.com.br\/?p=987#primaryimage","url":"https:\/\/blogdobispo.com.br\/wp-content\/uploads\/2023\/05\/1684925894930032-930x524-1.jpg","contentUrl":"https:\/\/blogdobispo.com.br\/wp-content\/uploads\/2023\/05\/1684925894930032-930x524-1.jpg"},{"@type":"BreadcrumbList","@id":"https:\/\/blogdobispo.com.br\/?p=987#breadcrumb","itemListElement":[{"@type":"ListItem","position":1,"name":"In\u00edcio","item":"https:\/\/blogdobispo.com.br\/"},{"@type":"ListItem","position":2,"name":"Exatus\/Agora RN: Carlos Eduardo lidera com 29%; Nat\u00e1lia tem 12%; e candidato de \u00c1lvaro Dias, 8%"}]},{"@type":"WebSite","@id":"https:\/\/blogdobispo.com.br\/#website","url":"https:\/\/blogdobispo.com.br\/","name":"Blog do Bispo","description":"Comprometido apenas com o leitor","publisher":{"@id":"https:\/\/blogdobispo.com.br\/#organization"},"potentialAction":[{"@type":"SearchAction","target":{"@type":"EntryPoint","urlTemplate":"https:\/\/blogdobispo.com.br\/?s={search_term_string}"},"query-input":{"@type":"PropertyValueSpecification","valueRequired":true,"valueName":"search_term_string"}}],"inLanguage":"pt-BR"},{"@type":"Organization","@id":"https:\/\/blogdobispo.com.br\/#organization","name":"Blog do Bispo","url":"https:\/\/blogdobispo.com.br\/","logo":{"@type":"ImageObject","inLanguage":"pt-BR","@id":"https:\/\/blogdobispo.com.br\/#\/schema\/logo\/image\/","url":"http:\/\/blogdobispo.com.br\/wp-content\/uploads\/2023\/05\/cropped-headear.png","contentUrl":"http:\/\/blogdobispo.com.br\/wp-content\/uploads\/2023\/05\/cropped-headear.png","width":1500,"height":399,"caption":"Blog do Bispo"},"image":{"@id":"https:\/\/blogdobispo.com.br\/#\/schema\/logo\/image\/"}},{"@type":"Person","@id":"https:\/\/blogdobispo.com.br\/#\/schema\/person\/e2209cc0e6cea5c5233d033e997b373f","name":"Jefferson Sterfeno","image":{"@type":"ImageObject","inLanguage":"pt-BR","@id":"https:\/\/blogdobispo.com.br\/#\/schema\/person\/image\/","url":"https:\/\/secure.gravatar.com\/avatar\/0534e84764641168a677026b6d57a3f51dc7ac4db0b4f6186d9cb330d4ee1160?s=96&d=mm&r=g","contentUrl":"https:\/\/secure.gravatar.com\/avatar\/0534e84764641168a677026b6d57a3f51dc7ac4db0b4f6186d9cb330d4ee1160?s=96&d=mm&r=g","caption":"Jefferson Sterfeno"},"sameAs":["http:\/\/blogdobispo.com.br"],"url":"https:\/\/blogdobispo.com.br\/?author=1"}]}},"featured_image_urls":{"full":"","thumbnail":"","medium":"","medium_large":"","large":"","1536x1536":"","2048x2048":""},"author_info":{"display_name":"Jefferson Sterfeno","author_link":"https:\/\/blogdobispo.com.br\/?author=1"},"category_info":"<a href=\"https:\/\/blogdobispo.com.br\/?cat=1\" rel=\"category\">diversos<\/a>","tag_info":"diversos","comment_count":"0","jetpack_featured_media_url":"","jetpack_sharing_enabled":true,"_links":{"self":[{"href":"https:\/\/blogdobispo.com.br\/index.php?rest_route=\/wp\/v2\/posts\/987","targetHints":{"allow":["GET"]}}],"collection":[{"href":"https:\/\/blogdobispo.com.br\/index.php?rest_route=\/wp\/v2\/posts"}],"about":[{"href":"https:\/\/blogdobispo.com.br\/index.php?rest_route=\/wp\/v2\/types\/post"}],"author":[{"embeddable":true,"href":"https:\/\/blogdobispo.com.br\/index.php?rest_route=\/wp\/v2\/users\/1"}],"replies":[{"embeddable":true,"href":"https:\/\/blogdobispo.com.br\/index.php?rest_route=%2Fwp%2Fv2%2Fcomments&post=987"}],"version-history":[{"count":1,"href":"https:\/\/blogdobispo.com.br\/index.php?rest_route=\/wp\/v2\/posts\/987\/revisions"}],"predecessor-version":[{"id":989,"href":"https:\/\/blogdobispo.com.br\/index.php?rest_route=\/wp\/v2\/posts\/987\/revisions\/989"}],"wp:attachment":[{"href":"https:\/\/blogdobispo.com.br\/index.php?rest_route=%2Fwp%2Fv2%2Fmedia&parent=987"}],"wp:term":[{"taxonomy":"category","embeddable":true,"href":"https:\/\/blogdobispo.com.br\/index.php?rest_route=%2Fwp%2Fv2%2Fcategories&post=987"},{"taxonomy":"post_tag","embeddable":true,"href":"https:\/\/blogdobispo.com.br\/index.php?rest_route=%2Fwp%2Fv2%2Ftags&post=987"}],"curies":[{"name":"wp","href":"https:\/\/api.w.org\/{rel}","templated":true}]}}