{"id":977,"date":"2023-05-23T18:36:51","date_gmt":"2023-05-23T18:36:51","guid":{"rendered":"https:\/\/blogdobispo.com.br\/?p=977"},"modified":"2023-05-23T18:36:52","modified_gmt":"2023-05-23T18:36:52","slug":"presidente-da-camara-de-natal-eriko-jacome-e-homenageado-com-comenda-do-parlamentar-do-turismo-2023-pela-abih","status":"publish","type":"post","link":"https:\/\/blogdobispo.com.br\/?p=977","title":{"rendered":"<em>Presidente da C\u00e2mara de Natal, Eriko J\u00e1come \u00e9 homenageado com comenda do Parlamentar do Turismo 2023 pela ABIH<\/em>"},"content":{"rendered":"\n<figure class=\"wp-block-image size-large\"><img data-recalc-dims=\"1\" fetchpriority=\"high\" decoding=\"async\" width=\"768\" height=\"1024\" src=\"https:\/\/i0.wp.com\/blogdobispo.com.br\/wp-content\/uploads\/2023\/05\/04cb82df-3871-4ef2-90fc-623d0abeb19d-768x1024.jpg?resize=768%2C1024&#038;ssl=1\" class=\"wp-image-976\" srcset=\"https:\/\/i0.wp.com\/blogdobispo.com.br\/wp-content\/uploads\/2023\/05\/04cb82df-3871-4ef2-90fc-623d0abeb19d.jpg?resize=768%2C1024&amp;ssl=1 768w, https:\/\/i0.wp.com\/blogdobispo.com.br\/wp-content\/uploads\/2023\/05\/04cb82df-3871-4ef2-90fc-623d0abeb19d.jpg?resize=225%2C300&amp;ssl=1 225w, https:\/\/i0.wp.com\/blogdobispo.com.br\/wp-content\/uploads\/2023\/05\/04cb82df-3871-4ef2-90fc-623d0abeb19d.jpg?resize=1152%2C1536&amp;ssl=1 1152w, https:\/\/i0.wp.com\/blogdobispo.com.br\/wp-content\/uploads\/2023\/05\/04cb82df-3871-4ef2-90fc-623d0abeb19d.jpg?resize=1024%2C1365&amp;ssl=1 1024w, https:\/\/i0.wp.com\/blogdobispo.com.br\/wp-content\/uploads\/2023\/05\/04cb82df-3871-4ef2-90fc-623d0abeb19d.jpg?w=1200&amp;ssl=1 1200w\" sizes=\"(max-width: 768px) 100vw, 768px\" \/><\/figure>\n\n\n\n\n\n<p>Na tarde desta ter\u00e7a-feira (23), o Presidente da C\u00e2mara Municipal de Natal, vereador Eriko J\u00e1come, recebeu uma comenda da Associa\u00e7\u00e3o Brasileira da Ind\u00fastria de Hot\u00e9is (ABIH). A homenagem foi concedida em reconhecimento ao not\u00e1vel trabalho do vereador no desenvolvimento do turismo na cidade de Natal.<\/p>\n\n\n\n<p>A comenda foi entregue pelo presidente da ABIH, Abdon Gosson, em uma cerim\u00f4nia realizada no Hotel Majestic, em Ponta Negra. O evento contou com a presen\u00e7a do prefeito de Natal, \u00c1lvaro Dias, de autoridades municipais, representantes do setor hoteleiro e membros da imprensa.<\/p>\n\n\n\n<p>O vereador Eriko J\u00e1come expressou sua gratid\u00e3o pela honraria recebida e reafirmou seu compromisso em continuar trabalhando em prol do turismo em Natal. &#8220;Eu acredito muito no poder do turismo como agente transformador n\u00e3o s\u00f3 na economia como em outros setores da nossa cidade. Ivestir em turismo \u00e9 investir em capacita\u00e7\u00e3o, empregos, qualidade de vida e infraestrutura. Essa comenda representa um reconhecimento importante, mas tamb\u00e9m \u00e9 um est\u00edmulo para que continuemos firmes na busca por melhorias e no fortalecimento do turismo na nossa cidade&#8221;, declarou o vereador.<\/p>\n\n\n\n<p>Al\u00e9m do vereador Eriko J\u00e1come, outros vereadores tamb\u00e9m foram homenageados pela ABIH durante a cerim\u00f4nia. A associa\u00e7\u00e3o reconheceu o trabalho coletivo da C\u00e2mara Municipal em apoio ao setor tur\u00edstico, ressaltando a import\u00e2ncia da atua\u00e7\u00e3o conjunta para o desenvolvimento da cidade.<\/p>\n","protected":false},"excerpt":{"rendered":"<p>Na tarde desta ter\u00e7a-feira (23), o Presidente da C\u00e2mara Municipal de Natal, vereador Eriko J\u00e1come, recebeu uma comenda da Associa\u00e7\u00e3o Brasileira da Ind\u00fastria de Hot\u00e9is (ABIH). A homenagem foi concedida em reconhecimento ao not\u00e1vel trabalho do vereador no desenvolvimento do turismo na cidade de Natal. A comenda foi entregue pelo presidente da ABIH, Abdon Gosson, [&hellip;]<\/p>\n","protected":false},"author":1,"featured_media":0,"comment_status":"open","ping_status":"open","sticky":false,"template":"","format":"standard","meta":{"cybocfi_hide_featured_image":"","_jetpack_memberships_contains_paid_content":false,"footnotes":""},"categories":[3],"tags":[],"class_list":["post-977","post","type-post","status-publish","format-standard","hentry","category-politica"],"yoast_head":"<!-- This site is optimized with the Yoast SEO plugin v25.6 - https:\/\/yoast.com\/wordpress\/plugins\/seo\/ -->\n<title>Presidente da C\u00e2mara de Natal, Eriko J\u00e1come \u00e9 homenageado com comenda do Parlamentar do Turismo 2023 pela ABIH - Blog do Bispo<\/title>\n<meta name=\"robots\" content=\"index, follow, max-snippet:-1, max-image-preview:large, max-video-preview:-1\" \/>\n<link rel=\"canonical\" href=\"https:\/\/blogdobispo.com.br\/?p=977\" \/>\n<meta property=\"og:locale\" content=\"pt_BR\" \/>\n<meta property=\"og:type\" content=\"article\" \/>\n<meta property=\"og:title\" content=\"Presidente da C\u00e2mara de Natal, Eriko J\u00e1come \u00e9 homenageado com comenda do Parlamentar do Turismo 2023 pela ABIH - Blog do Bispo\" \/>\n<meta property=\"og:description\" content=\"Na tarde desta ter\u00e7a-feira (23), o Presidente da C\u00e2mara Municipal de Natal, vereador Eriko J\u00e1come, recebeu uma comenda da Associa\u00e7\u00e3o Brasileira da Ind\u00fastria de Hot\u00e9is (ABIH). A homenagem foi concedida em reconhecimento ao not\u00e1vel trabalho do vereador no desenvolvimento do turismo na cidade de Natal. A comenda foi entregue pelo presidente da ABIH, Abdon Gosson, [&hellip;]\" \/>\n<meta property=\"og:url\" content=\"https:\/\/blogdobispo.com.br\/?p=977\" \/>\n<meta property=\"og:site_name\" content=\"Blog do Bispo\" \/>\n<meta property=\"article:published_time\" content=\"2023-05-23T18:36:51+00:00\" \/>\n<meta property=\"article:modified_time\" content=\"2023-05-23T18:36:52+00:00\" \/>\n<meta property=\"og:image\" content=\"https:\/\/blogdobispo.com.br\/wp-content\/uploads\/2023\/05\/04cb82df-3871-4ef2-90fc-623d0abeb19d-768x1024.jpg\" \/>\n<meta name=\"author\" content=\"Jefferson Sterfeno\" \/>\n<meta name=\"twitter:card\" content=\"summary_large_image\" \/>\n<meta name=\"twitter:label1\" content=\"Escrito por\" \/>\n\t<meta name=\"twitter:data1\" content=\"Jefferson Sterfeno\" \/>\n\t<meta name=\"twitter:label2\" content=\"Est. tempo de leitura\" \/>\n\t<meta name=\"twitter:data2\" content=\"1 minuto\" \/>\n<script type=\"application\/ld+json\" class=\"yoast-schema-graph\">{\"@context\":\"https:\/\/schema.org\",\"@graph\":[{\"@type\":\"Article\",\"@id\":\"https:\/\/blogdobispo.com.br\/?p=977#article\",\"isPartOf\":{\"@id\":\"https:\/\/blogdobispo.com.br\/?p=977\"},\"author\":{\"name\":\"Jefferson Sterfeno\",\"@id\":\"https:\/\/blogdobispo.com.br\/#\/schema\/person\/e2209cc0e6cea5c5233d033e997b373f\"},\"headline\":\"Presidente da C\u00e2mara de Natal, Eriko J\u00e1come \u00e9 homenageado com comenda do Parlamentar do Turismo 2023 pela ABIH\",\"datePublished\":\"2023-05-23T18:36:51+00:00\",\"dateModified\":\"2023-05-23T18:36:52+00:00\",\"mainEntityOfPage\":{\"@id\":\"https:\/\/blogdobispo.com.br\/?p=977\"},\"wordCount\":254,\"commentCount\":0,\"publisher\":{\"@id\":\"https:\/\/blogdobispo.com.br\/#organization\"},\"image\":{\"@id\":\"https:\/\/blogdobispo.com.br\/?p=977#primaryimage\"},\"thumbnailUrl\":\"https:\/\/blogdobispo.com.br\/wp-content\/uploads\/2023\/05\/04cb82df-3871-4ef2-90fc-623d0abeb19d-768x1024.jpg\",\"articleSection\":[\"Pol\u00edtica\"],\"inLanguage\":\"pt-BR\",\"potentialAction\":[{\"@type\":\"CommentAction\",\"name\":\"Comment\",\"target\":[\"https:\/\/blogdobispo.com.br\/?p=977#respond\"]}]},{\"@type\":\"WebPage\",\"@id\":\"https:\/\/blogdobispo.com.br\/?p=977\",\"url\":\"https:\/\/blogdobispo.com.br\/?p=977\",\"name\":\"Presidente da C\u00e2mara de Natal, Eriko J\u00e1come \u00e9 homenageado com comenda do Parlamentar do Turismo 2023 pela ABIH - Blog do Bispo\",\"isPartOf\":{\"@id\":\"https:\/\/blogdobispo.com.br\/#website\"},\"primaryImageOfPage\":{\"@id\":\"https:\/\/blogdobispo.com.br\/?p=977#primaryimage\"},\"image\":{\"@id\":\"https:\/\/blogdobispo.com.br\/?p=977#primaryimage\"},\"thumbnailUrl\":\"https:\/\/blogdobispo.com.br\/wp-content\/uploads\/2023\/05\/04cb82df-3871-4ef2-90fc-623d0abeb19d-768x1024.jpg\",\"datePublished\":\"2023-05-23T18:36:51+00:00\",\"dateModified\":\"2023-05-23T18:36:52+00:00\",\"breadcrumb\":{\"@id\":\"https:\/\/blogdobispo.com.br\/?p=977#breadcrumb\"},\"inLanguage\":\"pt-BR\",\"potentialAction\":[{\"@type\":\"ReadAction\",\"target\":[\"https:\/\/blogdobispo.com.br\/?p=977\"]}]},{\"@type\":\"ImageObject\",\"inLanguage\":\"pt-BR\",\"@id\":\"https:\/\/blogdobispo.com.br\/?p=977#primaryimage\",\"url\":\"https:\/\/blogdobispo.com.br\/wp-content\/uploads\/2023\/05\/04cb82df-3871-4ef2-90fc-623d0abeb19d-768x1024.jpg\",\"contentUrl\":\"https:\/\/blogdobispo.com.br\/wp-content\/uploads\/2023\/05\/04cb82df-3871-4ef2-90fc-623d0abeb19d-768x1024.jpg\"},{\"@type\":\"BreadcrumbList\",\"@id\":\"https:\/\/blogdobispo.com.br\/?p=977#breadcrumb\",\"itemListElement\":[{\"@type\":\"ListItem\",\"position\":1,\"name\":\"In\u00edcio\",\"item\":\"https:\/\/blogdobispo.com.br\/\"},{\"@type\":\"ListItem\",\"position\":2,\"name\":\"Presidente da C\u00e2mara de Natal, Eriko J\u00e1come \u00e9 homenageado com comenda do Parlamentar do Turismo 2023 pela ABIH\"}]},{\"@type\":\"WebSite\",\"@id\":\"https:\/\/blogdobispo.com.br\/#website\",\"url\":\"https:\/\/blogdobispo.com.br\/\",\"name\":\"Blog do Bispo\",\"description\":\"Comprometido apenas com o leitor\",\"publisher\":{\"@id\":\"https:\/\/blogdobispo.com.br\/#organization\"},\"potentialAction\":[{\"@type\":\"SearchAction\",\"target\":{\"@type\":\"EntryPoint\",\"urlTemplate\":\"https:\/\/blogdobispo.com.br\/?s={search_term_string}\"},\"query-input\":{\"@type\":\"PropertyValueSpecification\",\"valueRequired\":true,\"valueName\":\"search_term_string\"}}],\"inLanguage\":\"pt-BR\"},{\"@type\":\"Organization\",\"@id\":\"https:\/\/blogdobispo.com.br\/#organization\",\"name\":\"Blog do Bispo\",\"url\":\"https:\/\/blogdobispo.com.br\/\",\"logo\":{\"@type\":\"ImageObject\",\"inLanguage\":\"pt-BR\",\"@id\":\"https:\/\/blogdobispo.com.br\/#\/schema\/logo\/image\/\",\"url\":\"http:\/\/blogdobispo.com.br\/wp-content\/uploads\/2023\/05\/cropped-headear.png\",\"contentUrl\":\"http:\/\/blogdobispo.com.br\/wp-content\/uploads\/2023\/05\/cropped-headear.png\",\"width\":1500,\"height\":399,\"caption\":\"Blog do Bispo\"},\"image\":{\"@id\":\"https:\/\/blogdobispo.com.br\/#\/schema\/logo\/image\/\"}},{\"@type\":\"Person\",\"@id\":\"https:\/\/blogdobispo.com.br\/#\/schema\/person\/e2209cc0e6cea5c5233d033e997b373f\",\"name\":\"Jefferson Sterfeno\",\"image\":{\"@type\":\"ImageObject\",\"inLanguage\":\"pt-BR\",\"@id\":\"https:\/\/blogdobispo.com.br\/#\/schema\/person\/image\/\",\"url\":\"https:\/\/secure.gravatar.com\/avatar\/0534e84764641168a677026b6d57a3f51dc7ac4db0b4f6186d9cb330d4ee1160?s=96&d=mm&r=g\",\"contentUrl\":\"https:\/\/secure.gravatar.com\/avatar\/0534e84764641168a677026b6d57a3f51dc7ac4db0b4f6186d9cb330d4ee1160?s=96&d=mm&r=g\",\"caption\":\"Jefferson Sterfeno\"},\"sameAs\":[\"http:\/\/blogdobispo.com.br\"],\"url\":\"https:\/\/blogdobispo.com.br\/?author=1\"}]}<\/script>\n<!-- \/ Yoast SEO plugin. -->","yoast_head_json":{"title":"Presidente da C\u00e2mara de Natal, Eriko J\u00e1come \u00e9 homenageado com comenda do Parlamentar do Turismo 2023 pela ABIH - Blog do Bispo","robots":{"index":"index","follow":"follow","max-snippet":"max-snippet:-1","max-image-preview":"max-image-preview:large","max-video-preview":"max-video-preview:-1"},"canonical":"https:\/\/blogdobispo.com.br\/?p=977","og_locale":"pt_BR","og_type":"article","og_title":"Presidente da C\u00e2mara de Natal, Eriko J\u00e1come \u00e9 homenageado com comenda do Parlamentar do Turismo 2023 pela ABIH - Blog do Bispo","og_description":"Na tarde desta ter\u00e7a-feira (23), o Presidente da C\u00e2mara Municipal de Natal, vereador Eriko J\u00e1come, recebeu uma comenda da Associa\u00e7\u00e3o Brasileira da Ind\u00fastria de Hot\u00e9is (ABIH). A homenagem foi concedida em reconhecimento ao not\u00e1vel trabalho do vereador no desenvolvimento do turismo na cidade de Natal. A comenda foi entregue pelo presidente da ABIH, Abdon Gosson, [&hellip;]","og_url":"https:\/\/blogdobispo.com.br\/?p=977","og_site_name":"Blog do Bispo","article_published_time":"2023-05-23T18:36:51+00:00","article_modified_time":"2023-05-23T18:36:52+00:00","og_image":[{"url":"https:\/\/blogdobispo.com.br\/wp-content\/uploads\/2023\/05\/04cb82df-3871-4ef2-90fc-623d0abeb19d-768x1024.jpg","type":"","width":"","height":""}],"author":"Jefferson Sterfeno","twitter_card":"summary_large_image","twitter_misc":{"Escrito por":"Jefferson Sterfeno","Est. tempo de leitura":"1 minuto"},"schema":{"@context":"https:\/\/schema.org","@graph":[{"@type":"Article","@id":"https:\/\/blogdobispo.com.br\/?p=977#article","isPartOf":{"@id":"https:\/\/blogdobispo.com.br\/?p=977"},"author":{"name":"Jefferson Sterfeno","@id":"https:\/\/blogdobispo.com.br\/#\/schema\/person\/e2209cc0e6cea5c5233d033e997b373f"},"headline":"Presidente da C\u00e2mara de Natal, Eriko J\u00e1come \u00e9 homenageado com comenda do Parlamentar do Turismo 2023 pela ABIH","datePublished":"2023-05-23T18:36:51+00:00","dateModified":"2023-05-23T18:36:52+00:00","mainEntityOfPage":{"@id":"https:\/\/blogdobispo.com.br\/?p=977"},"wordCount":254,"commentCount":0,"publisher":{"@id":"https:\/\/blogdobispo.com.br\/#organization"},"image":{"@id":"https:\/\/blogdobispo.com.br\/?p=977#primaryimage"},"thumbnailUrl":"https:\/\/blogdobispo.com.br\/wp-content\/uploads\/2023\/05\/04cb82df-3871-4ef2-90fc-623d0abeb19d-768x1024.jpg","articleSection":["Pol\u00edtica"],"inLanguage":"pt-BR","potentialAction":[{"@type":"CommentAction","name":"Comment","target":["https:\/\/blogdobispo.com.br\/?p=977#respond"]}]},{"@type":"WebPage","@id":"https:\/\/blogdobispo.com.br\/?p=977","url":"https:\/\/blogdobispo.com.br\/?p=977","name":"Presidente da C\u00e2mara de Natal, Eriko J\u00e1come \u00e9 homenageado com comenda do Parlamentar do Turismo 2023 pela ABIH - Blog do Bispo","isPartOf":{"@id":"https:\/\/blogdobispo.com.br\/#website"},"primaryImageOfPage":{"@id":"https:\/\/blogdobispo.com.br\/?p=977#primaryimage"},"image":{"@id":"https:\/\/blogdobispo.com.br\/?p=977#primaryimage"},"thumbnailUrl":"https:\/\/blogdobispo.com.br\/wp-content\/uploads\/2023\/05\/04cb82df-3871-4ef2-90fc-623d0abeb19d-768x1024.jpg","datePublished":"2023-05-23T18:36:51+00:00","dateModified":"2023-05-23T18:36:52+00:00","breadcrumb":{"@id":"https:\/\/blogdobispo.com.br\/?p=977#breadcrumb"},"inLanguage":"pt-BR","potentialAction":[{"@type":"ReadAction","target":["https:\/\/blogdobispo.com.br\/?p=977"]}]},{"@type":"ImageObject","inLanguage":"pt-BR","@id":"https:\/\/blogdobispo.com.br\/?p=977#primaryimage","url":"https:\/\/blogdobispo.com.br\/wp-content\/uploads\/2023\/05\/04cb82df-3871-4ef2-90fc-623d0abeb19d-768x1024.jpg","contentUrl":"https:\/\/blogdobispo.com.br\/wp-content\/uploads\/2023\/05\/04cb82df-3871-4ef2-90fc-623d0abeb19d-768x1024.jpg"},{"@type":"BreadcrumbList","@id":"https:\/\/blogdobispo.com.br\/?p=977#breadcrumb","itemListElement":[{"@type":"ListItem","position":1,"name":"In\u00edcio","item":"https:\/\/blogdobispo.com.br\/"},{"@type":"ListItem","position":2,"name":"Presidente da C\u00e2mara de Natal, Eriko J\u00e1come \u00e9 homenageado com comenda do Parlamentar do Turismo 2023 pela ABIH"}]},{"@type":"WebSite","@id":"https:\/\/blogdobispo.com.br\/#website","url":"https:\/\/blogdobispo.com.br\/","name":"Blog do Bispo","description":"Comprometido apenas com o leitor","publisher":{"@id":"https:\/\/blogdobispo.com.br\/#organization"},"potentialAction":[{"@type":"SearchAction","target":{"@type":"EntryPoint","urlTemplate":"https:\/\/blogdobispo.com.br\/?s={search_term_string}"},"query-input":{"@type":"PropertyValueSpecification","valueRequired":true,"valueName":"search_term_string"}}],"inLanguage":"pt-BR"},{"@type":"Organization","@id":"https:\/\/blogdobispo.com.br\/#organization","name":"Blog do Bispo","url":"https:\/\/blogdobispo.com.br\/","logo":{"@type":"ImageObject","inLanguage":"pt-BR","@id":"https:\/\/blogdobispo.com.br\/#\/schema\/logo\/image\/","url":"http:\/\/blogdobispo.com.br\/wp-content\/uploads\/2023\/05\/cropped-headear.png","contentUrl":"http:\/\/blogdobispo.com.br\/wp-content\/uploads\/2023\/05\/cropped-headear.png","width":1500,"height":399,"caption":"Blog do Bispo"},"image":{"@id":"https:\/\/blogdobispo.com.br\/#\/schema\/logo\/image\/"}},{"@type":"Person","@id":"https:\/\/blogdobispo.com.br\/#\/schema\/person\/e2209cc0e6cea5c5233d033e997b373f","name":"Jefferson Sterfeno","image":{"@type":"ImageObject","inLanguage":"pt-BR","@id":"https:\/\/blogdobispo.com.br\/#\/schema\/person\/image\/","url":"https:\/\/secure.gravatar.com\/avatar\/0534e84764641168a677026b6d57a3f51dc7ac4db0b4f6186d9cb330d4ee1160?s=96&d=mm&r=g","contentUrl":"https:\/\/secure.gravatar.com\/avatar\/0534e84764641168a677026b6d57a3f51dc7ac4db0b4f6186d9cb330d4ee1160?s=96&d=mm&r=g","caption":"Jefferson Sterfeno"},"sameAs":["http:\/\/blogdobispo.com.br"],"url":"https:\/\/blogdobispo.com.br\/?author=1"}]}},"featured_image_urls":{"full":"","thumbnail":"","medium":"","medium_large":"","large":"","1536x1536":"","2048x2048":""},"author_info":{"display_name":"Jefferson Sterfeno","author_link":"https:\/\/blogdobispo.com.br\/?author=1"},"category_info":"<a href=\"https:\/\/blogdobispo.com.br\/?cat=3\" rel=\"category\">Pol\u00edtica<\/a>","tag_info":"Pol\u00edtica","comment_count":"0","jetpack_featured_media_url":"","jetpack_sharing_enabled":true,"_links":{"self":[{"href":"https:\/\/blogdobispo.com.br\/index.php?rest_route=\/wp\/v2\/posts\/977","targetHints":{"allow":["GET"]}}],"collection":[{"href":"https:\/\/blogdobispo.com.br\/index.php?rest_route=\/wp\/v2\/posts"}],"about":[{"href":"https:\/\/blogdobispo.com.br\/index.php?rest_route=\/wp\/v2\/types\/post"}],"author":[{"embeddable":true,"href":"https:\/\/blogdobispo.com.br\/index.php?rest_route=\/wp\/v2\/users\/1"}],"replies":[{"embeddable":true,"href":"https:\/\/blogdobispo.com.br\/index.php?rest_route=%2Fwp%2Fv2%2Fcomments&post=977"}],"version-history":[{"count":1,"href":"https:\/\/blogdobispo.com.br\/index.php?rest_route=\/wp\/v2\/posts\/977\/revisions"}],"predecessor-version":[{"id":978,"href":"https:\/\/blogdobispo.com.br\/index.php?rest_route=\/wp\/v2\/posts\/977\/revisions\/978"}],"wp:attachment":[{"href":"https:\/\/blogdobispo.com.br\/index.php?rest_route=%2Fwp%2Fv2%2Fmedia&parent=977"}],"wp:term":[{"taxonomy":"category","embeddable":true,"href":"https:\/\/blogdobispo.com.br\/index.php?rest_route=%2Fwp%2Fv2%2Fcategories&post=977"},{"taxonomy":"post_tag","embeddable":true,"href":"https:\/\/blogdobispo.com.br\/index.php?rest_route=%2Fwp%2Fv2%2Ftags&post=977"}],"curies":[{"name":"wp","href":"https:\/\/api.w.org\/{rel}","templated":true}]}}