{"id":967,"date":"2023-05-23T03:21:58","date_gmt":"2023-05-23T03:21:58","guid":{"rendered":"https:\/\/blogdobispo.com.br\/?p=967"},"modified":"2023-05-23T03:24:22","modified_gmt":"2023-05-23T03:24:22","slug":"obras-de-drenagem-e-pavimentacao-no-san-vale-chegam-a-60-de-execucao","status":"publish","type":"post","link":"https:\/\/blogdobispo.com.br\/?p=967","title":{"rendered":"Obras de drenagem e pavimenta\u00e7\u00e3o no San Vale chegam a 60% de execu\u00e7\u00e3o"},"content":{"rendered":"\n<p><\/p>\n\n\n\n<p>O prefeito \u00c1lvaro Dias visitou na tarde desta segunda-feira (22) as obras de drenagem e pavimenta\u00e7\u00e3o do bairro San Vale, na Zona Sul de Natal. Or\u00e7ada em R$ 8,9 milh\u00f5es, a obra contempla sete ruas e j\u00e1 atingiu 60% de conclus\u00e3o.<\/p>\n\n\n\n<p>Trata-se de uma a\u00e7\u00e3o da gest\u00e3o municipal, conforme destaca o prefeito, que vai melhorar ainda mais a qualidade de vida de quem mora no local. &#8220;Por toda a sua extens\u00e3o, o que se via era lama e buracos, dificultando o tr\u00e1fego de pedestres e ve\u00edculos. Com a obra, v\u00e1rias ruas receberam drenagem e pavimenta\u00e7\u00e3o. Estamos realizando obras como essas nas quatro regi\u00f5es da cidade, com investimentos pr\u00f3prios e do governo federal\u201d, apontou \u00c1lvaro Dias.<\/p>\n\n\n\n<p>Iniciada em mar\u00e7o deste ano, a obra do San Vale \u00e9 uma parceria entre a gest\u00e3o municipal e o governo federal, via emenda do deputado federal General Gir\u00e3o, com apoio parlamentar tamb\u00e9m da vereadora Nina Souza. O projeto era uma reivindica\u00e7\u00e3o antiga da popula\u00e7\u00e3o da \u00e1rea. Com o novo cen\u00e1rio, espera-se a revaloriza\u00e7\u00e3o do bairro que ao longo dos anos passava por deprecia\u00e7\u00e3o imobili\u00e1ria.<\/p>\n\n\n\n<p>As ruas contempladas no projeto s\u00e3o a Dr. Jos\u00e9 Tavares, Silvano Serafim de Medeiros, Vandick Lopes, Avenida Tropical (trecho entre a rua Dr. Jos\u00e9 Tavares da Silva e a Av. Antoine Saint Exup\u00e9ry) e Rua Marieta Guerra.<\/p>\n\n\n\n<p>De acordo com o secret\u00e1rio municipal de Infraestrutura, Carlson Gomes, as obras no bairro ser\u00e3o finalizadas no m\u00eas de outubro. &#8220;A Prefeitura tem no seu escopo de a\u00e7\u00e3o no San Vale sete ruas que ser\u00e3o completamente modificadas para melhor, com nova pavimenta\u00e7\u00e3o e rede de drenagem moderna. J\u00e1 conclu\u00edmos duas vias e estamos com cinco na fase final\u201d, pontuou o titular da Seinfra.<\/p>\n\n\n\n\n\n\n\n\n\n\n\n<figure class=\"wp-block-image size-large\"><img data-recalc-dims=\"1\" fetchpriority=\"high\" decoding=\"async\" width=\"800\" height=\"533\" src=\"https:\/\/i0.wp.com\/blogdobispo.com.br\/wp-content\/uploads\/2023\/05\/Visita-de-obra-de-drenagem-e-pavimentacao-no-San-Vale-foto-Alex-Regis-1-1024x682.jpeg?resize=800%2C533&#038;ssl=1\" alt=\"\" class=\"wp-image-971\" srcset=\"https:\/\/i0.wp.com\/blogdobispo.com.br\/wp-content\/uploads\/2023\/05\/Visita-de-obra-de-drenagem-e-pavimentacao-no-San-Vale-foto-Alex-Regis-1.jpeg?resize=1024%2C682&amp;ssl=1 1024w, https:\/\/i0.wp.com\/blogdobispo.com.br\/wp-content\/uploads\/2023\/05\/Visita-de-obra-de-drenagem-e-pavimentacao-no-San-Vale-foto-Alex-Regis-1.jpeg?resize=300%2C200&amp;ssl=1 300w, https:\/\/i0.wp.com\/blogdobispo.com.br\/wp-content\/uploads\/2023\/05\/Visita-de-obra-de-drenagem-e-pavimentacao-no-San-Vale-foto-Alex-Regis-1.jpeg?resize=768%2C512&amp;ssl=1 768w, https:\/\/i0.wp.com\/blogdobispo.com.br\/wp-content\/uploads\/2023\/05\/Visita-de-obra-de-drenagem-e-pavimentacao-no-San-Vale-foto-Alex-Regis-1.jpeg?resize=1536%2C1023&amp;ssl=1 1536w, https:\/\/i0.wp.com\/blogdobispo.com.br\/wp-content\/uploads\/2023\/05\/Visita-de-obra-de-drenagem-e-pavimentacao-no-San-Vale-foto-Alex-Regis-1.jpeg?w=1600&amp;ssl=1 1600w\" sizes=\"(max-width: 800px) 100vw, 800px\" \/><\/figure>\n","protected":false},"excerpt":{"rendered":"<p>O prefeito \u00c1lvaro Dias visitou na tarde desta segunda-feira (22) as obras de drenagem e pavimenta\u00e7\u00e3o do bairro San Vale, na Zona Sul de Natal. Or\u00e7ada em R$ 8,9 milh\u00f5es, a obra contempla sete ruas e j\u00e1 atingiu 60% de conclus\u00e3o. Trata-se de uma a\u00e7\u00e3o da gest\u00e3o municipal, conforme destaca o prefeito, que vai melhorar [&hellip;]<\/p>\n","protected":false},"author":1,"featured_media":0,"comment_status":"open","ping_status":"open","sticky":false,"template":"","format":"standard","meta":{"cybocfi_hide_featured_image":"","_jetpack_memberships_contains_paid_content":false,"footnotes":""},"categories":[1],"tags":[],"class_list":["post-967","post","type-post","status-publish","format-standard","hentry","category-diversos"],"yoast_head":"<!-- This site is optimized with the Yoast SEO plugin v25.6 - https:\/\/yoast.com\/wordpress\/plugins\/seo\/ -->\n<title>Obras de drenagem e pavimenta\u00e7\u00e3o no San Vale chegam a 60% de execu\u00e7\u00e3o - Blog do Bispo<\/title>\n<meta name=\"robots\" content=\"index, follow, max-snippet:-1, max-image-preview:large, max-video-preview:-1\" \/>\n<link rel=\"canonical\" href=\"https:\/\/blogdobispo.com.br\/?p=967\" \/>\n<meta property=\"og:locale\" content=\"pt_BR\" \/>\n<meta property=\"og:type\" content=\"article\" \/>\n<meta property=\"og:title\" content=\"Obras de drenagem e pavimenta\u00e7\u00e3o no San Vale chegam a 60% de execu\u00e7\u00e3o - Blog do Bispo\" \/>\n<meta property=\"og:description\" content=\"O prefeito \u00c1lvaro Dias visitou na tarde desta segunda-feira (22) as obras de drenagem e pavimenta\u00e7\u00e3o do bairro San Vale, na Zona Sul de Natal. Or\u00e7ada em R$ 8,9 milh\u00f5es, a obra contempla sete ruas e j\u00e1 atingiu 60% de conclus\u00e3o. Trata-se de uma a\u00e7\u00e3o da gest\u00e3o municipal, conforme destaca o prefeito, que vai melhorar [&hellip;]\" \/>\n<meta property=\"og:url\" content=\"https:\/\/blogdobispo.com.br\/?p=967\" \/>\n<meta property=\"og:site_name\" content=\"Blog do Bispo\" \/>\n<meta property=\"article:published_time\" content=\"2023-05-23T03:21:58+00:00\" \/>\n<meta property=\"article:modified_time\" content=\"2023-05-23T03:24:22+00:00\" \/>\n<meta property=\"og:image\" content=\"https:\/\/blogdobispo.com.br\/wp-content\/uploads\/2023\/05\/Visita-de-obra-de-drenagem-e-pavimentacao-no-San-Vale-foto-Alex-Regis-1-1024x682.jpeg\" \/>\n<meta name=\"author\" content=\"Jefferson Sterfeno\" \/>\n<meta name=\"twitter:card\" content=\"summary_large_image\" \/>\n<meta name=\"twitter:label1\" content=\"Escrito por\" \/>\n\t<meta name=\"twitter:data1\" content=\"Jefferson Sterfeno\" \/>\n\t<meta name=\"twitter:label2\" content=\"Est. tempo de leitura\" \/>\n\t<meta name=\"twitter:data2\" content=\"2 minutos\" \/>\n<script type=\"application\/ld+json\" class=\"yoast-schema-graph\">{\"@context\":\"https:\/\/schema.org\",\"@graph\":[{\"@type\":\"Article\",\"@id\":\"https:\/\/blogdobispo.com.br\/?p=967#article\",\"isPartOf\":{\"@id\":\"https:\/\/blogdobispo.com.br\/?p=967\"},\"author\":{\"name\":\"Jefferson Sterfeno\",\"@id\":\"https:\/\/blogdobispo.com.br\/#\/schema\/person\/e2209cc0e6cea5c5233d033e997b373f\"},\"headline\":\"Obras de drenagem e pavimenta\u00e7\u00e3o no San Vale chegam a 60% de execu\u00e7\u00e3o\",\"datePublished\":\"2023-05-23T03:21:58+00:00\",\"dateModified\":\"2023-05-23T03:24:22+00:00\",\"mainEntityOfPage\":{\"@id\":\"https:\/\/blogdobispo.com.br\/?p=967\"},\"wordCount\":321,\"commentCount\":0,\"publisher\":{\"@id\":\"https:\/\/blogdobispo.com.br\/#organization\"},\"image\":{\"@id\":\"https:\/\/blogdobispo.com.br\/?p=967#primaryimage\"},\"thumbnailUrl\":\"https:\/\/blogdobispo.com.br\/wp-content\/uploads\/2023\/05\/Visita-de-obra-de-drenagem-e-pavimentacao-no-San-Vale-foto-Alex-Regis-1-1024x682.jpeg\",\"articleSection\":[\"diversos\"],\"inLanguage\":\"pt-BR\",\"potentialAction\":[{\"@type\":\"CommentAction\",\"name\":\"Comment\",\"target\":[\"https:\/\/blogdobispo.com.br\/?p=967#respond\"]}]},{\"@type\":\"WebPage\",\"@id\":\"https:\/\/blogdobispo.com.br\/?p=967\",\"url\":\"https:\/\/blogdobispo.com.br\/?p=967\",\"name\":\"Obras de drenagem e pavimenta\u00e7\u00e3o no San Vale chegam a 60% de execu\u00e7\u00e3o - Blog do Bispo\",\"isPartOf\":{\"@id\":\"https:\/\/blogdobispo.com.br\/#website\"},\"primaryImageOfPage\":{\"@id\":\"https:\/\/blogdobispo.com.br\/?p=967#primaryimage\"},\"image\":{\"@id\":\"https:\/\/blogdobispo.com.br\/?p=967#primaryimage\"},\"thumbnailUrl\":\"https:\/\/blogdobispo.com.br\/wp-content\/uploads\/2023\/05\/Visita-de-obra-de-drenagem-e-pavimentacao-no-San-Vale-foto-Alex-Regis-1-1024x682.jpeg\",\"datePublished\":\"2023-05-23T03:21:58+00:00\",\"dateModified\":\"2023-05-23T03:24:22+00:00\",\"breadcrumb\":{\"@id\":\"https:\/\/blogdobispo.com.br\/?p=967#breadcrumb\"},\"inLanguage\":\"pt-BR\",\"potentialAction\":[{\"@type\":\"ReadAction\",\"target\":[\"https:\/\/blogdobispo.com.br\/?p=967\"]}]},{\"@type\":\"ImageObject\",\"inLanguage\":\"pt-BR\",\"@id\":\"https:\/\/blogdobispo.com.br\/?p=967#primaryimage\",\"url\":\"https:\/\/blogdobispo.com.br\/wp-content\/uploads\/2023\/05\/Visita-de-obra-de-drenagem-e-pavimentacao-no-San-Vale-foto-Alex-Regis-1-1024x682.jpeg\",\"contentUrl\":\"https:\/\/blogdobispo.com.br\/wp-content\/uploads\/2023\/05\/Visita-de-obra-de-drenagem-e-pavimentacao-no-San-Vale-foto-Alex-Regis-1-1024x682.jpeg\"},{\"@type\":\"BreadcrumbList\",\"@id\":\"https:\/\/blogdobispo.com.br\/?p=967#breadcrumb\",\"itemListElement\":[{\"@type\":\"ListItem\",\"position\":1,\"name\":\"In\u00edcio\",\"item\":\"https:\/\/blogdobispo.com.br\/\"},{\"@type\":\"ListItem\",\"position\":2,\"name\":\"Obras de drenagem e pavimenta\u00e7\u00e3o no San Vale chegam a 60% de execu\u00e7\u00e3o\"}]},{\"@type\":\"WebSite\",\"@id\":\"https:\/\/blogdobispo.com.br\/#website\",\"url\":\"https:\/\/blogdobispo.com.br\/\",\"name\":\"Blog do Bispo\",\"description\":\"Comprometido apenas com o leitor\",\"publisher\":{\"@id\":\"https:\/\/blogdobispo.com.br\/#organization\"},\"potentialAction\":[{\"@type\":\"SearchAction\",\"target\":{\"@type\":\"EntryPoint\",\"urlTemplate\":\"https:\/\/blogdobispo.com.br\/?s={search_term_string}\"},\"query-input\":{\"@type\":\"PropertyValueSpecification\",\"valueRequired\":true,\"valueName\":\"search_term_string\"}}],\"inLanguage\":\"pt-BR\"},{\"@type\":\"Organization\",\"@id\":\"https:\/\/blogdobispo.com.br\/#organization\",\"name\":\"Blog do Bispo\",\"url\":\"https:\/\/blogdobispo.com.br\/\",\"logo\":{\"@type\":\"ImageObject\",\"inLanguage\":\"pt-BR\",\"@id\":\"https:\/\/blogdobispo.com.br\/#\/schema\/logo\/image\/\",\"url\":\"http:\/\/blogdobispo.com.br\/wp-content\/uploads\/2023\/05\/cropped-headear.png\",\"contentUrl\":\"http:\/\/blogdobispo.com.br\/wp-content\/uploads\/2023\/05\/cropped-headear.png\",\"width\":1500,\"height\":399,\"caption\":\"Blog do Bispo\"},\"image\":{\"@id\":\"https:\/\/blogdobispo.com.br\/#\/schema\/logo\/image\/\"}},{\"@type\":\"Person\",\"@id\":\"https:\/\/blogdobispo.com.br\/#\/schema\/person\/e2209cc0e6cea5c5233d033e997b373f\",\"name\":\"Jefferson Sterfeno\",\"image\":{\"@type\":\"ImageObject\",\"inLanguage\":\"pt-BR\",\"@id\":\"https:\/\/blogdobispo.com.br\/#\/schema\/person\/image\/\",\"url\":\"https:\/\/secure.gravatar.com\/avatar\/0534e84764641168a677026b6d57a3f51dc7ac4db0b4f6186d9cb330d4ee1160?s=96&d=mm&r=g\",\"contentUrl\":\"https:\/\/secure.gravatar.com\/avatar\/0534e84764641168a677026b6d57a3f51dc7ac4db0b4f6186d9cb330d4ee1160?s=96&d=mm&r=g\",\"caption\":\"Jefferson Sterfeno\"},\"sameAs\":[\"http:\/\/blogdobispo.com.br\"],\"url\":\"https:\/\/blogdobispo.com.br\/?author=1\"}]}<\/script>\n<!-- \/ Yoast SEO plugin. -->","yoast_head_json":{"title":"Obras de drenagem e pavimenta\u00e7\u00e3o no San Vale chegam a 60% de execu\u00e7\u00e3o - Blog do Bispo","robots":{"index":"index","follow":"follow","max-snippet":"max-snippet:-1","max-image-preview":"max-image-preview:large","max-video-preview":"max-video-preview:-1"},"canonical":"https:\/\/blogdobispo.com.br\/?p=967","og_locale":"pt_BR","og_type":"article","og_title":"Obras de drenagem e pavimenta\u00e7\u00e3o no San Vale chegam a 60% de execu\u00e7\u00e3o - Blog do Bispo","og_description":"O prefeito \u00c1lvaro Dias visitou na tarde desta segunda-feira (22) as obras de drenagem e pavimenta\u00e7\u00e3o do bairro San Vale, na Zona Sul de Natal. Or\u00e7ada em R$ 8,9 milh\u00f5es, a obra contempla sete ruas e j\u00e1 atingiu 60% de conclus\u00e3o. Trata-se de uma a\u00e7\u00e3o da gest\u00e3o municipal, conforme destaca o prefeito, que vai melhorar [&hellip;]","og_url":"https:\/\/blogdobispo.com.br\/?p=967","og_site_name":"Blog do Bispo","article_published_time":"2023-05-23T03:21:58+00:00","article_modified_time":"2023-05-23T03:24:22+00:00","og_image":[{"url":"https:\/\/blogdobispo.com.br\/wp-content\/uploads\/2023\/05\/Visita-de-obra-de-drenagem-e-pavimentacao-no-San-Vale-foto-Alex-Regis-1-1024x682.jpeg","type":"","width":"","height":""}],"author":"Jefferson Sterfeno","twitter_card":"summary_large_image","twitter_misc":{"Escrito por":"Jefferson Sterfeno","Est. tempo de leitura":"2 minutos"},"schema":{"@context":"https:\/\/schema.org","@graph":[{"@type":"Article","@id":"https:\/\/blogdobispo.com.br\/?p=967#article","isPartOf":{"@id":"https:\/\/blogdobispo.com.br\/?p=967"},"author":{"name":"Jefferson Sterfeno","@id":"https:\/\/blogdobispo.com.br\/#\/schema\/person\/e2209cc0e6cea5c5233d033e997b373f"},"headline":"Obras de drenagem e pavimenta\u00e7\u00e3o no San Vale chegam a 60% de execu\u00e7\u00e3o","datePublished":"2023-05-23T03:21:58+00:00","dateModified":"2023-05-23T03:24:22+00:00","mainEntityOfPage":{"@id":"https:\/\/blogdobispo.com.br\/?p=967"},"wordCount":321,"commentCount":0,"publisher":{"@id":"https:\/\/blogdobispo.com.br\/#organization"},"image":{"@id":"https:\/\/blogdobispo.com.br\/?p=967#primaryimage"},"thumbnailUrl":"https:\/\/blogdobispo.com.br\/wp-content\/uploads\/2023\/05\/Visita-de-obra-de-drenagem-e-pavimentacao-no-San-Vale-foto-Alex-Regis-1-1024x682.jpeg","articleSection":["diversos"],"inLanguage":"pt-BR","potentialAction":[{"@type":"CommentAction","name":"Comment","target":["https:\/\/blogdobispo.com.br\/?p=967#respond"]}]},{"@type":"WebPage","@id":"https:\/\/blogdobispo.com.br\/?p=967","url":"https:\/\/blogdobispo.com.br\/?p=967","name":"Obras de drenagem e pavimenta\u00e7\u00e3o no San Vale chegam a 60% de execu\u00e7\u00e3o - Blog do Bispo","isPartOf":{"@id":"https:\/\/blogdobispo.com.br\/#website"},"primaryImageOfPage":{"@id":"https:\/\/blogdobispo.com.br\/?p=967#primaryimage"},"image":{"@id":"https:\/\/blogdobispo.com.br\/?p=967#primaryimage"},"thumbnailUrl":"https:\/\/blogdobispo.com.br\/wp-content\/uploads\/2023\/05\/Visita-de-obra-de-drenagem-e-pavimentacao-no-San-Vale-foto-Alex-Regis-1-1024x682.jpeg","datePublished":"2023-05-23T03:21:58+00:00","dateModified":"2023-05-23T03:24:22+00:00","breadcrumb":{"@id":"https:\/\/blogdobispo.com.br\/?p=967#breadcrumb"},"inLanguage":"pt-BR","potentialAction":[{"@type":"ReadAction","target":["https:\/\/blogdobispo.com.br\/?p=967"]}]},{"@type":"ImageObject","inLanguage":"pt-BR","@id":"https:\/\/blogdobispo.com.br\/?p=967#primaryimage","url":"https:\/\/blogdobispo.com.br\/wp-content\/uploads\/2023\/05\/Visita-de-obra-de-drenagem-e-pavimentacao-no-San-Vale-foto-Alex-Regis-1-1024x682.jpeg","contentUrl":"https:\/\/blogdobispo.com.br\/wp-content\/uploads\/2023\/05\/Visita-de-obra-de-drenagem-e-pavimentacao-no-San-Vale-foto-Alex-Regis-1-1024x682.jpeg"},{"@type":"BreadcrumbList","@id":"https:\/\/blogdobispo.com.br\/?p=967#breadcrumb","itemListElement":[{"@type":"ListItem","position":1,"name":"In\u00edcio","item":"https:\/\/blogdobispo.com.br\/"},{"@type":"ListItem","position":2,"name":"Obras de drenagem e pavimenta\u00e7\u00e3o no San Vale chegam a 60% de execu\u00e7\u00e3o"}]},{"@type":"WebSite","@id":"https:\/\/blogdobispo.com.br\/#website","url":"https:\/\/blogdobispo.com.br\/","name":"Blog do Bispo","description":"Comprometido apenas com o leitor","publisher":{"@id":"https:\/\/blogdobispo.com.br\/#organization"},"potentialAction":[{"@type":"SearchAction","target":{"@type":"EntryPoint","urlTemplate":"https:\/\/blogdobispo.com.br\/?s={search_term_string}"},"query-input":{"@type":"PropertyValueSpecification","valueRequired":true,"valueName":"search_term_string"}}],"inLanguage":"pt-BR"},{"@type":"Organization","@id":"https:\/\/blogdobispo.com.br\/#organization","name":"Blog do Bispo","url":"https:\/\/blogdobispo.com.br\/","logo":{"@type":"ImageObject","inLanguage":"pt-BR","@id":"https:\/\/blogdobispo.com.br\/#\/schema\/logo\/image\/","url":"http:\/\/blogdobispo.com.br\/wp-content\/uploads\/2023\/05\/cropped-headear.png","contentUrl":"http:\/\/blogdobispo.com.br\/wp-content\/uploads\/2023\/05\/cropped-headear.png","width":1500,"height":399,"caption":"Blog do Bispo"},"image":{"@id":"https:\/\/blogdobispo.com.br\/#\/schema\/logo\/image\/"}},{"@type":"Person","@id":"https:\/\/blogdobispo.com.br\/#\/schema\/person\/e2209cc0e6cea5c5233d033e997b373f","name":"Jefferson Sterfeno","image":{"@type":"ImageObject","inLanguage":"pt-BR","@id":"https:\/\/blogdobispo.com.br\/#\/schema\/person\/image\/","url":"https:\/\/secure.gravatar.com\/avatar\/0534e84764641168a677026b6d57a3f51dc7ac4db0b4f6186d9cb330d4ee1160?s=96&d=mm&r=g","contentUrl":"https:\/\/secure.gravatar.com\/avatar\/0534e84764641168a677026b6d57a3f51dc7ac4db0b4f6186d9cb330d4ee1160?s=96&d=mm&r=g","caption":"Jefferson Sterfeno"},"sameAs":["http:\/\/blogdobispo.com.br"],"url":"https:\/\/blogdobispo.com.br\/?author=1"}]}},"featured_image_urls":{"full":"","thumbnail":"","medium":"","medium_large":"","large":"","1536x1536":"","2048x2048":""},"author_info":{"display_name":"Jefferson Sterfeno","author_link":"https:\/\/blogdobispo.com.br\/?author=1"},"category_info":"<a href=\"https:\/\/blogdobispo.com.br\/?cat=1\" rel=\"category\">diversos<\/a>","tag_info":"diversos","comment_count":"0","jetpack_featured_media_url":"","jetpack_sharing_enabled":true,"_links":{"self":[{"href":"https:\/\/blogdobispo.com.br\/index.php?rest_route=\/wp\/v2\/posts\/967","targetHints":{"allow":["GET"]}}],"collection":[{"href":"https:\/\/blogdobispo.com.br\/index.php?rest_route=\/wp\/v2\/posts"}],"about":[{"href":"https:\/\/blogdobispo.com.br\/index.php?rest_route=\/wp\/v2\/types\/post"}],"author":[{"embeddable":true,"href":"https:\/\/blogdobispo.com.br\/index.php?rest_route=\/wp\/v2\/users\/1"}],"replies":[{"embeddable":true,"href":"https:\/\/blogdobispo.com.br\/index.php?rest_route=%2Fwp%2Fv2%2Fcomments&post=967"}],"version-history":[{"count":2,"href":"https:\/\/blogdobispo.com.br\/index.php?rest_route=\/wp\/v2\/posts\/967\/revisions"}],"predecessor-version":[{"id":972,"href":"https:\/\/blogdobispo.com.br\/index.php?rest_route=\/wp\/v2\/posts\/967\/revisions\/972"}],"wp:attachment":[{"href":"https:\/\/blogdobispo.com.br\/index.php?rest_route=%2Fwp%2Fv2%2Fmedia&parent=967"}],"wp:term":[{"taxonomy":"category","embeddable":true,"href":"https:\/\/blogdobispo.com.br\/index.php?rest_route=%2Fwp%2Fv2%2Fcategories&post=967"},{"taxonomy":"post_tag","embeddable":true,"href":"https:\/\/blogdobispo.com.br\/index.php?rest_route=%2Fwp%2Fv2%2Ftags&post=967"}],"curies":[{"name":"wp","href":"https:\/\/api.w.org\/{rel}","templated":true}]}}