{"id":965,"date":"2023-05-23T02:28:33","date_gmt":"2023-05-23T02:28:33","guid":{"rendered":"https:\/\/blogdobispo.com.br\/?p=965"},"modified":"2023-05-23T02:29:37","modified_gmt":"2023-05-23T02:29:37","slug":"camara-municipal-de-natal-debate-carga-tributaria-com-entidades-do-comercio","status":"publish","type":"post","link":"https:\/\/blogdobispo.com.br\/?p=965","title":{"rendered":"C\u00e2mara Municipal de Natal debate carga tribut\u00e1ria com entidades do com\u00e9rcio"},"content":{"rendered":"\n<figure class=\"wp-block-image size-large\"><img data-recalc-dims=\"1\" fetchpriority=\"high\" decoding=\"async\" width=\"800\" height=\"522\" src=\"https:\/\/i0.wp.com\/blogdobispo.com.br\/wp-content\/uploads\/2023\/05\/img_0792-1-1024x668.png?resize=800%2C522&#038;ssl=1\" class=\"wp-image-964\" srcset=\"https:\/\/i0.wp.com\/blogdobispo.com.br\/wp-content\/uploads\/2023\/05\/img_0792-1.png?resize=1024%2C668&amp;ssl=1 1024w, https:\/\/i0.wp.com\/blogdobispo.com.br\/wp-content\/uploads\/2023\/05\/img_0792-1.png?resize=300%2C196&amp;ssl=1 300w, https:\/\/i0.wp.com\/blogdobispo.com.br\/wp-content\/uploads\/2023\/05\/img_0792-1.png?resize=768%2C501&amp;ssl=1 768w, https:\/\/i0.wp.com\/blogdobispo.com.br\/wp-content\/uploads\/2023\/05\/img_0792-1.png?resize=1536%2C1002&amp;ssl=1 1536w, https:\/\/i0.wp.com\/blogdobispo.com.br\/wp-content\/uploads\/2023\/05\/img_0792-1.png?w=1600&amp;ssl=1 1600w\" sizes=\"(max-width: 800px) 100vw, 800px\" \/><\/figure>\n\n\n\n<p>Nesta segunda-feira (22), a C\u00e2mara Municipal de Natal reuniu representantes de entidades dos setores produtivos e os secret\u00e1rios Municipal e Estadual de Tributa\u00e7\u00e3o, para debater \u201ca alta carga tribut\u00e1ria e o Dia Livre de Impostos (DLI)\u201d. A proposi\u00e7\u00e3o foi do vereador Kleber Fernandes (PSDB), que preside a Comiss\u00e3o de Defesa do Consumidor na casa.&nbsp;<\/p>\n\n\n\n<p>O parlamentar demonstrou preocupa\u00e7\u00e3o especial com a situa\u00e7\u00e3o do centro da cidade, onde, nas palavras dele, \u201co com\u00e9rcio est\u00e1 sucumbindo, assim como aconteceu na Ribeira\u201d.&nbsp; \u201cConvidamos os secret\u00e1rios aqui para saber se eles t\u00eam algum planejamento para redu\u00e7\u00e3o de impostos ou de incentivos fiscais para que esses bairros de potencial comercial possam se recuperar e voltar a gerar empregos e renda\u201d, disse o vereador.&nbsp;<\/p>\n\n\n\n<p>O presidente da C\u00e2mara de Dirigentes Lojistas de Natal (CDL), Jos\u00e9 Lucena, defendeu a redu\u00e7\u00e3o da m\u00e1quina estatal, para a redu\u00e7\u00e3o da carga tribut\u00e1ria, e o representante da Federa\u00e7\u00e3o do Com\u00e9rcio do Rio Grande do Norte (Fecomercio\/RN), Jaime Mariz ressaltou que a carga tribut\u00e1ria no Brasil chega a ser maior do que a de pa\u00edses mais desenvolvidos. Tamb\u00e9m participaram do debate na CMN o diretor do Instituto Municipal de Prote\u00e7\u00e3o e Defesa do Consumidor (Procon Natal), Diogo Capux\u00fa; o presidente da Associa\u00e7\u00e3o Viva o Centro de Natal (Avicen), Rodrigo Vasconcelos; o presidente da Associa\u00e7\u00e3o dos Empres\u00e1rios do Bairro do Alecrim (AEBA), Matheus Feitosa, e o vice-presidente da Associa\u00e7\u00e3o Comercial e Empresarial do RN (ACRN), Carlos Andr\u00e9 de Souza Lopes.<\/p>\n\n\n\n<p>Em rela\u00e7\u00e3o \u00e0 recupera\u00e7\u00e3o do com\u00e9rcio do centro da cidade, o secret\u00e1rio Municipal de Tributa\u00e7\u00e3o, Ludenilson Lopes, disse que mais importante que discutir incentivos fiscais \u00e9 rever os pre\u00e7os dos alugueis cobrados pelos pr\u00e9dios fechados. J\u00e1 o secret\u00e1rio Estadual de Tributa\u00e7\u00e3o, Carlos Eduardo Xavier, elogiou a iniciativa do debate na C\u00e2mara Municipal de Natal e admitiu que a carga tribut\u00e1ria do pa\u00eds \u00e9 sim muito alta, mas alertou: \u201cO que precisamos discutir \u00e9 a qualidade do gasto p\u00fablico e o modelo de sociedade que queremos\u201d.&nbsp;<\/p>\n\n\n\n<p><br \/>Dia Livre de Impostos<\/p>\n\n\n\n<p>Tamb\u00e9m foi pauta do debate a realiza\u00e7\u00e3o do Dia Livre de Impostos, realizado pela Confedera\u00e7\u00e3o Nacional dos Dirigentes Lojistas (CNDL) e pela C\u00e2mara de Dirigentes Lojistas Jovem, em todo o pa\u00eds. Este ano, o DLI ser\u00e1 na pr\u00f3xima quinta-feira, dia 25 de maio. \u201cEssa a\u00e7\u00e3o visa conscientizar a popula\u00e7\u00e3o sobre a alta carga tribut\u00e1ria paga no Brasil\u201d, explica o presidente da CDL \u2013 Jovem, Saulo Medeiros. De acordo com a entidade, em 2022, os brasileiros trabalharam 149 dias apenas para pagar impostos.<\/p>\n","protected":false},"excerpt":{"rendered":"<p>Nesta segunda-feira (22), a C\u00e2mara Municipal de Natal reuniu representantes de entidades dos setores produtivos e os secret\u00e1rios Municipal e Estadual de Tributa\u00e7\u00e3o, para debater \u201ca alta carga tribut\u00e1ria e o Dia Livre de Impostos (DLI)\u201d. A proposi\u00e7\u00e3o foi do vereador Kleber Fernandes (PSDB), que preside a Comiss\u00e3o de Defesa do Consumidor na casa.&nbsp; O [&hellip;]<\/p>\n","protected":false},"author":1,"featured_media":0,"comment_status":"open","ping_status":"open","sticky":false,"template":"","format":"standard","meta":{"cybocfi_hide_featured_image":"","_jetpack_memberships_contains_paid_content":false,"footnotes":""},"categories":[1],"tags":[],"class_list":["post-965","post","type-post","status-publish","format-standard","hentry","category-diversos"],"yoast_head":"<!-- This site is optimized with the Yoast SEO plugin v25.6 - https:\/\/yoast.com\/wordpress\/plugins\/seo\/ -->\n<title>C\u00e2mara Municipal de Natal debate carga tribut\u00e1ria com entidades do com\u00e9rcio - Blog do Bispo<\/title>\n<meta name=\"robots\" content=\"index, follow, max-snippet:-1, max-image-preview:large, max-video-preview:-1\" \/>\n<link rel=\"canonical\" href=\"https:\/\/blogdobispo.com.br\/?p=965\" \/>\n<meta property=\"og:locale\" content=\"pt_BR\" \/>\n<meta property=\"og:type\" content=\"article\" \/>\n<meta property=\"og:title\" content=\"C\u00e2mara Municipal de Natal debate carga tribut\u00e1ria com entidades do com\u00e9rcio - Blog do Bispo\" \/>\n<meta property=\"og:description\" content=\"Nesta segunda-feira (22), a C\u00e2mara Municipal de Natal reuniu representantes de entidades dos setores produtivos e os secret\u00e1rios Municipal e Estadual de Tributa\u00e7\u00e3o, para debater \u201ca alta carga tribut\u00e1ria e o Dia Livre de Impostos (DLI)\u201d. A proposi\u00e7\u00e3o foi do vereador Kleber Fernandes (PSDB), que preside a Comiss\u00e3o de Defesa do Consumidor na casa.&nbsp; O [&hellip;]\" \/>\n<meta property=\"og:url\" content=\"https:\/\/blogdobispo.com.br\/?p=965\" \/>\n<meta property=\"og:site_name\" content=\"Blog do Bispo\" \/>\n<meta property=\"article:published_time\" content=\"2023-05-23T02:28:33+00:00\" \/>\n<meta property=\"article:modified_time\" content=\"2023-05-23T02:29:37+00:00\" \/>\n<meta property=\"og:image\" content=\"https:\/\/blogdobispo.com.br\/wp-content\/uploads\/2023\/05\/img_0792-1-1024x668.png\" \/>\n<meta name=\"author\" content=\"Jefferson Sterfeno\" \/>\n<meta name=\"twitter:card\" content=\"summary_large_image\" \/>\n<meta name=\"twitter:label1\" content=\"Escrito por\" \/>\n\t<meta name=\"twitter:data1\" content=\"Jefferson Sterfeno\" \/>\n\t<meta name=\"twitter:label2\" content=\"Est. tempo de leitura\" \/>\n\t<meta name=\"twitter:data2\" content=\"2 minutos\" \/>\n<script type=\"application\/ld+json\" class=\"yoast-schema-graph\">{\"@context\":\"https:\/\/schema.org\",\"@graph\":[{\"@type\":\"Article\",\"@id\":\"https:\/\/blogdobispo.com.br\/?p=965#article\",\"isPartOf\":{\"@id\":\"https:\/\/blogdobispo.com.br\/?p=965\"},\"author\":{\"name\":\"Jefferson Sterfeno\",\"@id\":\"https:\/\/blogdobispo.com.br\/#\/schema\/person\/e2209cc0e6cea5c5233d033e997b373f\"},\"headline\":\"C\u00e2mara Municipal de Natal debate carga tribut\u00e1ria com entidades do com\u00e9rcio\",\"datePublished\":\"2023-05-23T02:28:33+00:00\",\"dateModified\":\"2023-05-23T02:29:37+00:00\",\"mainEntityOfPage\":{\"@id\":\"https:\/\/blogdobispo.com.br\/?p=965\"},\"wordCount\":467,\"commentCount\":0,\"publisher\":{\"@id\":\"https:\/\/blogdobispo.com.br\/#organization\"},\"image\":{\"@id\":\"https:\/\/blogdobispo.com.br\/?p=965#primaryimage\"},\"thumbnailUrl\":\"https:\/\/blogdobispo.com.br\/wp-content\/uploads\/2023\/05\/img_0792-1-1024x668.png\",\"articleSection\":[\"diversos\"],\"inLanguage\":\"pt-BR\",\"potentialAction\":[{\"@type\":\"CommentAction\",\"name\":\"Comment\",\"target\":[\"https:\/\/blogdobispo.com.br\/?p=965#respond\"]}]},{\"@type\":\"WebPage\",\"@id\":\"https:\/\/blogdobispo.com.br\/?p=965\",\"url\":\"https:\/\/blogdobispo.com.br\/?p=965\",\"name\":\"C\u00e2mara Municipal de Natal debate carga tribut\u00e1ria com entidades do com\u00e9rcio - Blog do Bispo\",\"isPartOf\":{\"@id\":\"https:\/\/blogdobispo.com.br\/#website\"},\"primaryImageOfPage\":{\"@id\":\"https:\/\/blogdobispo.com.br\/?p=965#primaryimage\"},\"image\":{\"@id\":\"https:\/\/blogdobispo.com.br\/?p=965#primaryimage\"},\"thumbnailUrl\":\"https:\/\/blogdobispo.com.br\/wp-content\/uploads\/2023\/05\/img_0792-1-1024x668.png\",\"datePublished\":\"2023-05-23T02:28:33+00:00\",\"dateModified\":\"2023-05-23T02:29:37+00:00\",\"breadcrumb\":{\"@id\":\"https:\/\/blogdobispo.com.br\/?p=965#breadcrumb\"},\"inLanguage\":\"pt-BR\",\"potentialAction\":[{\"@type\":\"ReadAction\",\"target\":[\"https:\/\/blogdobispo.com.br\/?p=965\"]}]},{\"@type\":\"ImageObject\",\"inLanguage\":\"pt-BR\",\"@id\":\"https:\/\/blogdobispo.com.br\/?p=965#primaryimage\",\"url\":\"https:\/\/blogdobispo.com.br\/wp-content\/uploads\/2023\/05\/img_0792-1-1024x668.png\",\"contentUrl\":\"https:\/\/blogdobispo.com.br\/wp-content\/uploads\/2023\/05\/img_0792-1-1024x668.png\"},{\"@type\":\"BreadcrumbList\",\"@id\":\"https:\/\/blogdobispo.com.br\/?p=965#breadcrumb\",\"itemListElement\":[{\"@type\":\"ListItem\",\"position\":1,\"name\":\"In\u00edcio\",\"item\":\"https:\/\/blogdobispo.com.br\/\"},{\"@type\":\"ListItem\",\"position\":2,\"name\":\"C\u00e2mara Municipal de Natal debate carga tribut\u00e1ria com entidades do com\u00e9rcio\"}]},{\"@type\":\"WebSite\",\"@id\":\"https:\/\/blogdobispo.com.br\/#website\",\"url\":\"https:\/\/blogdobispo.com.br\/\",\"name\":\"Blog do Bispo\",\"description\":\"Comprometido apenas com o leitor\",\"publisher\":{\"@id\":\"https:\/\/blogdobispo.com.br\/#organization\"},\"potentialAction\":[{\"@type\":\"SearchAction\",\"target\":{\"@type\":\"EntryPoint\",\"urlTemplate\":\"https:\/\/blogdobispo.com.br\/?s={search_term_string}\"},\"query-input\":{\"@type\":\"PropertyValueSpecification\",\"valueRequired\":true,\"valueName\":\"search_term_string\"}}],\"inLanguage\":\"pt-BR\"},{\"@type\":\"Organization\",\"@id\":\"https:\/\/blogdobispo.com.br\/#organization\",\"name\":\"Blog do Bispo\",\"url\":\"https:\/\/blogdobispo.com.br\/\",\"logo\":{\"@type\":\"ImageObject\",\"inLanguage\":\"pt-BR\",\"@id\":\"https:\/\/blogdobispo.com.br\/#\/schema\/logo\/image\/\",\"url\":\"http:\/\/blogdobispo.com.br\/wp-content\/uploads\/2023\/05\/cropped-headear.png\",\"contentUrl\":\"http:\/\/blogdobispo.com.br\/wp-content\/uploads\/2023\/05\/cropped-headear.png\",\"width\":1500,\"height\":399,\"caption\":\"Blog do Bispo\"},\"image\":{\"@id\":\"https:\/\/blogdobispo.com.br\/#\/schema\/logo\/image\/\"}},{\"@type\":\"Person\",\"@id\":\"https:\/\/blogdobispo.com.br\/#\/schema\/person\/e2209cc0e6cea5c5233d033e997b373f\",\"name\":\"Jefferson Sterfeno\",\"image\":{\"@type\":\"ImageObject\",\"inLanguage\":\"pt-BR\",\"@id\":\"https:\/\/blogdobispo.com.br\/#\/schema\/person\/image\/\",\"url\":\"https:\/\/secure.gravatar.com\/avatar\/0534e84764641168a677026b6d57a3f51dc7ac4db0b4f6186d9cb330d4ee1160?s=96&d=mm&r=g\",\"contentUrl\":\"https:\/\/secure.gravatar.com\/avatar\/0534e84764641168a677026b6d57a3f51dc7ac4db0b4f6186d9cb330d4ee1160?s=96&d=mm&r=g\",\"caption\":\"Jefferson Sterfeno\"},\"sameAs\":[\"http:\/\/blogdobispo.com.br\"],\"url\":\"https:\/\/blogdobispo.com.br\/?author=1\"}]}<\/script>\n<!-- \/ Yoast SEO plugin. -->","yoast_head_json":{"title":"C\u00e2mara Municipal de Natal debate carga tribut\u00e1ria com entidades do com\u00e9rcio - Blog do Bispo","robots":{"index":"index","follow":"follow","max-snippet":"max-snippet:-1","max-image-preview":"max-image-preview:large","max-video-preview":"max-video-preview:-1"},"canonical":"https:\/\/blogdobispo.com.br\/?p=965","og_locale":"pt_BR","og_type":"article","og_title":"C\u00e2mara Municipal de Natal debate carga tribut\u00e1ria com entidades do com\u00e9rcio - Blog do Bispo","og_description":"Nesta segunda-feira (22), a C\u00e2mara Municipal de Natal reuniu representantes de entidades dos setores produtivos e os secret\u00e1rios Municipal e Estadual de Tributa\u00e7\u00e3o, para debater \u201ca alta carga tribut\u00e1ria e o Dia Livre de Impostos (DLI)\u201d. A proposi\u00e7\u00e3o foi do vereador Kleber Fernandes (PSDB), que preside a Comiss\u00e3o de Defesa do Consumidor na casa.&nbsp; O [&hellip;]","og_url":"https:\/\/blogdobispo.com.br\/?p=965","og_site_name":"Blog do Bispo","article_published_time":"2023-05-23T02:28:33+00:00","article_modified_time":"2023-05-23T02:29:37+00:00","og_image":[{"url":"https:\/\/blogdobispo.com.br\/wp-content\/uploads\/2023\/05\/img_0792-1-1024x668.png","type":"","width":"","height":""}],"author":"Jefferson Sterfeno","twitter_card":"summary_large_image","twitter_misc":{"Escrito por":"Jefferson Sterfeno","Est. tempo de leitura":"2 minutos"},"schema":{"@context":"https:\/\/schema.org","@graph":[{"@type":"Article","@id":"https:\/\/blogdobispo.com.br\/?p=965#article","isPartOf":{"@id":"https:\/\/blogdobispo.com.br\/?p=965"},"author":{"name":"Jefferson Sterfeno","@id":"https:\/\/blogdobispo.com.br\/#\/schema\/person\/e2209cc0e6cea5c5233d033e997b373f"},"headline":"C\u00e2mara Municipal de Natal debate carga tribut\u00e1ria com entidades do com\u00e9rcio","datePublished":"2023-05-23T02:28:33+00:00","dateModified":"2023-05-23T02:29:37+00:00","mainEntityOfPage":{"@id":"https:\/\/blogdobispo.com.br\/?p=965"},"wordCount":467,"commentCount":0,"publisher":{"@id":"https:\/\/blogdobispo.com.br\/#organization"},"image":{"@id":"https:\/\/blogdobispo.com.br\/?p=965#primaryimage"},"thumbnailUrl":"https:\/\/blogdobispo.com.br\/wp-content\/uploads\/2023\/05\/img_0792-1-1024x668.png","articleSection":["diversos"],"inLanguage":"pt-BR","potentialAction":[{"@type":"CommentAction","name":"Comment","target":["https:\/\/blogdobispo.com.br\/?p=965#respond"]}]},{"@type":"WebPage","@id":"https:\/\/blogdobispo.com.br\/?p=965","url":"https:\/\/blogdobispo.com.br\/?p=965","name":"C\u00e2mara Municipal de Natal debate carga tribut\u00e1ria com entidades do com\u00e9rcio - Blog do Bispo","isPartOf":{"@id":"https:\/\/blogdobispo.com.br\/#website"},"primaryImageOfPage":{"@id":"https:\/\/blogdobispo.com.br\/?p=965#primaryimage"},"image":{"@id":"https:\/\/blogdobispo.com.br\/?p=965#primaryimage"},"thumbnailUrl":"https:\/\/blogdobispo.com.br\/wp-content\/uploads\/2023\/05\/img_0792-1-1024x668.png","datePublished":"2023-05-23T02:28:33+00:00","dateModified":"2023-05-23T02:29:37+00:00","breadcrumb":{"@id":"https:\/\/blogdobispo.com.br\/?p=965#breadcrumb"},"inLanguage":"pt-BR","potentialAction":[{"@type":"ReadAction","target":["https:\/\/blogdobispo.com.br\/?p=965"]}]},{"@type":"ImageObject","inLanguage":"pt-BR","@id":"https:\/\/blogdobispo.com.br\/?p=965#primaryimage","url":"https:\/\/blogdobispo.com.br\/wp-content\/uploads\/2023\/05\/img_0792-1-1024x668.png","contentUrl":"https:\/\/blogdobispo.com.br\/wp-content\/uploads\/2023\/05\/img_0792-1-1024x668.png"},{"@type":"BreadcrumbList","@id":"https:\/\/blogdobispo.com.br\/?p=965#breadcrumb","itemListElement":[{"@type":"ListItem","position":1,"name":"In\u00edcio","item":"https:\/\/blogdobispo.com.br\/"},{"@type":"ListItem","position":2,"name":"C\u00e2mara Municipal de Natal debate carga tribut\u00e1ria com entidades do com\u00e9rcio"}]},{"@type":"WebSite","@id":"https:\/\/blogdobispo.com.br\/#website","url":"https:\/\/blogdobispo.com.br\/","name":"Blog do Bispo","description":"Comprometido apenas com o leitor","publisher":{"@id":"https:\/\/blogdobispo.com.br\/#organization"},"potentialAction":[{"@type":"SearchAction","target":{"@type":"EntryPoint","urlTemplate":"https:\/\/blogdobispo.com.br\/?s={search_term_string}"},"query-input":{"@type":"PropertyValueSpecification","valueRequired":true,"valueName":"search_term_string"}}],"inLanguage":"pt-BR"},{"@type":"Organization","@id":"https:\/\/blogdobispo.com.br\/#organization","name":"Blog do Bispo","url":"https:\/\/blogdobispo.com.br\/","logo":{"@type":"ImageObject","inLanguage":"pt-BR","@id":"https:\/\/blogdobispo.com.br\/#\/schema\/logo\/image\/","url":"http:\/\/blogdobispo.com.br\/wp-content\/uploads\/2023\/05\/cropped-headear.png","contentUrl":"http:\/\/blogdobispo.com.br\/wp-content\/uploads\/2023\/05\/cropped-headear.png","width":1500,"height":399,"caption":"Blog do Bispo"},"image":{"@id":"https:\/\/blogdobispo.com.br\/#\/schema\/logo\/image\/"}},{"@type":"Person","@id":"https:\/\/blogdobispo.com.br\/#\/schema\/person\/e2209cc0e6cea5c5233d033e997b373f","name":"Jefferson Sterfeno","image":{"@type":"ImageObject","inLanguage":"pt-BR","@id":"https:\/\/blogdobispo.com.br\/#\/schema\/person\/image\/","url":"https:\/\/secure.gravatar.com\/avatar\/0534e84764641168a677026b6d57a3f51dc7ac4db0b4f6186d9cb330d4ee1160?s=96&d=mm&r=g","contentUrl":"https:\/\/secure.gravatar.com\/avatar\/0534e84764641168a677026b6d57a3f51dc7ac4db0b4f6186d9cb330d4ee1160?s=96&d=mm&r=g","caption":"Jefferson Sterfeno"},"sameAs":["http:\/\/blogdobispo.com.br"],"url":"https:\/\/blogdobispo.com.br\/?author=1"}]}},"featured_image_urls":{"full":"","thumbnail":"","medium":"","medium_large":"","large":"","1536x1536":"","2048x2048":""},"author_info":{"display_name":"Jefferson Sterfeno","author_link":"https:\/\/blogdobispo.com.br\/?author=1"},"category_info":"<a href=\"https:\/\/blogdobispo.com.br\/?cat=1\" rel=\"category\">diversos<\/a>","tag_info":"diversos","comment_count":"0","jetpack_featured_media_url":"","jetpack_sharing_enabled":true,"_links":{"self":[{"href":"https:\/\/blogdobispo.com.br\/index.php?rest_route=\/wp\/v2\/posts\/965","targetHints":{"allow":["GET"]}}],"collection":[{"href":"https:\/\/blogdobispo.com.br\/index.php?rest_route=\/wp\/v2\/posts"}],"about":[{"href":"https:\/\/blogdobispo.com.br\/index.php?rest_route=\/wp\/v2\/types\/post"}],"author":[{"embeddable":true,"href":"https:\/\/blogdobispo.com.br\/index.php?rest_route=\/wp\/v2\/users\/1"}],"replies":[{"embeddable":true,"href":"https:\/\/blogdobispo.com.br\/index.php?rest_route=%2Fwp%2Fv2%2Fcomments&post=965"}],"version-history":[{"count":1,"href":"https:\/\/blogdobispo.com.br\/index.php?rest_route=\/wp\/v2\/posts\/965\/revisions"}],"predecessor-version":[{"id":966,"href":"https:\/\/blogdobispo.com.br\/index.php?rest_route=\/wp\/v2\/posts\/965\/revisions\/966"}],"wp:attachment":[{"href":"https:\/\/blogdobispo.com.br\/index.php?rest_route=%2Fwp%2Fv2%2Fmedia&parent=965"}],"wp:term":[{"taxonomy":"category","embeddable":true,"href":"https:\/\/blogdobispo.com.br\/index.php?rest_route=%2Fwp%2Fv2%2Fcategories&post=965"},{"taxonomy":"post_tag","embeddable":true,"href":"https:\/\/blogdobispo.com.br\/index.php?rest_route=%2Fwp%2Fv2%2Ftags&post=965"}],"curies":[{"name":"wp","href":"https:\/\/api.w.org\/{rel}","templated":true}]}}