{"id":949,"date":"2023-05-21T22:16:49","date_gmt":"2023-05-21T22:16:49","guid":{"rendered":"https:\/\/blogdobispo.com.br\/?p=949"},"modified":"2023-05-21T22:35:16","modified_gmt":"2023-05-21T22:35:16","slug":"eriko-jacome-leva-acoes-sociais-ao-bairro-felipe-camarao-com-apoio-do-tio-medico-antonio-jacome","status":"publish","type":"post","link":"https:\/\/blogdobispo.com.br\/?p=949","title":{"rendered":"Eriko J\u00e1come leva a\u00e7\u00f5es sociais ao bairro Felipe Camar\u00e3o com apoio do tio-m\u00e9dico Ant\u00f4nio J\u00e1come"},"content":{"rendered":"\n<figure class=\"wp-block-image size-large\"><img data-recalc-dims=\"1\" fetchpriority=\"high\" decoding=\"async\" width=\"300\" height=\"234\" src=\"https:\/\/i0.wp.com\/blogdobispo.com.br\/wp-content\/uploads\/2023\/05\/img_0786-300x234.jpg?resize=300%2C234&#038;ssl=1\" alt=\"\" class=\"wp-image-948\" srcset=\"https:\/\/i0.wp.com\/blogdobispo.com.br\/wp-content\/uploads\/2023\/05\/img_0786.jpg?resize=300%2C234&amp;ssl=1 300w, https:\/\/i0.wp.com\/blogdobispo.com.br\/wp-content\/uploads\/2023\/05\/img_0786.jpg?w=358&amp;ssl=1 358w\" sizes=\"(max-width: 300px) 100vw, 300px\" \/><figcaption class=\"wp-element-caption\">Eriko Jacome e Ant\u00f4nio Jacome<\/figcaption><\/figure>\n\n\n\n<p>Neste s\u00e1bado (20), o vereador Eriko J\u00e1come, em parceria com o Dr. J\u00e1come, deu mais um passo significativo em suas a\u00e7\u00f5es sociais pela cidade de Natal. Dessa vez, o bairro de Felipe Camar\u00e3o, localizado na zona oeste, foi beneficiado com mais de 40 pequenas cirurgias, servi\u00e7os de enfermagem e pediatria, levando cuidados de sa\u00fade essenciais para a comunidade.<\/p>\n\n\n\n<p>A a\u00e7\u00e3o tamb\u00e9m contou com a participa\u00e7\u00e3o do Instituto Social de Sa\u00fade e Educa\u00e7\u00e3o do Rio Grande do Norte (ISSERN), que desempenha um papel fundamental ao fornecer suporte t\u00e9cnico, log\u00edstico e humano para a realiza\u00e7\u00e3o dessas a\u00e7\u00f5es sociais.<\/p>\n\n\n\n<p>O vereador Eriko J\u00e1come agradeceu a colabora\u00e7\u00e3o do ISSERN e de todos os envolvidos na realiza\u00e7\u00e3o dessa a\u00e7\u00e3o, reconhecendo a relev\u00e2ncia do trabalho em equipe. \u201cGostaria de expressar minha gratid\u00e3o ao Dr. J\u00e1come e \u00e0 Dra. Ana Helbane, bem como ao Instituto Social de Sa\u00fade e Educa\u00e7\u00e3o do Rio Grande do Norte, por todo apoio e dedica\u00e7\u00e3o. Essa a\u00e7\u00e3o s\u00f3 foi poss\u00edvel gra\u00e7as \u00e0 colabora\u00e7\u00e3o de profissionais comprometidos e com o prop\u00f3sito de fazer o bem\u201d, afirmou o vereador.<\/p>\n\n\n\n<p>Essa iniciativa no bairro de Felipe Camar\u00e3o \u00e9 apenas uma das muitas a\u00e7\u00f5es planejadas pelo vereador Eriko que leva projetos sociais, de sa\u00fade geral e de sa\u00fade odontol\u00f3gica nos diferentes bairros das quatro zonas de Natal.<\/p>\n\n\n\n<ul class=\"wp-block-social-links is-layout-flex wp-block-social-links-is-layout-flex\"><li class=\"wp-social-link wp-social-link-wordpress  wp-block-social-link\"><a href=\"https:\/\/wordpress.org\" class=\"wp-block-social-link-anchor\"><svg width=\"24\" height=\"24\" viewBox=\"0 0 24 24\" version=\"1.1\" xmlns=\"http:\/\/www.w3.org\/2000\/svg\" aria-hidden=\"true\" focusable=\"false\"><path d=\"M12.158,12.786L9.46,20.625c0.806,0.237,1.657,0.366,2.54,0.366c1.047,0,2.051-0.181,2.986-0.51 c-0.024-0.038-0.046-0.079-0.065-0.124L12.158,12.786z M3.009,12c0,3.559,2.068,6.634,5.067,8.092L3.788,8.341 C3.289,9.459,3.009,10.696,3.009,12z M18.069,11.546c0-1.112-0.399-1.881-0.741-2.48c-0.456-0.741-0.883-1.368-0.883-2.109 c0-0.826,0.627-1.596,1.51-1.596c0.04,0,0.078,0.005,0.116,0.007C16.472,3.904,14.34,3.009,12,3.009 c-3.141,0-5.904,1.612-7.512,4.052c0.211,0.007,0.41,0.011,0.579,0.011c0.94,0,2.396-0.114,2.396-0.114 C7.947,6.93,8.004,7.642,7.52,7.699c0,0-0.487,0.057-1.029,0.085l3.274,9.739l1.968-5.901l-1.401-3.838 C9.848,7.756,9.389,7.699,9.389,7.699C8.904,7.67,8.961,6.93,9.446,6.958c0,0,1.484,0.114,2.368,0.114 c0.94,0,2.397-0.114,2.397-0.114c0.485-0.028,0.542,0.684,0.057,0.741c0,0-0.488,0.057-1.029,0.085l3.249,9.665l0.897-2.996 C17.841,13.284,18.069,12.316,18.069,11.546z M19.889,7.686c0.039,0.286,0.06,0.593,0.06,0.924c0,0.912-0.171,1.938-0.684,3.22 l-2.746,7.94c2.673-1.558,4.47-4.454,4.47-7.771C20.991,10.436,20.591,8.967,19.889,7.686z M12,22C6.486,22,2,17.514,2,12 C2,6.486,6.486,2,12,2c5.514,0,10,4.486,10,10C22,17.514,17.514,22,12,22z\"><\/path><\/svg><span class=\"wp-block-social-link-label screen-reader-text\">WordPress<\/span><\/a><\/li>\n\n\n\n\n\n<\/ul>\n\n\n\n<!--more-->\n","protected":false},"excerpt":{"rendered":"<p>Neste s\u00e1bado (20), o vereador Eriko J\u00e1come, em parceria com o Dr. J\u00e1come, deu mais um passo significativo em suas a\u00e7\u00f5es sociais pela cidade de Natal. Dessa vez, o bairro de Felipe Camar\u00e3o, localizado na zona oeste, foi beneficiado com mais de 40 pequenas cirurgias, servi\u00e7os de enfermagem e pediatria, levando cuidados de sa\u00fade essenciais [&hellip;]<\/p>\n","protected":false},"author":1,"featured_media":0,"comment_status":"open","ping_status":"open","sticky":false,"template":"","format":"standard","meta":{"cybocfi_hide_featured_image":"","_jetpack_memberships_contains_paid_content":false,"footnotes":""},"categories":[12,1],"tags":[],"class_list":["post-949","post","type-post","status-publish","format-standard","hentry","category-cidadania","category-diversos"],"yoast_head":"<!-- This site is optimized with the Yoast SEO plugin v25.6 - https:\/\/yoast.com\/wordpress\/plugins\/seo\/ -->\n<title>Eriko J\u00e1come leva a\u00e7\u00f5es sociais ao bairro Felipe Camar\u00e3o com apoio do tio-m\u00e9dico Ant\u00f4nio J\u00e1come - Blog do Bispo<\/title>\n<meta name=\"robots\" content=\"index, follow, max-snippet:-1, max-image-preview:large, max-video-preview:-1\" \/>\n<link rel=\"canonical\" href=\"https:\/\/blogdobispo.com.br\/?p=949\" \/>\n<meta property=\"og:locale\" content=\"pt_BR\" \/>\n<meta property=\"og:type\" content=\"article\" \/>\n<meta property=\"og:title\" content=\"Eriko J\u00e1come leva a\u00e7\u00f5es sociais ao bairro Felipe Camar\u00e3o com apoio do tio-m\u00e9dico Ant\u00f4nio J\u00e1come - Blog do Bispo\" \/>\n<meta property=\"og:description\" content=\"Neste s\u00e1bado (20), o vereador Eriko J\u00e1come, em parceria com o Dr. J\u00e1come, deu mais um passo significativo em suas a\u00e7\u00f5es sociais pela cidade de Natal. Dessa vez, o bairro de Felipe Camar\u00e3o, localizado na zona oeste, foi beneficiado com mais de 40 pequenas cirurgias, servi\u00e7os de enfermagem e pediatria, levando cuidados de sa\u00fade essenciais [&hellip;]\" \/>\n<meta property=\"og:url\" content=\"https:\/\/blogdobispo.com.br\/?p=949\" \/>\n<meta property=\"og:site_name\" content=\"Blog do Bispo\" \/>\n<meta property=\"article:published_time\" content=\"2023-05-21T22:16:49+00:00\" \/>\n<meta property=\"article:modified_time\" content=\"2023-05-21T22:35:16+00:00\" \/>\n<meta property=\"og:image\" content=\"https:\/\/blogdobispo.com.br\/wp-content\/uploads\/2023\/05\/img_0786-300x234.jpg\" \/>\n<meta name=\"author\" content=\"Jefferson Sterfeno\" \/>\n<meta name=\"twitter:card\" content=\"summary_large_image\" \/>\n<meta name=\"twitter:label1\" content=\"Escrito por\" \/>\n\t<meta name=\"twitter:data1\" content=\"Jefferson Sterfeno\" \/>\n\t<meta name=\"twitter:label2\" content=\"Est. tempo de leitura\" \/>\n\t<meta name=\"twitter:data2\" content=\"1 minuto\" \/>\n<script type=\"application\/ld+json\" class=\"yoast-schema-graph\">{\"@context\":\"https:\/\/schema.org\",\"@graph\":[{\"@type\":\"Article\",\"@id\":\"https:\/\/blogdobispo.com.br\/?p=949#article\",\"isPartOf\":{\"@id\":\"https:\/\/blogdobispo.com.br\/?p=949\"},\"author\":{\"name\":\"Jefferson Sterfeno\",\"@id\":\"https:\/\/blogdobispo.com.br\/#\/schema\/person\/e2209cc0e6cea5c5233d033e997b373f\"},\"headline\":\"Eriko J\u00e1come leva a\u00e7\u00f5es sociais ao bairro Felipe Camar\u00e3o com apoio do tio-m\u00e9dico Ant\u00f4nio J\u00e1come\",\"datePublished\":\"2023-05-21T22:16:49+00:00\",\"dateModified\":\"2023-05-21T22:35:16+00:00\",\"mainEntityOfPage\":{\"@id\":\"https:\/\/blogdobispo.com.br\/?p=949\"},\"wordCount\":269,\"commentCount\":0,\"publisher\":{\"@id\":\"https:\/\/blogdobispo.com.br\/#organization\"},\"image\":{\"@id\":\"https:\/\/blogdobispo.com.br\/?p=949#primaryimage\"},\"thumbnailUrl\":\"https:\/\/blogdobispo.com.br\/wp-content\/uploads\/2023\/05\/img_0786-300x234.jpg\",\"articleSection\":[\"Cidadania\",\"diversos\"],\"inLanguage\":\"pt-BR\",\"potentialAction\":[{\"@type\":\"CommentAction\",\"name\":\"Comment\",\"target\":[\"https:\/\/blogdobispo.com.br\/?p=949#respond\"]}]},{\"@type\":\"WebPage\",\"@id\":\"https:\/\/blogdobispo.com.br\/?p=949\",\"url\":\"https:\/\/blogdobispo.com.br\/?p=949\",\"name\":\"Eriko J\u00e1come leva a\u00e7\u00f5es sociais ao bairro Felipe Camar\u00e3o com apoio do tio-m\u00e9dico Ant\u00f4nio J\u00e1come - Blog do Bispo\",\"isPartOf\":{\"@id\":\"https:\/\/blogdobispo.com.br\/#website\"},\"primaryImageOfPage\":{\"@id\":\"https:\/\/blogdobispo.com.br\/?p=949#primaryimage\"},\"image\":{\"@id\":\"https:\/\/blogdobispo.com.br\/?p=949#primaryimage\"},\"thumbnailUrl\":\"https:\/\/blogdobispo.com.br\/wp-content\/uploads\/2023\/05\/img_0786-300x234.jpg\",\"datePublished\":\"2023-05-21T22:16:49+00:00\",\"dateModified\":\"2023-05-21T22:35:16+00:00\",\"breadcrumb\":{\"@id\":\"https:\/\/blogdobispo.com.br\/?p=949#breadcrumb\"},\"inLanguage\":\"pt-BR\",\"potentialAction\":[{\"@type\":\"ReadAction\",\"target\":[\"https:\/\/blogdobispo.com.br\/?p=949\"]}]},{\"@type\":\"ImageObject\",\"inLanguage\":\"pt-BR\",\"@id\":\"https:\/\/blogdobispo.com.br\/?p=949#primaryimage\",\"url\":\"https:\/\/blogdobispo.com.br\/wp-content\/uploads\/2023\/05\/img_0786-300x234.jpg\",\"contentUrl\":\"https:\/\/blogdobispo.com.br\/wp-content\/uploads\/2023\/05\/img_0786-300x234.jpg\"},{\"@type\":\"BreadcrumbList\",\"@id\":\"https:\/\/blogdobispo.com.br\/?p=949#breadcrumb\",\"itemListElement\":[{\"@type\":\"ListItem\",\"position\":1,\"name\":\"In\u00edcio\",\"item\":\"https:\/\/blogdobispo.com.br\/\"},{\"@type\":\"ListItem\",\"position\":2,\"name\":\"Eriko J\u00e1come leva a\u00e7\u00f5es sociais ao bairro Felipe Camar\u00e3o com apoio do tio-m\u00e9dico Ant\u00f4nio J\u00e1come\"}]},{\"@type\":\"WebSite\",\"@id\":\"https:\/\/blogdobispo.com.br\/#website\",\"url\":\"https:\/\/blogdobispo.com.br\/\",\"name\":\"Blog do Bispo\",\"description\":\"Comprometido apenas com o leitor\",\"publisher\":{\"@id\":\"https:\/\/blogdobispo.com.br\/#organization\"},\"potentialAction\":[{\"@type\":\"SearchAction\",\"target\":{\"@type\":\"EntryPoint\",\"urlTemplate\":\"https:\/\/blogdobispo.com.br\/?s={search_term_string}\"},\"query-input\":{\"@type\":\"PropertyValueSpecification\",\"valueRequired\":true,\"valueName\":\"search_term_string\"}}],\"inLanguage\":\"pt-BR\"},{\"@type\":\"Organization\",\"@id\":\"https:\/\/blogdobispo.com.br\/#organization\",\"name\":\"Blog do Bispo\",\"url\":\"https:\/\/blogdobispo.com.br\/\",\"logo\":{\"@type\":\"ImageObject\",\"inLanguage\":\"pt-BR\",\"@id\":\"https:\/\/blogdobispo.com.br\/#\/schema\/logo\/image\/\",\"url\":\"http:\/\/blogdobispo.com.br\/wp-content\/uploads\/2023\/05\/cropped-headear.png\",\"contentUrl\":\"http:\/\/blogdobispo.com.br\/wp-content\/uploads\/2023\/05\/cropped-headear.png\",\"width\":1500,\"height\":399,\"caption\":\"Blog do Bispo\"},\"image\":{\"@id\":\"https:\/\/blogdobispo.com.br\/#\/schema\/logo\/image\/\"}},{\"@type\":\"Person\",\"@id\":\"https:\/\/blogdobispo.com.br\/#\/schema\/person\/e2209cc0e6cea5c5233d033e997b373f\",\"name\":\"Jefferson Sterfeno\",\"image\":{\"@type\":\"ImageObject\",\"inLanguage\":\"pt-BR\",\"@id\":\"https:\/\/blogdobispo.com.br\/#\/schema\/person\/image\/\",\"url\":\"https:\/\/secure.gravatar.com\/avatar\/0534e84764641168a677026b6d57a3f51dc7ac4db0b4f6186d9cb330d4ee1160?s=96&d=mm&r=g\",\"contentUrl\":\"https:\/\/secure.gravatar.com\/avatar\/0534e84764641168a677026b6d57a3f51dc7ac4db0b4f6186d9cb330d4ee1160?s=96&d=mm&r=g\",\"caption\":\"Jefferson Sterfeno\"},\"sameAs\":[\"http:\/\/blogdobispo.com.br\"],\"url\":\"https:\/\/blogdobispo.com.br\/?author=1\"}]}<\/script>\n<!-- \/ Yoast SEO plugin. -->","yoast_head_json":{"title":"Eriko J\u00e1come leva a\u00e7\u00f5es sociais ao bairro Felipe Camar\u00e3o com apoio do tio-m\u00e9dico Ant\u00f4nio J\u00e1come - Blog do Bispo","robots":{"index":"index","follow":"follow","max-snippet":"max-snippet:-1","max-image-preview":"max-image-preview:large","max-video-preview":"max-video-preview:-1"},"canonical":"https:\/\/blogdobispo.com.br\/?p=949","og_locale":"pt_BR","og_type":"article","og_title":"Eriko J\u00e1come leva a\u00e7\u00f5es sociais ao bairro Felipe Camar\u00e3o com apoio do tio-m\u00e9dico Ant\u00f4nio J\u00e1come - Blog do Bispo","og_description":"Neste s\u00e1bado (20), o vereador Eriko J\u00e1come, em parceria com o Dr. J\u00e1come, deu mais um passo significativo em suas a\u00e7\u00f5es sociais pela cidade de Natal. Dessa vez, o bairro de Felipe Camar\u00e3o, localizado na zona oeste, foi beneficiado com mais de 40 pequenas cirurgias, servi\u00e7os de enfermagem e pediatria, levando cuidados de sa\u00fade essenciais [&hellip;]","og_url":"https:\/\/blogdobispo.com.br\/?p=949","og_site_name":"Blog do Bispo","article_published_time":"2023-05-21T22:16:49+00:00","article_modified_time":"2023-05-21T22:35:16+00:00","og_image":[{"url":"https:\/\/blogdobispo.com.br\/wp-content\/uploads\/2023\/05\/img_0786-300x234.jpg","type":"","width":"","height":""}],"author":"Jefferson Sterfeno","twitter_card":"summary_large_image","twitter_misc":{"Escrito por":"Jefferson Sterfeno","Est. tempo de leitura":"1 minuto"},"schema":{"@context":"https:\/\/schema.org","@graph":[{"@type":"Article","@id":"https:\/\/blogdobispo.com.br\/?p=949#article","isPartOf":{"@id":"https:\/\/blogdobispo.com.br\/?p=949"},"author":{"name":"Jefferson Sterfeno","@id":"https:\/\/blogdobispo.com.br\/#\/schema\/person\/e2209cc0e6cea5c5233d033e997b373f"},"headline":"Eriko J\u00e1come leva a\u00e7\u00f5es sociais ao bairro Felipe Camar\u00e3o com apoio do tio-m\u00e9dico Ant\u00f4nio J\u00e1come","datePublished":"2023-05-21T22:16:49+00:00","dateModified":"2023-05-21T22:35:16+00:00","mainEntityOfPage":{"@id":"https:\/\/blogdobispo.com.br\/?p=949"},"wordCount":269,"commentCount":0,"publisher":{"@id":"https:\/\/blogdobispo.com.br\/#organization"},"image":{"@id":"https:\/\/blogdobispo.com.br\/?p=949#primaryimage"},"thumbnailUrl":"https:\/\/blogdobispo.com.br\/wp-content\/uploads\/2023\/05\/img_0786-300x234.jpg","articleSection":["Cidadania","diversos"],"inLanguage":"pt-BR","potentialAction":[{"@type":"CommentAction","name":"Comment","target":["https:\/\/blogdobispo.com.br\/?p=949#respond"]}]},{"@type":"WebPage","@id":"https:\/\/blogdobispo.com.br\/?p=949","url":"https:\/\/blogdobispo.com.br\/?p=949","name":"Eriko J\u00e1come leva a\u00e7\u00f5es sociais ao bairro Felipe Camar\u00e3o com apoio do tio-m\u00e9dico Ant\u00f4nio J\u00e1come - Blog do Bispo","isPartOf":{"@id":"https:\/\/blogdobispo.com.br\/#website"},"primaryImageOfPage":{"@id":"https:\/\/blogdobispo.com.br\/?p=949#primaryimage"},"image":{"@id":"https:\/\/blogdobispo.com.br\/?p=949#primaryimage"},"thumbnailUrl":"https:\/\/blogdobispo.com.br\/wp-content\/uploads\/2023\/05\/img_0786-300x234.jpg","datePublished":"2023-05-21T22:16:49+00:00","dateModified":"2023-05-21T22:35:16+00:00","breadcrumb":{"@id":"https:\/\/blogdobispo.com.br\/?p=949#breadcrumb"},"inLanguage":"pt-BR","potentialAction":[{"@type":"ReadAction","target":["https:\/\/blogdobispo.com.br\/?p=949"]}]},{"@type":"ImageObject","inLanguage":"pt-BR","@id":"https:\/\/blogdobispo.com.br\/?p=949#primaryimage","url":"https:\/\/blogdobispo.com.br\/wp-content\/uploads\/2023\/05\/img_0786-300x234.jpg","contentUrl":"https:\/\/blogdobispo.com.br\/wp-content\/uploads\/2023\/05\/img_0786-300x234.jpg"},{"@type":"BreadcrumbList","@id":"https:\/\/blogdobispo.com.br\/?p=949#breadcrumb","itemListElement":[{"@type":"ListItem","position":1,"name":"In\u00edcio","item":"https:\/\/blogdobispo.com.br\/"},{"@type":"ListItem","position":2,"name":"Eriko J\u00e1come leva a\u00e7\u00f5es sociais ao bairro Felipe Camar\u00e3o com apoio do tio-m\u00e9dico Ant\u00f4nio J\u00e1come"}]},{"@type":"WebSite","@id":"https:\/\/blogdobispo.com.br\/#website","url":"https:\/\/blogdobispo.com.br\/","name":"Blog do Bispo","description":"Comprometido apenas com o leitor","publisher":{"@id":"https:\/\/blogdobispo.com.br\/#organization"},"potentialAction":[{"@type":"SearchAction","target":{"@type":"EntryPoint","urlTemplate":"https:\/\/blogdobispo.com.br\/?s={search_term_string}"},"query-input":{"@type":"PropertyValueSpecification","valueRequired":true,"valueName":"search_term_string"}}],"inLanguage":"pt-BR"},{"@type":"Organization","@id":"https:\/\/blogdobispo.com.br\/#organization","name":"Blog do Bispo","url":"https:\/\/blogdobispo.com.br\/","logo":{"@type":"ImageObject","inLanguage":"pt-BR","@id":"https:\/\/blogdobispo.com.br\/#\/schema\/logo\/image\/","url":"http:\/\/blogdobispo.com.br\/wp-content\/uploads\/2023\/05\/cropped-headear.png","contentUrl":"http:\/\/blogdobispo.com.br\/wp-content\/uploads\/2023\/05\/cropped-headear.png","width":1500,"height":399,"caption":"Blog do Bispo"},"image":{"@id":"https:\/\/blogdobispo.com.br\/#\/schema\/logo\/image\/"}},{"@type":"Person","@id":"https:\/\/blogdobispo.com.br\/#\/schema\/person\/e2209cc0e6cea5c5233d033e997b373f","name":"Jefferson Sterfeno","image":{"@type":"ImageObject","inLanguage":"pt-BR","@id":"https:\/\/blogdobispo.com.br\/#\/schema\/person\/image\/","url":"https:\/\/secure.gravatar.com\/avatar\/0534e84764641168a677026b6d57a3f51dc7ac4db0b4f6186d9cb330d4ee1160?s=96&d=mm&r=g","contentUrl":"https:\/\/secure.gravatar.com\/avatar\/0534e84764641168a677026b6d57a3f51dc7ac4db0b4f6186d9cb330d4ee1160?s=96&d=mm&r=g","caption":"Jefferson Sterfeno"},"sameAs":["http:\/\/blogdobispo.com.br"],"url":"https:\/\/blogdobispo.com.br\/?author=1"}]}},"featured_image_urls":{"full":"","thumbnail":"","medium":"","medium_large":"","large":"","1536x1536":"","2048x2048":""},"author_info":{"display_name":"Jefferson Sterfeno","author_link":"https:\/\/blogdobispo.com.br\/?author=1"},"category_info":"<a href=\"https:\/\/blogdobispo.com.br\/?cat=12\" rel=\"category\">Cidadania<\/a> <a href=\"https:\/\/blogdobispo.com.br\/?cat=1\" rel=\"category\">diversos<\/a>","tag_info":"diversos","comment_count":"0","jetpack_featured_media_url":"","jetpack_sharing_enabled":true,"_links":{"self":[{"href":"https:\/\/blogdobispo.com.br\/index.php?rest_route=\/wp\/v2\/posts\/949","targetHints":{"allow":["GET"]}}],"collection":[{"href":"https:\/\/blogdobispo.com.br\/index.php?rest_route=\/wp\/v2\/posts"}],"about":[{"href":"https:\/\/blogdobispo.com.br\/index.php?rest_route=\/wp\/v2\/types\/post"}],"author":[{"embeddable":true,"href":"https:\/\/blogdobispo.com.br\/index.php?rest_route=\/wp\/v2\/users\/1"}],"replies":[{"embeddable":true,"href":"https:\/\/blogdobispo.com.br\/index.php?rest_route=%2Fwp%2Fv2%2Fcomments&post=949"}],"version-history":[{"count":2,"href":"https:\/\/blogdobispo.com.br\/index.php?rest_route=\/wp\/v2\/posts\/949\/revisions"}],"predecessor-version":[{"id":951,"href":"https:\/\/blogdobispo.com.br\/index.php?rest_route=\/wp\/v2\/posts\/949\/revisions\/951"}],"wp:attachment":[{"href":"https:\/\/blogdobispo.com.br\/index.php?rest_route=%2Fwp%2Fv2%2Fmedia&parent=949"}],"wp:term":[{"taxonomy":"category","embeddable":true,"href":"https:\/\/blogdobispo.com.br\/index.php?rest_route=%2Fwp%2Fv2%2Fcategories&post=949"},{"taxonomy":"post_tag","embeddable":true,"href":"https:\/\/blogdobispo.com.br\/index.php?rest_route=%2Fwp%2Fv2%2Ftags&post=949"}],"curies":[{"name":"wp","href":"https:\/\/api.w.org\/{rel}","templated":true}]}}