{"id":928,"date":"2023-05-19T15:05:19","date_gmt":"2023-05-19T15:05:19","guid":{"rendered":"https:\/\/blogdobispo.com.br\/?p=928"},"modified":"2023-05-19T15:12:33","modified_gmt":"2023-05-19T15:12:33","slug":"albert-dickson-disputara-uma-cadeira-na-camara-municipal","status":"publish","type":"post","link":"https:\/\/blogdobispo.com.br\/?p=928","title":{"rendered":"Albert Dickson disputar\u00e1 uma cadeira na C\u00e2mara Municipal"},"content":{"rendered":"\n<p>O ex-deputado e ex-vereador, Albert Dickson, j\u00e1 decidiu que retornar\u00e1 \u00e0 vida p\u00fablica. Ap\u00f3s quatro elei\u00e7\u00f5es vitoriosas, o m\u00e9dico ficou na condi\u00e7\u00e3o de suplente de deputado estadual nas elei\u00e7\u00f5es do ano passado. &nbsp;Atualmente, Albert \u00e9 2\u00ba suplente do PSDB, partido que elegeu 10 deputados na Assembleia Legislativa do Rio Grande do Norte (ALRN).<\/p>\n\n\n\n<figure class=\"wp-block-image size-full\"><img data-recalc-dims=\"1\" fetchpriority=\"high\" decoding=\"async\" width=\"750\" height=\"355\" src=\"https:\/\/i0.wp.com\/blogdobispo.com.br\/wp-content\/uploads\/2023\/05\/d92239010495915f3145c39e26e4498e.webp?resize=750%2C355&#038;ssl=1\" alt=\"\" class=\"wp-image-929\" srcset=\"https:\/\/i0.wp.com\/blogdobispo.com.br\/wp-content\/uploads\/2023\/05\/d92239010495915f3145c39e26e4498e.webp?w=750&amp;ssl=1 750w, https:\/\/i0.wp.com\/blogdobispo.com.br\/wp-content\/uploads\/2023\/05\/d92239010495915f3145c39e26e4498e.webp?resize=300%2C142&amp;ssl=1 300w\" sizes=\"(max-width: 750px) 100vw, 750px\" \/><\/figure>\n\n\n\n<p>Nas pr\u00f3ximas elei\u00e7\u00f5es municipais, Albert, que \u00e9 irm\u00e3o da vereadora Margarete R\u00e9gia, fechou quest\u00e3o na fam\u00edlia e ser\u00e1 candidato no pleito de 2024. O ex-parlamentar foi presidente da C\u00e2mara Municipal do Natal no bi\u00eanio 2013\/2014.<\/p>\n\n\n\n<p>Albert est\u00e1 intensificando as reuni\u00f5es nas comunidades e refor\u00e7ando suas bases eleitorais nos bairros de Natal. O ex-deputado, que teve quase 10 mil votos em Natal na \u00faltima elei\u00e7\u00e3o, vai trabalhar para manter a cadeira que j\u00e1 foi sua, da esposa Carla Dickson e hoje da irm\u00e3.<\/p>\n\n\n\n<p>Blog Maur\u00edcio Gurgel<\/p>\n","protected":false},"excerpt":{"rendered":"<p>O ex-deputado e ex-vereador, Albert Dickson, j\u00e1 decidiu que retornar\u00e1 \u00e0 vida p\u00fablica. Ap\u00f3s quatro elei\u00e7\u00f5es vitoriosas, o m\u00e9dico ficou na condi\u00e7\u00e3o de suplente de deputado estadual nas elei\u00e7\u00f5es do ano passado. &nbsp;Atualmente, Albert \u00e9 2\u00ba suplente do PSDB, partido que elegeu 10 deputados na Assembleia Legislativa do Rio Grande do Norte (ALRN). Nas pr\u00f3ximas [&hellip;]<\/p>\n","protected":false},"author":1,"featured_media":0,"comment_status":"open","ping_status":"open","sticky":false,"template":"","format":"standard","meta":{"cybocfi_hide_featured_image":"","_jetpack_memberships_contains_paid_content":false,"footnotes":""},"categories":[1],"tags":[],"class_list":["post-928","post","type-post","status-publish","format-standard","hentry","category-diversos"],"yoast_head":"<!-- This site is optimized with the Yoast SEO plugin v25.6 - https:\/\/yoast.com\/wordpress\/plugins\/seo\/ -->\n<title>Albert Dickson disputar\u00e1 uma cadeira na C\u00e2mara Municipal - Blog do Bispo<\/title>\n<meta name=\"robots\" content=\"index, follow, max-snippet:-1, max-image-preview:large, max-video-preview:-1\" \/>\n<link rel=\"canonical\" href=\"https:\/\/blogdobispo.com.br\/?p=928\" \/>\n<meta property=\"og:locale\" content=\"pt_BR\" \/>\n<meta property=\"og:type\" content=\"article\" \/>\n<meta property=\"og:title\" content=\"Albert Dickson disputar\u00e1 uma cadeira na C\u00e2mara Municipal - Blog do Bispo\" \/>\n<meta property=\"og:description\" content=\"O ex-deputado e ex-vereador, Albert Dickson, j\u00e1 decidiu que retornar\u00e1 \u00e0 vida p\u00fablica. Ap\u00f3s quatro elei\u00e7\u00f5es vitoriosas, o m\u00e9dico ficou na condi\u00e7\u00e3o de suplente de deputado estadual nas elei\u00e7\u00f5es do ano passado. &nbsp;Atualmente, Albert \u00e9 2\u00ba suplente do PSDB, partido que elegeu 10 deputados na Assembleia Legislativa do Rio Grande do Norte (ALRN). Nas pr\u00f3ximas [&hellip;]\" \/>\n<meta property=\"og:url\" content=\"https:\/\/blogdobispo.com.br\/?p=928\" \/>\n<meta property=\"og:site_name\" content=\"Blog do Bispo\" \/>\n<meta property=\"article:published_time\" content=\"2023-05-19T15:05:19+00:00\" \/>\n<meta property=\"article:modified_time\" content=\"2023-05-19T15:12:33+00:00\" \/>\n<meta property=\"og:image\" content=\"https:\/\/blogdobispo.com.br\/wp-content\/uploads\/2023\/05\/d92239010495915f3145c39e26e4498e.webp\" \/>\n<meta name=\"author\" content=\"Jefferson Sterfeno\" \/>\n<meta name=\"twitter:card\" content=\"summary_large_image\" \/>\n<meta name=\"twitter:label1\" content=\"Escrito por\" \/>\n\t<meta name=\"twitter:data1\" content=\"Jefferson Sterfeno\" \/>\n\t<meta name=\"twitter:label2\" content=\"Est. tempo de leitura\" \/>\n\t<meta name=\"twitter:data2\" content=\"1 minuto\" \/>\n<script type=\"application\/ld+json\" class=\"yoast-schema-graph\">{\"@context\":\"https:\/\/schema.org\",\"@graph\":[{\"@type\":\"Article\",\"@id\":\"https:\/\/blogdobispo.com.br\/?p=928#article\",\"isPartOf\":{\"@id\":\"https:\/\/blogdobispo.com.br\/?p=928\"},\"author\":{\"name\":\"Jefferson Sterfeno\",\"@id\":\"https:\/\/blogdobispo.com.br\/#\/schema\/person\/e2209cc0e6cea5c5233d033e997b373f\"},\"headline\":\"Albert Dickson disputar\u00e1 uma cadeira na C\u00e2mara Municipal\",\"datePublished\":\"2023-05-19T15:05:19+00:00\",\"dateModified\":\"2023-05-19T15:12:33+00:00\",\"mainEntityOfPage\":{\"@id\":\"https:\/\/blogdobispo.com.br\/?p=928\"},\"wordCount\":158,\"commentCount\":0,\"publisher\":{\"@id\":\"https:\/\/blogdobispo.com.br\/#organization\"},\"image\":{\"@id\":\"https:\/\/blogdobispo.com.br\/?p=928#primaryimage\"},\"thumbnailUrl\":\"https:\/\/blogdobispo.com.br\/wp-content\/uploads\/2023\/05\/d92239010495915f3145c39e26e4498e.webp\",\"articleSection\":[\"diversos\"],\"inLanguage\":\"pt-BR\",\"potentialAction\":[{\"@type\":\"CommentAction\",\"name\":\"Comment\",\"target\":[\"https:\/\/blogdobispo.com.br\/?p=928#respond\"]}]},{\"@type\":\"WebPage\",\"@id\":\"https:\/\/blogdobispo.com.br\/?p=928\",\"url\":\"https:\/\/blogdobispo.com.br\/?p=928\",\"name\":\"Albert Dickson disputar\u00e1 uma cadeira na C\u00e2mara Municipal - Blog do Bispo\",\"isPartOf\":{\"@id\":\"https:\/\/blogdobispo.com.br\/#website\"},\"primaryImageOfPage\":{\"@id\":\"https:\/\/blogdobispo.com.br\/?p=928#primaryimage\"},\"image\":{\"@id\":\"https:\/\/blogdobispo.com.br\/?p=928#primaryimage\"},\"thumbnailUrl\":\"https:\/\/blogdobispo.com.br\/wp-content\/uploads\/2023\/05\/d92239010495915f3145c39e26e4498e.webp\",\"datePublished\":\"2023-05-19T15:05:19+00:00\",\"dateModified\":\"2023-05-19T15:12:33+00:00\",\"breadcrumb\":{\"@id\":\"https:\/\/blogdobispo.com.br\/?p=928#breadcrumb\"},\"inLanguage\":\"pt-BR\",\"potentialAction\":[{\"@type\":\"ReadAction\",\"target\":[\"https:\/\/blogdobispo.com.br\/?p=928\"]}]},{\"@type\":\"ImageObject\",\"inLanguage\":\"pt-BR\",\"@id\":\"https:\/\/blogdobispo.com.br\/?p=928#primaryimage\",\"url\":\"https:\/\/blogdobispo.com.br\/wp-content\/uploads\/2023\/05\/d92239010495915f3145c39e26e4498e.webp\",\"contentUrl\":\"https:\/\/blogdobispo.com.br\/wp-content\/uploads\/2023\/05\/d92239010495915f3145c39e26e4498e.webp\"},{\"@type\":\"BreadcrumbList\",\"@id\":\"https:\/\/blogdobispo.com.br\/?p=928#breadcrumb\",\"itemListElement\":[{\"@type\":\"ListItem\",\"position\":1,\"name\":\"In\u00edcio\",\"item\":\"https:\/\/blogdobispo.com.br\/\"},{\"@type\":\"ListItem\",\"position\":2,\"name\":\"Albert Dickson disputar\u00e1 uma cadeira na C\u00e2mara Municipal\"}]},{\"@type\":\"WebSite\",\"@id\":\"https:\/\/blogdobispo.com.br\/#website\",\"url\":\"https:\/\/blogdobispo.com.br\/\",\"name\":\"Blog do Bispo\",\"description\":\"Comprometido apenas com o leitor\",\"publisher\":{\"@id\":\"https:\/\/blogdobispo.com.br\/#organization\"},\"potentialAction\":[{\"@type\":\"SearchAction\",\"target\":{\"@type\":\"EntryPoint\",\"urlTemplate\":\"https:\/\/blogdobispo.com.br\/?s={search_term_string}\"},\"query-input\":{\"@type\":\"PropertyValueSpecification\",\"valueRequired\":true,\"valueName\":\"search_term_string\"}}],\"inLanguage\":\"pt-BR\"},{\"@type\":\"Organization\",\"@id\":\"https:\/\/blogdobispo.com.br\/#organization\",\"name\":\"Blog do Bispo\",\"url\":\"https:\/\/blogdobispo.com.br\/\",\"logo\":{\"@type\":\"ImageObject\",\"inLanguage\":\"pt-BR\",\"@id\":\"https:\/\/blogdobispo.com.br\/#\/schema\/logo\/image\/\",\"url\":\"http:\/\/blogdobispo.com.br\/wp-content\/uploads\/2023\/05\/cropped-headear.png\",\"contentUrl\":\"http:\/\/blogdobispo.com.br\/wp-content\/uploads\/2023\/05\/cropped-headear.png\",\"width\":1500,\"height\":399,\"caption\":\"Blog do Bispo\"},\"image\":{\"@id\":\"https:\/\/blogdobispo.com.br\/#\/schema\/logo\/image\/\"}},{\"@type\":\"Person\",\"@id\":\"https:\/\/blogdobispo.com.br\/#\/schema\/person\/e2209cc0e6cea5c5233d033e997b373f\",\"name\":\"Jefferson Sterfeno\",\"image\":{\"@type\":\"ImageObject\",\"inLanguage\":\"pt-BR\",\"@id\":\"https:\/\/blogdobispo.com.br\/#\/schema\/person\/image\/\",\"url\":\"https:\/\/secure.gravatar.com\/avatar\/0534e84764641168a677026b6d57a3f51dc7ac4db0b4f6186d9cb330d4ee1160?s=96&d=mm&r=g\",\"contentUrl\":\"https:\/\/secure.gravatar.com\/avatar\/0534e84764641168a677026b6d57a3f51dc7ac4db0b4f6186d9cb330d4ee1160?s=96&d=mm&r=g\",\"caption\":\"Jefferson Sterfeno\"},\"sameAs\":[\"http:\/\/blogdobispo.com.br\"],\"url\":\"https:\/\/blogdobispo.com.br\/?author=1\"}]}<\/script>\n<!-- \/ Yoast SEO plugin. -->","yoast_head_json":{"title":"Albert Dickson disputar\u00e1 uma cadeira na C\u00e2mara Municipal - Blog do Bispo","robots":{"index":"index","follow":"follow","max-snippet":"max-snippet:-1","max-image-preview":"max-image-preview:large","max-video-preview":"max-video-preview:-1"},"canonical":"https:\/\/blogdobispo.com.br\/?p=928","og_locale":"pt_BR","og_type":"article","og_title":"Albert Dickson disputar\u00e1 uma cadeira na C\u00e2mara Municipal - Blog do Bispo","og_description":"O ex-deputado e ex-vereador, Albert Dickson, j\u00e1 decidiu que retornar\u00e1 \u00e0 vida p\u00fablica. Ap\u00f3s quatro elei\u00e7\u00f5es vitoriosas, o m\u00e9dico ficou na condi\u00e7\u00e3o de suplente de deputado estadual nas elei\u00e7\u00f5es do ano passado. &nbsp;Atualmente, Albert \u00e9 2\u00ba suplente do PSDB, partido que elegeu 10 deputados na Assembleia Legislativa do Rio Grande do Norte (ALRN). Nas pr\u00f3ximas [&hellip;]","og_url":"https:\/\/blogdobispo.com.br\/?p=928","og_site_name":"Blog do Bispo","article_published_time":"2023-05-19T15:05:19+00:00","article_modified_time":"2023-05-19T15:12:33+00:00","og_image":[{"url":"https:\/\/blogdobispo.com.br\/wp-content\/uploads\/2023\/05\/d92239010495915f3145c39e26e4498e.webp","type":"","width":"","height":""}],"author":"Jefferson Sterfeno","twitter_card":"summary_large_image","twitter_misc":{"Escrito por":"Jefferson Sterfeno","Est. tempo de leitura":"1 minuto"},"schema":{"@context":"https:\/\/schema.org","@graph":[{"@type":"Article","@id":"https:\/\/blogdobispo.com.br\/?p=928#article","isPartOf":{"@id":"https:\/\/blogdobispo.com.br\/?p=928"},"author":{"name":"Jefferson Sterfeno","@id":"https:\/\/blogdobispo.com.br\/#\/schema\/person\/e2209cc0e6cea5c5233d033e997b373f"},"headline":"Albert Dickson disputar\u00e1 uma cadeira na C\u00e2mara Municipal","datePublished":"2023-05-19T15:05:19+00:00","dateModified":"2023-05-19T15:12:33+00:00","mainEntityOfPage":{"@id":"https:\/\/blogdobispo.com.br\/?p=928"},"wordCount":158,"commentCount":0,"publisher":{"@id":"https:\/\/blogdobispo.com.br\/#organization"},"image":{"@id":"https:\/\/blogdobispo.com.br\/?p=928#primaryimage"},"thumbnailUrl":"https:\/\/blogdobispo.com.br\/wp-content\/uploads\/2023\/05\/d92239010495915f3145c39e26e4498e.webp","articleSection":["diversos"],"inLanguage":"pt-BR","potentialAction":[{"@type":"CommentAction","name":"Comment","target":["https:\/\/blogdobispo.com.br\/?p=928#respond"]}]},{"@type":"WebPage","@id":"https:\/\/blogdobispo.com.br\/?p=928","url":"https:\/\/blogdobispo.com.br\/?p=928","name":"Albert Dickson disputar\u00e1 uma cadeira na C\u00e2mara Municipal - Blog do Bispo","isPartOf":{"@id":"https:\/\/blogdobispo.com.br\/#website"},"primaryImageOfPage":{"@id":"https:\/\/blogdobispo.com.br\/?p=928#primaryimage"},"image":{"@id":"https:\/\/blogdobispo.com.br\/?p=928#primaryimage"},"thumbnailUrl":"https:\/\/blogdobispo.com.br\/wp-content\/uploads\/2023\/05\/d92239010495915f3145c39e26e4498e.webp","datePublished":"2023-05-19T15:05:19+00:00","dateModified":"2023-05-19T15:12:33+00:00","breadcrumb":{"@id":"https:\/\/blogdobispo.com.br\/?p=928#breadcrumb"},"inLanguage":"pt-BR","potentialAction":[{"@type":"ReadAction","target":["https:\/\/blogdobispo.com.br\/?p=928"]}]},{"@type":"ImageObject","inLanguage":"pt-BR","@id":"https:\/\/blogdobispo.com.br\/?p=928#primaryimage","url":"https:\/\/blogdobispo.com.br\/wp-content\/uploads\/2023\/05\/d92239010495915f3145c39e26e4498e.webp","contentUrl":"https:\/\/blogdobispo.com.br\/wp-content\/uploads\/2023\/05\/d92239010495915f3145c39e26e4498e.webp"},{"@type":"BreadcrumbList","@id":"https:\/\/blogdobispo.com.br\/?p=928#breadcrumb","itemListElement":[{"@type":"ListItem","position":1,"name":"In\u00edcio","item":"https:\/\/blogdobispo.com.br\/"},{"@type":"ListItem","position":2,"name":"Albert Dickson disputar\u00e1 uma cadeira na C\u00e2mara Municipal"}]},{"@type":"WebSite","@id":"https:\/\/blogdobispo.com.br\/#website","url":"https:\/\/blogdobispo.com.br\/","name":"Blog do Bispo","description":"Comprometido apenas com o leitor","publisher":{"@id":"https:\/\/blogdobispo.com.br\/#organization"},"potentialAction":[{"@type":"SearchAction","target":{"@type":"EntryPoint","urlTemplate":"https:\/\/blogdobispo.com.br\/?s={search_term_string}"},"query-input":{"@type":"PropertyValueSpecification","valueRequired":true,"valueName":"search_term_string"}}],"inLanguage":"pt-BR"},{"@type":"Organization","@id":"https:\/\/blogdobispo.com.br\/#organization","name":"Blog do Bispo","url":"https:\/\/blogdobispo.com.br\/","logo":{"@type":"ImageObject","inLanguage":"pt-BR","@id":"https:\/\/blogdobispo.com.br\/#\/schema\/logo\/image\/","url":"http:\/\/blogdobispo.com.br\/wp-content\/uploads\/2023\/05\/cropped-headear.png","contentUrl":"http:\/\/blogdobispo.com.br\/wp-content\/uploads\/2023\/05\/cropped-headear.png","width":1500,"height":399,"caption":"Blog do Bispo"},"image":{"@id":"https:\/\/blogdobispo.com.br\/#\/schema\/logo\/image\/"}},{"@type":"Person","@id":"https:\/\/blogdobispo.com.br\/#\/schema\/person\/e2209cc0e6cea5c5233d033e997b373f","name":"Jefferson Sterfeno","image":{"@type":"ImageObject","inLanguage":"pt-BR","@id":"https:\/\/blogdobispo.com.br\/#\/schema\/person\/image\/","url":"https:\/\/secure.gravatar.com\/avatar\/0534e84764641168a677026b6d57a3f51dc7ac4db0b4f6186d9cb330d4ee1160?s=96&d=mm&r=g","contentUrl":"https:\/\/secure.gravatar.com\/avatar\/0534e84764641168a677026b6d57a3f51dc7ac4db0b4f6186d9cb330d4ee1160?s=96&d=mm&r=g","caption":"Jefferson Sterfeno"},"sameAs":["http:\/\/blogdobispo.com.br"],"url":"https:\/\/blogdobispo.com.br\/?author=1"}]}},"featured_image_urls":{"full":"","thumbnail":"","medium":"","medium_large":"","large":"","1536x1536":"","2048x2048":""},"author_info":{"display_name":"Jefferson Sterfeno","author_link":"https:\/\/blogdobispo.com.br\/?author=1"},"category_info":"<a href=\"https:\/\/blogdobispo.com.br\/?cat=1\" rel=\"category\">diversos<\/a>","tag_info":"diversos","comment_count":"0","jetpack_featured_media_url":"","jetpack_sharing_enabled":true,"_links":{"self":[{"href":"https:\/\/blogdobispo.com.br\/index.php?rest_route=\/wp\/v2\/posts\/928","targetHints":{"allow":["GET"]}}],"collection":[{"href":"https:\/\/blogdobispo.com.br\/index.php?rest_route=\/wp\/v2\/posts"}],"about":[{"href":"https:\/\/blogdobispo.com.br\/index.php?rest_route=\/wp\/v2\/types\/post"}],"author":[{"embeddable":true,"href":"https:\/\/blogdobispo.com.br\/index.php?rest_route=\/wp\/v2\/users\/1"}],"replies":[{"embeddable":true,"href":"https:\/\/blogdobispo.com.br\/index.php?rest_route=%2Fwp%2Fv2%2Fcomments&post=928"}],"version-history":[{"count":2,"href":"https:\/\/blogdobispo.com.br\/index.php?rest_route=\/wp\/v2\/posts\/928\/revisions"}],"predecessor-version":[{"id":932,"href":"https:\/\/blogdobispo.com.br\/index.php?rest_route=\/wp\/v2\/posts\/928\/revisions\/932"}],"wp:attachment":[{"href":"https:\/\/blogdobispo.com.br\/index.php?rest_route=%2Fwp%2Fv2%2Fmedia&parent=928"}],"wp:term":[{"taxonomy":"category","embeddable":true,"href":"https:\/\/blogdobispo.com.br\/index.php?rest_route=%2Fwp%2Fv2%2Fcategories&post=928"},{"taxonomy":"post_tag","embeddable":true,"href":"https:\/\/blogdobispo.com.br\/index.php?rest_route=%2Fwp%2Fv2%2Ftags&post=928"}],"curies":[{"name":"wp","href":"https:\/\/api.w.org\/{rel}","templated":true}]}}