{"id":6292,"date":"2025-08-05T18:53:18","date_gmt":"2025-08-05T18:53:18","guid":{"rendered":"https:\/\/blogdobispo.com.br\/?p=6292"},"modified":"2025-08-06T01:04:11","modified_gmt":"2025-08-06T01:04:11","slug":"senadores-do-rn-se-dividem-sobre-impeachment-de-alexandre-de-moraes","status":"publish","type":"post","link":"https:\/\/blogdobispo.com.br\/?p=6292","title":{"rendered":"Senadores do RN se dividem sobre impeachment de Alexandre de Moraes"},"content":{"rendered":"\r\n\r\n\r\n<p class=\"p1\">\u00a0<\/p>\r\n\r\n\r\n\r\n<p class=\"p3\">O processo de impeachment do ministro do Supremo Tribunal Federal (STF), Alexandre de Moraes, tem provocado rea\u00e7\u00f5es distintas entre os senadores do Rio Grande do Norte. Dos tr\u00eas representantes potiguares no Senado, dois j\u00e1 se manifestaram a favor da abertura do processo, enquanto uma permanece em sil\u00eancio sobre o tema.<\/p>\r\n\r\n\r\n\r\n<p class=\"p3\">Os senadores Styvenson Valentim (PODEMOS) e Rog\u00e9rio Marinho (PL) declararam apoio ao impeachment, que ganhou for\u00e7a ap\u00f3s decis\u00f5es do ministro envolvendo investiga\u00e7\u00f5es contra o ex-presidente Jair Bolsonaro. Ambos integram a ala mais cr\u00edtica ao Judici\u00e1rio e apontam supostos excessos cometidos por Moraes como motivo para seu afastamento.<\/p>\r\n\r\n\r\n\r\n<p class=\"p3\">Rog\u00e9rio Marinho, l\u00edder da oposi\u00e7\u00e3o no Senado, tem sido uma das vozes mais ativas na articula\u00e7\u00e3o pelo impeachment. Ele argumenta que a atua\u00e7\u00e3o do ministro ultrapassa os limites constitucionais, especialmente no que diz respeito \u00e0 condu\u00e7\u00e3o de inqu\u00e9ritos no Supremo.<\/p>\r\n\r\n\r\n\r\n<p class=\"p3\">J\u00e1 Styvenson Valentim tamb\u00e9m se posicionou a favor da medida. Em declara\u00e7\u00f5es recentes, defendeu que todos os poderes devem ser fiscalizados e que o Senado tem o dever de avaliar eventuais abusos do Judici\u00e1rio.<\/p>\r\n\r\n\r\n\r\n<p class=\"p3\">Por outro lado, a senadora Zenaide Maia (PSD) ainda n\u00e3o se manifestou oficialmente sobre o assunto. De acordo com levantamento do jornal Gazeta do Povo, ela figura entre os senadores com posi\u00e7\u00e3o indefinida, o que a coloca no centro das aten\u00e7\u00f5es enquanto o cen\u00e1rio pol\u00edtico aguarda por novos desdobramentos.<\/p>\r\n\r\n\r\n\r\n<p class=\"p3\">Para que o processo avance no Senado, s\u00e3o necess\u00e1rios ao menos 54 votos favor\u00e1veis, o que representa dois ter\u00e7os da Casa. At\u00e9 o momento, segundo apura\u00e7\u00e3o da imprensa, 34 senadores se declararam a favor do impeachment de Moraes.<\/p>\r\n","protected":false},"excerpt":{"rendered":"<p>\u00a0 O processo de impeachment do ministro do Supremo Tribunal Federal (STF), Alexandre de Moraes, tem provocado rea\u00e7\u00f5es distintas entre os senadores do Rio Grande do Norte. Dos tr\u00eas representantes potiguares no Senado, dois j\u00e1 se manifestaram a favor da abertura do processo, enquanto uma permanece em sil\u00eancio sobre o tema. Os senadores Styvenson Valentim [&hellip;]<\/p>\n","protected":false},"author":1,"featured_media":6291,"comment_status":"open","ping_status":"open","sticky":false,"template":"","format":"standard","meta":{"cybocfi_hide_featured_image":"","_jetpack_memberships_contains_paid_content":false,"footnotes":""},"categories":[3],"tags":[],"class_list":["post-6292","post","type-post","status-publish","format-standard","has-post-thumbnail","hentry","category-politica"],"yoast_head":"<!-- This site is optimized with the Yoast SEO plugin v25.6 - https:\/\/yoast.com\/wordpress\/plugins\/seo\/ -->\n<title>Senadores do RN se dividem sobre impeachment de Alexandre de Moraes - Blog do Bispo<\/title>\n<meta name=\"robots\" content=\"index, follow, max-snippet:-1, max-image-preview:large, max-video-preview:-1\" \/>\n<link rel=\"canonical\" href=\"https:\/\/blogdobispo.com.br\/?p=6292\" \/>\n<meta property=\"og:locale\" content=\"pt_BR\" \/>\n<meta property=\"og:type\" content=\"article\" \/>\n<meta property=\"og:title\" content=\"Senadores do RN se dividem sobre impeachment de Alexandre de Moraes - Blog do Bispo\" \/>\n<meta property=\"og:description\" content=\"\u00a0 O processo de impeachment do ministro do Supremo Tribunal Federal (STF), Alexandre de Moraes, tem provocado rea\u00e7\u00f5es distintas entre os senadores do Rio Grande do Norte. Dos tr\u00eas representantes potiguares no Senado, dois j\u00e1 se manifestaram a favor da abertura do processo, enquanto uma permanece em sil\u00eancio sobre o tema. Os senadores Styvenson Valentim [&hellip;]\" \/>\n<meta property=\"og:url\" content=\"https:\/\/blogdobispo.com.br\/?p=6292\" \/>\n<meta property=\"og:site_name\" content=\"Blog do Bispo\" \/>\n<meta property=\"article:published_time\" content=\"2025-08-05T18:53:18+00:00\" \/>\n<meta property=\"article:modified_time\" content=\"2025-08-06T01:04:11+00:00\" \/>\n<meta property=\"og:image\" content=\"https:\/\/i0.wp.com\/blogdobispo.com.br\/wp-content\/uploads\/2025\/08\/img_5928.jpg?fit=736%2C417&ssl=1\" \/>\n\t<meta property=\"og:image:width\" content=\"736\" \/>\n\t<meta property=\"og:image:height\" content=\"417\" \/>\n\t<meta property=\"og:image:type\" content=\"image\/jpeg\" \/>\n<meta name=\"author\" content=\"Jefferson Sterfeno\" \/>\n<meta name=\"twitter:card\" content=\"summary_large_image\" \/>\n<meta name=\"twitter:label1\" content=\"Escrito por\" \/>\n\t<meta name=\"twitter:data1\" content=\"Jefferson Sterfeno\" \/>\n\t<meta name=\"twitter:label2\" content=\"Est. tempo de leitura\" \/>\n\t<meta name=\"twitter:data2\" content=\"2 minutos\" \/>\n<script type=\"application\/ld+json\" class=\"yoast-schema-graph\">{\"@context\":\"https:\/\/schema.org\",\"@graph\":[{\"@type\":\"Article\",\"@id\":\"https:\/\/blogdobispo.com.br\/?p=6292#article\",\"isPartOf\":{\"@id\":\"https:\/\/blogdobispo.com.br\/?p=6292\"},\"author\":{\"name\":\"Jefferson Sterfeno\",\"@id\":\"https:\/\/blogdobispo.com.br\/#\/schema\/person\/e2209cc0e6cea5c5233d033e997b373f\"},\"headline\":\"Senadores do RN se dividem sobre impeachment de Alexandre de Moraes\",\"datePublished\":\"2025-08-05T18:53:18+00:00\",\"dateModified\":\"2025-08-06T01:04:11+00:00\",\"mainEntityOfPage\":{\"@id\":\"https:\/\/blogdobispo.com.br\/?p=6292\"},\"wordCount\":296,\"commentCount\":0,\"publisher\":{\"@id\":\"https:\/\/blogdobispo.com.br\/#organization\"},\"image\":{\"@id\":\"https:\/\/blogdobispo.com.br\/?p=6292#primaryimage\"},\"thumbnailUrl\":\"https:\/\/i0.wp.com\/blogdobispo.com.br\/wp-content\/uploads\/2025\/08\/img_5928.jpg?fit=736%2C417&ssl=1\",\"articleSection\":[\"Pol\u00edtica\"],\"inLanguage\":\"pt-BR\",\"potentialAction\":[{\"@type\":\"CommentAction\",\"name\":\"Comment\",\"target\":[\"https:\/\/blogdobispo.com.br\/?p=6292#respond\"]}]},{\"@type\":\"WebPage\",\"@id\":\"https:\/\/blogdobispo.com.br\/?p=6292\",\"url\":\"https:\/\/blogdobispo.com.br\/?p=6292\",\"name\":\"Senadores do RN se dividem sobre impeachment de Alexandre de Moraes - Blog do Bispo\",\"isPartOf\":{\"@id\":\"https:\/\/blogdobispo.com.br\/#website\"},\"primaryImageOfPage\":{\"@id\":\"https:\/\/blogdobispo.com.br\/?p=6292#primaryimage\"},\"image\":{\"@id\":\"https:\/\/blogdobispo.com.br\/?p=6292#primaryimage\"},\"thumbnailUrl\":\"https:\/\/i0.wp.com\/blogdobispo.com.br\/wp-content\/uploads\/2025\/08\/img_5928.jpg?fit=736%2C417&ssl=1\",\"datePublished\":\"2025-08-05T18:53:18+00:00\",\"dateModified\":\"2025-08-06T01:04:11+00:00\",\"breadcrumb\":{\"@id\":\"https:\/\/blogdobispo.com.br\/?p=6292#breadcrumb\"},\"inLanguage\":\"pt-BR\",\"potentialAction\":[{\"@type\":\"ReadAction\",\"target\":[\"https:\/\/blogdobispo.com.br\/?p=6292\"]}]},{\"@type\":\"ImageObject\",\"inLanguage\":\"pt-BR\",\"@id\":\"https:\/\/blogdobispo.com.br\/?p=6292#primaryimage\",\"url\":\"https:\/\/i0.wp.com\/blogdobispo.com.br\/wp-content\/uploads\/2025\/08\/img_5928.jpg?fit=736%2C417&ssl=1\",\"contentUrl\":\"https:\/\/i0.wp.com\/blogdobispo.com.br\/wp-content\/uploads\/2025\/08\/img_5928.jpg?fit=736%2C417&ssl=1\",\"width\":736,\"height\":417},{\"@type\":\"BreadcrumbList\",\"@id\":\"https:\/\/blogdobispo.com.br\/?p=6292#breadcrumb\",\"itemListElement\":[{\"@type\":\"ListItem\",\"position\":1,\"name\":\"In\u00edcio\",\"item\":\"https:\/\/blogdobispo.com.br\/\"},{\"@type\":\"ListItem\",\"position\":2,\"name\":\"Senadores do RN se dividem sobre impeachment de Alexandre de Moraes\"}]},{\"@type\":\"WebSite\",\"@id\":\"https:\/\/blogdobispo.com.br\/#website\",\"url\":\"https:\/\/blogdobispo.com.br\/\",\"name\":\"Blog do Bispo\",\"description\":\"Comprometido apenas com o leitor\",\"publisher\":{\"@id\":\"https:\/\/blogdobispo.com.br\/#organization\"},\"potentialAction\":[{\"@type\":\"SearchAction\",\"target\":{\"@type\":\"EntryPoint\",\"urlTemplate\":\"https:\/\/blogdobispo.com.br\/?s={search_term_string}\"},\"query-input\":{\"@type\":\"PropertyValueSpecification\",\"valueRequired\":true,\"valueName\":\"search_term_string\"}}],\"inLanguage\":\"pt-BR\"},{\"@type\":\"Organization\",\"@id\":\"https:\/\/blogdobispo.com.br\/#organization\",\"name\":\"Blog do Bispo\",\"url\":\"https:\/\/blogdobispo.com.br\/\",\"logo\":{\"@type\":\"ImageObject\",\"inLanguage\":\"pt-BR\",\"@id\":\"https:\/\/blogdobispo.com.br\/#\/schema\/logo\/image\/\",\"url\":\"http:\/\/blogdobispo.com.br\/wp-content\/uploads\/2023\/05\/cropped-headear.png\",\"contentUrl\":\"http:\/\/blogdobispo.com.br\/wp-content\/uploads\/2023\/05\/cropped-headear.png\",\"width\":1500,\"height\":399,\"caption\":\"Blog do Bispo\"},\"image\":{\"@id\":\"https:\/\/blogdobispo.com.br\/#\/schema\/logo\/image\/\"}},{\"@type\":\"Person\",\"@id\":\"https:\/\/blogdobispo.com.br\/#\/schema\/person\/e2209cc0e6cea5c5233d033e997b373f\",\"name\":\"Jefferson Sterfeno\",\"image\":{\"@type\":\"ImageObject\",\"inLanguage\":\"pt-BR\",\"@id\":\"https:\/\/blogdobispo.com.br\/#\/schema\/person\/image\/\",\"url\":\"https:\/\/secure.gravatar.com\/avatar\/0534e84764641168a677026b6d57a3f51dc7ac4db0b4f6186d9cb330d4ee1160?s=96&d=mm&r=g\",\"contentUrl\":\"https:\/\/secure.gravatar.com\/avatar\/0534e84764641168a677026b6d57a3f51dc7ac4db0b4f6186d9cb330d4ee1160?s=96&d=mm&r=g\",\"caption\":\"Jefferson Sterfeno\"},\"sameAs\":[\"http:\/\/blogdobispo.com.br\"],\"url\":\"https:\/\/blogdobispo.com.br\/?author=1\"}]}<\/script>\n<!-- \/ Yoast SEO plugin. -->","yoast_head_json":{"title":"Senadores do RN se dividem sobre impeachment de Alexandre de Moraes - Blog do Bispo","robots":{"index":"index","follow":"follow","max-snippet":"max-snippet:-1","max-image-preview":"max-image-preview:large","max-video-preview":"max-video-preview:-1"},"canonical":"https:\/\/blogdobispo.com.br\/?p=6292","og_locale":"pt_BR","og_type":"article","og_title":"Senadores do RN se dividem sobre impeachment de Alexandre de Moraes - Blog do Bispo","og_description":"\u00a0 O processo de impeachment do ministro do Supremo Tribunal Federal (STF), Alexandre de Moraes, tem provocado rea\u00e7\u00f5es distintas entre os senadores do Rio Grande do Norte. Dos tr\u00eas representantes potiguares no Senado, dois j\u00e1 se manifestaram a favor da abertura do processo, enquanto uma permanece em sil\u00eancio sobre o tema. Os senadores Styvenson Valentim [&hellip;]","og_url":"https:\/\/blogdobispo.com.br\/?p=6292","og_site_name":"Blog do Bispo","article_published_time":"2025-08-05T18:53:18+00:00","article_modified_time":"2025-08-06T01:04:11+00:00","og_image":[{"width":736,"height":417,"url":"https:\/\/i0.wp.com\/blogdobispo.com.br\/wp-content\/uploads\/2025\/08\/img_5928.jpg?fit=736%2C417&ssl=1","type":"image\/jpeg"}],"author":"Jefferson Sterfeno","twitter_card":"summary_large_image","twitter_misc":{"Escrito por":"Jefferson Sterfeno","Est. tempo de leitura":"2 minutos"},"schema":{"@context":"https:\/\/schema.org","@graph":[{"@type":"Article","@id":"https:\/\/blogdobispo.com.br\/?p=6292#article","isPartOf":{"@id":"https:\/\/blogdobispo.com.br\/?p=6292"},"author":{"name":"Jefferson Sterfeno","@id":"https:\/\/blogdobispo.com.br\/#\/schema\/person\/e2209cc0e6cea5c5233d033e997b373f"},"headline":"Senadores do RN se dividem sobre impeachment de Alexandre de Moraes","datePublished":"2025-08-05T18:53:18+00:00","dateModified":"2025-08-06T01:04:11+00:00","mainEntityOfPage":{"@id":"https:\/\/blogdobispo.com.br\/?p=6292"},"wordCount":296,"commentCount":0,"publisher":{"@id":"https:\/\/blogdobispo.com.br\/#organization"},"image":{"@id":"https:\/\/blogdobispo.com.br\/?p=6292#primaryimage"},"thumbnailUrl":"https:\/\/i0.wp.com\/blogdobispo.com.br\/wp-content\/uploads\/2025\/08\/img_5928.jpg?fit=736%2C417&ssl=1","articleSection":["Pol\u00edtica"],"inLanguage":"pt-BR","potentialAction":[{"@type":"CommentAction","name":"Comment","target":["https:\/\/blogdobispo.com.br\/?p=6292#respond"]}]},{"@type":"WebPage","@id":"https:\/\/blogdobispo.com.br\/?p=6292","url":"https:\/\/blogdobispo.com.br\/?p=6292","name":"Senadores do RN se dividem sobre impeachment de Alexandre de Moraes - Blog do Bispo","isPartOf":{"@id":"https:\/\/blogdobispo.com.br\/#website"},"primaryImageOfPage":{"@id":"https:\/\/blogdobispo.com.br\/?p=6292#primaryimage"},"image":{"@id":"https:\/\/blogdobispo.com.br\/?p=6292#primaryimage"},"thumbnailUrl":"https:\/\/i0.wp.com\/blogdobispo.com.br\/wp-content\/uploads\/2025\/08\/img_5928.jpg?fit=736%2C417&ssl=1","datePublished":"2025-08-05T18:53:18+00:00","dateModified":"2025-08-06T01:04:11+00:00","breadcrumb":{"@id":"https:\/\/blogdobispo.com.br\/?p=6292#breadcrumb"},"inLanguage":"pt-BR","potentialAction":[{"@type":"ReadAction","target":["https:\/\/blogdobispo.com.br\/?p=6292"]}]},{"@type":"ImageObject","inLanguage":"pt-BR","@id":"https:\/\/blogdobispo.com.br\/?p=6292#primaryimage","url":"https:\/\/i0.wp.com\/blogdobispo.com.br\/wp-content\/uploads\/2025\/08\/img_5928.jpg?fit=736%2C417&ssl=1","contentUrl":"https:\/\/i0.wp.com\/blogdobispo.com.br\/wp-content\/uploads\/2025\/08\/img_5928.jpg?fit=736%2C417&ssl=1","width":736,"height":417},{"@type":"BreadcrumbList","@id":"https:\/\/blogdobispo.com.br\/?p=6292#breadcrumb","itemListElement":[{"@type":"ListItem","position":1,"name":"In\u00edcio","item":"https:\/\/blogdobispo.com.br\/"},{"@type":"ListItem","position":2,"name":"Senadores do RN se dividem sobre impeachment de Alexandre de Moraes"}]},{"@type":"WebSite","@id":"https:\/\/blogdobispo.com.br\/#website","url":"https:\/\/blogdobispo.com.br\/","name":"Blog do Bispo","description":"Comprometido apenas com o leitor","publisher":{"@id":"https:\/\/blogdobispo.com.br\/#organization"},"potentialAction":[{"@type":"SearchAction","target":{"@type":"EntryPoint","urlTemplate":"https:\/\/blogdobispo.com.br\/?s={search_term_string}"},"query-input":{"@type":"PropertyValueSpecification","valueRequired":true,"valueName":"search_term_string"}}],"inLanguage":"pt-BR"},{"@type":"Organization","@id":"https:\/\/blogdobispo.com.br\/#organization","name":"Blog do Bispo","url":"https:\/\/blogdobispo.com.br\/","logo":{"@type":"ImageObject","inLanguage":"pt-BR","@id":"https:\/\/blogdobispo.com.br\/#\/schema\/logo\/image\/","url":"http:\/\/blogdobispo.com.br\/wp-content\/uploads\/2023\/05\/cropped-headear.png","contentUrl":"http:\/\/blogdobispo.com.br\/wp-content\/uploads\/2023\/05\/cropped-headear.png","width":1500,"height":399,"caption":"Blog do Bispo"},"image":{"@id":"https:\/\/blogdobispo.com.br\/#\/schema\/logo\/image\/"}},{"@type":"Person","@id":"https:\/\/blogdobispo.com.br\/#\/schema\/person\/e2209cc0e6cea5c5233d033e997b373f","name":"Jefferson Sterfeno","image":{"@type":"ImageObject","inLanguage":"pt-BR","@id":"https:\/\/blogdobispo.com.br\/#\/schema\/person\/image\/","url":"https:\/\/secure.gravatar.com\/avatar\/0534e84764641168a677026b6d57a3f51dc7ac4db0b4f6186d9cb330d4ee1160?s=96&d=mm&r=g","contentUrl":"https:\/\/secure.gravatar.com\/avatar\/0534e84764641168a677026b6d57a3f51dc7ac4db0b4f6186d9cb330d4ee1160?s=96&d=mm&r=g","caption":"Jefferson Sterfeno"},"sameAs":["http:\/\/blogdobispo.com.br"],"url":"https:\/\/blogdobispo.com.br\/?author=1"}]}},"featured_image_urls":{"full":["https:\/\/i0.wp.com\/blogdobispo.com.br\/wp-content\/uploads\/2025\/08\/img_5928.jpg?fit=736%2C417&ssl=1",736,417,false],"thumbnail":["https:\/\/i0.wp.com\/blogdobispo.com.br\/wp-content\/uploads\/2025\/08\/img_5928.jpg?resize=150%2C150&ssl=1",150,150,true],"medium":["https:\/\/i0.wp.com\/blogdobispo.com.br\/wp-content\/uploads\/2025\/08\/img_5928.jpg?fit=300%2C170&ssl=1",300,170,true],"medium_large":["https:\/\/i0.wp.com\/blogdobispo.com.br\/wp-content\/uploads\/2025\/08\/img_5928.jpg?fit=736%2C417&ssl=1",736,417,true],"large":["https:\/\/i0.wp.com\/blogdobispo.com.br\/wp-content\/uploads\/2025\/08\/img_5928.jpg?fit=736%2C417&ssl=1",736,417,true],"1536x1536":["https:\/\/i0.wp.com\/blogdobispo.com.br\/wp-content\/uploads\/2025\/08\/img_5928.jpg?fit=736%2C417&ssl=1",736,417,true],"2048x2048":["https:\/\/i0.wp.com\/blogdobispo.com.br\/wp-content\/uploads\/2025\/08\/img_5928.jpg?fit=736%2C417&ssl=1",736,417,true]},"author_info":{"display_name":"Jefferson Sterfeno","author_link":"https:\/\/blogdobispo.com.br\/?author=1"},"category_info":"<a href=\"https:\/\/blogdobispo.com.br\/?cat=3\" rel=\"category\">Pol\u00edtica<\/a>","tag_info":"Pol\u00edtica","comment_count":"0","jetpack_featured_media_url":"https:\/\/i0.wp.com\/blogdobispo.com.br\/wp-content\/uploads\/2025\/08\/img_5928.jpg?fit=736%2C417&ssl=1","jetpack_sharing_enabled":true,"_links":{"self":[{"href":"https:\/\/blogdobispo.com.br\/index.php?rest_route=\/wp\/v2\/posts\/6292","targetHints":{"allow":["GET"]}}],"collection":[{"href":"https:\/\/blogdobispo.com.br\/index.php?rest_route=\/wp\/v2\/posts"}],"about":[{"href":"https:\/\/blogdobispo.com.br\/index.php?rest_route=\/wp\/v2\/types\/post"}],"author":[{"embeddable":true,"href":"https:\/\/blogdobispo.com.br\/index.php?rest_route=\/wp\/v2\/users\/1"}],"replies":[{"embeddable":true,"href":"https:\/\/blogdobispo.com.br\/index.php?rest_route=%2Fwp%2Fv2%2Fcomments&post=6292"}],"version-history":[{"count":2,"href":"https:\/\/blogdobispo.com.br\/index.php?rest_route=\/wp\/v2\/posts\/6292\/revisions"}],"predecessor-version":[{"id":16449,"href":"https:\/\/blogdobispo.com.br\/index.php?rest_route=\/wp\/v2\/posts\/6292\/revisions\/16449"}],"wp:featuredmedia":[{"embeddable":true,"href":"https:\/\/blogdobispo.com.br\/index.php?rest_route=\/wp\/v2\/media\/6291"}],"wp:attachment":[{"href":"https:\/\/blogdobispo.com.br\/index.php?rest_route=%2Fwp%2Fv2%2Fmedia&parent=6292"}],"wp:term":[{"taxonomy":"category","embeddable":true,"href":"https:\/\/blogdobispo.com.br\/index.php?rest_route=%2Fwp%2Fv2%2Fcategories&post=6292"},{"taxonomy":"post_tag","embeddable":true,"href":"https:\/\/blogdobispo.com.br\/index.php?rest_route=%2Fwp%2Fv2%2Ftags&post=6292"}],"curies":[{"name":"wp","href":"https:\/\/api.w.org\/{rel}","templated":true}]}}