{"id":6288,"date":"2025-08-05T14:59:06","date_gmt":"2025-08-05T14:59:06","guid":{"rendered":"https:\/\/blogdobispo.com.br\/?p=6288"},"modified":"2025-08-06T00:17:39","modified_gmt":"2025-08-06T00:17:39","slug":"prefeita-nilda-reune-equipe-tecnica-para-discutir-implementacao-de-binario-em-nova-parnamirim","status":"publish","type":"post","link":"https:\/\/blogdobispo.com.br\/?p=6288","title":{"rendered":"Prefeita Nilda re\u00fane equipe t\u00e9cnica para discutir implementa\u00e7\u00e3o de bin\u00e1rio em Nova Parnamirim"},"content":{"rendered":"\r\n<p>A prefeita de Parnamirim, Nilda Cruz, reuniu nesta semana, o corpo t\u00e9cnico da Prefeitura para discutir a implanta\u00e7\u00e3o de um sistema bin\u00e1rio nas avenidas Maria Lacerda Montenegro e Abel Cabral, localizadas em Nova Parnamirim. A medida busca enfrentar os problemas de mobilidade urbana que se agravaram nos \u00faltimos anos com o crescimento acelerado do bairro.<\/p>\r\n\r\n\r\n\r\n<p>Durante a reuni\u00e3o, que contou com a participa\u00e7\u00e3o de secret\u00e1rios municipais, agentes de tr\u00e2nsito e representantes do Instituto Federal do Rio Grande do Norte (IFRN), foi apresentado um projeto desenvolvido pelo N\u00facleo de Extens\u00e3o e Pr\u00e1tica Profissional da Constru\u00e7\u00e3o Civil (Neppcon). A iniciativa \u00e9 fruto de uma parceria firmada entre a Prefeitura e o IFRN, com o objetivo de elaborar solu\u00e7\u00f5es eficazes para os gargalos no tr\u00e1fego local.<\/p>\r\n\r\n\r\n\r\n<p>Nilda destacou que o projeto \u00e9 uma resposta concreta \u00e0s demandas da popula\u00e7\u00e3o, que h\u00e1 anos cobra mudan\u00e7as no tr\u00e2nsito da regi\u00e3o. A proposta do bin\u00e1rio \u00e9 vista como uma medida estrat\u00e9gica de curto prazo e deve contar com a participa\u00e7\u00e3o da pr\u00f3pria comunidade, que ser\u00e1 ouvida durante as pr\u00f3ximas etapas do projeto.<\/p>\r\n\r\n\r\n\r\n<p>&#8220;Nova Parnamirim precisa de uma solu\u00e7\u00e3o urgente. A popula\u00e7\u00e3o nos cobra h\u00e1 mais de uma d\u00e9cada por melhorias no tr\u00e2nsito, e agora vamos atuar de forma t\u00e9cnica e planejada. Nosso compromisso \u00e9 com a mobilidade, a seguran\u00e7a vi\u00e1ria e a qualidade de vida&#8221;, afirmou Nilda.<\/p>\r\n\r\n\r\n\r\n<figure class=\"wp-block-image\"><img data-recalc-dims=\"1\" fetchpriority=\"high\" decoding=\"async\" width=\"800\" height=\"533\" class=\"wp-image-6289\" src=\"https:\/\/i0.wp.com\/blogdobispo.com.br\/wp-content\/uploads\/2025\/08\/1379_7a562644-6ea2-4831-bdff-2d83b30c52c1-jpeg.jpeg?resize=800%2C533\" alt=\"\" srcset=\"https:\/\/i0.wp.com\/blogdobispo.com.br\/wp-content\/uploads\/2025\/08\/1379_7a562644-6ea2-4831-bdff-2d83b30c52c1-jpeg.jpeg?w=1600&amp;ssl=1 1600w, https:\/\/i0.wp.com\/blogdobispo.com.br\/wp-content\/uploads\/2025\/08\/1379_7a562644-6ea2-4831-bdff-2d83b30c52c1-jpeg.jpeg?resize=300%2C200&amp;ssl=1 300w, https:\/\/i0.wp.com\/blogdobispo.com.br\/wp-content\/uploads\/2025\/08\/1379_7a562644-6ea2-4831-bdff-2d83b30c52c1-jpeg.jpeg?resize=1024%2C682&amp;ssl=1 1024w, https:\/\/i0.wp.com\/blogdobispo.com.br\/wp-content\/uploads\/2025\/08\/1379_7a562644-6ea2-4831-bdff-2d83b30c52c1-jpeg.jpeg?resize=768%2C512&amp;ssl=1 768w, https:\/\/i0.wp.com\/blogdobispo.com.br\/wp-content\/uploads\/2025\/08\/1379_7a562644-6ea2-4831-bdff-2d83b30c52c1-jpeg.jpeg?resize=1536%2C1023&amp;ssl=1 1536w\" sizes=\"(max-width: 800px) 100vw, 800px\" \/><\/figure>\r\n","protected":false},"excerpt":{"rendered":"<p>A prefeita de Parnamirim, Nilda Cruz, reuniu nesta semana, o corpo t\u00e9cnico da Prefeitura para discutir a implanta\u00e7\u00e3o de um sistema bin\u00e1rio nas avenidas Maria Lacerda Montenegro e Abel Cabral, localizadas em Nova Parnamirim. A medida busca enfrentar os problemas de mobilidade urbana que se agravaram nos \u00faltimos anos com o crescimento acelerado do bairro. [&hellip;]<\/p>\n","protected":false},"author":1,"featured_media":6289,"comment_status":"open","ping_status":"open","sticky":false,"template":"","format":"standard","meta":{"cybocfi_hide_featured_image":"","_jetpack_memberships_contains_paid_content":false,"footnotes":""},"categories":[1],"tags":[],"class_list":["post-6288","post","type-post","status-publish","format-standard","has-post-thumbnail","hentry","category-diversos"],"yoast_head":"<!-- This site is optimized with the Yoast SEO plugin v25.6 - https:\/\/yoast.com\/wordpress\/plugins\/seo\/ -->\n<title>Prefeita Nilda re\u00fane equipe t\u00e9cnica para discutir implementa\u00e7\u00e3o de bin\u00e1rio em Nova Parnamirim - Blog do Bispo<\/title>\n<meta name=\"robots\" content=\"index, follow, max-snippet:-1, max-image-preview:large, max-video-preview:-1\" \/>\n<link rel=\"canonical\" href=\"https:\/\/blogdobispo.com.br\/?p=6288\" \/>\n<meta property=\"og:locale\" content=\"pt_BR\" \/>\n<meta property=\"og:type\" content=\"article\" \/>\n<meta property=\"og:title\" content=\"Prefeita Nilda re\u00fane equipe t\u00e9cnica para discutir implementa\u00e7\u00e3o de bin\u00e1rio em Nova Parnamirim - Blog do Bispo\" \/>\n<meta property=\"og:description\" content=\"A prefeita de Parnamirim, Nilda Cruz, reuniu nesta semana, o corpo t\u00e9cnico da Prefeitura para discutir a implanta\u00e7\u00e3o de um sistema bin\u00e1rio nas avenidas Maria Lacerda Montenegro e Abel Cabral, localizadas em Nova Parnamirim. A medida busca enfrentar os problemas de mobilidade urbana que se agravaram nos \u00faltimos anos com o crescimento acelerado do bairro. [&hellip;]\" \/>\n<meta property=\"og:url\" content=\"https:\/\/blogdobispo.com.br\/?p=6288\" \/>\n<meta property=\"og:site_name\" content=\"Blog do Bispo\" \/>\n<meta property=\"article:published_time\" content=\"2025-08-05T14:59:06+00:00\" \/>\n<meta property=\"article:modified_time\" content=\"2025-08-06T00:17:39+00:00\" \/>\n<meta property=\"og:image\" content=\"https:\/\/i0.wp.com\/blogdobispo.com.br\/wp-content\/uploads\/2025\/08\/1379_7a562644-6ea2-4831-bdff-2d83b30c52c1-jpeg.jpeg?fit=1600%2C1066&ssl=1\" \/>\n\t<meta property=\"og:image:width\" content=\"1600\" \/>\n\t<meta property=\"og:image:height\" content=\"1066\" \/>\n\t<meta property=\"og:image:type\" content=\"image\/jpeg\" \/>\n<meta name=\"author\" content=\"Jefferson Sterfeno\" \/>\n<meta name=\"twitter:card\" content=\"summary_large_image\" \/>\n<meta name=\"twitter:label1\" content=\"Escrito por\" \/>\n\t<meta name=\"twitter:data1\" content=\"Jefferson Sterfeno\" \/>\n\t<meta name=\"twitter:label2\" content=\"Est. tempo de leitura\" \/>\n\t<meta name=\"twitter:data2\" content=\"2 minutos\" \/>\n<script type=\"application\/ld+json\" class=\"yoast-schema-graph\">{\"@context\":\"https:\/\/schema.org\",\"@graph\":[{\"@type\":\"Article\",\"@id\":\"https:\/\/blogdobispo.com.br\/?p=6288#article\",\"isPartOf\":{\"@id\":\"https:\/\/blogdobispo.com.br\/?p=6288\"},\"author\":{\"name\":\"Jefferson Sterfeno\",\"@id\":\"https:\/\/blogdobispo.com.br\/#\/schema\/person\/e2209cc0e6cea5c5233d033e997b373f\"},\"headline\":\"Prefeita Nilda re\u00fane equipe t\u00e9cnica para discutir implementa\u00e7\u00e3o de bin\u00e1rio em Nova Parnamirim\",\"datePublished\":\"2025-08-05T14:59:06+00:00\",\"dateModified\":\"2025-08-06T00:17:39+00:00\",\"mainEntityOfPage\":{\"@id\":\"https:\/\/blogdobispo.com.br\/?p=6288\"},\"wordCount\":263,\"commentCount\":0,\"publisher\":{\"@id\":\"https:\/\/blogdobispo.com.br\/#organization\"},\"image\":{\"@id\":\"https:\/\/blogdobispo.com.br\/?p=6288#primaryimage\"},\"thumbnailUrl\":\"https:\/\/i0.wp.com\/blogdobispo.com.br\/wp-content\/uploads\/2025\/08\/1379_7a562644-6ea2-4831-bdff-2d83b30c52c1-jpeg.jpeg?fit=1600%2C1066&ssl=1\",\"articleSection\":[\"diversos\"],\"inLanguage\":\"pt-BR\",\"potentialAction\":[{\"@type\":\"CommentAction\",\"name\":\"Comment\",\"target\":[\"https:\/\/blogdobispo.com.br\/?p=6288#respond\"]}]},{\"@type\":\"WebPage\",\"@id\":\"https:\/\/blogdobispo.com.br\/?p=6288\",\"url\":\"https:\/\/blogdobispo.com.br\/?p=6288\",\"name\":\"Prefeita Nilda re\u00fane equipe t\u00e9cnica para discutir implementa\u00e7\u00e3o de bin\u00e1rio em Nova Parnamirim - Blog do Bispo\",\"isPartOf\":{\"@id\":\"https:\/\/blogdobispo.com.br\/#website\"},\"primaryImageOfPage\":{\"@id\":\"https:\/\/blogdobispo.com.br\/?p=6288#primaryimage\"},\"image\":{\"@id\":\"https:\/\/blogdobispo.com.br\/?p=6288#primaryimage\"},\"thumbnailUrl\":\"https:\/\/i0.wp.com\/blogdobispo.com.br\/wp-content\/uploads\/2025\/08\/1379_7a562644-6ea2-4831-bdff-2d83b30c52c1-jpeg.jpeg?fit=1600%2C1066&ssl=1\",\"datePublished\":\"2025-08-05T14:59:06+00:00\",\"dateModified\":\"2025-08-06T00:17:39+00:00\",\"breadcrumb\":{\"@id\":\"https:\/\/blogdobispo.com.br\/?p=6288#breadcrumb\"},\"inLanguage\":\"pt-BR\",\"potentialAction\":[{\"@type\":\"ReadAction\",\"target\":[\"https:\/\/blogdobispo.com.br\/?p=6288\"]}]},{\"@type\":\"ImageObject\",\"inLanguage\":\"pt-BR\",\"@id\":\"https:\/\/blogdobispo.com.br\/?p=6288#primaryimage\",\"url\":\"https:\/\/i0.wp.com\/blogdobispo.com.br\/wp-content\/uploads\/2025\/08\/1379_7a562644-6ea2-4831-bdff-2d83b30c52c1-jpeg.jpeg?fit=1600%2C1066&ssl=1\",\"contentUrl\":\"https:\/\/i0.wp.com\/blogdobispo.com.br\/wp-content\/uploads\/2025\/08\/1379_7a562644-6ea2-4831-bdff-2d83b30c52c1-jpeg.jpeg?fit=1600%2C1066&ssl=1\",\"width\":1600,\"height\":1066},{\"@type\":\"BreadcrumbList\",\"@id\":\"https:\/\/blogdobispo.com.br\/?p=6288#breadcrumb\",\"itemListElement\":[{\"@type\":\"ListItem\",\"position\":1,\"name\":\"In\u00edcio\",\"item\":\"https:\/\/blogdobispo.com.br\/\"},{\"@type\":\"ListItem\",\"position\":2,\"name\":\"Prefeita Nilda re\u00fane equipe t\u00e9cnica para discutir implementa\u00e7\u00e3o de bin\u00e1rio em Nova Parnamirim\"}]},{\"@type\":\"WebSite\",\"@id\":\"https:\/\/blogdobispo.com.br\/#website\",\"url\":\"https:\/\/blogdobispo.com.br\/\",\"name\":\"Blog do Bispo\",\"description\":\"Comprometido apenas com o leitor\",\"publisher\":{\"@id\":\"https:\/\/blogdobispo.com.br\/#organization\"},\"potentialAction\":[{\"@type\":\"SearchAction\",\"target\":{\"@type\":\"EntryPoint\",\"urlTemplate\":\"https:\/\/blogdobispo.com.br\/?s={search_term_string}\"},\"query-input\":{\"@type\":\"PropertyValueSpecification\",\"valueRequired\":true,\"valueName\":\"search_term_string\"}}],\"inLanguage\":\"pt-BR\"},{\"@type\":\"Organization\",\"@id\":\"https:\/\/blogdobispo.com.br\/#organization\",\"name\":\"Blog do Bispo\",\"url\":\"https:\/\/blogdobispo.com.br\/\",\"logo\":{\"@type\":\"ImageObject\",\"inLanguage\":\"pt-BR\",\"@id\":\"https:\/\/blogdobispo.com.br\/#\/schema\/logo\/image\/\",\"url\":\"http:\/\/blogdobispo.com.br\/wp-content\/uploads\/2023\/05\/cropped-headear.png\",\"contentUrl\":\"http:\/\/blogdobispo.com.br\/wp-content\/uploads\/2023\/05\/cropped-headear.png\",\"width\":1500,\"height\":399,\"caption\":\"Blog do Bispo\"},\"image\":{\"@id\":\"https:\/\/blogdobispo.com.br\/#\/schema\/logo\/image\/\"}},{\"@type\":\"Person\",\"@id\":\"https:\/\/blogdobispo.com.br\/#\/schema\/person\/e2209cc0e6cea5c5233d033e997b373f\",\"name\":\"Jefferson Sterfeno\",\"image\":{\"@type\":\"ImageObject\",\"inLanguage\":\"pt-BR\",\"@id\":\"https:\/\/blogdobispo.com.br\/#\/schema\/person\/image\/\",\"url\":\"https:\/\/secure.gravatar.com\/avatar\/0534e84764641168a677026b6d57a3f51dc7ac4db0b4f6186d9cb330d4ee1160?s=96&d=mm&r=g\",\"contentUrl\":\"https:\/\/secure.gravatar.com\/avatar\/0534e84764641168a677026b6d57a3f51dc7ac4db0b4f6186d9cb330d4ee1160?s=96&d=mm&r=g\",\"caption\":\"Jefferson Sterfeno\"},\"sameAs\":[\"http:\/\/blogdobispo.com.br\"],\"url\":\"https:\/\/blogdobispo.com.br\/?author=1\"}]}<\/script>\n<!-- \/ Yoast SEO plugin. -->","yoast_head_json":{"title":"Prefeita Nilda re\u00fane equipe t\u00e9cnica para discutir implementa\u00e7\u00e3o de bin\u00e1rio em Nova Parnamirim - Blog do Bispo","robots":{"index":"index","follow":"follow","max-snippet":"max-snippet:-1","max-image-preview":"max-image-preview:large","max-video-preview":"max-video-preview:-1"},"canonical":"https:\/\/blogdobispo.com.br\/?p=6288","og_locale":"pt_BR","og_type":"article","og_title":"Prefeita Nilda re\u00fane equipe t\u00e9cnica para discutir implementa\u00e7\u00e3o de bin\u00e1rio em Nova Parnamirim - Blog do Bispo","og_description":"A prefeita de Parnamirim, Nilda Cruz, reuniu nesta semana, o corpo t\u00e9cnico da Prefeitura para discutir a implanta\u00e7\u00e3o de um sistema bin\u00e1rio nas avenidas Maria Lacerda Montenegro e Abel Cabral, localizadas em Nova Parnamirim. A medida busca enfrentar os problemas de mobilidade urbana que se agravaram nos \u00faltimos anos com o crescimento acelerado do bairro. [&hellip;]","og_url":"https:\/\/blogdobispo.com.br\/?p=6288","og_site_name":"Blog do Bispo","article_published_time":"2025-08-05T14:59:06+00:00","article_modified_time":"2025-08-06T00:17:39+00:00","og_image":[{"width":1600,"height":1066,"url":"https:\/\/i0.wp.com\/blogdobispo.com.br\/wp-content\/uploads\/2025\/08\/1379_7a562644-6ea2-4831-bdff-2d83b30c52c1-jpeg.jpeg?fit=1600%2C1066&ssl=1","type":"image\/jpeg"}],"author":"Jefferson Sterfeno","twitter_card":"summary_large_image","twitter_misc":{"Escrito por":"Jefferson Sterfeno","Est. tempo de leitura":"2 minutos"},"schema":{"@context":"https:\/\/schema.org","@graph":[{"@type":"Article","@id":"https:\/\/blogdobispo.com.br\/?p=6288#article","isPartOf":{"@id":"https:\/\/blogdobispo.com.br\/?p=6288"},"author":{"name":"Jefferson Sterfeno","@id":"https:\/\/blogdobispo.com.br\/#\/schema\/person\/e2209cc0e6cea5c5233d033e997b373f"},"headline":"Prefeita Nilda re\u00fane equipe t\u00e9cnica para discutir implementa\u00e7\u00e3o de bin\u00e1rio em Nova Parnamirim","datePublished":"2025-08-05T14:59:06+00:00","dateModified":"2025-08-06T00:17:39+00:00","mainEntityOfPage":{"@id":"https:\/\/blogdobispo.com.br\/?p=6288"},"wordCount":263,"commentCount":0,"publisher":{"@id":"https:\/\/blogdobispo.com.br\/#organization"},"image":{"@id":"https:\/\/blogdobispo.com.br\/?p=6288#primaryimage"},"thumbnailUrl":"https:\/\/i0.wp.com\/blogdobispo.com.br\/wp-content\/uploads\/2025\/08\/1379_7a562644-6ea2-4831-bdff-2d83b30c52c1-jpeg.jpeg?fit=1600%2C1066&ssl=1","articleSection":["diversos"],"inLanguage":"pt-BR","potentialAction":[{"@type":"CommentAction","name":"Comment","target":["https:\/\/blogdobispo.com.br\/?p=6288#respond"]}]},{"@type":"WebPage","@id":"https:\/\/blogdobispo.com.br\/?p=6288","url":"https:\/\/blogdobispo.com.br\/?p=6288","name":"Prefeita Nilda re\u00fane equipe t\u00e9cnica para discutir implementa\u00e7\u00e3o de bin\u00e1rio em Nova Parnamirim - Blog do Bispo","isPartOf":{"@id":"https:\/\/blogdobispo.com.br\/#website"},"primaryImageOfPage":{"@id":"https:\/\/blogdobispo.com.br\/?p=6288#primaryimage"},"image":{"@id":"https:\/\/blogdobispo.com.br\/?p=6288#primaryimage"},"thumbnailUrl":"https:\/\/i0.wp.com\/blogdobispo.com.br\/wp-content\/uploads\/2025\/08\/1379_7a562644-6ea2-4831-bdff-2d83b30c52c1-jpeg.jpeg?fit=1600%2C1066&ssl=1","datePublished":"2025-08-05T14:59:06+00:00","dateModified":"2025-08-06T00:17:39+00:00","breadcrumb":{"@id":"https:\/\/blogdobispo.com.br\/?p=6288#breadcrumb"},"inLanguage":"pt-BR","potentialAction":[{"@type":"ReadAction","target":["https:\/\/blogdobispo.com.br\/?p=6288"]}]},{"@type":"ImageObject","inLanguage":"pt-BR","@id":"https:\/\/blogdobispo.com.br\/?p=6288#primaryimage","url":"https:\/\/i0.wp.com\/blogdobispo.com.br\/wp-content\/uploads\/2025\/08\/1379_7a562644-6ea2-4831-bdff-2d83b30c52c1-jpeg.jpeg?fit=1600%2C1066&ssl=1","contentUrl":"https:\/\/i0.wp.com\/blogdobispo.com.br\/wp-content\/uploads\/2025\/08\/1379_7a562644-6ea2-4831-bdff-2d83b30c52c1-jpeg.jpeg?fit=1600%2C1066&ssl=1","width":1600,"height":1066},{"@type":"BreadcrumbList","@id":"https:\/\/blogdobispo.com.br\/?p=6288#breadcrumb","itemListElement":[{"@type":"ListItem","position":1,"name":"In\u00edcio","item":"https:\/\/blogdobispo.com.br\/"},{"@type":"ListItem","position":2,"name":"Prefeita Nilda re\u00fane equipe t\u00e9cnica para discutir implementa\u00e7\u00e3o de bin\u00e1rio em Nova Parnamirim"}]},{"@type":"WebSite","@id":"https:\/\/blogdobispo.com.br\/#website","url":"https:\/\/blogdobispo.com.br\/","name":"Blog do Bispo","description":"Comprometido apenas com o leitor","publisher":{"@id":"https:\/\/blogdobispo.com.br\/#organization"},"potentialAction":[{"@type":"SearchAction","target":{"@type":"EntryPoint","urlTemplate":"https:\/\/blogdobispo.com.br\/?s={search_term_string}"},"query-input":{"@type":"PropertyValueSpecification","valueRequired":true,"valueName":"search_term_string"}}],"inLanguage":"pt-BR"},{"@type":"Organization","@id":"https:\/\/blogdobispo.com.br\/#organization","name":"Blog do Bispo","url":"https:\/\/blogdobispo.com.br\/","logo":{"@type":"ImageObject","inLanguage":"pt-BR","@id":"https:\/\/blogdobispo.com.br\/#\/schema\/logo\/image\/","url":"http:\/\/blogdobispo.com.br\/wp-content\/uploads\/2023\/05\/cropped-headear.png","contentUrl":"http:\/\/blogdobispo.com.br\/wp-content\/uploads\/2023\/05\/cropped-headear.png","width":1500,"height":399,"caption":"Blog do Bispo"},"image":{"@id":"https:\/\/blogdobispo.com.br\/#\/schema\/logo\/image\/"}},{"@type":"Person","@id":"https:\/\/blogdobispo.com.br\/#\/schema\/person\/e2209cc0e6cea5c5233d033e997b373f","name":"Jefferson Sterfeno","image":{"@type":"ImageObject","inLanguage":"pt-BR","@id":"https:\/\/blogdobispo.com.br\/#\/schema\/person\/image\/","url":"https:\/\/secure.gravatar.com\/avatar\/0534e84764641168a677026b6d57a3f51dc7ac4db0b4f6186d9cb330d4ee1160?s=96&d=mm&r=g","contentUrl":"https:\/\/secure.gravatar.com\/avatar\/0534e84764641168a677026b6d57a3f51dc7ac4db0b4f6186d9cb330d4ee1160?s=96&d=mm&r=g","caption":"Jefferson Sterfeno"},"sameAs":["http:\/\/blogdobispo.com.br"],"url":"https:\/\/blogdobispo.com.br\/?author=1"}]}},"featured_image_urls":{"full":["https:\/\/i0.wp.com\/blogdobispo.com.br\/wp-content\/uploads\/2025\/08\/1379_7a562644-6ea2-4831-bdff-2d83b30c52c1-jpeg.jpeg?fit=1600%2C1066&ssl=1",1600,1066,false],"thumbnail":["https:\/\/i0.wp.com\/blogdobispo.com.br\/wp-content\/uploads\/2025\/08\/1379_7a562644-6ea2-4831-bdff-2d83b30c52c1-jpeg.jpeg?resize=150%2C150&ssl=1",150,150,true],"medium":["https:\/\/i0.wp.com\/blogdobispo.com.br\/wp-content\/uploads\/2025\/08\/1379_7a562644-6ea2-4831-bdff-2d83b30c52c1-jpeg.jpeg?fit=300%2C200&ssl=1",300,200,true],"medium_large":["https:\/\/i0.wp.com\/blogdobispo.com.br\/wp-content\/uploads\/2025\/08\/1379_7a562644-6ea2-4831-bdff-2d83b30c52c1-jpeg.jpeg?fit=768%2C512&ssl=1",768,512,true],"large":["https:\/\/i0.wp.com\/blogdobispo.com.br\/wp-content\/uploads\/2025\/08\/1379_7a562644-6ea2-4831-bdff-2d83b30c52c1-jpeg.jpeg?fit=800%2C533&ssl=1",800,533,true],"1536x1536":["https:\/\/i0.wp.com\/blogdobispo.com.br\/wp-content\/uploads\/2025\/08\/1379_7a562644-6ea2-4831-bdff-2d83b30c52c1-jpeg.jpeg?fit=1536%2C1023&ssl=1",1536,1023,true],"2048x2048":["https:\/\/i0.wp.com\/blogdobispo.com.br\/wp-content\/uploads\/2025\/08\/1379_7a562644-6ea2-4831-bdff-2d83b30c52c1-jpeg.jpeg?fit=1600%2C1066&ssl=1",1600,1066,true]},"author_info":{"display_name":"Jefferson Sterfeno","author_link":"https:\/\/blogdobispo.com.br\/?author=1"},"category_info":"<a href=\"https:\/\/blogdobispo.com.br\/?cat=1\" rel=\"category\">diversos<\/a>","tag_info":"diversos","comment_count":"0","jetpack_featured_media_url":"https:\/\/i0.wp.com\/blogdobispo.com.br\/wp-content\/uploads\/2025\/08\/1379_7a562644-6ea2-4831-bdff-2d83b30c52c1-jpeg.jpeg?fit=1600%2C1066&ssl=1","jetpack_sharing_enabled":true,"_links":{"self":[{"href":"https:\/\/blogdobispo.com.br\/index.php?rest_route=\/wp\/v2\/posts\/6288","targetHints":{"allow":["GET"]}}],"collection":[{"href":"https:\/\/blogdobispo.com.br\/index.php?rest_route=\/wp\/v2\/posts"}],"about":[{"href":"https:\/\/blogdobispo.com.br\/index.php?rest_route=\/wp\/v2\/types\/post"}],"author":[{"embeddable":true,"href":"https:\/\/blogdobispo.com.br\/index.php?rest_route=\/wp\/v2\/users\/1"}],"replies":[{"embeddable":true,"href":"https:\/\/blogdobispo.com.br\/index.php?rest_route=%2Fwp%2Fv2%2Fcomments&post=6288"}],"version-history":[{"count":2,"href":"https:\/\/blogdobispo.com.br\/index.php?rest_route=\/wp\/v2\/posts\/6288\/revisions"}],"predecessor-version":[{"id":16436,"href":"https:\/\/blogdobispo.com.br\/index.php?rest_route=\/wp\/v2\/posts\/6288\/revisions\/16436"}],"wp:featuredmedia":[{"embeddable":true,"href":"https:\/\/blogdobispo.com.br\/index.php?rest_route=\/wp\/v2\/media\/6289"}],"wp:attachment":[{"href":"https:\/\/blogdobispo.com.br\/index.php?rest_route=%2Fwp%2Fv2%2Fmedia&parent=6288"}],"wp:term":[{"taxonomy":"category","embeddable":true,"href":"https:\/\/blogdobispo.com.br\/index.php?rest_route=%2Fwp%2Fv2%2Fcategories&post=6288"},{"taxonomy":"post_tag","embeddable":true,"href":"https:\/\/blogdobispo.com.br\/index.php?rest_route=%2Fwp%2Fv2%2Ftags&post=6288"}],"curies":[{"name":"wp","href":"https:\/\/api.w.org\/{rel}","templated":true}]}}