{"id":6284,"date":"2025-08-05T14:19:55","date_gmt":"2025-08-05T14:19:55","guid":{"rendered":"https:\/\/blogdobispo.com.br\/?p=6284"},"modified":"2025-08-06T00:18:41","modified_gmt":"2025-08-06T00:18:41","slug":"soldado-morre-apos-passar-mal-durante-curso-na-marinha-em-natal","status":"publish","type":"post","link":"https:\/\/blogdobispo.com.br\/?p=6284","title":{"rendered":"Soldado morre ap\u00f3s passar mal durante curso na Marinha em Natal"},"content":{"rendered":"\r\n<p>Um soldado, de identidade e idades n\u00e3o reveladas, morreu na noite desta segunda-feira (4), ap\u00f3s passar mal durante o curso de opera\u00e7\u00f5es t\u00e1ticas rurais da Pol\u00edcia Militar do Estado do Cear\u00e1 (PMCE), nas instala\u00e7\u00f5es do 3\u00ba Batalh\u00e3o de Opera\u00e7\u00f5es Litor\u00e2neas de Fuzileiros Navais, no bairro das Quintas, zona Leste de Natal.<\/p>\r\n\r\n\r\n\r\n<p>De acordo com o Comando do 3\u00ba Distrito Naval, da Marinha do Brasil (MB), ap\u00f3s o ocorrido, o militar recebeu os primeiros socorros pela equipe m\u00e9dica que acompanhava a instru\u00e7\u00e3o de nata\u00e7\u00e3o utilit\u00e1ria. Ele foi encaminhado ao Hospital Naval de Natal, por\u00e9m n\u00e3o respondeu \u00e0s manobras de ressuscita\u00e7\u00e3o realizadas e veio a \u00f3bito no local.<\/p>\r\n\r\n\r\n\r\n<p>Em aux\u00edlio \u00e0 PMCE, o N\u00facleo de Assist\u00eancia Social do Comando do 3\u00ba Distrito Naval foi disponibilizado nos Estados do Rio Grande do Norte e Cear\u00e1 para os apoios necess\u00e1rios.<\/p>\r\n\r\n\r\n\r\n<p>Um Inqu\u00e9rito Policial Militar foi instaurado para apurar as circunst\u00e2ncias do ocorrido. \u201cA Marinha do Brasil lamenta o ocorrido durante o Curso de Opera\u00e7\u00f5es T\u00e1ticas Rurais da Pol\u00edcia Militar do Estado do Cear\u00e1, e solidariza-se com aquela corpora\u00e7\u00e3o, familiares e amigos do Soldado\u201d, disse em nota.<\/p>\r\n\r\n\r\n\r\n<p><strong>Leia a nota na \u00edntegra:<\/strong><\/p>\r\n\r\n\r\n\r\n<p><em>NOTA \u00c0 IMPRENSA<br \/>Natal, RN.<br \/>Em 5 de agosto de 2025.<\/em><\/p>\r\n\r\n\r\n\r\n<p><em>A Marinha do Brasil (MB) informa que na noite de ontem (4) um Soldado, Aluno do Curso de Opera\u00e7\u00f5es T\u00e1ticas Rurais da Pol\u00edcia Militar do Estado do Cear\u00e1 (PMCE), sentiu-se mal durante a instru\u00e7\u00e3o de Nata\u00e7\u00e3o Utilit\u00e1ria, atividade que faz parte do curso, que ocorria nas instala\u00e7\u00f5es 3\u00ba Batalh\u00e3o de Opera\u00e7\u00f5es Litor\u00e2neas de Fuzileiros Navais.<\/em><\/p>\r\n\r\n\r\n\r\n<p><em>Imediatamente ao ocorrido, o militar recebeu os primeiros socorros pela equipe m\u00e9dica que acompanhava a instru\u00e7\u00e3o, sendo encaminhado para o Hospital Naval de Natal. Sem responder \u00e0s manobras de ressuscita\u00e7\u00e3o realizadas, infelizmente, o \u00f3bito do Soldado foi confirmado.<\/em><\/p>\r\n\r\n\r\n\r\n<p><em>Em aux\u00edlio \u00e0 PMCE, o N\u00facleo de Assist\u00eancia Social do Comando do 3\u00ba Distrito Naval foi disponibilizado nos Estados do Rio Grande do Norte e Cear\u00e1 para apoios necess\u00e1rios.<\/em><\/p>\r\n\r\n\r\n\r\n<p><em>A Marinha do Brasil lamenta o ocorrido durante o Curso de Opera\u00e7\u00f5es T\u00e1ticas Rurais da Pol\u00edcia Militar do Estado do Cear\u00e1, e solidariza-se com aquela corpora\u00e7\u00e3o, familiares e amigos do Soldado.<\/em><\/p>\r\n\r\n\r\n\r\n<p><em>Um Inqu\u00e9rito Policial Militar foi instaurado para apurar as circunst\u00e2ncias do ocorrido<\/em>.<\/p>\r\n\r\n\r\n\r\n<figure class=\"wp-block-image\"><img data-recalc-dims=\"1\" fetchpriority=\"high\" decoding=\"async\" width=\"800\" height=\"547\" class=\"wp-image-6285\" src=\"https:\/\/i0.wp.com\/blogdobispo.com.br\/wp-content\/uploads\/2025\/08\/WhatsApp-Image-2025-08-05-at-10.11.03.jpeg?resize=800%2C547\" alt=\"\" srcset=\"https:\/\/i0.wp.com\/blogdobispo.com.br\/wp-content\/uploads\/2025\/08\/WhatsApp-Image-2025-08-05-at-10.11.03.jpeg?w=896&amp;ssl=1 896w, https:\/\/i0.wp.com\/blogdobispo.com.br\/wp-content\/uploads\/2025\/08\/WhatsApp-Image-2025-08-05-at-10.11.03.jpeg?resize=300%2C205&amp;ssl=1 300w, https:\/\/i0.wp.com\/blogdobispo.com.br\/wp-content\/uploads\/2025\/08\/WhatsApp-Image-2025-08-05-at-10.11.03.jpeg?resize=768%2C525&amp;ssl=1 768w\" sizes=\"(max-width: 800px) 100vw, 800px\" \/><\/figure>\r\n\r\n\r\n\r\n<p>Tribuna do Norte<\/p>\r\n","protected":false},"excerpt":{"rendered":"<p>Um soldado, de identidade e idades n\u00e3o reveladas, morreu na noite desta segunda-feira (4), ap\u00f3s passar mal durante o curso de opera\u00e7\u00f5es t\u00e1ticas rurais da Pol\u00edcia Militar do Estado do Cear\u00e1 (PMCE), nas instala\u00e7\u00f5es do 3\u00ba Batalh\u00e3o de Opera\u00e7\u00f5es Litor\u00e2neas de Fuzileiros Navais, no bairro das Quintas, zona Leste de Natal. De acordo com o [&hellip;]<\/p>\n","protected":false},"author":1,"featured_media":6285,"comment_status":"open","ping_status":"open","sticky":false,"template":"","format":"standard","meta":{"cybocfi_hide_featured_image":"","_jetpack_memberships_contains_paid_content":false,"footnotes":""},"categories":[1],"tags":[],"class_list":["post-6284","post","type-post","status-publish","format-standard","has-post-thumbnail","hentry","category-diversos"],"yoast_head":"<!-- This site is optimized with the Yoast SEO plugin v25.6 - https:\/\/yoast.com\/wordpress\/plugins\/seo\/ -->\n<title>Soldado morre ap\u00f3s passar mal durante curso na Marinha em Natal - Blog do Bispo<\/title>\n<meta name=\"robots\" content=\"index, follow, max-snippet:-1, max-image-preview:large, max-video-preview:-1\" \/>\n<link rel=\"canonical\" href=\"https:\/\/blogdobispo.com.br\/?p=6284\" \/>\n<meta property=\"og:locale\" content=\"pt_BR\" \/>\n<meta property=\"og:type\" content=\"article\" \/>\n<meta property=\"og:title\" content=\"Soldado morre ap\u00f3s passar mal durante curso na Marinha em Natal - Blog do Bispo\" \/>\n<meta property=\"og:description\" content=\"Um soldado, de identidade e idades n\u00e3o reveladas, morreu na noite desta segunda-feira (4), ap\u00f3s passar mal durante o curso de opera\u00e7\u00f5es t\u00e1ticas rurais da Pol\u00edcia Militar do Estado do Cear\u00e1 (PMCE), nas instala\u00e7\u00f5es do 3\u00ba Batalh\u00e3o de Opera\u00e7\u00f5es Litor\u00e2neas de Fuzileiros Navais, no bairro das Quintas, zona Leste de Natal. De acordo com o [&hellip;]\" \/>\n<meta property=\"og:url\" content=\"https:\/\/blogdobispo.com.br\/?p=6284\" \/>\n<meta property=\"og:site_name\" content=\"Blog do Bispo\" \/>\n<meta property=\"article:published_time\" content=\"2025-08-05T14:19:55+00:00\" \/>\n<meta property=\"article:modified_time\" content=\"2025-08-06T00:18:41+00:00\" \/>\n<meta property=\"og:image\" content=\"https:\/\/i0.wp.com\/blogdobispo.com.br\/wp-content\/uploads\/2025\/08\/WhatsApp-Image-2025-08-05-at-10.11.03.jpeg?fit=896%2C613&ssl=1\" \/>\n\t<meta property=\"og:image:width\" content=\"896\" \/>\n\t<meta property=\"og:image:height\" content=\"613\" \/>\n\t<meta property=\"og:image:type\" content=\"image\/jpeg\" \/>\n<meta name=\"author\" content=\"Jefferson Sterfeno\" \/>\n<meta name=\"twitter:card\" content=\"summary_large_image\" \/>\n<meta name=\"twitter:label1\" content=\"Escrito por\" \/>\n\t<meta name=\"twitter:data1\" content=\"Jefferson Sterfeno\" \/>\n\t<meta name=\"twitter:label2\" content=\"Est. tempo de leitura\" \/>\n\t<meta name=\"twitter:data2\" content=\"3 minutos\" \/>\n<script type=\"application\/ld+json\" class=\"yoast-schema-graph\">{\"@context\":\"https:\/\/schema.org\",\"@graph\":[{\"@type\":\"Article\",\"@id\":\"https:\/\/blogdobispo.com.br\/?p=6284#article\",\"isPartOf\":{\"@id\":\"https:\/\/blogdobispo.com.br\/?p=6284\"},\"author\":{\"name\":\"Jefferson Sterfeno\",\"@id\":\"https:\/\/blogdobispo.com.br\/#\/schema\/person\/e2209cc0e6cea5c5233d033e997b373f\"},\"headline\":\"Soldado morre ap\u00f3s passar mal durante curso na Marinha em Natal\",\"datePublished\":\"2025-08-05T14:19:55+00:00\",\"dateModified\":\"2025-08-06T00:18:41+00:00\",\"mainEntityOfPage\":{\"@id\":\"https:\/\/blogdobispo.com.br\/?p=6284\"},\"wordCount\":415,\"commentCount\":0,\"publisher\":{\"@id\":\"https:\/\/blogdobispo.com.br\/#organization\"},\"image\":{\"@id\":\"https:\/\/blogdobispo.com.br\/?p=6284#primaryimage\"},\"thumbnailUrl\":\"https:\/\/i0.wp.com\/blogdobispo.com.br\/wp-content\/uploads\/2025\/08\/WhatsApp-Image-2025-08-05-at-10.11.03.jpeg?fit=896%2C613&ssl=1\",\"articleSection\":[\"diversos\"],\"inLanguage\":\"pt-BR\",\"potentialAction\":[{\"@type\":\"CommentAction\",\"name\":\"Comment\",\"target\":[\"https:\/\/blogdobispo.com.br\/?p=6284#respond\"]}]},{\"@type\":\"WebPage\",\"@id\":\"https:\/\/blogdobispo.com.br\/?p=6284\",\"url\":\"https:\/\/blogdobispo.com.br\/?p=6284\",\"name\":\"Soldado morre ap\u00f3s passar mal durante curso na Marinha em Natal - Blog do Bispo\",\"isPartOf\":{\"@id\":\"https:\/\/blogdobispo.com.br\/#website\"},\"primaryImageOfPage\":{\"@id\":\"https:\/\/blogdobispo.com.br\/?p=6284#primaryimage\"},\"image\":{\"@id\":\"https:\/\/blogdobispo.com.br\/?p=6284#primaryimage\"},\"thumbnailUrl\":\"https:\/\/i0.wp.com\/blogdobispo.com.br\/wp-content\/uploads\/2025\/08\/WhatsApp-Image-2025-08-05-at-10.11.03.jpeg?fit=896%2C613&ssl=1\",\"datePublished\":\"2025-08-05T14:19:55+00:00\",\"dateModified\":\"2025-08-06T00:18:41+00:00\",\"breadcrumb\":{\"@id\":\"https:\/\/blogdobispo.com.br\/?p=6284#breadcrumb\"},\"inLanguage\":\"pt-BR\",\"potentialAction\":[{\"@type\":\"ReadAction\",\"target\":[\"https:\/\/blogdobispo.com.br\/?p=6284\"]}]},{\"@type\":\"ImageObject\",\"inLanguage\":\"pt-BR\",\"@id\":\"https:\/\/blogdobispo.com.br\/?p=6284#primaryimage\",\"url\":\"https:\/\/i0.wp.com\/blogdobispo.com.br\/wp-content\/uploads\/2025\/08\/WhatsApp-Image-2025-08-05-at-10.11.03.jpeg?fit=896%2C613&ssl=1\",\"contentUrl\":\"https:\/\/i0.wp.com\/blogdobispo.com.br\/wp-content\/uploads\/2025\/08\/WhatsApp-Image-2025-08-05-at-10.11.03.jpeg?fit=896%2C613&ssl=1\",\"width\":896,\"height\":613},{\"@type\":\"BreadcrumbList\",\"@id\":\"https:\/\/blogdobispo.com.br\/?p=6284#breadcrumb\",\"itemListElement\":[{\"@type\":\"ListItem\",\"position\":1,\"name\":\"In\u00edcio\",\"item\":\"https:\/\/blogdobispo.com.br\/\"},{\"@type\":\"ListItem\",\"position\":2,\"name\":\"Soldado morre ap\u00f3s passar mal durante curso na Marinha em Natal\"}]},{\"@type\":\"WebSite\",\"@id\":\"https:\/\/blogdobispo.com.br\/#website\",\"url\":\"https:\/\/blogdobispo.com.br\/\",\"name\":\"Blog do Bispo\",\"description\":\"Comprometido apenas com o leitor\",\"publisher\":{\"@id\":\"https:\/\/blogdobispo.com.br\/#organization\"},\"potentialAction\":[{\"@type\":\"SearchAction\",\"target\":{\"@type\":\"EntryPoint\",\"urlTemplate\":\"https:\/\/blogdobispo.com.br\/?s={search_term_string}\"},\"query-input\":{\"@type\":\"PropertyValueSpecification\",\"valueRequired\":true,\"valueName\":\"search_term_string\"}}],\"inLanguage\":\"pt-BR\"},{\"@type\":\"Organization\",\"@id\":\"https:\/\/blogdobispo.com.br\/#organization\",\"name\":\"Blog do Bispo\",\"url\":\"https:\/\/blogdobispo.com.br\/\",\"logo\":{\"@type\":\"ImageObject\",\"inLanguage\":\"pt-BR\",\"@id\":\"https:\/\/blogdobispo.com.br\/#\/schema\/logo\/image\/\",\"url\":\"http:\/\/blogdobispo.com.br\/wp-content\/uploads\/2023\/05\/cropped-headear.png\",\"contentUrl\":\"http:\/\/blogdobispo.com.br\/wp-content\/uploads\/2023\/05\/cropped-headear.png\",\"width\":1500,\"height\":399,\"caption\":\"Blog do Bispo\"},\"image\":{\"@id\":\"https:\/\/blogdobispo.com.br\/#\/schema\/logo\/image\/\"}},{\"@type\":\"Person\",\"@id\":\"https:\/\/blogdobispo.com.br\/#\/schema\/person\/e2209cc0e6cea5c5233d033e997b373f\",\"name\":\"Jefferson Sterfeno\",\"image\":{\"@type\":\"ImageObject\",\"inLanguage\":\"pt-BR\",\"@id\":\"https:\/\/blogdobispo.com.br\/#\/schema\/person\/image\/\",\"url\":\"https:\/\/secure.gravatar.com\/avatar\/0534e84764641168a677026b6d57a3f51dc7ac4db0b4f6186d9cb330d4ee1160?s=96&d=mm&r=g\",\"contentUrl\":\"https:\/\/secure.gravatar.com\/avatar\/0534e84764641168a677026b6d57a3f51dc7ac4db0b4f6186d9cb330d4ee1160?s=96&d=mm&r=g\",\"caption\":\"Jefferson Sterfeno\"},\"sameAs\":[\"http:\/\/blogdobispo.com.br\"],\"url\":\"https:\/\/blogdobispo.com.br\/?author=1\"}]}<\/script>\n<!-- \/ Yoast SEO plugin. -->","yoast_head_json":{"title":"Soldado morre ap\u00f3s passar mal durante curso na Marinha em Natal - Blog do Bispo","robots":{"index":"index","follow":"follow","max-snippet":"max-snippet:-1","max-image-preview":"max-image-preview:large","max-video-preview":"max-video-preview:-1"},"canonical":"https:\/\/blogdobispo.com.br\/?p=6284","og_locale":"pt_BR","og_type":"article","og_title":"Soldado morre ap\u00f3s passar mal durante curso na Marinha em Natal - Blog do Bispo","og_description":"Um soldado, de identidade e idades n\u00e3o reveladas, morreu na noite desta segunda-feira (4), ap\u00f3s passar mal durante o curso de opera\u00e7\u00f5es t\u00e1ticas rurais da Pol\u00edcia Militar do Estado do Cear\u00e1 (PMCE), nas instala\u00e7\u00f5es do 3\u00ba Batalh\u00e3o de Opera\u00e7\u00f5es Litor\u00e2neas de Fuzileiros Navais, no bairro das Quintas, zona Leste de Natal. De acordo com o [&hellip;]","og_url":"https:\/\/blogdobispo.com.br\/?p=6284","og_site_name":"Blog do Bispo","article_published_time":"2025-08-05T14:19:55+00:00","article_modified_time":"2025-08-06T00:18:41+00:00","og_image":[{"width":896,"height":613,"url":"https:\/\/i0.wp.com\/blogdobispo.com.br\/wp-content\/uploads\/2025\/08\/WhatsApp-Image-2025-08-05-at-10.11.03.jpeg?fit=896%2C613&ssl=1","type":"image\/jpeg"}],"author":"Jefferson Sterfeno","twitter_card":"summary_large_image","twitter_misc":{"Escrito por":"Jefferson Sterfeno","Est. tempo de leitura":"3 minutos"},"schema":{"@context":"https:\/\/schema.org","@graph":[{"@type":"Article","@id":"https:\/\/blogdobispo.com.br\/?p=6284#article","isPartOf":{"@id":"https:\/\/blogdobispo.com.br\/?p=6284"},"author":{"name":"Jefferson Sterfeno","@id":"https:\/\/blogdobispo.com.br\/#\/schema\/person\/e2209cc0e6cea5c5233d033e997b373f"},"headline":"Soldado morre ap\u00f3s passar mal durante curso na Marinha em Natal","datePublished":"2025-08-05T14:19:55+00:00","dateModified":"2025-08-06T00:18:41+00:00","mainEntityOfPage":{"@id":"https:\/\/blogdobispo.com.br\/?p=6284"},"wordCount":415,"commentCount":0,"publisher":{"@id":"https:\/\/blogdobispo.com.br\/#organization"},"image":{"@id":"https:\/\/blogdobispo.com.br\/?p=6284#primaryimage"},"thumbnailUrl":"https:\/\/i0.wp.com\/blogdobispo.com.br\/wp-content\/uploads\/2025\/08\/WhatsApp-Image-2025-08-05-at-10.11.03.jpeg?fit=896%2C613&ssl=1","articleSection":["diversos"],"inLanguage":"pt-BR","potentialAction":[{"@type":"CommentAction","name":"Comment","target":["https:\/\/blogdobispo.com.br\/?p=6284#respond"]}]},{"@type":"WebPage","@id":"https:\/\/blogdobispo.com.br\/?p=6284","url":"https:\/\/blogdobispo.com.br\/?p=6284","name":"Soldado morre ap\u00f3s passar mal durante curso na Marinha em Natal - Blog do Bispo","isPartOf":{"@id":"https:\/\/blogdobispo.com.br\/#website"},"primaryImageOfPage":{"@id":"https:\/\/blogdobispo.com.br\/?p=6284#primaryimage"},"image":{"@id":"https:\/\/blogdobispo.com.br\/?p=6284#primaryimage"},"thumbnailUrl":"https:\/\/i0.wp.com\/blogdobispo.com.br\/wp-content\/uploads\/2025\/08\/WhatsApp-Image-2025-08-05-at-10.11.03.jpeg?fit=896%2C613&ssl=1","datePublished":"2025-08-05T14:19:55+00:00","dateModified":"2025-08-06T00:18:41+00:00","breadcrumb":{"@id":"https:\/\/blogdobispo.com.br\/?p=6284#breadcrumb"},"inLanguage":"pt-BR","potentialAction":[{"@type":"ReadAction","target":["https:\/\/blogdobispo.com.br\/?p=6284"]}]},{"@type":"ImageObject","inLanguage":"pt-BR","@id":"https:\/\/blogdobispo.com.br\/?p=6284#primaryimage","url":"https:\/\/i0.wp.com\/blogdobispo.com.br\/wp-content\/uploads\/2025\/08\/WhatsApp-Image-2025-08-05-at-10.11.03.jpeg?fit=896%2C613&ssl=1","contentUrl":"https:\/\/i0.wp.com\/blogdobispo.com.br\/wp-content\/uploads\/2025\/08\/WhatsApp-Image-2025-08-05-at-10.11.03.jpeg?fit=896%2C613&ssl=1","width":896,"height":613},{"@type":"BreadcrumbList","@id":"https:\/\/blogdobispo.com.br\/?p=6284#breadcrumb","itemListElement":[{"@type":"ListItem","position":1,"name":"In\u00edcio","item":"https:\/\/blogdobispo.com.br\/"},{"@type":"ListItem","position":2,"name":"Soldado morre ap\u00f3s passar mal durante curso na Marinha em Natal"}]},{"@type":"WebSite","@id":"https:\/\/blogdobispo.com.br\/#website","url":"https:\/\/blogdobispo.com.br\/","name":"Blog do Bispo","description":"Comprometido apenas com o leitor","publisher":{"@id":"https:\/\/blogdobispo.com.br\/#organization"},"potentialAction":[{"@type":"SearchAction","target":{"@type":"EntryPoint","urlTemplate":"https:\/\/blogdobispo.com.br\/?s={search_term_string}"},"query-input":{"@type":"PropertyValueSpecification","valueRequired":true,"valueName":"search_term_string"}}],"inLanguage":"pt-BR"},{"@type":"Organization","@id":"https:\/\/blogdobispo.com.br\/#organization","name":"Blog do Bispo","url":"https:\/\/blogdobispo.com.br\/","logo":{"@type":"ImageObject","inLanguage":"pt-BR","@id":"https:\/\/blogdobispo.com.br\/#\/schema\/logo\/image\/","url":"http:\/\/blogdobispo.com.br\/wp-content\/uploads\/2023\/05\/cropped-headear.png","contentUrl":"http:\/\/blogdobispo.com.br\/wp-content\/uploads\/2023\/05\/cropped-headear.png","width":1500,"height":399,"caption":"Blog do Bispo"},"image":{"@id":"https:\/\/blogdobispo.com.br\/#\/schema\/logo\/image\/"}},{"@type":"Person","@id":"https:\/\/blogdobispo.com.br\/#\/schema\/person\/e2209cc0e6cea5c5233d033e997b373f","name":"Jefferson Sterfeno","image":{"@type":"ImageObject","inLanguage":"pt-BR","@id":"https:\/\/blogdobispo.com.br\/#\/schema\/person\/image\/","url":"https:\/\/secure.gravatar.com\/avatar\/0534e84764641168a677026b6d57a3f51dc7ac4db0b4f6186d9cb330d4ee1160?s=96&d=mm&r=g","contentUrl":"https:\/\/secure.gravatar.com\/avatar\/0534e84764641168a677026b6d57a3f51dc7ac4db0b4f6186d9cb330d4ee1160?s=96&d=mm&r=g","caption":"Jefferson Sterfeno"},"sameAs":["http:\/\/blogdobispo.com.br"],"url":"https:\/\/blogdobispo.com.br\/?author=1"}]}},"featured_image_urls":{"full":["https:\/\/i0.wp.com\/blogdobispo.com.br\/wp-content\/uploads\/2025\/08\/WhatsApp-Image-2025-08-05-at-10.11.03.jpeg?fit=896%2C613&ssl=1",896,613,false],"thumbnail":["https:\/\/i0.wp.com\/blogdobispo.com.br\/wp-content\/uploads\/2025\/08\/WhatsApp-Image-2025-08-05-at-10.11.03.jpeg?resize=150%2C150&ssl=1",150,150,true],"medium":["https:\/\/i0.wp.com\/blogdobispo.com.br\/wp-content\/uploads\/2025\/08\/WhatsApp-Image-2025-08-05-at-10.11.03.jpeg?fit=300%2C205&ssl=1",300,205,true],"medium_large":["https:\/\/i0.wp.com\/blogdobispo.com.br\/wp-content\/uploads\/2025\/08\/WhatsApp-Image-2025-08-05-at-10.11.03.jpeg?fit=768%2C525&ssl=1",768,525,true],"large":["https:\/\/i0.wp.com\/blogdobispo.com.br\/wp-content\/uploads\/2025\/08\/WhatsApp-Image-2025-08-05-at-10.11.03.jpeg?fit=800%2C547&ssl=1",800,547,true],"1536x1536":["https:\/\/i0.wp.com\/blogdobispo.com.br\/wp-content\/uploads\/2025\/08\/WhatsApp-Image-2025-08-05-at-10.11.03.jpeg?fit=896%2C613&ssl=1",896,613,true],"2048x2048":["https:\/\/i0.wp.com\/blogdobispo.com.br\/wp-content\/uploads\/2025\/08\/WhatsApp-Image-2025-08-05-at-10.11.03.jpeg?fit=896%2C613&ssl=1",896,613,true]},"author_info":{"display_name":"Jefferson Sterfeno","author_link":"https:\/\/blogdobispo.com.br\/?author=1"},"category_info":"<a href=\"https:\/\/blogdobispo.com.br\/?cat=1\" rel=\"category\">diversos<\/a>","tag_info":"diversos","comment_count":"0","jetpack_featured_media_url":"https:\/\/i0.wp.com\/blogdobispo.com.br\/wp-content\/uploads\/2025\/08\/WhatsApp-Image-2025-08-05-at-10.11.03.jpeg?fit=896%2C613&ssl=1","jetpack_sharing_enabled":true,"_links":{"self":[{"href":"https:\/\/blogdobispo.com.br\/index.php?rest_route=\/wp\/v2\/posts\/6284","targetHints":{"allow":["GET"]}}],"collection":[{"href":"https:\/\/blogdobispo.com.br\/index.php?rest_route=\/wp\/v2\/posts"}],"about":[{"href":"https:\/\/blogdobispo.com.br\/index.php?rest_route=\/wp\/v2\/types\/post"}],"author":[{"embeddable":true,"href":"https:\/\/blogdobispo.com.br\/index.php?rest_route=\/wp\/v2\/users\/1"}],"replies":[{"embeddable":true,"href":"https:\/\/blogdobispo.com.br\/index.php?rest_route=%2Fwp%2Fv2%2Fcomments&post=6284"}],"version-history":[{"count":3,"href":"https:\/\/blogdobispo.com.br\/index.php?rest_route=\/wp\/v2\/posts\/6284\/revisions"}],"predecessor-version":[{"id":16437,"href":"https:\/\/blogdobispo.com.br\/index.php?rest_route=\/wp\/v2\/posts\/6284\/revisions\/16437"}],"wp:featuredmedia":[{"embeddable":true,"href":"https:\/\/blogdobispo.com.br\/index.php?rest_route=\/wp\/v2\/media\/6285"}],"wp:attachment":[{"href":"https:\/\/blogdobispo.com.br\/index.php?rest_route=%2Fwp%2Fv2%2Fmedia&parent=6284"}],"wp:term":[{"taxonomy":"category","embeddable":true,"href":"https:\/\/blogdobispo.com.br\/index.php?rest_route=%2Fwp%2Fv2%2Fcategories&post=6284"},{"taxonomy":"post_tag","embeddable":true,"href":"https:\/\/blogdobispo.com.br\/index.php?rest_route=%2Fwp%2Fv2%2Ftags&post=6284"}],"curies":[{"name":"wp","href":"https:\/\/api.w.org\/{rel}","templated":true}]}}