{"id":6279,"date":"2025-08-05T12:40:41","date_gmt":"2025-08-05T12:40:41","guid":{"rendered":"https:\/\/blogdobispo.com.br\/?p=6279"},"modified":"2025-08-06T00:19:24","modified_gmt":"2025-08-06T00:19:24","slug":"saiba-quem-era-o-servidor-vitima-da-amarracao-amorosa-da-vice-prefeita","status":"publish","type":"post","link":"https:\/\/blogdobispo.com.br\/?p=6279","title":{"rendered":"Saiba quem era o servidor v\u00edtima da &#8220;amarra\u00e7\u00e3o amorosa&#8221; da Vice-Prefeita"},"content":{"rendered":"\r\n<p>O Minist\u00e9rio P\u00fablico de S\u00e3o Paulo (MPSP) denunciou a vice-prefeita e secret\u00e1ria municipal de Sa\u00fade de Ribeira, <strong>Juliana Maria Teixeira da Costa (MDB)<\/strong>, por envolvimento em um esquema de desvio de recursos p\u00fablicos com o objetivo de pagar por um ritual de \u201camarra\u00e7\u00e3o amorosa\u201d. O servidor p\u00fablico <strong>Lauro Oleg\u00e1rio da Silva Filho<\/strong>, coordenador municipal de Sa\u00fade e suposto alvo do ritual, tamb\u00e9m foi denunciado.<\/p>\r\n\r\n\r\n\r\n<p>De acordo com a investiga\u00e7\u00e3o do MPSP, Juliana teria contratado os servi\u00e7os de uma suposta m\u00e3e de santo, identificada nas redes sociais como \u201cMentora Samantha\u201d, com o intuito de enfraquecer o casamento de Lauro e fortalecer uma rela\u00e7\u00e3o afetiva entre os dois. Para isso, a vice-prefeita teria utilizado verbas da sa\u00fade p\u00fablica, repassando aproximadamente <strong>R$\u202f41,2 mil<\/strong> \u00e0 empresa <strong>W. F. Da Silva Treinamentos Ltda.<\/strong>, que, por sua vez, teria transferido o valor \u00e0 prestadora dos servi\u00e7os espirituais.<\/p>\r\n\r\n\r\n\r\n<p>A promotoria aponta ind\u00edcios de crimes como <strong>peculato<\/strong>, <strong>fraude em licita\u00e7\u00e3o<\/strong>, <strong>falsidade ideol\u00f3gica<\/strong>, <strong>uso de documento falso<\/strong> e <strong>associa\u00e7\u00e3o criminosa<\/strong>. A den\u00fancia foi protocolada no dia <strong>30 de julho de 2025<\/strong>, e resultou em <strong>liminar concedida pela Justi\u00e7a em 1\u00ba de agosto<\/strong>, determinando o afastamento dos investigados das fun\u00e7\u00f5es p\u00fablicas e a suspens\u00e3o dos contratos da empresa envolvida com a prefeitura de Ribeira.<\/p>\r\n\r\n\r\n\r\n<p>Capturas de tela e comprovantes de pagamento publicados pela pr\u00f3pria \u201cMentora Samantha\u201d em redes sociais foram cruciais para o avan\u00e7o das investiga\u00e7\u00f5es. Em uma das postagens, aparece um comprovante banc\u00e1rio com o valor de R$\u202f41,2 mil, atribu\u00eddo ao ritual de \u201ccasamento espiritual\u201d entre Juliana e Lauro.<\/p>\r\n\r\n\r\n\r\n<p>A Justi\u00e7a tamb\u00e9m proibiu os denunciados de acessarem as depend\u00eancias da prefeitura e de manterem contato com servidores da sa\u00fade ou testemunhas do processo.<\/p>\r\n\r\n\r\n\r\n<p>At\u00e9 o momento, os acusados n\u00e3o se manifestaram publicamente sobre as den\u00fancias. O caso segue sob an\u00e1lise do Poder Judici\u00e1rio.<\/p>\r\n\r\n\r\n\r\n<figure class=\"wp-block-image\"><img fetchpriority=\"high\" decoding=\"async\" width=\"700\" height=\"467\" class=\"wp-image-6280\" src=\"http:\/\/blogdobispo.com.br\/wp-content\/uploads\/2025\/08\/0e78c0e2623c7516d7518708475e9a01.avif\" alt=\"\" srcset=\"https:\/\/blogdobispo.com.br\/wp-content\/uploads\/2025\/08\/0e78c0e2623c7516d7518708475e9a01.avif 700w, https:\/\/blogdobispo.com.br\/wp-content\/uploads\/2025\/08\/0e78c0e2623c7516d7518708475e9a01-300x200.avif 300w\" sizes=\"(max-width: 700px) 100vw, 700px\" \/><\/figure>\r\n","protected":false},"excerpt":{"rendered":"<p>O Minist\u00e9rio P\u00fablico de S\u00e3o Paulo (MPSP) denunciou a vice-prefeita e secret\u00e1ria municipal de Sa\u00fade de Ribeira, Juliana Maria Teixeira da Costa (MDB), por envolvimento em um esquema de desvio de recursos p\u00fablicos com o objetivo de pagar por um ritual de \u201camarra\u00e7\u00e3o amorosa\u201d. O servidor p\u00fablico Lauro Oleg\u00e1rio da Silva Filho, coordenador municipal de [&hellip;]<\/p>\n","protected":false},"author":1,"featured_media":6280,"comment_status":"open","ping_status":"open","sticky":false,"template":"","format":"standard","meta":{"cybocfi_hide_featured_image":"","_jetpack_memberships_contains_paid_content":false,"footnotes":""},"categories":[1],"tags":[],"class_list":["post-6279","post","type-post","status-publish","format-standard","has-post-thumbnail","hentry","category-diversos"],"yoast_head":"<!-- This site is optimized with the Yoast SEO plugin v25.6 - https:\/\/yoast.com\/wordpress\/plugins\/seo\/ -->\n<title>Saiba quem era o servidor v\u00edtima da &quot;amarra\u00e7\u00e3o amorosa&quot; da Vice-Prefeita - Blog do Bispo<\/title>\n<meta name=\"robots\" content=\"index, follow, max-snippet:-1, max-image-preview:large, max-video-preview:-1\" \/>\n<link rel=\"canonical\" href=\"https:\/\/blogdobispo.com.br\/?p=6279\" \/>\n<meta property=\"og:locale\" content=\"pt_BR\" \/>\n<meta property=\"og:type\" content=\"article\" \/>\n<meta property=\"og:title\" content=\"Saiba quem era o servidor v\u00edtima da &quot;amarra\u00e7\u00e3o amorosa&quot; da Vice-Prefeita - Blog do Bispo\" \/>\n<meta property=\"og:description\" content=\"O Minist\u00e9rio P\u00fablico de S\u00e3o Paulo (MPSP) denunciou a vice-prefeita e secret\u00e1ria municipal de Sa\u00fade de Ribeira, Juliana Maria Teixeira da Costa (MDB), por envolvimento em um esquema de desvio de recursos p\u00fablicos com o objetivo de pagar por um ritual de \u201camarra\u00e7\u00e3o amorosa\u201d. O servidor p\u00fablico Lauro Oleg\u00e1rio da Silva Filho, coordenador municipal de [&hellip;]\" \/>\n<meta property=\"og:url\" content=\"https:\/\/blogdobispo.com.br\/?p=6279\" \/>\n<meta property=\"og:site_name\" content=\"Blog do Bispo\" \/>\n<meta property=\"article:published_time\" content=\"2025-08-05T12:40:41+00:00\" \/>\n<meta property=\"article:modified_time\" content=\"2025-08-06T00:19:24+00:00\" \/>\n<meta name=\"author\" content=\"Jefferson Sterfeno\" \/>\n<meta name=\"twitter:card\" content=\"summary_large_image\" \/>\n<meta name=\"twitter:label1\" content=\"Escrito por\" \/>\n\t<meta name=\"twitter:data1\" content=\"Jefferson Sterfeno\" \/>\n\t<meta name=\"twitter:label2\" content=\"Est. tempo de leitura\" \/>\n\t<meta name=\"twitter:data2\" content=\"2 minutos\" \/>\n<script type=\"application\/ld+json\" class=\"yoast-schema-graph\">{\"@context\":\"https:\/\/schema.org\",\"@graph\":[{\"@type\":\"Article\",\"@id\":\"https:\/\/blogdobispo.com.br\/?p=6279#article\",\"isPartOf\":{\"@id\":\"https:\/\/blogdobispo.com.br\/?p=6279\"},\"author\":{\"name\":\"Jefferson Sterfeno\",\"@id\":\"https:\/\/blogdobispo.com.br\/#\/schema\/person\/e2209cc0e6cea5c5233d033e997b373f\"},\"headline\":\"Saiba quem era o servidor v\u00edtima da &#8220;amarra\u00e7\u00e3o amorosa&#8221; da Vice-Prefeita\",\"datePublished\":\"2025-08-05T12:40:41+00:00\",\"dateModified\":\"2025-08-06T00:19:24+00:00\",\"mainEntityOfPage\":{\"@id\":\"https:\/\/blogdobispo.com.br\/?p=6279\"},\"wordCount\":342,\"commentCount\":0,\"publisher\":{\"@id\":\"https:\/\/blogdobispo.com.br\/#organization\"},\"image\":{\"@id\":\"https:\/\/blogdobispo.com.br\/?p=6279#primaryimage\"},\"thumbnailUrl\":\"https:\/\/blogdobispo.com.br\/wp-content\/uploads\/2025\/08\/0e78c0e2623c7516d7518708475e9a01.avif\",\"articleSection\":[\"diversos\"],\"inLanguage\":\"pt-BR\",\"potentialAction\":[{\"@type\":\"CommentAction\",\"name\":\"Comment\",\"target\":[\"https:\/\/blogdobispo.com.br\/?p=6279#respond\"]}]},{\"@type\":\"WebPage\",\"@id\":\"https:\/\/blogdobispo.com.br\/?p=6279\",\"url\":\"https:\/\/blogdobispo.com.br\/?p=6279\",\"name\":\"Saiba quem era o servidor v\u00edtima da \\\"amarra\u00e7\u00e3o amorosa\\\" da Vice-Prefeita - Blog do Bispo\",\"isPartOf\":{\"@id\":\"https:\/\/blogdobispo.com.br\/#website\"},\"primaryImageOfPage\":{\"@id\":\"https:\/\/blogdobispo.com.br\/?p=6279#primaryimage\"},\"image\":{\"@id\":\"https:\/\/blogdobispo.com.br\/?p=6279#primaryimage\"},\"thumbnailUrl\":\"https:\/\/blogdobispo.com.br\/wp-content\/uploads\/2025\/08\/0e78c0e2623c7516d7518708475e9a01.avif\",\"datePublished\":\"2025-08-05T12:40:41+00:00\",\"dateModified\":\"2025-08-06T00:19:24+00:00\",\"breadcrumb\":{\"@id\":\"https:\/\/blogdobispo.com.br\/?p=6279#breadcrumb\"},\"inLanguage\":\"pt-BR\",\"potentialAction\":[{\"@type\":\"ReadAction\",\"target\":[\"https:\/\/blogdobispo.com.br\/?p=6279\"]}]},{\"@type\":\"ImageObject\",\"inLanguage\":\"pt-BR\",\"@id\":\"https:\/\/blogdobispo.com.br\/?p=6279#primaryimage\",\"url\":\"https:\/\/blogdobispo.com.br\/wp-content\/uploads\/2025\/08\/0e78c0e2623c7516d7518708475e9a01.avif\",\"contentUrl\":\"https:\/\/blogdobispo.com.br\/wp-content\/uploads\/2025\/08\/0e78c0e2623c7516d7518708475e9a01.avif\",\"width\":700,\"height\":467},{\"@type\":\"BreadcrumbList\",\"@id\":\"https:\/\/blogdobispo.com.br\/?p=6279#breadcrumb\",\"itemListElement\":[{\"@type\":\"ListItem\",\"position\":1,\"name\":\"In\u00edcio\",\"item\":\"https:\/\/blogdobispo.com.br\/\"},{\"@type\":\"ListItem\",\"position\":2,\"name\":\"Saiba quem era o servidor v\u00edtima da &#8220;amarra\u00e7\u00e3o amorosa&#8221; da Vice-Prefeita\"}]},{\"@type\":\"WebSite\",\"@id\":\"https:\/\/blogdobispo.com.br\/#website\",\"url\":\"https:\/\/blogdobispo.com.br\/\",\"name\":\"Blog do Bispo\",\"description\":\"Comprometido apenas com o leitor\",\"publisher\":{\"@id\":\"https:\/\/blogdobispo.com.br\/#organization\"},\"potentialAction\":[{\"@type\":\"SearchAction\",\"target\":{\"@type\":\"EntryPoint\",\"urlTemplate\":\"https:\/\/blogdobispo.com.br\/?s={search_term_string}\"},\"query-input\":{\"@type\":\"PropertyValueSpecification\",\"valueRequired\":true,\"valueName\":\"search_term_string\"}}],\"inLanguage\":\"pt-BR\"},{\"@type\":\"Organization\",\"@id\":\"https:\/\/blogdobispo.com.br\/#organization\",\"name\":\"Blog do Bispo\",\"url\":\"https:\/\/blogdobispo.com.br\/\",\"logo\":{\"@type\":\"ImageObject\",\"inLanguage\":\"pt-BR\",\"@id\":\"https:\/\/blogdobispo.com.br\/#\/schema\/logo\/image\/\",\"url\":\"http:\/\/blogdobispo.com.br\/wp-content\/uploads\/2023\/05\/cropped-headear.png\",\"contentUrl\":\"http:\/\/blogdobispo.com.br\/wp-content\/uploads\/2023\/05\/cropped-headear.png\",\"width\":1500,\"height\":399,\"caption\":\"Blog do Bispo\"},\"image\":{\"@id\":\"https:\/\/blogdobispo.com.br\/#\/schema\/logo\/image\/\"}},{\"@type\":\"Person\",\"@id\":\"https:\/\/blogdobispo.com.br\/#\/schema\/person\/e2209cc0e6cea5c5233d033e997b373f\",\"name\":\"Jefferson Sterfeno\",\"image\":{\"@type\":\"ImageObject\",\"inLanguage\":\"pt-BR\",\"@id\":\"https:\/\/blogdobispo.com.br\/#\/schema\/person\/image\/\",\"url\":\"https:\/\/secure.gravatar.com\/avatar\/0534e84764641168a677026b6d57a3f51dc7ac4db0b4f6186d9cb330d4ee1160?s=96&d=mm&r=g\",\"contentUrl\":\"https:\/\/secure.gravatar.com\/avatar\/0534e84764641168a677026b6d57a3f51dc7ac4db0b4f6186d9cb330d4ee1160?s=96&d=mm&r=g\",\"caption\":\"Jefferson Sterfeno\"},\"sameAs\":[\"http:\/\/blogdobispo.com.br\"],\"url\":\"https:\/\/blogdobispo.com.br\/?author=1\"}]}<\/script>\n<!-- \/ Yoast SEO plugin. -->","yoast_head_json":{"title":"Saiba quem era o servidor v\u00edtima da \"amarra\u00e7\u00e3o amorosa\" da Vice-Prefeita - Blog do Bispo","robots":{"index":"index","follow":"follow","max-snippet":"max-snippet:-1","max-image-preview":"max-image-preview:large","max-video-preview":"max-video-preview:-1"},"canonical":"https:\/\/blogdobispo.com.br\/?p=6279","og_locale":"pt_BR","og_type":"article","og_title":"Saiba quem era o servidor v\u00edtima da \"amarra\u00e7\u00e3o amorosa\" da Vice-Prefeita - Blog do Bispo","og_description":"O Minist\u00e9rio P\u00fablico de S\u00e3o Paulo (MPSP) denunciou a vice-prefeita e secret\u00e1ria municipal de Sa\u00fade de Ribeira, Juliana Maria Teixeira da Costa (MDB), por envolvimento em um esquema de desvio de recursos p\u00fablicos com o objetivo de pagar por um ritual de \u201camarra\u00e7\u00e3o amorosa\u201d. O servidor p\u00fablico Lauro Oleg\u00e1rio da Silva Filho, coordenador municipal de [&hellip;]","og_url":"https:\/\/blogdobispo.com.br\/?p=6279","og_site_name":"Blog do Bispo","article_published_time":"2025-08-05T12:40:41+00:00","article_modified_time":"2025-08-06T00:19:24+00:00","author":"Jefferson Sterfeno","twitter_card":"summary_large_image","twitter_misc":{"Escrito por":"Jefferson Sterfeno","Est. tempo de leitura":"2 minutos"},"schema":{"@context":"https:\/\/schema.org","@graph":[{"@type":"Article","@id":"https:\/\/blogdobispo.com.br\/?p=6279#article","isPartOf":{"@id":"https:\/\/blogdobispo.com.br\/?p=6279"},"author":{"name":"Jefferson Sterfeno","@id":"https:\/\/blogdobispo.com.br\/#\/schema\/person\/e2209cc0e6cea5c5233d033e997b373f"},"headline":"Saiba quem era o servidor v\u00edtima da &#8220;amarra\u00e7\u00e3o amorosa&#8221; da Vice-Prefeita","datePublished":"2025-08-05T12:40:41+00:00","dateModified":"2025-08-06T00:19:24+00:00","mainEntityOfPage":{"@id":"https:\/\/blogdobispo.com.br\/?p=6279"},"wordCount":342,"commentCount":0,"publisher":{"@id":"https:\/\/blogdobispo.com.br\/#organization"},"image":{"@id":"https:\/\/blogdobispo.com.br\/?p=6279#primaryimage"},"thumbnailUrl":"https:\/\/blogdobispo.com.br\/wp-content\/uploads\/2025\/08\/0e78c0e2623c7516d7518708475e9a01.avif","articleSection":["diversos"],"inLanguage":"pt-BR","potentialAction":[{"@type":"CommentAction","name":"Comment","target":["https:\/\/blogdobispo.com.br\/?p=6279#respond"]}]},{"@type":"WebPage","@id":"https:\/\/blogdobispo.com.br\/?p=6279","url":"https:\/\/blogdobispo.com.br\/?p=6279","name":"Saiba quem era o servidor v\u00edtima da \"amarra\u00e7\u00e3o amorosa\" da Vice-Prefeita - Blog do Bispo","isPartOf":{"@id":"https:\/\/blogdobispo.com.br\/#website"},"primaryImageOfPage":{"@id":"https:\/\/blogdobispo.com.br\/?p=6279#primaryimage"},"image":{"@id":"https:\/\/blogdobispo.com.br\/?p=6279#primaryimage"},"thumbnailUrl":"https:\/\/blogdobispo.com.br\/wp-content\/uploads\/2025\/08\/0e78c0e2623c7516d7518708475e9a01.avif","datePublished":"2025-08-05T12:40:41+00:00","dateModified":"2025-08-06T00:19:24+00:00","breadcrumb":{"@id":"https:\/\/blogdobispo.com.br\/?p=6279#breadcrumb"},"inLanguage":"pt-BR","potentialAction":[{"@type":"ReadAction","target":["https:\/\/blogdobispo.com.br\/?p=6279"]}]},{"@type":"ImageObject","inLanguage":"pt-BR","@id":"https:\/\/blogdobispo.com.br\/?p=6279#primaryimage","url":"https:\/\/blogdobispo.com.br\/wp-content\/uploads\/2025\/08\/0e78c0e2623c7516d7518708475e9a01.avif","contentUrl":"https:\/\/blogdobispo.com.br\/wp-content\/uploads\/2025\/08\/0e78c0e2623c7516d7518708475e9a01.avif","width":700,"height":467},{"@type":"BreadcrumbList","@id":"https:\/\/blogdobispo.com.br\/?p=6279#breadcrumb","itemListElement":[{"@type":"ListItem","position":1,"name":"In\u00edcio","item":"https:\/\/blogdobispo.com.br\/"},{"@type":"ListItem","position":2,"name":"Saiba quem era o servidor v\u00edtima da &#8220;amarra\u00e7\u00e3o amorosa&#8221; da Vice-Prefeita"}]},{"@type":"WebSite","@id":"https:\/\/blogdobispo.com.br\/#website","url":"https:\/\/blogdobispo.com.br\/","name":"Blog do Bispo","description":"Comprometido apenas com o leitor","publisher":{"@id":"https:\/\/blogdobispo.com.br\/#organization"},"potentialAction":[{"@type":"SearchAction","target":{"@type":"EntryPoint","urlTemplate":"https:\/\/blogdobispo.com.br\/?s={search_term_string}"},"query-input":{"@type":"PropertyValueSpecification","valueRequired":true,"valueName":"search_term_string"}}],"inLanguage":"pt-BR"},{"@type":"Organization","@id":"https:\/\/blogdobispo.com.br\/#organization","name":"Blog do Bispo","url":"https:\/\/blogdobispo.com.br\/","logo":{"@type":"ImageObject","inLanguage":"pt-BR","@id":"https:\/\/blogdobispo.com.br\/#\/schema\/logo\/image\/","url":"http:\/\/blogdobispo.com.br\/wp-content\/uploads\/2023\/05\/cropped-headear.png","contentUrl":"http:\/\/blogdobispo.com.br\/wp-content\/uploads\/2023\/05\/cropped-headear.png","width":1500,"height":399,"caption":"Blog do Bispo"},"image":{"@id":"https:\/\/blogdobispo.com.br\/#\/schema\/logo\/image\/"}},{"@type":"Person","@id":"https:\/\/blogdobispo.com.br\/#\/schema\/person\/e2209cc0e6cea5c5233d033e997b373f","name":"Jefferson Sterfeno","image":{"@type":"ImageObject","inLanguage":"pt-BR","@id":"https:\/\/blogdobispo.com.br\/#\/schema\/person\/image\/","url":"https:\/\/secure.gravatar.com\/avatar\/0534e84764641168a677026b6d57a3f51dc7ac4db0b4f6186d9cb330d4ee1160?s=96&d=mm&r=g","contentUrl":"https:\/\/secure.gravatar.com\/avatar\/0534e84764641168a677026b6d57a3f51dc7ac4db0b4f6186d9cb330d4ee1160?s=96&d=mm&r=g","caption":"Jefferson Sterfeno"},"sameAs":["http:\/\/blogdobispo.com.br"],"url":"https:\/\/blogdobispo.com.br\/?author=1"}]}},"featured_image_urls":{"full":["https:\/\/blogdobispo.com.br\/wp-content\/uploads\/2025\/08\/0e78c0e2623c7516d7518708475e9a01.avif",700,467,false],"thumbnail":["https:\/\/blogdobispo.com.br\/wp-content\/uploads\/2025\/08\/0e78c0e2623c7516d7518708475e9a01-150x150.avif",150,150,true],"medium":["https:\/\/blogdobispo.com.br\/wp-content\/uploads\/2025\/08\/0e78c0e2623c7516d7518708475e9a01-300x200.avif",300,200,true],"medium_large":["https:\/\/blogdobispo.com.br\/wp-content\/uploads\/2025\/08\/0e78c0e2623c7516d7518708475e9a01.avif",700,467,false],"large":["https:\/\/blogdobispo.com.br\/wp-content\/uploads\/2025\/08\/0e78c0e2623c7516d7518708475e9a01.avif",700,467,false],"1536x1536":["https:\/\/blogdobispo.com.br\/wp-content\/uploads\/2025\/08\/0e78c0e2623c7516d7518708475e9a01.avif",700,467,false],"2048x2048":["https:\/\/blogdobispo.com.br\/wp-content\/uploads\/2025\/08\/0e78c0e2623c7516d7518708475e9a01.avif",700,467,false]},"author_info":{"display_name":"Jefferson Sterfeno","author_link":"https:\/\/blogdobispo.com.br\/?author=1"},"category_info":"<a href=\"https:\/\/blogdobispo.com.br\/?cat=1\" rel=\"category\">diversos<\/a>","tag_info":"diversos","comment_count":"0","jetpack_featured_media_url":"https:\/\/blogdobispo.com.br\/wp-content\/uploads\/2025\/08\/0e78c0e2623c7516d7518708475e9a01.avif","jetpack_sharing_enabled":true,"_links":{"self":[{"href":"https:\/\/blogdobispo.com.br\/index.php?rest_route=\/wp\/v2\/posts\/6279","targetHints":{"allow":["GET"]}}],"collection":[{"href":"https:\/\/blogdobispo.com.br\/index.php?rest_route=\/wp\/v2\/posts"}],"about":[{"href":"https:\/\/blogdobispo.com.br\/index.php?rest_route=\/wp\/v2\/types\/post"}],"author":[{"embeddable":true,"href":"https:\/\/blogdobispo.com.br\/index.php?rest_route=\/wp\/v2\/users\/1"}],"replies":[{"embeddable":true,"href":"https:\/\/blogdobispo.com.br\/index.php?rest_route=%2Fwp%2Fv2%2Fcomments&post=6279"}],"version-history":[{"count":2,"href":"https:\/\/blogdobispo.com.br\/index.php?rest_route=\/wp\/v2\/posts\/6279\/revisions"}],"predecessor-version":[{"id":16438,"href":"https:\/\/blogdobispo.com.br\/index.php?rest_route=\/wp\/v2\/posts\/6279\/revisions\/16438"}],"wp:featuredmedia":[{"embeddable":true,"href":"https:\/\/blogdobispo.com.br\/index.php?rest_route=\/wp\/v2\/media\/6280"}],"wp:attachment":[{"href":"https:\/\/blogdobispo.com.br\/index.php?rest_route=%2Fwp%2Fv2%2Fmedia&parent=6279"}],"wp:term":[{"taxonomy":"category","embeddable":true,"href":"https:\/\/blogdobispo.com.br\/index.php?rest_route=%2Fwp%2Fv2%2Fcategories&post=6279"},{"taxonomy":"post_tag","embeddable":true,"href":"https:\/\/blogdobispo.com.br\/index.php?rest_route=%2Fwp%2Fv2%2Ftags&post=6279"}],"curies":[{"name":"wp","href":"https:\/\/api.w.org\/{rel}","templated":true}]}}