{"id":6272,"date":"2025-08-05T12:28:08","date_gmt":"2025-08-05T12:28:08","guid":{"rendered":"https:\/\/blogdobispo.com.br\/?p=6272"},"modified":"2025-08-06T00:20:54","modified_gmt":"2025-08-06T00:20:54","slug":"jose-dias-anuncia-aposentadoria-e-passa-o-bastao-para-julio-cesar","status":"publish","type":"post","link":"https:\/\/blogdobispo.com.br\/?p=6272","title":{"rendered":"Jos\u00e9 Dias anuncia aposentadoria e passa o bast\u00e3o para J\u00falio C\u00e9sar"},"content":{"rendered":"\r\n<p>\u00a0o decano da Assembleia Legislativa, deputado estadual\u00a0<strong>Jos\u00e9 Dias<\/strong>\u00a0(PL), anunciou neste fim de semana que n\u00e3o disputar\u00e1 mais elei\u00e7\u00f5es e j\u00e1 escolheu seu sucessor. Em encontro pol\u00edtico realizado em Lagoa de Pedras, no Agreste potiguar, com a presen\u00e7a da prefeita Janaina de Salin (Uni\u00e3o), Jos\u00e9 Dias apresentou oficialmente o ex-prefeito de Cear\u00e1-Mirim,<strong>\u00a0J\u00falio C\u00e9sar<\/strong>\u00a0C\u00e2mara (PSD), como seu candidato a deputado estadual em 2026.<\/p>\r\n\r\n\r\n\r\n<figure class=\"wp-block-image\"><img data-recalc-dims=\"1\" fetchpriority=\"high\" decoding=\"async\" width=\"378\" height=\"538\" class=\"wp-image-6274\" src=\"https:\/\/i0.wp.com\/blogdobispo.com.br\/wp-content\/uploads\/2025\/08\/image-33.png?resize=378%2C538\" alt=\"\" srcset=\"https:\/\/i0.wp.com\/blogdobispo.com.br\/wp-content\/uploads\/2025\/08\/image-33.png?w=378&amp;ssl=1 378w, https:\/\/i0.wp.com\/blogdobispo.com.br\/wp-content\/uploads\/2025\/08\/image-33.png?resize=211%2C300&amp;ssl=1 211w\" sizes=\"(max-width: 378px) 100vw, 378px\" \/><\/figure>\r\n\r\n\r\n\r\n<p>Com dez mandatos no curr\u00edculo e reconhecido como um dos parlamentares mais experientes do Rio Grande do Norte, Jos\u00e9 Dias fez quest\u00e3o de destacar sua confian\u00e7a na nova aposta: \u201cTenho absoluta certeza de que ningu\u00e9m vai se arrepender de votar em J\u00falio\u201d.<\/p>\r\n\r\n\r\n\r\n<p>A movimenta\u00e7\u00e3o consolida J\u00falio C\u00e9sar como um nome forte para a pr\u00f3xima legislatura, contando com a articula\u00e7\u00e3o e respaldo de um dos pol\u00edticos mais respeitados do estado. A base pol\u00edtica do Agreste, sob a lideran\u00e7a de Janaina, promete ser um dos pilares da candidatura.<\/p>\r\n\r\n\r\n\r\n<p>Blog do Xerife<\/p>\r\n","protected":false},"excerpt":{"rendered":"<p>\u00a0o decano da Assembleia Legislativa, deputado estadual\u00a0Jos\u00e9 Dias\u00a0(PL), anunciou neste fim de semana que n\u00e3o disputar\u00e1 mais elei\u00e7\u00f5es e j\u00e1 escolheu seu sucessor. Em encontro pol\u00edtico realizado em Lagoa de Pedras, no Agreste potiguar, com a presen\u00e7a da prefeita Janaina de Salin (Uni\u00e3o), Jos\u00e9 Dias apresentou oficialmente o ex-prefeito de Cear\u00e1-Mirim,\u00a0J\u00falio C\u00e9sar\u00a0C\u00e2mara (PSD), como seu [&hellip;]<\/p>\n","protected":false},"author":1,"featured_media":6274,"comment_status":"open","ping_status":"open","sticky":false,"template":"","format":"standard","meta":{"cybocfi_hide_featured_image":"","_jetpack_memberships_contains_paid_content":false,"footnotes":""},"categories":[1],"tags":[],"class_list":["post-6272","post","type-post","status-publish","format-standard","has-post-thumbnail","hentry","category-diversos"],"yoast_head":"<!-- This site is optimized with the Yoast SEO plugin v25.6 - https:\/\/yoast.com\/wordpress\/plugins\/seo\/ -->\n<title>Jos\u00e9 Dias anuncia aposentadoria e passa o bast\u00e3o para J\u00falio C\u00e9sar - Blog do Bispo<\/title>\n<meta name=\"robots\" content=\"index, follow, max-snippet:-1, max-image-preview:large, max-video-preview:-1\" \/>\n<link rel=\"canonical\" href=\"https:\/\/blogdobispo.com.br\/?p=6272\" \/>\n<meta property=\"og:locale\" content=\"pt_BR\" \/>\n<meta property=\"og:type\" content=\"article\" \/>\n<meta property=\"og:title\" content=\"Jos\u00e9 Dias anuncia aposentadoria e passa o bast\u00e3o para J\u00falio C\u00e9sar - Blog do Bispo\" \/>\n<meta property=\"og:description\" content=\"\u00a0o decano da Assembleia Legislativa, deputado estadual\u00a0Jos\u00e9 Dias\u00a0(PL), anunciou neste fim de semana que n\u00e3o disputar\u00e1 mais elei\u00e7\u00f5es e j\u00e1 escolheu seu sucessor. Em encontro pol\u00edtico realizado em Lagoa de Pedras, no Agreste potiguar, com a presen\u00e7a da prefeita Janaina de Salin (Uni\u00e3o), Jos\u00e9 Dias apresentou oficialmente o ex-prefeito de Cear\u00e1-Mirim,\u00a0J\u00falio C\u00e9sar\u00a0C\u00e2mara (PSD), como seu [&hellip;]\" \/>\n<meta property=\"og:url\" content=\"https:\/\/blogdobispo.com.br\/?p=6272\" \/>\n<meta property=\"og:site_name\" content=\"Blog do Bispo\" \/>\n<meta property=\"article:published_time\" content=\"2025-08-05T12:28:08+00:00\" \/>\n<meta property=\"article:modified_time\" content=\"2025-08-06T00:20:54+00:00\" \/>\n<meta property=\"og:image\" content=\"https:\/\/i0.wp.com\/blogdobispo.com.br\/wp-content\/uploads\/2025\/08\/image-33.png?fit=378%2C538&ssl=1\" \/>\n\t<meta property=\"og:image:width\" content=\"378\" \/>\n\t<meta property=\"og:image:height\" content=\"538\" \/>\n\t<meta property=\"og:image:type\" content=\"image\/png\" \/>\n<meta name=\"author\" content=\"Jefferson Sterfeno\" \/>\n<meta name=\"twitter:card\" content=\"summary_large_image\" \/>\n<meta name=\"twitter:label1\" content=\"Escrito por\" \/>\n\t<meta name=\"twitter:data1\" content=\"Jefferson Sterfeno\" \/>\n\t<meta name=\"twitter:label2\" content=\"Est. tempo de leitura\" \/>\n\t<meta name=\"twitter:data2\" content=\"2 minutos\" \/>\n<script type=\"application\/ld+json\" class=\"yoast-schema-graph\">{\"@context\":\"https:\/\/schema.org\",\"@graph\":[{\"@type\":\"Article\",\"@id\":\"https:\/\/blogdobispo.com.br\/?p=6272#article\",\"isPartOf\":{\"@id\":\"https:\/\/blogdobispo.com.br\/?p=6272\"},\"author\":{\"name\":\"Jefferson Sterfeno\",\"@id\":\"https:\/\/blogdobispo.com.br\/#\/schema\/person\/e2209cc0e6cea5c5233d033e997b373f\"},\"headline\":\"Jos\u00e9 Dias anuncia aposentadoria e passa o bast\u00e3o para J\u00falio C\u00e9sar\",\"datePublished\":\"2025-08-05T12:28:08+00:00\",\"dateModified\":\"2025-08-06T00:20:54+00:00\",\"mainEntityOfPage\":{\"@id\":\"https:\/\/blogdobispo.com.br\/?p=6272\"},\"wordCount\":189,\"commentCount\":0,\"publisher\":{\"@id\":\"https:\/\/blogdobispo.com.br\/#organization\"},\"image\":{\"@id\":\"https:\/\/blogdobispo.com.br\/?p=6272#primaryimage\"},\"thumbnailUrl\":\"https:\/\/i0.wp.com\/blogdobispo.com.br\/wp-content\/uploads\/2025\/08\/image-33.png?fit=378%2C538&ssl=1\",\"articleSection\":[\"diversos\"],\"inLanguage\":\"pt-BR\",\"potentialAction\":[{\"@type\":\"CommentAction\",\"name\":\"Comment\",\"target\":[\"https:\/\/blogdobispo.com.br\/?p=6272#respond\"]}]},{\"@type\":\"WebPage\",\"@id\":\"https:\/\/blogdobispo.com.br\/?p=6272\",\"url\":\"https:\/\/blogdobispo.com.br\/?p=6272\",\"name\":\"Jos\u00e9 Dias anuncia aposentadoria e passa o bast\u00e3o para J\u00falio C\u00e9sar - Blog do Bispo\",\"isPartOf\":{\"@id\":\"https:\/\/blogdobispo.com.br\/#website\"},\"primaryImageOfPage\":{\"@id\":\"https:\/\/blogdobispo.com.br\/?p=6272#primaryimage\"},\"image\":{\"@id\":\"https:\/\/blogdobispo.com.br\/?p=6272#primaryimage\"},\"thumbnailUrl\":\"https:\/\/i0.wp.com\/blogdobispo.com.br\/wp-content\/uploads\/2025\/08\/image-33.png?fit=378%2C538&ssl=1\",\"datePublished\":\"2025-08-05T12:28:08+00:00\",\"dateModified\":\"2025-08-06T00:20:54+00:00\",\"breadcrumb\":{\"@id\":\"https:\/\/blogdobispo.com.br\/?p=6272#breadcrumb\"},\"inLanguage\":\"pt-BR\",\"potentialAction\":[{\"@type\":\"ReadAction\",\"target\":[\"https:\/\/blogdobispo.com.br\/?p=6272\"]}]},{\"@type\":\"ImageObject\",\"inLanguage\":\"pt-BR\",\"@id\":\"https:\/\/blogdobispo.com.br\/?p=6272#primaryimage\",\"url\":\"https:\/\/i0.wp.com\/blogdobispo.com.br\/wp-content\/uploads\/2025\/08\/image-33.png?fit=378%2C538&ssl=1\",\"contentUrl\":\"https:\/\/i0.wp.com\/blogdobispo.com.br\/wp-content\/uploads\/2025\/08\/image-33.png?fit=378%2C538&ssl=1\",\"width\":378,\"height\":538},{\"@type\":\"BreadcrumbList\",\"@id\":\"https:\/\/blogdobispo.com.br\/?p=6272#breadcrumb\",\"itemListElement\":[{\"@type\":\"ListItem\",\"position\":1,\"name\":\"In\u00edcio\",\"item\":\"https:\/\/blogdobispo.com.br\/\"},{\"@type\":\"ListItem\",\"position\":2,\"name\":\"Jos\u00e9 Dias anuncia aposentadoria e passa o bast\u00e3o para J\u00falio C\u00e9sar\"}]},{\"@type\":\"WebSite\",\"@id\":\"https:\/\/blogdobispo.com.br\/#website\",\"url\":\"https:\/\/blogdobispo.com.br\/\",\"name\":\"Blog do Bispo\",\"description\":\"Comprometido apenas com o leitor\",\"publisher\":{\"@id\":\"https:\/\/blogdobispo.com.br\/#organization\"},\"potentialAction\":[{\"@type\":\"SearchAction\",\"target\":{\"@type\":\"EntryPoint\",\"urlTemplate\":\"https:\/\/blogdobispo.com.br\/?s={search_term_string}\"},\"query-input\":{\"@type\":\"PropertyValueSpecification\",\"valueRequired\":true,\"valueName\":\"search_term_string\"}}],\"inLanguage\":\"pt-BR\"},{\"@type\":\"Organization\",\"@id\":\"https:\/\/blogdobispo.com.br\/#organization\",\"name\":\"Blog do Bispo\",\"url\":\"https:\/\/blogdobispo.com.br\/\",\"logo\":{\"@type\":\"ImageObject\",\"inLanguage\":\"pt-BR\",\"@id\":\"https:\/\/blogdobispo.com.br\/#\/schema\/logo\/image\/\",\"url\":\"http:\/\/blogdobispo.com.br\/wp-content\/uploads\/2023\/05\/cropped-headear.png\",\"contentUrl\":\"http:\/\/blogdobispo.com.br\/wp-content\/uploads\/2023\/05\/cropped-headear.png\",\"width\":1500,\"height\":399,\"caption\":\"Blog do Bispo\"},\"image\":{\"@id\":\"https:\/\/blogdobispo.com.br\/#\/schema\/logo\/image\/\"}},{\"@type\":\"Person\",\"@id\":\"https:\/\/blogdobispo.com.br\/#\/schema\/person\/e2209cc0e6cea5c5233d033e997b373f\",\"name\":\"Jefferson Sterfeno\",\"image\":{\"@type\":\"ImageObject\",\"inLanguage\":\"pt-BR\",\"@id\":\"https:\/\/blogdobispo.com.br\/#\/schema\/person\/image\/\",\"url\":\"https:\/\/secure.gravatar.com\/avatar\/0534e84764641168a677026b6d57a3f51dc7ac4db0b4f6186d9cb330d4ee1160?s=96&d=mm&r=g\",\"contentUrl\":\"https:\/\/secure.gravatar.com\/avatar\/0534e84764641168a677026b6d57a3f51dc7ac4db0b4f6186d9cb330d4ee1160?s=96&d=mm&r=g\",\"caption\":\"Jefferson Sterfeno\"},\"sameAs\":[\"http:\/\/blogdobispo.com.br\"],\"url\":\"https:\/\/blogdobispo.com.br\/?author=1\"}]}<\/script>\n<!-- \/ Yoast SEO plugin. -->","yoast_head_json":{"title":"Jos\u00e9 Dias anuncia aposentadoria e passa o bast\u00e3o para J\u00falio C\u00e9sar - Blog do Bispo","robots":{"index":"index","follow":"follow","max-snippet":"max-snippet:-1","max-image-preview":"max-image-preview:large","max-video-preview":"max-video-preview:-1"},"canonical":"https:\/\/blogdobispo.com.br\/?p=6272","og_locale":"pt_BR","og_type":"article","og_title":"Jos\u00e9 Dias anuncia aposentadoria e passa o bast\u00e3o para J\u00falio C\u00e9sar - Blog do Bispo","og_description":"\u00a0o decano da Assembleia Legislativa, deputado estadual\u00a0Jos\u00e9 Dias\u00a0(PL), anunciou neste fim de semana que n\u00e3o disputar\u00e1 mais elei\u00e7\u00f5es e j\u00e1 escolheu seu sucessor. Em encontro pol\u00edtico realizado em Lagoa de Pedras, no Agreste potiguar, com a presen\u00e7a da prefeita Janaina de Salin (Uni\u00e3o), Jos\u00e9 Dias apresentou oficialmente o ex-prefeito de Cear\u00e1-Mirim,\u00a0J\u00falio C\u00e9sar\u00a0C\u00e2mara (PSD), como seu [&hellip;]","og_url":"https:\/\/blogdobispo.com.br\/?p=6272","og_site_name":"Blog do Bispo","article_published_time":"2025-08-05T12:28:08+00:00","article_modified_time":"2025-08-06T00:20:54+00:00","og_image":[{"width":378,"height":538,"url":"https:\/\/i0.wp.com\/blogdobispo.com.br\/wp-content\/uploads\/2025\/08\/image-33.png?fit=378%2C538&ssl=1","type":"image\/png"}],"author":"Jefferson Sterfeno","twitter_card":"summary_large_image","twitter_misc":{"Escrito por":"Jefferson Sterfeno","Est. tempo de leitura":"2 minutos"},"schema":{"@context":"https:\/\/schema.org","@graph":[{"@type":"Article","@id":"https:\/\/blogdobispo.com.br\/?p=6272#article","isPartOf":{"@id":"https:\/\/blogdobispo.com.br\/?p=6272"},"author":{"name":"Jefferson Sterfeno","@id":"https:\/\/blogdobispo.com.br\/#\/schema\/person\/e2209cc0e6cea5c5233d033e997b373f"},"headline":"Jos\u00e9 Dias anuncia aposentadoria e passa o bast\u00e3o para J\u00falio C\u00e9sar","datePublished":"2025-08-05T12:28:08+00:00","dateModified":"2025-08-06T00:20:54+00:00","mainEntityOfPage":{"@id":"https:\/\/blogdobispo.com.br\/?p=6272"},"wordCount":189,"commentCount":0,"publisher":{"@id":"https:\/\/blogdobispo.com.br\/#organization"},"image":{"@id":"https:\/\/blogdobispo.com.br\/?p=6272#primaryimage"},"thumbnailUrl":"https:\/\/i0.wp.com\/blogdobispo.com.br\/wp-content\/uploads\/2025\/08\/image-33.png?fit=378%2C538&ssl=1","articleSection":["diversos"],"inLanguage":"pt-BR","potentialAction":[{"@type":"CommentAction","name":"Comment","target":["https:\/\/blogdobispo.com.br\/?p=6272#respond"]}]},{"@type":"WebPage","@id":"https:\/\/blogdobispo.com.br\/?p=6272","url":"https:\/\/blogdobispo.com.br\/?p=6272","name":"Jos\u00e9 Dias anuncia aposentadoria e passa o bast\u00e3o para J\u00falio C\u00e9sar - Blog do Bispo","isPartOf":{"@id":"https:\/\/blogdobispo.com.br\/#website"},"primaryImageOfPage":{"@id":"https:\/\/blogdobispo.com.br\/?p=6272#primaryimage"},"image":{"@id":"https:\/\/blogdobispo.com.br\/?p=6272#primaryimage"},"thumbnailUrl":"https:\/\/i0.wp.com\/blogdobispo.com.br\/wp-content\/uploads\/2025\/08\/image-33.png?fit=378%2C538&ssl=1","datePublished":"2025-08-05T12:28:08+00:00","dateModified":"2025-08-06T00:20:54+00:00","breadcrumb":{"@id":"https:\/\/blogdobispo.com.br\/?p=6272#breadcrumb"},"inLanguage":"pt-BR","potentialAction":[{"@type":"ReadAction","target":["https:\/\/blogdobispo.com.br\/?p=6272"]}]},{"@type":"ImageObject","inLanguage":"pt-BR","@id":"https:\/\/blogdobispo.com.br\/?p=6272#primaryimage","url":"https:\/\/i0.wp.com\/blogdobispo.com.br\/wp-content\/uploads\/2025\/08\/image-33.png?fit=378%2C538&ssl=1","contentUrl":"https:\/\/i0.wp.com\/blogdobispo.com.br\/wp-content\/uploads\/2025\/08\/image-33.png?fit=378%2C538&ssl=1","width":378,"height":538},{"@type":"BreadcrumbList","@id":"https:\/\/blogdobispo.com.br\/?p=6272#breadcrumb","itemListElement":[{"@type":"ListItem","position":1,"name":"In\u00edcio","item":"https:\/\/blogdobispo.com.br\/"},{"@type":"ListItem","position":2,"name":"Jos\u00e9 Dias anuncia aposentadoria e passa o bast\u00e3o para J\u00falio C\u00e9sar"}]},{"@type":"WebSite","@id":"https:\/\/blogdobispo.com.br\/#website","url":"https:\/\/blogdobispo.com.br\/","name":"Blog do Bispo","description":"Comprometido apenas com o leitor","publisher":{"@id":"https:\/\/blogdobispo.com.br\/#organization"},"potentialAction":[{"@type":"SearchAction","target":{"@type":"EntryPoint","urlTemplate":"https:\/\/blogdobispo.com.br\/?s={search_term_string}"},"query-input":{"@type":"PropertyValueSpecification","valueRequired":true,"valueName":"search_term_string"}}],"inLanguage":"pt-BR"},{"@type":"Organization","@id":"https:\/\/blogdobispo.com.br\/#organization","name":"Blog do Bispo","url":"https:\/\/blogdobispo.com.br\/","logo":{"@type":"ImageObject","inLanguage":"pt-BR","@id":"https:\/\/blogdobispo.com.br\/#\/schema\/logo\/image\/","url":"http:\/\/blogdobispo.com.br\/wp-content\/uploads\/2023\/05\/cropped-headear.png","contentUrl":"http:\/\/blogdobispo.com.br\/wp-content\/uploads\/2023\/05\/cropped-headear.png","width":1500,"height":399,"caption":"Blog do Bispo"},"image":{"@id":"https:\/\/blogdobispo.com.br\/#\/schema\/logo\/image\/"}},{"@type":"Person","@id":"https:\/\/blogdobispo.com.br\/#\/schema\/person\/e2209cc0e6cea5c5233d033e997b373f","name":"Jefferson Sterfeno","image":{"@type":"ImageObject","inLanguage":"pt-BR","@id":"https:\/\/blogdobispo.com.br\/#\/schema\/person\/image\/","url":"https:\/\/secure.gravatar.com\/avatar\/0534e84764641168a677026b6d57a3f51dc7ac4db0b4f6186d9cb330d4ee1160?s=96&d=mm&r=g","contentUrl":"https:\/\/secure.gravatar.com\/avatar\/0534e84764641168a677026b6d57a3f51dc7ac4db0b4f6186d9cb330d4ee1160?s=96&d=mm&r=g","caption":"Jefferson Sterfeno"},"sameAs":["http:\/\/blogdobispo.com.br"],"url":"https:\/\/blogdobispo.com.br\/?author=1"}]}},"featured_image_urls":{"full":["https:\/\/i0.wp.com\/blogdobispo.com.br\/wp-content\/uploads\/2025\/08\/image-33.png?fit=378%2C538&ssl=1",378,538,false],"thumbnail":["https:\/\/i0.wp.com\/blogdobispo.com.br\/wp-content\/uploads\/2025\/08\/image-33.png?resize=150%2C150&ssl=1",150,150,true],"medium":["https:\/\/i0.wp.com\/blogdobispo.com.br\/wp-content\/uploads\/2025\/08\/image-33.png?fit=211%2C300&ssl=1",211,300,true],"medium_large":["https:\/\/i0.wp.com\/blogdobispo.com.br\/wp-content\/uploads\/2025\/08\/image-33.png?fit=378%2C538&ssl=1",378,538,true],"large":["https:\/\/i0.wp.com\/blogdobispo.com.br\/wp-content\/uploads\/2025\/08\/image-33.png?fit=378%2C538&ssl=1",378,538,true],"1536x1536":["https:\/\/i0.wp.com\/blogdobispo.com.br\/wp-content\/uploads\/2025\/08\/image-33.png?fit=378%2C538&ssl=1",378,538,true],"2048x2048":["https:\/\/i0.wp.com\/blogdobispo.com.br\/wp-content\/uploads\/2025\/08\/image-33.png?fit=378%2C538&ssl=1",378,538,true]},"author_info":{"display_name":"Jefferson Sterfeno","author_link":"https:\/\/blogdobispo.com.br\/?author=1"},"category_info":"<a href=\"https:\/\/blogdobispo.com.br\/?cat=1\" rel=\"category\">diversos<\/a>","tag_info":"diversos","comment_count":"0","jetpack_featured_media_url":"https:\/\/i0.wp.com\/blogdobispo.com.br\/wp-content\/uploads\/2025\/08\/image-33.png?fit=378%2C538&ssl=1","jetpack_sharing_enabled":true,"_links":{"self":[{"href":"https:\/\/blogdobispo.com.br\/index.php?rest_route=\/wp\/v2\/posts\/6272","targetHints":{"allow":["GET"]}}],"collection":[{"href":"https:\/\/blogdobispo.com.br\/index.php?rest_route=\/wp\/v2\/posts"}],"about":[{"href":"https:\/\/blogdobispo.com.br\/index.php?rest_route=\/wp\/v2\/types\/post"}],"author":[{"embeddable":true,"href":"https:\/\/blogdobispo.com.br\/index.php?rest_route=\/wp\/v2\/users\/1"}],"replies":[{"embeddable":true,"href":"https:\/\/blogdobispo.com.br\/index.php?rest_route=%2Fwp%2Fv2%2Fcomments&post=6272"}],"version-history":[{"count":2,"href":"https:\/\/blogdobispo.com.br\/index.php?rest_route=\/wp\/v2\/posts\/6272\/revisions"}],"predecessor-version":[{"id":16440,"href":"https:\/\/blogdobispo.com.br\/index.php?rest_route=\/wp\/v2\/posts\/6272\/revisions\/16440"}],"wp:featuredmedia":[{"embeddable":true,"href":"https:\/\/blogdobispo.com.br\/index.php?rest_route=\/wp\/v2\/media\/6274"}],"wp:attachment":[{"href":"https:\/\/blogdobispo.com.br\/index.php?rest_route=%2Fwp%2Fv2%2Fmedia&parent=6272"}],"wp:term":[{"taxonomy":"category","embeddable":true,"href":"https:\/\/blogdobispo.com.br\/index.php?rest_route=%2Fwp%2Fv2%2Fcategories&post=6272"},{"taxonomy":"post_tag","embeddable":true,"href":"https:\/\/blogdobispo.com.br\/index.php?rest_route=%2Fwp%2Fv2%2Ftags&post=6272"}],"curies":[{"name":"wp","href":"https:\/\/api.w.org\/{rel}","templated":true}]}}