{"id":6266,"date":"2025-08-05T12:17:21","date_gmt":"2025-08-05T12:17:21","guid":{"rendered":"https:\/\/blogdobispo.com.br\/?p=6266"},"modified":"2025-08-05T12:17:22","modified_gmt":"2025-08-05T12:17:22","slug":"escola-da-assembleia-inicia-curso-gratuito-de-pratica-de-direito-eleitoral","status":"publish","type":"post","link":"https:\/\/blogdobispo.com.br\/?p=6266","title":{"rendered":"Escola da Assembleia inicia curso gratuito de &#8220;Pr\u00e1tica de Direito Eleitoral&#8221;"},"content":{"rendered":"\n<p>Atuar de maneira assertiva e t\u00e9cnica para colaborar com as elei\u00e7\u00f5es de 2026. Esse \u00e9 o foco do curso &#8220;Pr\u00e1tica de Direito Eleitoral&#8221;, promovido pela Escola da Assembleia Legislativa do Rio Grande do Norte que come\u00e7a nesta segunda-feira (4). O curso \u00e9 voltado para candidatos e profissionais que pretendem atuar em campanhas nas elei\u00e7\u00f5es do ano que vem e contar\u00e1 com profissionais renomados ministrando as aulas presenciais, gratuitas e abertas ao p\u00fablico na Escola da Assembleia, em Natal. Os encontros ser\u00e3o sempre \u00e0s segundas-feiras, das 18h \u00e0s 22h, at\u00e9 o dia 6 de outubro.&nbsp;<\/p>\n\n\n\n<p>Coordenado pelo jurista Erick Pereira, refer\u00eancia nacional na \u00e1rea, o curso tem como objetivo capacitar equipes de campanha, assessores, advogados, contadores e comunicadores sobre as exig\u00eancias da legisla\u00e7\u00e3o eleitoral, com foco pr\u00e1tico e abordagem multidisciplinar.<\/p>\n\n\n\n<p>A forma\u00e7\u00e3o conta com a participa\u00e7\u00e3o de especialistas de destaque nas \u00e1reas do Direito, da Comunica\u00e7\u00e3o e da Contabilidade. Est\u00e3o confirmados como palestrantes Fernandes Braga, Paulo de Tarso, L\u00edgia Limeira, Leonardo Palitot, Arlley de Sousa, Cristiano Barros, Jo\u00e3o Ferreira, Francisco Canind\u00e9 e Jarbas Bezerra.<\/p>\n\n\n\n<p>A iniciativa \u00e9 da Assembleia Legislativa do RN e as vagas s\u00e3o limitadas. As inscri\u00e7\u00f5es podem ser feitas por qualquer pessoa interessada, por meio do aplicativo da Escola da Assembleia (EALRN), dispon\u00edvel gratuitamente nas lojas virtuais.<\/p>\n\n\n\n<p>Segundo Erick Pereira, a proposta \u00e9 promover um espa\u00e7o de troca de experi\u00eancias e atualiza\u00e7\u00e3o t\u00e9cnica, fundamental para garantir campanhas eleitorais mais seguras, transparentes e eficientes.<\/p>\n\n\n\n<p>Mais informa\u00e7\u00f5es est\u00e3o dispon\u00edveis nos canais oficiais da Escola da Assembleia.<\/p>\n\n\n\n<figure class=\"wp-block-image\"><img data-recalc-dims=\"1\" fetchpriority=\"high\" decoding=\"async\" width=\"800\" height=\"451\" src=\"https:\/\/i0.wp.com\/blogdobispo.com.br\/wp-content\/uploads\/2025\/08\/guir02eoQWsalYgCrxe13xG2xeOwss5omsy3mFN7.jpg?resize=800%2C451\" alt=\"\" class=\"wp-image-6267\" srcset=\"https:\/\/i0.wp.com\/blogdobispo.com.br\/wp-content\/uploads\/2025\/08\/guir02eoQWsalYgCrxe13xG2xeOwss5omsy3mFN7.jpg?w=830&amp;ssl=1 830w, https:\/\/i0.wp.com\/blogdobispo.com.br\/wp-content\/uploads\/2025\/08\/guir02eoQWsalYgCrxe13xG2xeOwss5omsy3mFN7.jpg?resize=300%2C169&amp;ssl=1 300w, https:\/\/i0.wp.com\/blogdobispo.com.br\/wp-content\/uploads\/2025\/08\/guir02eoQWsalYgCrxe13xG2xeOwss5omsy3mFN7.jpg?resize=768%2C433&amp;ssl=1 768w\" sizes=\"(max-width: 800px) 100vw, 800px\" \/><\/figure>\n","protected":false},"excerpt":{"rendered":"<p>Atuar de maneira assertiva e t\u00e9cnica para colaborar com as elei\u00e7\u00f5es de 2026. Esse \u00e9 o foco do curso &#8220;Pr\u00e1tica de Direito Eleitoral&#8221;, promovido pela Escola da Assembleia Legislativa do Rio Grande do Norte que come\u00e7a nesta segunda-feira (4). O curso \u00e9 voltado para candidatos e profissionais que pretendem atuar em campanhas nas elei\u00e7\u00f5es do [&hellip;]<\/p>\n","protected":false},"author":1,"featured_media":0,"comment_status":"open","ping_status":"open","sticky":false,"template":"","format":"standard","meta":{"cybocfi_hide_featured_image":"","_jetpack_memberships_contains_paid_content":false,"footnotes":""},"categories":[1],"tags":[],"class_list":["post-6266","post","type-post","status-publish","format-standard","hentry","category-diversos"],"yoast_head":"<!-- This site is optimized with the Yoast SEO plugin v25.6 - https:\/\/yoast.com\/wordpress\/plugins\/seo\/ -->\n<title>Escola da Assembleia inicia curso gratuito de &quot;Pr\u00e1tica de Direito Eleitoral&quot; - Blog do Bispo<\/title>\n<meta name=\"robots\" content=\"index, follow, max-snippet:-1, max-image-preview:large, max-video-preview:-1\" \/>\n<link rel=\"canonical\" href=\"https:\/\/blogdobispo.com.br\/?p=6266\" \/>\n<meta property=\"og:locale\" content=\"pt_BR\" \/>\n<meta property=\"og:type\" content=\"article\" \/>\n<meta property=\"og:title\" content=\"Escola da Assembleia inicia curso gratuito de &quot;Pr\u00e1tica de Direito Eleitoral&quot; - Blog do Bispo\" \/>\n<meta property=\"og:description\" content=\"Atuar de maneira assertiva e t\u00e9cnica para colaborar com as elei\u00e7\u00f5es de 2026. Esse \u00e9 o foco do curso &#8220;Pr\u00e1tica de Direito Eleitoral&#8221;, promovido pela Escola da Assembleia Legislativa do Rio Grande do Norte que come\u00e7a nesta segunda-feira (4). O curso \u00e9 voltado para candidatos e profissionais que pretendem atuar em campanhas nas elei\u00e7\u00f5es do [&hellip;]\" \/>\n<meta property=\"og:url\" content=\"https:\/\/blogdobispo.com.br\/?p=6266\" \/>\n<meta property=\"og:site_name\" content=\"Blog do Bispo\" \/>\n<meta property=\"article:published_time\" content=\"2025-08-05T12:17:21+00:00\" \/>\n<meta property=\"article:modified_time\" content=\"2025-08-05T12:17:22+00:00\" \/>\n<meta property=\"og:image\" content=\"http:\/\/blogdobispo.com.br\/wp-content\/uploads\/2025\/08\/guir02eoQWsalYgCrxe13xG2xeOwss5omsy3mFN7.jpg\" \/>\n<meta name=\"author\" content=\"Jefferson Sterfeno\" \/>\n<meta name=\"twitter:card\" content=\"summary_large_image\" \/>\n<meta name=\"twitter:label1\" content=\"Escrito por\" \/>\n\t<meta name=\"twitter:data1\" content=\"Jefferson Sterfeno\" \/>\n\t<meta name=\"twitter:label2\" content=\"Est. tempo de leitura\" \/>\n\t<meta name=\"twitter:data2\" content=\"2 minutos\" \/>\n<script type=\"application\/ld+json\" class=\"yoast-schema-graph\">{\"@context\":\"https:\/\/schema.org\",\"@graph\":[{\"@type\":\"Article\",\"@id\":\"https:\/\/blogdobispo.com.br\/?p=6266#article\",\"isPartOf\":{\"@id\":\"https:\/\/blogdobispo.com.br\/?p=6266\"},\"author\":{\"name\":\"Jefferson Sterfeno\",\"@id\":\"https:\/\/blogdobispo.com.br\/#\/schema\/person\/e2209cc0e6cea5c5233d033e997b373f\"},\"headline\":\"Escola da Assembleia inicia curso gratuito de &#8220;Pr\u00e1tica de Direito Eleitoral&#8221;\",\"datePublished\":\"2025-08-05T12:17:21+00:00\",\"dateModified\":\"2025-08-05T12:17:22+00:00\",\"mainEntityOfPage\":{\"@id\":\"https:\/\/blogdobispo.com.br\/?p=6266\"},\"wordCount\":279,\"commentCount\":0,\"publisher\":{\"@id\":\"https:\/\/blogdobispo.com.br\/#organization\"},\"image\":{\"@id\":\"https:\/\/blogdobispo.com.br\/?p=6266#primaryimage\"},\"thumbnailUrl\":\"http:\/\/blogdobispo.com.br\/wp-content\/uploads\/2025\/08\/guir02eoQWsalYgCrxe13xG2xeOwss5omsy3mFN7.jpg\",\"articleSection\":[\"diversos\"],\"inLanguage\":\"pt-BR\",\"potentialAction\":[{\"@type\":\"CommentAction\",\"name\":\"Comment\",\"target\":[\"https:\/\/blogdobispo.com.br\/?p=6266#respond\"]}]},{\"@type\":\"WebPage\",\"@id\":\"https:\/\/blogdobispo.com.br\/?p=6266\",\"url\":\"https:\/\/blogdobispo.com.br\/?p=6266\",\"name\":\"Escola da Assembleia inicia curso gratuito de \\\"Pr\u00e1tica de Direito Eleitoral\\\" - Blog do Bispo\",\"isPartOf\":{\"@id\":\"https:\/\/blogdobispo.com.br\/#website\"},\"primaryImageOfPage\":{\"@id\":\"https:\/\/blogdobispo.com.br\/?p=6266#primaryimage\"},\"image\":{\"@id\":\"https:\/\/blogdobispo.com.br\/?p=6266#primaryimage\"},\"thumbnailUrl\":\"http:\/\/blogdobispo.com.br\/wp-content\/uploads\/2025\/08\/guir02eoQWsalYgCrxe13xG2xeOwss5omsy3mFN7.jpg\",\"datePublished\":\"2025-08-05T12:17:21+00:00\",\"dateModified\":\"2025-08-05T12:17:22+00:00\",\"breadcrumb\":{\"@id\":\"https:\/\/blogdobispo.com.br\/?p=6266#breadcrumb\"},\"inLanguage\":\"pt-BR\",\"potentialAction\":[{\"@type\":\"ReadAction\",\"target\":[\"https:\/\/blogdobispo.com.br\/?p=6266\"]}]},{\"@type\":\"ImageObject\",\"inLanguage\":\"pt-BR\",\"@id\":\"https:\/\/blogdobispo.com.br\/?p=6266#primaryimage\",\"url\":\"https:\/\/i0.wp.com\/blogdobispo.com.br\/wp-content\/uploads\/2025\/08\/guir02eoQWsalYgCrxe13xG2xeOwss5omsy3mFN7.jpg?fit=830%2C468&ssl=1\",\"contentUrl\":\"https:\/\/i0.wp.com\/blogdobispo.com.br\/wp-content\/uploads\/2025\/08\/guir02eoQWsalYgCrxe13xG2xeOwss5omsy3mFN7.jpg?fit=830%2C468&ssl=1\",\"width\":830,\"height\":468},{\"@type\":\"BreadcrumbList\",\"@id\":\"https:\/\/blogdobispo.com.br\/?p=6266#breadcrumb\",\"itemListElement\":[{\"@type\":\"ListItem\",\"position\":1,\"name\":\"In\u00edcio\",\"item\":\"https:\/\/blogdobispo.com.br\/\"},{\"@type\":\"ListItem\",\"position\":2,\"name\":\"Escola da Assembleia inicia curso gratuito de &#8220;Pr\u00e1tica de Direito Eleitoral&#8221;\"}]},{\"@type\":\"WebSite\",\"@id\":\"https:\/\/blogdobispo.com.br\/#website\",\"url\":\"https:\/\/blogdobispo.com.br\/\",\"name\":\"Blog do Bispo\",\"description\":\"Comprometido apenas com o leitor\",\"publisher\":{\"@id\":\"https:\/\/blogdobispo.com.br\/#organization\"},\"potentialAction\":[{\"@type\":\"SearchAction\",\"target\":{\"@type\":\"EntryPoint\",\"urlTemplate\":\"https:\/\/blogdobispo.com.br\/?s={search_term_string}\"},\"query-input\":{\"@type\":\"PropertyValueSpecification\",\"valueRequired\":true,\"valueName\":\"search_term_string\"}}],\"inLanguage\":\"pt-BR\"},{\"@type\":\"Organization\",\"@id\":\"https:\/\/blogdobispo.com.br\/#organization\",\"name\":\"Blog do Bispo\",\"url\":\"https:\/\/blogdobispo.com.br\/\",\"logo\":{\"@type\":\"ImageObject\",\"inLanguage\":\"pt-BR\",\"@id\":\"https:\/\/blogdobispo.com.br\/#\/schema\/logo\/image\/\",\"url\":\"http:\/\/blogdobispo.com.br\/wp-content\/uploads\/2023\/05\/cropped-headear.png\",\"contentUrl\":\"http:\/\/blogdobispo.com.br\/wp-content\/uploads\/2023\/05\/cropped-headear.png\",\"width\":1500,\"height\":399,\"caption\":\"Blog do Bispo\"},\"image\":{\"@id\":\"https:\/\/blogdobispo.com.br\/#\/schema\/logo\/image\/\"}},{\"@type\":\"Person\",\"@id\":\"https:\/\/blogdobispo.com.br\/#\/schema\/person\/e2209cc0e6cea5c5233d033e997b373f\",\"name\":\"Jefferson Sterfeno\",\"image\":{\"@type\":\"ImageObject\",\"inLanguage\":\"pt-BR\",\"@id\":\"https:\/\/blogdobispo.com.br\/#\/schema\/person\/image\/\",\"url\":\"https:\/\/secure.gravatar.com\/avatar\/0534e84764641168a677026b6d57a3f51dc7ac4db0b4f6186d9cb330d4ee1160?s=96&d=mm&r=g\",\"contentUrl\":\"https:\/\/secure.gravatar.com\/avatar\/0534e84764641168a677026b6d57a3f51dc7ac4db0b4f6186d9cb330d4ee1160?s=96&d=mm&r=g\",\"caption\":\"Jefferson Sterfeno\"},\"sameAs\":[\"http:\/\/blogdobispo.com.br\"],\"url\":\"https:\/\/blogdobispo.com.br\/?author=1\"}]}<\/script>\n<!-- \/ Yoast SEO plugin. -->","yoast_head_json":{"title":"Escola da Assembleia inicia curso gratuito de \"Pr\u00e1tica de Direito Eleitoral\" - Blog do Bispo","robots":{"index":"index","follow":"follow","max-snippet":"max-snippet:-1","max-image-preview":"max-image-preview:large","max-video-preview":"max-video-preview:-1"},"canonical":"https:\/\/blogdobispo.com.br\/?p=6266","og_locale":"pt_BR","og_type":"article","og_title":"Escola da Assembleia inicia curso gratuito de \"Pr\u00e1tica de Direito Eleitoral\" - Blog do Bispo","og_description":"Atuar de maneira assertiva e t\u00e9cnica para colaborar com as elei\u00e7\u00f5es de 2026. Esse \u00e9 o foco do curso &#8220;Pr\u00e1tica de Direito Eleitoral&#8221;, promovido pela Escola da Assembleia Legislativa do Rio Grande do Norte que come\u00e7a nesta segunda-feira (4). O curso \u00e9 voltado para candidatos e profissionais que pretendem atuar em campanhas nas elei\u00e7\u00f5es do [&hellip;]","og_url":"https:\/\/blogdobispo.com.br\/?p=6266","og_site_name":"Blog do Bispo","article_published_time":"2025-08-05T12:17:21+00:00","article_modified_time":"2025-08-05T12:17:22+00:00","og_image":[{"url":"http:\/\/blogdobispo.com.br\/wp-content\/uploads\/2025\/08\/guir02eoQWsalYgCrxe13xG2xeOwss5omsy3mFN7.jpg","type":"","width":"","height":""}],"author":"Jefferson Sterfeno","twitter_card":"summary_large_image","twitter_misc":{"Escrito por":"Jefferson Sterfeno","Est. tempo de leitura":"2 minutos"},"schema":{"@context":"https:\/\/schema.org","@graph":[{"@type":"Article","@id":"https:\/\/blogdobispo.com.br\/?p=6266#article","isPartOf":{"@id":"https:\/\/blogdobispo.com.br\/?p=6266"},"author":{"name":"Jefferson Sterfeno","@id":"https:\/\/blogdobispo.com.br\/#\/schema\/person\/e2209cc0e6cea5c5233d033e997b373f"},"headline":"Escola da Assembleia inicia curso gratuito de &#8220;Pr\u00e1tica de Direito Eleitoral&#8221;","datePublished":"2025-08-05T12:17:21+00:00","dateModified":"2025-08-05T12:17:22+00:00","mainEntityOfPage":{"@id":"https:\/\/blogdobispo.com.br\/?p=6266"},"wordCount":279,"commentCount":0,"publisher":{"@id":"https:\/\/blogdobispo.com.br\/#organization"},"image":{"@id":"https:\/\/blogdobispo.com.br\/?p=6266#primaryimage"},"thumbnailUrl":"http:\/\/blogdobispo.com.br\/wp-content\/uploads\/2025\/08\/guir02eoQWsalYgCrxe13xG2xeOwss5omsy3mFN7.jpg","articleSection":["diversos"],"inLanguage":"pt-BR","potentialAction":[{"@type":"CommentAction","name":"Comment","target":["https:\/\/blogdobispo.com.br\/?p=6266#respond"]}]},{"@type":"WebPage","@id":"https:\/\/blogdobispo.com.br\/?p=6266","url":"https:\/\/blogdobispo.com.br\/?p=6266","name":"Escola da Assembleia inicia curso gratuito de \"Pr\u00e1tica de Direito Eleitoral\" - Blog do Bispo","isPartOf":{"@id":"https:\/\/blogdobispo.com.br\/#website"},"primaryImageOfPage":{"@id":"https:\/\/blogdobispo.com.br\/?p=6266#primaryimage"},"image":{"@id":"https:\/\/blogdobispo.com.br\/?p=6266#primaryimage"},"thumbnailUrl":"http:\/\/blogdobispo.com.br\/wp-content\/uploads\/2025\/08\/guir02eoQWsalYgCrxe13xG2xeOwss5omsy3mFN7.jpg","datePublished":"2025-08-05T12:17:21+00:00","dateModified":"2025-08-05T12:17:22+00:00","breadcrumb":{"@id":"https:\/\/blogdobispo.com.br\/?p=6266#breadcrumb"},"inLanguage":"pt-BR","potentialAction":[{"@type":"ReadAction","target":["https:\/\/blogdobispo.com.br\/?p=6266"]}]},{"@type":"ImageObject","inLanguage":"pt-BR","@id":"https:\/\/blogdobispo.com.br\/?p=6266#primaryimage","url":"https:\/\/i0.wp.com\/blogdobispo.com.br\/wp-content\/uploads\/2025\/08\/guir02eoQWsalYgCrxe13xG2xeOwss5omsy3mFN7.jpg?fit=830%2C468&ssl=1","contentUrl":"https:\/\/i0.wp.com\/blogdobispo.com.br\/wp-content\/uploads\/2025\/08\/guir02eoQWsalYgCrxe13xG2xeOwss5omsy3mFN7.jpg?fit=830%2C468&ssl=1","width":830,"height":468},{"@type":"BreadcrumbList","@id":"https:\/\/blogdobispo.com.br\/?p=6266#breadcrumb","itemListElement":[{"@type":"ListItem","position":1,"name":"In\u00edcio","item":"https:\/\/blogdobispo.com.br\/"},{"@type":"ListItem","position":2,"name":"Escola da Assembleia inicia curso gratuito de &#8220;Pr\u00e1tica de Direito Eleitoral&#8221;"}]},{"@type":"WebSite","@id":"https:\/\/blogdobispo.com.br\/#website","url":"https:\/\/blogdobispo.com.br\/","name":"Blog do Bispo","description":"Comprometido apenas com o leitor","publisher":{"@id":"https:\/\/blogdobispo.com.br\/#organization"},"potentialAction":[{"@type":"SearchAction","target":{"@type":"EntryPoint","urlTemplate":"https:\/\/blogdobispo.com.br\/?s={search_term_string}"},"query-input":{"@type":"PropertyValueSpecification","valueRequired":true,"valueName":"search_term_string"}}],"inLanguage":"pt-BR"},{"@type":"Organization","@id":"https:\/\/blogdobispo.com.br\/#organization","name":"Blog do Bispo","url":"https:\/\/blogdobispo.com.br\/","logo":{"@type":"ImageObject","inLanguage":"pt-BR","@id":"https:\/\/blogdobispo.com.br\/#\/schema\/logo\/image\/","url":"http:\/\/blogdobispo.com.br\/wp-content\/uploads\/2023\/05\/cropped-headear.png","contentUrl":"http:\/\/blogdobispo.com.br\/wp-content\/uploads\/2023\/05\/cropped-headear.png","width":1500,"height":399,"caption":"Blog do Bispo"},"image":{"@id":"https:\/\/blogdobispo.com.br\/#\/schema\/logo\/image\/"}},{"@type":"Person","@id":"https:\/\/blogdobispo.com.br\/#\/schema\/person\/e2209cc0e6cea5c5233d033e997b373f","name":"Jefferson Sterfeno","image":{"@type":"ImageObject","inLanguage":"pt-BR","@id":"https:\/\/blogdobispo.com.br\/#\/schema\/person\/image\/","url":"https:\/\/secure.gravatar.com\/avatar\/0534e84764641168a677026b6d57a3f51dc7ac4db0b4f6186d9cb330d4ee1160?s=96&d=mm&r=g","contentUrl":"https:\/\/secure.gravatar.com\/avatar\/0534e84764641168a677026b6d57a3f51dc7ac4db0b4f6186d9cb330d4ee1160?s=96&d=mm&r=g","caption":"Jefferson Sterfeno"},"sameAs":["http:\/\/blogdobispo.com.br"],"url":"https:\/\/blogdobispo.com.br\/?author=1"}]}},"featured_image_urls":{"full":"","thumbnail":"","medium":"","medium_large":"","large":"","1536x1536":"","2048x2048":""},"author_info":{"display_name":"Jefferson Sterfeno","author_link":"https:\/\/blogdobispo.com.br\/?author=1"},"category_info":"<a href=\"https:\/\/blogdobispo.com.br\/?cat=1\" rel=\"category\">diversos<\/a>","tag_info":"diversos","comment_count":"0","jetpack_featured_media_url":"","jetpack_sharing_enabled":true,"_links":{"self":[{"href":"https:\/\/blogdobispo.com.br\/index.php?rest_route=\/wp\/v2\/posts\/6266","targetHints":{"allow":["GET"]}}],"collection":[{"href":"https:\/\/blogdobispo.com.br\/index.php?rest_route=\/wp\/v2\/posts"}],"about":[{"href":"https:\/\/blogdobispo.com.br\/index.php?rest_route=\/wp\/v2\/types\/post"}],"author":[{"embeddable":true,"href":"https:\/\/blogdobispo.com.br\/index.php?rest_route=\/wp\/v2\/users\/1"}],"replies":[{"embeddable":true,"href":"https:\/\/blogdobispo.com.br\/index.php?rest_route=%2Fwp%2Fv2%2Fcomments&post=6266"}],"version-history":[{"count":1,"href":"https:\/\/blogdobispo.com.br\/index.php?rest_route=\/wp\/v2\/posts\/6266\/revisions"}],"predecessor-version":[{"id":6268,"href":"https:\/\/blogdobispo.com.br\/index.php?rest_route=\/wp\/v2\/posts\/6266\/revisions\/6268"}],"wp:attachment":[{"href":"https:\/\/blogdobispo.com.br\/index.php?rest_route=%2Fwp%2Fv2%2Fmedia&parent=6266"}],"wp:term":[{"taxonomy":"category","embeddable":true,"href":"https:\/\/blogdobispo.com.br\/index.php?rest_route=%2Fwp%2Fv2%2Fcategories&post=6266"},{"taxonomy":"post_tag","embeddable":true,"href":"https:\/\/blogdobispo.com.br\/index.php?rest_route=%2Fwp%2Fv2%2Ftags&post=6266"}],"curies":[{"name":"wp","href":"https:\/\/api.w.org\/{rel}","templated":true}]}}