{"id":6263,"date":"2025-08-05T12:15:42","date_gmt":"2025-08-05T12:15:42","guid":{"rendered":"https:\/\/blogdobispo.com.br\/?p=6263"},"modified":"2025-08-05T12:15:44","modified_gmt":"2025-08-05T12:15:44","slug":"maior-partido-do-rn-amplia-espaco-na-gestao-e-mostra-sua-forca-politica","status":"publish","type":"post","link":"https:\/\/blogdobispo.com.br\/?p=6263","title":{"rendered":"Maior partido do RN amplia espa\u00e7o na gest\u00e3o e mostra sua for\u00e7a pol\u00edtica"},"content":{"rendered":"\n<p>O MDB, maior partido do Rio Grande do Norte em n\u00famero de prefeitos, vices e vereadores, consolidou nesta segunda-feira (4) mais espa\u00e7o no Governo do Estado com a posse de novos gestores indicados pelo vice-governador Walter Alves, presidente da sigla. A posse dos novos emedebistas no governo marca mais do que uma amplia\u00e7\u00e3o administrativa: simboliza uma mudan\u00e7a no equil\u00edbrio pol\u00edtico da gest\u00e3o F\u00e1tima Bezerra, que caminha para uma transi\u00e7\u00e3o pactuada com o MDB. A movimenta\u00e7\u00e3o refor\u00e7a a for\u00e7a pol\u00edtica da legenda, que deve assumir o comando do Executivo em mar\u00e7o de 2026, quando a governadora F\u00e1tima Bezerra (PT) deixar\u00e1 o cargo para disputar o Senado.<\/p>\n\n\n\n<p>Tomaram posse nesta segunda o ex-prefeito de Lagoa Nova e ex-presidente da Femurn, Luciano Santos, na Secretaria Extraordin\u00e1ria de Assuntos Federativos; e o engenheiro S\u00e9rgio Rodrigues, na presid\u00eancia da CAERN. H\u00e1 cerca de duas semanas, o ex-prefeito de Apodi, Alan Silveira, foi nomeado secret\u00e1rio de Estado de Desenvolvimento Econ\u00f4mico do RN. Os tr\u00eas cargos ampliam a presen\u00e7a do MDB na gest\u00e3o estadual, que nos \u00faltimos seis anos se limitava \u00e0 Secretaria de Recursos H\u00eddricos, comandada por Paulo Varella.<\/p>\n\n\n\n<p>O avan\u00e7o do MDB na estrutura do Governo \u00e9 interpretado como um reconhecimento do peso pol\u00edtico do partido e de sua import\u00e2ncia estrat\u00e9gica para o projeto pol\u00edtico de F\u00e1tima e do PT em 2026. O partido \u00e9 o principal aliado dos petistas no Rio Grande do Norte e, nacionalmente, integra a base de apoio do presidente Lula.<\/p>\n\n\n\n<p>Com cerca de 45 prefeituras, 30 vice-prefeituras e aproximadamente 300 vereadores, o MDB j\u00e1 era a maior for\u00e7a partid\u00e1ria do Estado em termos municipais. Com a prov\u00e1vel filia\u00e7\u00e3o do presidente da Assembleia Legislativa, Ezequiel Ferreira (PSDB), o n\u00famero de prefeitos deve ultrapassar 60, e o partido se tornar\u00e1 ainda mais robusto em capilaridade e poder de articula\u00e7\u00e3o nos munic\u00edpios.<\/p>\n\n\n\n<p>Al\u00e9m do dom\u00ednio nos munic\u00edpios, o partido se articula para crescer tamb\u00e9m na Assembleia Legislativa. Hoje, o MDB tem apenas um deputado estadual, mas o projeto pol\u00edtico de Walter Alves e Ezequiel Ferreira mira um salto para at\u00e9 sete cadeiras, ultrapassando o PL, que atualmente lidera com seis parlamentares. A estrat\u00e9gia inclui atrair nomes de peso de outras siglas, como Dr. Bernardo (PSDB), Ubaldo Fernandes (PSDB), Kleber Rodrigues (PSDB), Galeno Torquato (PSDB), Hermano Morais (PV) e Eudiane Macedo (PV), muitos deles com base em regi\u00f5es estrat\u00e9gicas do Estado.<\/p>\n\n\n\n<p>O redesenho da composi\u00e7\u00e3o pol\u00edtica tem data e efeito pr\u00e1ticos. Com a desincompatibiliza\u00e7\u00e3o de F\u00e1tima Bezerra prevista para mar\u00e7o de 2026, Walter Alves assume o Governo do Estado e ganha protagonismo institucional. Nos bastidores, ele dever\u00e1 entregar a presid\u00eancia estadual do MDB a Ezequiel, que dever\u00e1 assumir o comando da legenda com a miss\u00e3o de ampliar a bancada e consolidar a presen\u00e7a do partido na sucess\u00e3o estadual.<\/p>\n\n\n\n<p>O cen\u00e1rio coloca o MDB numa posi\u00e7\u00e3o estrat\u00e9gica para os pr\u00f3ximos ciclos eleitorais. Com o comando simult\u00e2neo do Executivo estadual e da Assembleia Legislativa, e o controle sobre a maior malha de prefeitos e vereadores, o partido se torna um fiel da balan\u00e7a nas elei\u00e7\u00f5es de 2026, com peso suficiente para definir quem ser\u00e1 o pr\u00f3ximo governador ou governadora do RN.<\/p>\n\n\n\n<p><\/p>\n\n\n\n<p>Di\u00e1rio do RN<\/p>\n\n\n\n<figure class=\"wp-block-image\"><img data-recalc-dims=\"1\" fetchpriority=\"high\" decoding=\"async\" width=\"600\" height=\"400\" src=\"https:\/\/i0.wp.com\/blogdobispo.com.br\/wp-content\/uploads\/2025\/08\/Coluna-170725-2025-08-04T203330.991-1.webp?resize=600%2C400\" alt=\"\" class=\"wp-image-6264\" srcset=\"https:\/\/i0.wp.com\/blogdobispo.com.br\/wp-content\/uploads\/2025\/08\/Coluna-170725-2025-08-04T203330.991-1.webp?w=600&amp;ssl=1 600w, https:\/\/i0.wp.com\/blogdobispo.com.br\/wp-content\/uploads\/2025\/08\/Coluna-170725-2025-08-04T203330.991-1.webp?resize=300%2C200&amp;ssl=1 300w\" sizes=\"(max-width: 600px) 100vw, 600px\" \/><\/figure>\n","protected":false},"excerpt":{"rendered":"<p>O MDB, maior partido do Rio Grande do Norte em n\u00famero de prefeitos, vices e vereadores, consolidou nesta segunda-feira (4) mais espa\u00e7o no Governo do Estado com a posse de novos gestores indicados pelo vice-governador Walter Alves, presidente da sigla. A posse dos novos emedebistas no governo marca mais do que uma amplia\u00e7\u00e3o administrativa: simboliza [&hellip;]<\/p>\n","protected":false},"author":1,"featured_media":0,"comment_status":"open","ping_status":"open","sticky":false,"template":"","format":"standard","meta":{"cybocfi_hide_featured_image":"","_jetpack_memberships_contains_paid_content":false,"footnotes":""},"categories":[1],"tags":[],"class_list":["post-6263","post","type-post","status-publish","format-standard","hentry","category-diversos"],"yoast_head":"<!-- This site is optimized with the Yoast SEO plugin v25.6 - https:\/\/yoast.com\/wordpress\/plugins\/seo\/ -->\n<title>Maior partido do RN amplia espa\u00e7o na gest\u00e3o e mostra sua for\u00e7a pol\u00edtica - Blog do Bispo<\/title>\n<meta name=\"robots\" content=\"index, follow, max-snippet:-1, max-image-preview:large, max-video-preview:-1\" \/>\n<link rel=\"canonical\" href=\"https:\/\/blogdobispo.com.br\/?p=6263\" \/>\n<meta property=\"og:locale\" content=\"pt_BR\" \/>\n<meta property=\"og:type\" content=\"article\" \/>\n<meta property=\"og:title\" content=\"Maior partido do RN amplia espa\u00e7o na gest\u00e3o e mostra sua for\u00e7a pol\u00edtica - Blog do Bispo\" \/>\n<meta property=\"og:description\" content=\"O MDB, maior partido do Rio Grande do Norte em n\u00famero de prefeitos, vices e vereadores, consolidou nesta segunda-feira (4) mais espa\u00e7o no Governo do Estado com a posse de novos gestores indicados pelo vice-governador Walter Alves, presidente da sigla. A posse dos novos emedebistas no governo marca mais do que uma amplia\u00e7\u00e3o administrativa: simboliza [&hellip;]\" \/>\n<meta property=\"og:url\" content=\"https:\/\/blogdobispo.com.br\/?p=6263\" \/>\n<meta property=\"og:site_name\" content=\"Blog do Bispo\" \/>\n<meta property=\"article:published_time\" content=\"2025-08-05T12:15:42+00:00\" \/>\n<meta property=\"article:modified_time\" content=\"2025-08-05T12:15:44+00:00\" \/>\n<meta property=\"og:image\" content=\"http:\/\/blogdobispo.com.br\/wp-content\/uploads\/2025\/08\/Coluna-170725-2025-08-04T203330.991-1.webp\" \/>\n<meta name=\"author\" content=\"Jefferson Sterfeno\" \/>\n<meta name=\"twitter:card\" content=\"summary_large_image\" \/>\n<meta name=\"twitter:label1\" content=\"Escrito por\" \/>\n\t<meta name=\"twitter:data1\" content=\"Jefferson Sterfeno\" \/>\n\t<meta name=\"twitter:label2\" content=\"Est. tempo de leitura\" \/>\n\t<meta name=\"twitter:data2\" content=\"4 minutos\" \/>\n<script type=\"application\/ld+json\" class=\"yoast-schema-graph\">{\"@context\":\"https:\/\/schema.org\",\"@graph\":[{\"@type\":\"Article\",\"@id\":\"https:\/\/blogdobispo.com.br\/?p=6263#article\",\"isPartOf\":{\"@id\":\"https:\/\/blogdobispo.com.br\/?p=6263\"},\"author\":{\"name\":\"Jefferson Sterfeno\",\"@id\":\"https:\/\/blogdobispo.com.br\/#\/schema\/person\/e2209cc0e6cea5c5233d033e997b373f\"},\"headline\":\"Maior partido do RN amplia espa\u00e7o na gest\u00e3o e mostra sua for\u00e7a pol\u00edtica\",\"datePublished\":\"2025-08-05T12:15:42+00:00\",\"dateModified\":\"2025-08-05T12:15:44+00:00\",\"mainEntityOfPage\":{\"@id\":\"https:\/\/blogdobispo.com.br\/?p=6263\"},\"wordCount\":587,\"commentCount\":0,\"publisher\":{\"@id\":\"https:\/\/blogdobispo.com.br\/#organization\"},\"image\":{\"@id\":\"https:\/\/blogdobispo.com.br\/?p=6263#primaryimage\"},\"thumbnailUrl\":\"http:\/\/blogdobispo.com.br\/wp-content\/uploads\/2025\/08\/Coluna-170725-2025-08-04T203330.991-1.webp\",\"articleSection\":[\"diversos\"],\"inLanguage\":\"pt-BR\",\"potentialAction\":[{\"@type\":\"CommentAction\",\"name\":\"Comment\",\"target\":[\"https:\/\/blogdobispo.com.br\/?p=6263#respond\"]}]},{\"@type\":\"WebPage\",\"@id\":\"https:\/\/blogdobispo.com.br\/?p=6263\",\"url\":\"https:\/\/blogdobispo.com.br\/?p=6263\",\"name\":\"Maior partido do RN amplia espa\u00e7o na gest\u00e3o e mostra sua for\u00e7a pol\u00edtica - Blog do Bispo\",\"isPartOf\":{\"@id\":\"https:\/\/blogdobispo.com.br\/#website\"},\"primaryImageOfPage\":{\"@id\":\"https:\/\/blogdobispo.com.br\/?p=6263#primaryimage\"},\"image\":{\"@id\":\"https:\/\/blogdobispo.com.br\/?p=6263#primaryimage\"},\"thumbnailUrl\":\"http:\/\/blogdobispo.com.br\/wp-content\/uploads\/2025\/08\/Coluna-170725-2025-08-04T203330.991-1.webp\",\"datePublished\":\"2025-08-05T12:15:42+00:00\",\"dateModified\":\"2025-08-05T12:15:44+00:00\",\"breadcrumb\":{\"@id\":\"https:\/\/blogdobispo.com.br\/?p=6263#breadcrumb\"},\"inLanguage\":\"pt-BR\",\"potentialAction\":[{\"@type\":\"ReadAction\",\"target\":[\"https:\/\/blogdobispo.com.br\/?p=6263\"]}]},{\"@type\":\"ImageObject\",\"inLanguage\":\"pt-BR\",\"@id\":\"https:\/\/blogdobispo.com.br\/?p=6263#primaryimage\",\"url\":\"https:\/\/i0.wp.com\/blogdobispo.com.br\/wp-content\/uploads\/2025\/08\/Coluna-170725-2025-08-04T203330.991-1.webp?fit=600%2C400&ssl=1\",\"contentUrl\":\"https:\/\/i0.wp.com\/blogdobispo.com.br\/wp-content\/uploads\/2025\/08\/Coluna-170725-2025-08-04T203330.991-1.webp?fit=600%2C400&ssl=1\",\"width\":600,\"height\":400},{\"@type\":\"BreadcrumbList\",\"@id\":\"https:\/\/blogdobispo.com.br\/?p=6263#breadcrumb\",\"itemListElement\":[{\"@type\":\"ListItem\",\"position\":1,\"name\":\"In\u00edcio\",\"item\":\"https:\/\/blogdobispo.com.br\/\"},{\"@type\":\"ListItem\",\"position\":2,\"name\":\"Maior partido do RN amplia espa\u00e7o na gest\u00e3o e mostra sua for\u00e7a pol\u00edtica\"}]},{\"@type\":\"WebSite\",\"@id\":\"https:\/\/blogdobispo.com.br\/#website\",\"url\":\"https:\/\/blogdobispo.com.br\/\",\"name\":\"Blog do Bispo\",\"description\":\"Comprometido apenas com o leitor\",\"publisher\":{\"@id\":\"https:\/\/blogdobispo.com.br\/#organization\"},\"potentialAction\":[{\"@type\":\"SearchAction\",\"target\":{\"@type\":\"EntryPoint\",\"urlTemplate\":\"https:\/\/blogdobispo.com.br\/?s={search_term_string}\"},\"query-input\":{\"@type\":\"PropertyValueSpecification\",\"valueRequired\":true,\"valueName\":\"search_term_string\"}}],\"inLanguage\":\"pt-BR\"},{\"@type\":\"Organization\",\"@id\":\"https:\/\/blogdobispo.com.br\/#organization\",\"name\":\"Blog do Bispo\",\"url\":\"https:\/\/blogdobispo.com.br\/\",\"logo\":{\"@type\":\"ImageObject\",\"inLanguage\":\"pt-BR\",\"@id\":\"https:\/\/blogdobispo.com.br\/#\/schema\/logo\/image\/\",\"url\":\"http:\/\/blogdobispo.com.br\/wp-content\/uploads\/2023\/05\/cropped-headear.png\",\"contentUrl\":\"http:\/\/blogdobispo.com.br\/wp-content\/uploads\/2023\/05\/cropped-headear.png\",\"width\":1500,\"height\":399,\"caption\":\"Blog do Bispo\"},\"image\":{\"@id\":\"https:\/\/blogdobispo.com.br\/#\/schema\/logo\/image\/\"}},{\"@type\":\"Person\",\"@id\":\"https:\/\/blogdobispo.com.br\/#\/schema\/person\/e2209cc0e6cea5c5233d033e997b373f\",\"name\":\"Jefferson Sterfeno\",\"image\":{\"@type\":\"ImageObject\",\"inLanguage\":\"pt-BR\",\"@id\":\"https:\/\/blogdobispo.com.br\/#\/schema\/person\/image\/\",\"url\":\"https:\/\/secure.gravatar.com\/avatar\/0534e84764641168a677026b6d57a3f51dc7ac4db0b4f6186d9cb330d4ee1160?s=96&d=mm&r=g\",\"contentUrl\":\"https:\/\/secure.gravatar.com\/avatar\/0534e84764641168a677026b6d57a3f51dc7ac4db0b4f6186d9cb330d4ee1160?s=96&d=mm&r=g\",\"caption\":\"Jefferson Sterfeno\"},\"sameAs\":[\"http:\/\/blogdobispo.com.br\"],\"url\":\"https:\/\/blogdobispo.com.br\/?author=1\"}]}<\/script>\n<!-- \/ Yoast SEO plugin. -->","yoast_head_json":{"title":"Maior partido do RN amplia espa\u00e7o na gest\u00e3o e mostra sua for\u00e7a pol\u00edtica - Blog do Bispo","robots":{"index":"index","follow":"follow","max-snippet":"max-snippet:-1","max-image-preview":"max-image-preview:large","max-video-preview":"max-video-preview:-1"},"canonical":"https:\/\/blogdobispo.com.br\/?p=6263","og_locale":"pt_BR","og_type":"article","og_title":"Maior partido do RN amplia espa\u00e7o na gest\u00e3o e mostra sua for\u00e7a pol\u00edtica - Blog do Bispo","og_description":"O MDB, maior partido do Rio Grande do Norte em n\u00famero de prefeitos, vices e vereadores, consolidou nesta segunda-feira (4) mais espa\u00e7o no Governo do Estado com a posse de novos gestores indicados pelo vice-governador Walter Alves, presidente da sigla. A posse dos novos emedebistas no governo marca mais do que uma amplia\u00e7\u00e3o administrativa: simboliza [&hellip;]","og_url":"https:\/\/blogdobispo.com.br\/?p=6263","og_site_name":"Blog do Bispo","article_published_time":"2025-08-05T12:15:42+00:00","article_modified_time":"2025-08-05T12:15:44+00:00","og_image":[{"url":"http:\/\/blogdobispo.com.br\/wp-content\/uploads\/2025\/08\/Coluna-170725-2025-08-04T203330.991-1.webp","type":"","width":"","height":""}],"author":"Jefferson Sterfeno","twitter_card":"summary_large_image","twitter_misc":{"Escrito por":"Jefferson Sterfeno","Est. tempo de leitura":"4 minutos"},"schema":{"@context":"https:\/\/schema.org","@graph":[{"@type":"Article","@id":"https:\/\/blogdobispo.com.br\/?p=6263#article","isPartOf":{"@id":"https:\/\/blogdobispo.com.br\/?p=6263"},"author":{"name":"Jefferson Sterfeno","@id":"https:\/\/blogdobispo.com.br\/#\/schema\/person\/e2209cc0e6cea5c5233d033e997b373f"},"headline":"Maior partido do RN amplia espa\u00e7o na gest\u00e3o e mostra sua for\u00e7a pol\u00edtica","datePublished":"2025-08-05T12:15:42+00:00","dateModified":"2025-08-05T12:15:44+00:00","mainEntityOfPage":{"@id":"https:\/\/blogdobispo.com.br\/?p=6263"},"wordCount":587,"commentCount":0,"publisher":{"@id":"https:\/\/blogdobispo.com.br\/#organization"},"image":{"@id":"https:\/\/blogdobispo.com.br\/?p=6263#primaryimage"},"thumbnailUrl":"http:\/\/blogdobispo.com.br\/wp-content\/uploads\/2025\/08\/Coluna-170725-2025-08-04T203330.991-1.webp","articleSection":["diversos"],"inLanguage":"pt-BR","potentialAction":[{"@type":"CommentAction","name":"Comment","target":["https:\/\/blogdobispo.com.br\/?p=6263#respond"]}]},{"@type":"WebPage","@id":"https:\/\/blogdobispo.com.br\/?p=6263","url":"https:\/\/blogdobispo.com.br\/?p=6263","name":"Maior partido do RN amplia espa\u00e7o na gest\u00e3o e mostra sua for\u00e7a pol\u00edtica - Blog do Bispo","isPartOf":{"@id":"https:\/\/blogdobispo.com.br\/#website"},"primaryImageOfPage":{"@id":"https:\/\/blogdobispo.com.br\/?p=6263#primaryimage"},"image":{"@id":"https:\/\/blogdobispo.com.br\/?p=6263#primaryimage"},"thumbnailUrl":"http:\/\/blogdobispo.com.br\/wp-content\/uploads\/2025\/08\/Coluna-170725-2025-08-04T203330.991-1.webp","datePublished":"2025-08-05T12:15:42+00:00","dateModified":"2025-08-05T12:15:44+00:00","breadcrumb":{"@id":"https:\/\/blogdobispo.com.br\/?p=6263#breadcrumb"},"inLanguage":"pt-BR","potentialAction":[{"@type":"ReadAction","target":["https:\/\/blogdobispo.com.br\/?p=6263"]}]},{"@type":"ImageObject","inLanguage":"pt-BR","@id":"https:\/\/blogdobispo.com.br\/?p=6263#primaryimage","url":"https:\/\/i0.wp.com\/blogdobispo.com.br\/wp-content\/uploads\/2025\/08\/Coluna-170725-2025-08-04T203330.991-1.webp?fit=600%2C400&ssl=1","contentUrl":"https:\/\/i0.wp.com\/blogdobispo.com.br\/wp-content\/uploads\/2025\/08\/Coluna-170725-2025-08-04T203330.991-1.webp?fit=600%2C400&ssl=1","width":600,"height":400},{"@type":"BreadcrumbList","@id":"https:\/\/blogdobispo.com.br\/?p=6263#breadcrumb","itemListElement":[{"@type":"ListItem","position":1,"name":"In\u00edcio","item":"https:\/\/blogdobispo.com.br\/"},{"@type":"ListItem","position":2,"name":"Maior partido do RN amplia espa\u00e7o na gest\u00e3o e mostra sua for\u00e7a pol\u00edtica"}]},{"@type":"WebSite","@id":"https:\/\/blogdobispo.com.br\/#website","url":"https:\/\/blogdobispo.com.br\/","name":"Blog do Bispo","description":"Comprometido apenas com o leitor","publisher":{"@id":"https:\/\/blogdobispo.com.br\/#organization"},"potentialAction":[{"@type":"SearchAction","target":{"@type":"EntryPoint","urlTemplate":"https:\/\/blogdobispo.com.br\/?s={search_term_string}"},"query-input":{"@type":"PropertyValueSpecification","valueRequired":true,"valueName":"search_term_string"}}],"inLanguage":"pt-BR"},{"@type":"Organization","@id":"https:\/\/blogdobispo.com.br\/#organization","name":"Blog do Bispo","url":"https:\/\/blogdobispo.com.br\/","logo":{"@type":"ImageObject","inLanguage":"pt-BR","@id":"https:\/\/blogdobispo.com.br\/#\/schema\/logo\/image\/","url":"http:\/\/blogdobispo.com.br\/wp-content\/uploads\/2023\/05\/cropped-headear.png","contentUrl":"http:\/\/blogdobispo.com.br\/wp-content\/uploads\/2023\/05\/cropped-headear.png","width":1500,"height":399,"caption":"Blog do Bispo"},"image":{"@id":"https:\/\/blogdobispo.com.br\/#\/schema\/logo\/image\/"}},{"@type":"Person","@id":"https:\/\/blogdobispo.com.br\/#\/schema\/person\/e2209cc0e6cea5c5233d033e997b373f","name":"Jefferson Sterfeno","image":{"@type":"ImageObject","inLanguage":"pt-BR","@id":"https:\/\/blogdobispo.com.br\/#\/schema\/person\/image\/","url":"https:\/\/secure.gravatar.com\/avatar\/0534e84764641168a677026b6d57a3f51dc7ac4db0b4f6186d9cb330d4ee1160?s=96&d=mm&r=g","contentUrl":"https:\/\/secure.gravatar.com\/avatar\/0534e84764641168a677026b6d57a3f51dc7ac4db0b4f6186d9cb330d4ee1160?s=96&d=mm&r=g","caption":"Jefferson Sterfeno"},"sameAs":["http:\/\/blogdobispo.com.br"],"url":"https:\/\/blogdobispo.com.br\/?author=1"}]}},"featured_image_urls":{"full":"","thumbnail":"","medium":"","medium_large":"","large":"","1536x1536":"","2048x2048":""},"author_info":{"display_name":"Jefferson Sterfeno","author_link":"https:\/\/blogdobispo.com.br\/?author=1"},"category_info":"<a href=\"https:\/\/blogdobispo.com.br\/?cat=1\" rel=\"category\">diversos<\/a>","tag_info":"diversos","comment_count":"0","jetpack_featured_media_url":"","jetpack_sharing_enabled":true,"_links":{"self":[{"href":"https:\/\/blogdobispo.com.br\/index.php?rest_route=\/wp\/v2\/posts\/6263","targetHints":{"allow":["GET"]}}],"collection":[{"href":"https:\/\/blogdobispo.com.br\/index.php?rest_route=\/wp\/v2\/posts"}],"about":[{"href":"https:\/\/blogdobispo.com.br\/index.php?rest_route=\/wp\/v2\/types\/post"}],"author":[{"embeddable":true,"href":"https:\/\/blogdobispo.com.br\/index.php?rest_route=\/wp\/v2\/users\/1"}],"replies":[{"embeddable":true,"href":"https:\/\/blogdobispo.com.br\/index.php?rest_route=%2Fwp%2Fv2%2Fcomments&post=6263"}],"version-history":[{"count":1,"href":"https:\/\/blogdobispo.com.br\/index.php?rest_route=\/wp\/v2\/posts\/6263\/revisions"}],"predecessor-version":[{"id":6265,"href":"https:\/\/blogdobispo.com.br\/index.php?rest_route=\/wp\/v2\/posts\/6263\/revisions\/6265"}],"wp:attachment":[{"href":"https:\/\/blogdobispo.com.br\/index.php?rest_route=%2Fwp%2Fv2%2Fmedia&parent=6263"}],"wp:term":[{"taxonomy":"category","embeddable":true,"href":"https:\/\/blogdobispo.com.br\/index.php?rest_route=%2Fwp%2Fv2%2Fcategories&post=6263"},{"taxonomy":"post_tag","embeddable":true,"href":"https:\/\/blogdobispo.com.br\/index.php?rest_route=%2Fwp%2Fv2%2Ftags&post=6263"}],"curies":[{"name":"wp","href":"https:\/\/api.w.org\/{rel}","templated":true}]}}