{"id":6255,"date":"2025-08-01T13:33:36","date_gmt":"2025-08-01T13:33:36","guid":{"rendered":"https:\/\/blogdobispo.com.br\/?p=6255"},"modified":"2025-08-01T13:33:37","modified_gmt":"2025-08-01T13:33:37","slug":"rafael-motta-caminha-para-o-pp-pelas-maos-de-joao-maia-e-aposta-no-retorno-a-camara","status":"publish","type":"post","link":"https:\/\/blogdobispo.com.br\/?p=6255","title":{"rendered":"Rafael Motta caminha para o PP pelas m\u00e3os de Jo\u00e3o Maia e aposta no retorno \u00e0 C\u00e2mara"},"content":{"rendered":"\n<p>O ex-deputado federal&nbsp;<strong>Rafael Motta<\/strong>&nbsp;deve assinar, em breve, a ficha de filia\u00e7\u00e3o ao Progressistas (PP). O convite foi feito no in\u00edcio da semana pelo deputado&nbsp;<strong>Jo\u00e3o Maia<\/strong>, presidente estadual da legenda, durante encontro com Motta. \u201cJo\u00e3o \u00e9 um amigo que fiz na pol\u00edtica, pessoa de bem. Estamos avaliando a quest\u00e3o partid\u00e1ria\u201d, declarou.<\/p>\n\n\n\n<p>Segundo Rafael, a conversa girou em torno da constru\u00e7\u00e3o de um projeto pol\u00edtico sem polariza\u00e7\u00f5es, focado em ideias para o fortalecimento do Rio Grande do Norte. Ele acredita que a parceria pode pavimentar seu caminho de volta \u00e0 C\u00e2mara dos Deputados. \u201cAcreditamos que o di\u00e1logo aberto e respeitoso \u00e9 a chave para avan\u00e7armos juntos em prol do RN e do nosso retorno \u00e0 C\u00e2mara, representando o povo potiguar em Bras\u00edlia\u201d, disse.<\/p>\n\n\n\n<p>Nos bastidores, o entendimento \u00e9 que Rafael Motta aposta na for\u00e7a da estrutura do PP para se reeleger em 2026.<\/p>\n\n\n\n<p>Blog do Xerife<\/p>\n\n\n\n<figure class=\"wp-block-image\"><img data-recalc-dims=\"1\" fetchpriority=\"high\" decoding=\"async\" width=\"799\" height=\"624\" src=\"https:\/\/i0.wp.com\/blogdobispo.com.br\/wp-content\/uploads\/2025\/08\/rafael-motta_40-1.webp?resize=799%2C624\" alt=\"\" class=\"wp-image-6256\" srcset=\"https:\/\/i0.wp.com\/blogdobispo.com.br\/wp-content\/uploads\/2025\/08\/rafael-motta_40-1.webp?w=799&amp;ssl=1 799w, https:\/\/i0.wp.com\/blogdobispo.com.br\/wp-content\/uploads\/2025\/08\/rafael-motta_40-1.webp?resize=300%2C234&amp;ssl=1 300w, https:\/\/i0.wp.com\/blogdobispo.com.br\/wp-content\/uploads\/2025\/08\/rafael-motta_40-1.webp?resize=768%2C600&amp;ssl=1 768w\" sizes=\"(max-width: 799px) 100vw, 799px\" \/><\/figure>\n","protected":false},"excerpt":{"rendered":"<p>O ex-deputado federal&nbsp;Rafael Motta&nbsp;deve assinar, em breve, a ficha de filia\u00e7\u00e3o ao Progressistas (PP). O convite foi feito no in\u00edcio da semana pelo deputado&nbsp;Jo\u00e3o Maia, presidente estadual da legenda, durante encontro com Motta. \u201cJo\u00e3o \u00e9 um amigo que fiz na pol\u00edtica, pessoa de bem. Estamos avaliando a quest\u00e3o partid\u00e1ria\u201d, declarou. Segundo Rafael, a conversa girou [&hellip;]<\/p>\n","protected":false},"author":1,"featured_media":0,"comment_status":"open","ping_status":"open","sticky":false,"template":"","format":"standard","meta":{"cybocfi_hide_featured_image":"","_jetpack_memberships_contains_paid_content":false,"footnotes":""},"categories":[1],"tags":[],"class_list":["post-6255","post","type-post","status-publish","format-standard","hentry","category-diversos"],"yoast_head":"<!-- This site is optimized with the Yoast SEO plugin v25.6 - https:\/\/yoast.com\/wordpress\/plugins\/seo\/ -->\n<title>Rafael Motta caminha para o PP pelas m\u00e3os de Jo\u00e3o Maia e aposta no retorno \u00e0 C\u00e2mara - Blog do Bispo<\/title>\n<meta name=\"robots\" content=\"index, follow, max-snippet:-1, max-image-preview:large, max-video-preview:-1\" \/>\n<link rel=\"canonical\" href=\"https:\/\/blogdobispo.com.br\/?p=6255\" \/>\n<meta property=\"og:locale\" content=\"pt_BR\" \/>\n<meta property=\"og:type\" content=\"article\" \/>\n<meta property=\"og:title\" content=\"Rafael Motta caminha para o PP pelas m\u00e3os de Jo\u00e3o Maia e aposta no retorno \u00e0 C\u00e2mara - Blog do Bispo\" \/>\n<meta property=\"og:description\" content=\"O ex-deputado federal&nbsp;Rafael Motta&nbsp;deve assinar, em breve, a ficha de filia\u00e7\u00e3o ao Progressistas (PP). O convite foi feito no in\u00edcio da semana pelo deputado&nbsp;Jo\u00e3o Maia, presidente estadual da legenda, durante encontro com Motta. \u201cJo\u00e3o \u00e9 um amigo que fiz na pol\u00edtica, pessoa de bem. Estamos avaliando a quest\u00e3o partid\u00e1ria\u201d, declarou. Segundo Rafael, a conversa girou [&hellip;]\" \/>\n<meta property=\"og:url\" content=\"https:\/\/blogdobispo.com.br\/?p=6255\" \/>\n<meta property=\"og:site_name\" content=\"Blog do Bispo\" \/>\n<meta property=\"article:published_time\" content=\"2025-08-01T13:33:36+00:00\" \/>\n<meta property=\"article:modified_time\" content=\"2025-08-01T13:33:37+00:00\" \/>\n<meta property=\"og:image\" content=\"http:\/\/blogdobispo.com.br\/wp-content\/uploads\/2025\/08\/rafael-motta_40-1.webp\" \/>\n<meta name=\"author\" content=\"Jefferson Sterfeno\" \/>\n<meta name=\"twitter:card\" content=\"summary_large_image\" \/>\n<meta name=\"twitter:label1\" content=\"Escrito por\" \/>\n\t<meta name=\"twitter:data1\" content=\"Jefferson Sterfeno\" \/>\n\t<meta name=\"twitter:label2\" content=\"Est. tempo de leitura\" \/>\n\t<meta name=\"twitter:data2\" content=\"2 minutos\" \/>\n<script type=\"application\/ld+json\" class=\"yoast-schema-graph\">{\"@context\":\"https:\/\/schema.org\",\"@graph\":[{\"@type\":\"Article\",\"@id\":\"https:\/\/blogdobispo.com.br\/?p=6255#article\",\"isPartOf\":{\"@id\":\"https:\/\/blogdobispo.com.br\/?p=6255\"},\"author\":{\"name\":\"Jefferson Sterfeno\",\"@id\":\"https:\/\/blogdobispo.com.br\/#\/schema\/person\/e2209cc0e6cea5c5233d033e997b373f\"},\"headline\":\"Rafael Motta caminha para o PP pelas m\u00e3os de Jo\u00e3o Maia e aposta no retorno \u00e0 C\u00e2mara\",\"datePublished\":\"2025-08-01T13:33:36+00:00\",\"dateModified\":\"2025-08-01T13:33:37+00:00\",\"mainEntityOfPage\":{\"@id\":\"https:\/\/blogdobispo.com.br\/?p=6255\"},\"wordCount\":179,\"commentCount\":0,\"publisher\":{\"@id\":\"https:\/\/blogdobispo.com.br\/#organization\"},\"image\":{\"@id\":\"https:\/\/blogdobispo.com.br\/?p=6255#primaryimage\"},\"thumbnailUrl\":\"http:\/\/blogdobispo.com.br\/wp-content\/uploads\/2025\/08\/rafael-motta_40-1.webp\",\"articleSection\":[\"diversos\"],\"inLanguage\":\"pt-BR\",\"potentialAction\":[{\"@type\":\"CommentAction\",\"name\":\"Comment\",\"target\":[\"https:\/\/blogdobispo.com.br\/?p=6255#respond\"]}]},{\"@type\":\"WebPage\",\"@id\":\"https:\/\/blogdobispo.com.br\/?p=6255\",\"url\":\"https:\/\/blogdobispo.com.br\/?p=6255\",\"name\":\"Rafael Motta caminha para o PP pelas m\u00e3os de Jo\u00e3o Maia e aposta no retorno \u00e0 C\u00e2mara - Blog do Bispo\",\"isPartOf\":{\"@id\":\"https:\/\/blogdobispo.com.br\/#website\"},\"primaryImageOfPage\":{\"@id\":\"https:\/\/blogdobispo.com.br\/?p=6255#primaryimage\"},\"image\":{\"@id\":\"https:\/\/blogdobispo.com.br\/?p=6255#primaryimage\"},\"thumbnailUrl\":\"http:\/\/blogdobispo.com.br\/wp-content\/uploads\/2025\/08\/rafael-motta_40-1.webp\",\"datePublished\":\"2025-08-01T13:33:36+00:00\",\"dateModified\":\"2025-08-01T13:33:37+00:00\",\"breadcrumb\":{\"@id\":\"https:\/\/blogdobispo.com.br\/?p=6255#breadcrumb\"},\"inLanguage\":\"pt-BR\",\"potentialAction\":[{\"@type\":\"ReadAction\",\"target\":[\"https:\/\/blogdobispo.com.br\/?p=6255\"]}]},{\"@type\":\"ImageObject\",\"inLanguage\":\"pt-BR\",\"@id\":\"https:\/\/blogdobispo.com.br\/?p=6255#primaryimage\",\"url\":\"https:\/\/i0.wp.com\/blogdobispo.com.br\/wp-content\/uploads\/2025\/08\/rafael-motta_40-1.webp?fit=799%2C624&ssl=1\",\"contentUrl\":\"https:\/\/i0.wp.com\/blogdobispo.com.br\/wp-content\/uploads\/2025\/08\/rafael-motta_40-1.webp?fit=799%2C624&ssl=1\",\"width\":799,\"height\":624},{\"@type\":\"BreadcrumbList\",\"@id\":\"https:\/\/blogdobispo.com.br\/?p=6255#breadcrumb\",\"itemListElement\":[{\"@type\":\"ListItem\",\"position\":1,\"name\":\"In\u00edcio\",\"item\":\"https:\/\/blogdobispo.com.br\/\"},{\"@type\":\"ListItem\",\"position\":2,\"name\":\"Rafael Motta caminha para o PP pelas m\u00e3os de Jo\u00e3o Maia e aposta no retorno \u00e0 C\u00e2mara\"}]},{\"@type\":\"WebSite\",\"@id\":\"https:\/\/blogdobispo.com.br\/#website\",\"url\":\"https:\/\/blogdobispo.com.br\/\",\"name\":\"Blog do Bispo\",\"description\":\"Comprometido apenas com o leitor\",\"publisher\":{\"@id\":\"https:\/\/blogdobispo.com.br\/#organization\"},\"potentialAction\":[{\"@type\":\"SearchAction\",\"target\":{\"@type\":\"EntryPoint\",\"urlTemplate\":\"https:\/\/blogdobispo.com.br\/?s={search_term_string}\"},\"query-input\":{\"@type\":\"PropertyValueSpecification\",\"valueRequired\":true,\"valueName\":\"search_term_string\"}}],\"inLanguage\":\"pt-BR\"},{\"@type\":\"Organization\",\"@id\":\"https:\/\/blogdobispo.com.br\/#organization\",\"name\":\"Blog do Bispo\",\"url\":\"https:\/\/blogdobispo.com.br\/\",\"logo\":{\"@type\":\"ImageObject\",\"inLanguage\":\"pt-BR\",\"@id\":\"https:\/\/blogdobispo.com.br\/#\/schema\/logo\/image\/\",\"url\":\"http:\/\/blogdobispo.com.br\/wp-content\/uploads\/2023\/05\/cropped-headear.png\",\"contentUrl\":\"http:\/\/blogdobispo.com.br\/wp-content\/uploads\/2023\/05\/cropped-headear.png\",\"width\":1500,\"height\":399,\"caption\":\"Blog do Bispo\"},\"image\":{\"@id\":\"https:\/\/blogdobispo.com.br\/#\/schema\/logo\/image\/\"}},{\"@type\":\"Person\",\"@id\":\"https:\/\/blogdobispo.com.br\/#\/schema\/person\/e2209cc0e6cea5c5233d033e997b373f\",\"name\":\"Jefferson Sterfeno\",\"image\":{\"@type\":\"ImageObject\",\"inLanguage\":\"pt-BR\",\"@id\":\"https:\/\/blogdobispo.com.br\/#\/schema\/person\/image\/\",\"url\":\"https:\/\/secure.gravatar.com\/avatar\/0534e84764641168a677026b6d57a3f51dc7ac4db0b4f6186d9cb330d4ee1160?s=96&d=mm&r=g\",\"contentUrl\":\"https:\/\/secure.gravatar.com\/avatar\/0534e84764641168a677026b6d57a3f51dc7ac4db0b4f6186d9cb330d4ee1160?s=96&d=mm&r=g\",\"caption\":\"Jefferson Sterfeno\"},\"sameAs\":[\"http:\/\/blogdobispo.com.br\"],\"url\":\"https:\/\/blogdobispo.com.br\/?author=1\"}]}<\/script>\n<!-- \/ Yoast SEO plugin. -->","yoast_head_json":{"title":"Rafael Motta caminha para o PP pelas m\u00e3os de Jo\u00e3o Maia e aposta no retorno \u00e0 C\u00e2mara - Blog do Bispo","robots":{"index":"index","follow":"follow","max-snippet":"max-snippet:-1","max-image-preview":"max-image-preview:large","max-video-preview":"max-video-preview:-1"},"canonical":"https:\/\/blogdobispo.com.br\/?p=6255","og_locale":"pt_BR","og_type":"article","og_title":"Rafael Motta caminha para o PP pelas m\u00e3os de Jo\u00e3o Maia e aposta no retorno \u00e0 C\u00e2mara - Blog do Bispo","og_description":"O ex-deputado federal&nbsp;Rafael Motta&nbsp;deve assinar, em breve, a ficha de filia\u00e7\u00e3o ao Progressistas (PP). O convite foi feito no in\u00edcio da semana pelo deputado&nbsp;Jo\u00e3o Maia, presidente estadual da legenda, durante encontro com Motta. \u201cJo\u00e3o \u00e9 um amigo que fiz na pol\u00edtica, pessoa de bem. Estamos avaliando a quest\u00e3o partid\u00e1ria\u201d, declarou. Segundo Rafael, a conversa girou [&hellip;]","og_url":"https:\/\/blogdobispo.com.br\/?p=6255","og_site_name":"Blog do Bispo","article_published_time":"2025-08-01T13:33:36+00:00","article_modified_time":"2025-08-01T13:33:37+00:00","og_image":[{"url":"http:\/\/blogdobispo.com.br\/wp-content\/uploads\/2025\/08\/rafael-motta_40-1.webp","type":"","width":"","height":""}],"author":"Jefferson Sterfeno","twitter_card":"summary_large_image","twitter_misc":{"Escrito por":"Jefferson Sterfeno","Est. tempo de leitura":"2 minutos"},"schema":{"@context":"https:\/\/schema.org","@graph":[{"@type":"Article","@id":"https:\/\/blogdobispo.com.br\/?p=6255#article","isPartOf":{"@id":"https:\/\/blogdobispo.com.br\/?p=6255"},"author":{"name":"Jefferson Sterfeno","@id":"https:\/\/blogdobispo.com.br\/#\/schema\/person\/e2209cc0e6cea5c5233d033e997b373f"},"headline":"Rafael Motta caminha para o PP pelas m\u00e3os de Jo\u00e3o Maia e aposta no retorno \u00e0 C\u00e2mara","datePublished":"2025-08-01T13:33:36+00:00","dateModified":"2025-08-01T13:33:37+00:00","mainEntityOfPage":{"@id":"https:\/\/blogdobispo.com.br\/?p=6255"},"wordCount":179,"commentCount":0,"publisher":{"@id":"https:\/\/blogdobispo.com.br\/#organization"},"image":{"@id":"https:\/\/blogdobispo.com.br\/?p=6255#primaryimage"},"thumbnailUrl":"http:\/\/blogdobispo.com.br\/wp-content\/uploads\/2025\/08\/rafael-motta_40-1.webp","articleSection":["diversos"],"inLanguage":"pt-BR","potentialAction":[{"@type":"CommentAction","name":"Comment","target":["https:\/\/blogdobispo.com.br\/?p=6255#respond"]}]},{"@type":"WebPage","@id":"https:\/\/blogdobispo.com.br\/?p=6255","url":"https:\/\/blogdobispo.com.br\/?p=6255","name":"Rafael Motta caminha para o PP pelas m\u00e3os de Jo\u00e3o Maia e aposta no retorno \u00e0 C\u00e2mara - Blog do Bispo","isPartOf":{"@id":"https:\/\/blogdobispo.com.br\/#website"},"primaryImageOfPage":{"@id":"https:\/\/blogdobispo.com.br\/?p=6255#primaryimage"},"image":{"@id":"https:\/\/blogdobispo.com.br\/?p=6255#primaryimage"},"thumbnailUrl":"http:\/\/blogdobispo.com.br\/wp-content\/uploads\/2025\/08\/rafael-motta_40-1.webp","datePublished":"2025-08-01T13:33:36+00:00","dateModified":"2025-08-01T13:33:37+00:00","breadcrumb":{"@id":"https:\/\/blogdobispo.com.br\/?p=6255#breadcrumb"},"inLanguage":"pt-BR","potentialAction":[{"@type":"ReadAction","target":["https:\/\/blogdobispo.com.br\/?p=6255"]}]},{"@type":"ImageObject","inLanguage":"pt-BR","@id":"https:\/\/blogdobispo.com.br\/?p=6255#primaryimage","url":"https:\/\/i0.wp.com\/blogdobispo.com.br\/wp-content\/uploads\/2025\/08\/rafael-motta_40-1.webp?fit=799%2C624&ssl=1","contentUrl":"https:\/\/i0.wp.com\/blogdobispo.com.br\/wp-content\/uploads\/2025\/08\/rafael-motta_40-1.webp?fit=799%2C624&ssl=1","width":799,"height":624},{"@type":"BreadcrumbList","@id":"https:\/\/blogdobispo.com.br\/?p=6255#breadcrumb","itemListElement":[{"@type":"ListItem","position":1,"name":"In\u00edcio","item":"https:\/\/blogdobispo.com.br\/"},{"@type":"ListItem","position":2,"name":"Rafael Motta caminha para o PP pelas m\u00e3os de Jo\u00e3o Maia e aposta no retorno \u00e0 C\u00e2mara"}]},{"@type":"WebSite","@id":"https:\/\/blogdobispo.com.br\/#website","url":"https:\/\/blogdobispo.com.br\/","name":"Blog do Bispo","description":"Comprometido apenas com o leitor","publisher":{"@id":"https:\/\/blogdobispo.com.br\/#organization"},"potentialAction":[{"@type":"SearchAction","target":{"@type":"EntryPoint","urlTemplate":"https:\/\/blogdobispo.com.br\/?s={search_term_string}"},"query-input":{"@type":"PropertyValueSpecification","valueRequired":true,"valueName":"search_term_string"}}],"inLanguage":"pt-BR"},{"@type":"Organization","@id":"https:\/\/blogdobispo.com.br\/#organization","name":"Blog do Bispo","url":"https:\/\/blogdobispo.com.br\/","logo":{"@type":"ImageObject","inLanguage":"pt-BR","@id":"https:\/\/blogdobispo.com.br\/#\/schema\/logo\/image\/","url":"http:\/\/blogdobispo.com.br\/wp-content\/uploads\/2023\/05\/cropped-headear.png","contentUrl":"http:\/\/blogdobispo.com.br\/wp-content\/uploads\/2023\/05\/cropped-headear.png","width":1500,"height":399,"caption":"Blog do Bispo"},"image":{"@id":"https:\/\/blogdobispo.com.br\/#\/schema\/logo\/image\/"}},{"@type":"Person","@id":"https:\/\/blogdobispo.com.br\/#\/schema\/person\/e2209cc0e6cea5c5233d033e997b373f","name":"Jefferson Sterfeno","image":{"@type":"ImageObject","inLanguage":"pt-BR","@id":"https:\/\/blogdobispo.com.br\/#\/schema\/person\/image\/","url":"https:\/\/secure.gravatar.com\/avatar\/0534e84764641168a677026b6d57a3f51dc7ac4db0b4f6186d9cb330d4ee1160?s=96&d=mm&r=g","contentUrl":"https:\/\/secure.gravatar.com\/avatar\/0534e84764641168a677026b6d57a3f51dc7ac4db0b4f6186d9cb330d4ee1160?s=96&d=mm&r=g","caption":"Jefferson Sterfeno"},"sameAs":["http:\/\/blogdobispo.com.br"],"url":"https:\/\/blogdobispo.com.br\/?author=1"}]}},"featured_image_urls":{"full":"","thumbnail":"","medium":"","medium_large":"","large":"","1536x1536":"","2048x2048":""},"author_info":{"display_name":"Jefferson Sterfeno","author_link":"https:\/\/blogdobispo.com.br\/?author=1"},"category_info":"<a href=\"https:\/\/blogdobispo.com.br\/?cat=1\" rel=\"category\">diversos<\/a>","tag_info":"diversos","comment_count":"0","jetpack_featured_media_url":"","jetpack_sharing_enabled":true,"_links":{"self":[{"href":"https:\/\/blogdobispo.com.br\/index.php?rest_route=\/wp\/v2\/posts\/6255","targetHints":{"allow":["GET"]}}],"collection":[{"href":"https:\/\/blogdobispo.com.br\/index.php?rest_route=\/wp\/v2\/posts"}],"about":[{"href":"https:\/\/blogdobispo.com.br\/index.php?rest_route=\/wp\/v2\/types\/post"}],"author":[{"embeddable":true,"href":"https:\/\/blogdobispo.com.br\/index.php?rest_route=\/wp\/v2\/users\/1"}],"replies":[{"embeddable":true,"href":"https:\/\/blogdobispo.com.br\/index.php?rest_route=%2Fwp%2Fv2%2Fcomments&post=6255"}],"version-history":[{"count":1,"href":"https:\/\/blogdobispo.com.br\/index.php?rest_route=\/wp\/v2\/posts\/6255\/revisions"}],"predecessor-version":[{"id":6257,"href":"https:\/\/blogdobispo.com.br\/index.php?rest_route=\/wp\/v2\/posts\/6255\/revisions\/6257"}],"wp:attachment":[{"href":"https:\/\/blogdobispo.com.br\/index.php?rest_route=%2Fwp%2Fv2%2Fmedia&parent=6255"}],"wp:term":[{"taxonomy":"category","embeddable":true,"href":"https:\/\/blogdobispo.com.br\/index.php?rest_route=%2Fwp%2Fv2%2Fcategories&post=6255"},{"taxonomy":"post_tag","embeddable":true,"href":"https:\/\/blogdobispo.com.br\/index.php?rest_route=%2Fwp%2Fv2%2Ftags&post=6255"}],"curies":[{"name":"wp","href":"https:\/\/api.w.org\/{rel}","templated":true}]}}