{"id":6252,"date":"2025-08-01T13:15:35","date_gmt":"2025-08-01T13:15:35","guid":{"rendered":"https:\/\/blogdobispo.com.br\/?p=6252"},"modified":"2025-08-01T13:15:37","modified_gmt":"2025-08-01T13:15:37","slug":"empresario-edmilson-pereira-recebe-titulo-de-cidadao-natalense-na-cmn","status":"publish","type":"post","link":"https:\/\/blogdobispo.com.br\/?p=6252","title":{"rendered":"Empres\u00e1rio Edmilson Pereira recebe T\u00edtulo de Cidad\u00e3o Natalense na CMN"},"content":{"rendered":"\n<p>A C\u00e2mara Municipal de Natal realizou, nesta quinta-feira (31), sess\u00e3o solene para entrega do T\u00edtulo de Cidad\u00e3o Natalense ao empres\u00e1rio Edmilson Pereira de Assis, por proposi\u00e7\u00e3o do vereador Irapo\u00e3 N\u00f3brega (Republicanos).<\/p>\n\n\n\n<p>Natural de Santa Cruz (RN), Edmilson Pereira \u00e9 CEO do Grupo Interfort, uma das maiores empresas de seguran\u00e7a privada do Brasil. Iniciou a trajet\u00f3ria profissional no Banco do Brasil e fundou o grupo em 2000. Atualmente, al\u00e9m de liderar uma empresa com mais de 14 mil colaboradores atuando em 23 Estados, preside a Federa\u00e7\u00e3o Brasileira das Empresas de Seguran\u00e7a e Vigil\u00e2ncia (FEBRAF) e sindicatos patronais do setor no Rio Grande do Norte.<\/p>\n\n\n\n<p>Durante a solenidade, o vereador Irapo\u00e3 destacou a contribui\u00e7\u00e3o do homenageado para o desenvolvimento da cidade. \u201cEstamos falando de um empreendedor vision\u00e1rio, que veio do interior do estado, implantou o Grupo Interforte em Natal e hoje expandiu sua atua\u00e7\u00e3o para todo o Brasil. S\u00e3o mais de 14 mil colaboradores, dois quais quatro mil no RN, o que gera emprego, fomenta a economia local e fortalece o mercado de trabalho formal. Isso representa uma contribui\u00e7\u00e3o significativa para a cidade, e por isso ele merece, com justi\u00e7a, o T\u00edtulo de Cidad\u00e3o Natalense\u201d, justificou.&nbsp;<\/p>\n\n\n\n<p>O presidente da Fecom\u00e9rcio RN, Marcelo Queiroz, tamb\u00e9m esteve presente na solenidade e ressaltou a relev\u00e2ncia do reconhecimento. \u201cEdmilson \u00e9 um exemplo de lideran\u00e7a, de empreendedorismo e de compromisso com o Estado do Rio Grande do Norte. Ele tem uma hist\u00f3ria de vida muito bonita, uma trajet\u00f3ria empresarial admir\u00e1vel, e mostra que vale a pena esse trabalho feito com dedica\u00e7\u00e3o. Essa homenagem da C\u00e2mara Municipal de Natal \u00e9 mais do que merecida, e n\u00f3s fazemos quest\u00e3o de estar aqui, orgulhosos, testemunhando esse momento t\u00e3o importante na vida dele e de sua fam\u00edlia\u201d, afirmou.<\/p>\n\n\n\n<p>Emocionado, Edmilson Pereira agradeceu a homenagem e ressaltou seu v\u00ednculo com a capital. \u201cJ\u00e1 me considerava natalense de fato, porque moro em Natal desde os 14 anos. Agora, com esse T\u00edtulo, me torno tamb\u00e9m natalense de direito. Fico muito honrado em receber essa homenagem e agrade\u00e7o, no nome do vereador Irapo\u00e3 N\u00f3brega, a todos os vereadores, por me concederem essa distin\u00e7\u00e3o\u201d, disse.<\/p>\n\n\n\n<p>A sess\u00e3o reuniu familiares, amigos, autoridades, empres\u00e1rios e representantes do setor de seguran\u00e7a privada. Tamb\u00e9m participaram da solenidade o vereador F\u00falvio Saulo (Solidariedade), o deputado estadual Tomba Farias e a secret\u00e1ria municipal de Trabalho e Assist\u00eancia Social e primeira-dama de Natal, Nina Souza, representando o prefeito Paulinho Freire.<\/p>\n\n\n\n<p>Texto: Ilana Albuquerque&nbsp;<\/p>\n\n\n\n<figure class=\"wp-block-image\"><img data-recalc-dims=\"1\" fetchpriority=\"high\" decoding=\"async\" width=\"800\" height=\"516\" src=\"https:\/\/i0.wp.com\/blogdobispo.com.br\/wp-content\/uploads\/2025\/08\/6f61fa1faf9119256f7da82ecca39c5b.jpg?resize=800%2C516\" alt=\"\" class=\"wp-image-6253\" srcset=\"https:\/\/i0.wp.com\/blogdobispo.com.br\/wp-content\/uploads\/2025\/08\/6f61fa1faf9119256f7da82ecca39c5b.jpg?w=1600&amp;ssl=1 1600w, https:\/\/i0.wp.com\/blogdobispo.com.br\/wp-content\/uploads\/2025\/08\/6f61fa1faf9119256f7da82ecca39c5b.jpg?resize=300%2C194&amp;ssl=1 300w, https:\/\/i0.wp.com\/blogdobispo.com.br\/wp-content\/uploads\/2025\/08\/6f61fa1faf9119256f7da82ecca39c5b.jpg?resize=1024%2C660&amp;ssl=1 1024w, https:\/\/i0.wp.com\/blogdobispo.com.br\/wp-content\/uploads\/2025\/08\/6f61fa1faf9119256f7da82ecca39c5b.jpg?resize=768%2C495&amp;ssl=1 768w, https:\/\/i0.wp.com\/blogdobispo.com.br\/wp-content\/uploads\/2025\/08\/6f61fa1faf9119256f7da82ecca39c5b.jpg?resize=1536%2C991&amp;ssl=1 1536w\" sizes=\"(max-width: 800px) 100vw, 800px\" \/><\/figure>\n","protected":false},"excerpt":{"rendered":"<p>A C\u00e2mara Municipal de Natal realizou, nesta quinta-feira (31), sess\u00e3o solene para entrega do T\u00edtulo de Cidad\u00e3o Natalense ao empres\u00e1rio Edmilson Pereira de Assis, por proposi\u00e7\u00e3o do vereador Irapo\u00e3 N\u00f3brega (Republicanos). Natural de Santa Cruz (RN), Edmilson Pereira \u00e9 CEO do Grupo Interfort, uma das maiores empresas de seguran\u00e7a privada do Brasil. Iniciou a trajet\u00f3ria [&hellip;]<\/p>\n","protected":false},"author":1,"featured_media":0,"comment_status":"open","ping_status":"open","sticky":false,"template":"","format":"standard","meta":{"cybocfi_hide_featured_image":"","_jetpack_memberships_contains_paid_content":false,"footnotes":""},"categories":[1],"tags":[],"class_list":["post-6252","post","type-post","status-publish","format-standard","hentry","category-diversos"],"yoast_head":"<!-- This site is optimized with the Yoast SEO plugin v25.6 - https:\/\/yoast.com\/wordpress\/plugins\/seo\/ -->\n<title>Empres\u00e1rio Edmilson Pereira recebe T\u00edtulo de Cidad\u00e3o Natalense na CMN - Blog do Bispo<\/title>\n<meta name=\"robots\" content=\"index, follow, max-snippet:-1, max-image-preview:large, max-video-preview:-1\" \/>\n<link rel=\"canonical\" href=\"https:\/\/blogdobispo.com.br\/?p=6252\" \/>\n<meta property=\"og:locale\" content=\"pt_BR\" \/>\n<meta property=\"og:type\" content=\"article\" \/>\n<meta property=\"og:title\" content=\"Empres\u00e1rio Edmilson Pereira recebe T\u00edtulo de Cidad\u00e3o Natalense na CMN - Blog do Bispo\" \/>\n<meta property=\"og:description\" content=\"A C\u00e2mara Municipal de Natal realizou, nesta quinta-feira (31), sess\u00e3o solene para entrega do T\u00edtulo de Cidad\u00e3o Natalense ao empres\u00e1rio Edmilson Pereira de Assis, por proposi\u00e7\u00e3o do vereador Irapo\u00e3 N\u00f3brega (Republicanos). Natural de Santa Cruz (RN), Edmilson Pereira \u00e9 CEO do Grupo Interfort, uma das maiores empresas de seguran\u00e7a privada do Brasil. Iniciou a trajet\u00f3ria [&hellip;]\" \/>\n<meta property=\"og:url\" content=\"https:\/\/blogdobispo.com.br\/?p=6252\" \/>\n<meta property=\"og:site_name\" content=\"Blog do Bispo\" \/>\n<meta property=\"article:published_time\" content=\"2025-08-01T13:15:35+00:00\" \/>\n<meta property=\"article:modified_time\" content=\"2025-08-01T13:15:37+00:00\" \/>\n<meta property=\"og:image\" content=\"http:\/\/blogdobispo.com.br\/wp-content\/uploads\/2025\/08\/6f61fa1faf9119256f7da82ecca39c5b.jpg\" \/>\n<meta name=\"author\" content=\"Jefferson Sterfeno\" \/>\n<meta name=\"twitter:card\" content=\"summary_large_image\" \/>\n<meta name=\"twitter:label1\" content=\"Escrito por\" \/>\n\t<meta name=\"twitter:data1\" content=\"Jefferson Sterfeno\" \/>\n\t<meta name=\"twitter:label2\" content=\"Est. tempo de leitura\" \/>\n\t<meta name=\"twitter:data2\" content=\"3 minutos\" \/>\n<script type=\"application\/ld+json\" class=\"yoast-schema-graph\">{\"@context\":\"https:\/\/schema.org\",\"@graph\":[{\"@type\":\"Article\",\"@id\":\"https:\/\/blogdobispo.com.br\/?p=6252#article\",\"isPartOf\":{\"@id\":\"https:\/\/blogdobispo.com.br\/?p=6252\"},\"author\":{\"name\":\"Jefferson Sterfeno\",\"@id\":\"https:\/\/blogdobispo.com.br\/#\/schema\/person\/e2209cc0e6cea5c5233d033e997b373f\"},\"headline\":\"Empres\u00e1rio Edmilson Pereira recebe T\u00edtulo de Cidad\u00e3o Natalense na CMN\",\"datePublished\":\"2025-08-01T13:15:35+00:00\",\"dateModified\":\"2025-08-01T13:15:37+00:00\",\"mainEntityOfPage\":{\"@id\":\"https:\/\/blogdobispo.com.br\/?p=6252\"},\"wordCount\":453,\"commentCount\":0,\"publisher\":{\"@id\":\"https:\/\/blogdobispo.com.br\/#organization\"},\"image\":{\"@id\":\"https:\/\/blogdobispo.com.br\/?p=6252#primaryimage\"},\"thumbnailUrl\":\"http:\/\/blogdobispo.com.br\/wp-content\/uploads\/2025\/08\/6f61fa1faf9119256f7da82ecca39c5b.jpg\",\"articleSection\":[\"diversos\"],\"inLanguage\":\"pt-BR\",\"potentialAction\":[{\"@type\":\"CommentAction\",\"name\":\"Comment\",\"target\":[\"https:\/\/blogdobispo.com.br\/?p=6252#respond\"]}]},{\"@type\":\"WebPage\",\"@id\":\"https:\/\/blogdobispo.com.br\/?p=6252\",\"url\":\"https:\/\/blogdobispo.com.br\/?p=6252\",\"name\":\"Empres\u00e1rio Edmilson Pereira recebe T\u00edtulo de Cidad\u00e3o Natalense na CMN - Blog do Bispo\",\"isPartOf\":{\"@id\":\"https:\/\/blogdobispo.com.br\/#website\"},\"primaryImageOfPage\":{\"@id\":\"https:\/\/blogdobispo.com.br\/?p=6252#primaryimage\"},\"image\":{\"@id\":\"https:\/\/blogdobispo.com.br\/?p=6252#primaryimage\"},\"thumbnailUrl\":\"http:\/\/blogdobispo.com.br\/wp-content\/uploads\/2025\/08\/6f61fa1faf9119256f7da82ecca39c5b.jpg\",\"datePublished\":\"2025-08-01T13:15:35+00:00\",\"dateModified\":\"2025-08-01T13:15:37+00:00\",\"breadcrumb\":{\"@id\":\"https:\/\/blogdobispo.com.br\/?p=6252#breadcrumb\"},\"inLanguage\":\"pt-BR\",\"potentialAction\":[{\"@type\":\"ReadAction\",\"target\":[\"https:\/\/blogdobispo.com.br\/?p=6252\"]}]},{\"@type\":\"ImageObject\",\"inLanguage\":\"pt-BR\",\"@id\":\"https:\/\/blogdobispo.com.br\/?p=6252#primaryimage\",\"url\":\"https:\/\/i0.wp.com\/blogdobispo.com.br\/wp-content\/uploads\/2025\/08\/6f61fa1faf9119256f7da82ecca39c5b.jpg?fit=1600%2C1032&ssl=1\",\"contentUrl\":\"https:\/\/i0.wp.com\/blogdobispo.com.br\/wp-content\/uploads\/2025\/08\/6f61fa1faf9119256f7da82ecca39c5b.jpg?fit=1600%2C1032&ssl=1\",\"width\":1600,\"height\":1032},{\"@type\":\"BreadcrumbList\",\"@id\":\"https:\/\/blogdobispo.com.br\/?p=6252#breadcrumb\",\"itemListElement\":[{\"@type\":\"ListItem\",\"position\":1,\"name\":\"In\u00edcio\",\"item\":\"https:\/\/blogdobispo.com.br\/\"},{\"@type\":\"ListItem\",\"position\":2,\"name\":\"Empres\u00e1rio Edmilson Pereira recebe T\u00edtulo de Cidad\u00e3o Natalense na CMN\"}]},{\"@type\":\"WebSite\",\"@id\":\"https:\/\/blogdobispo.com.br\/#website\",\"url\":\"https:\/\/blogdobispo.com.br\/\",\"name\":\"Blog do Bispo\",\"description\":\"Comprometido apenas com o leitor\",\"publisher\":{\"@id\":\"https:\/\/blogdobispo.com.br\/#organization\"},\"potentialAction\":[{\"@type\":\"SearchAction\",\"target\":{\"@type\":\"EntryPoint\",\"urlTemplate\":\"https:\/\/blogdobispo.com.br\/?s={search_term_string}\"},\"query-input\":{\"@type\":\"PropertyValueSpecification\",\"valueRequired\":true,\"valueName\":\"search_term_string\"}}],\"inLanguage\":\"pt-BR\"},{\"@type\":\"Organization\",\"@id\":\"https:\/\/blogdobispo.com.br\/#organization\",\"name\":\"Blog do Bispo\",\"url\":\"https:\/\/blogdobispo.com.br\/\",\"logo\":{\"@type\":\"ImageObject\",\"inLanguage\":\"pt-BR\",\"@id\":\"https:\/\/blogdobispo.com.br\/#\/schema\/logo\/image\/\",\"url\":\"http:\/\/blogdobispo.com.br\/wp-content\/uploads\/2023\/05\/cropped-headear.png\",\"contentUrl\":\"http:\/\/blogdobispo.com.br\/wp-content\/uploads\/2023\/05\/cropped-headear.png\",\"width\":1500,\"height\":399,\"caption\":\"Blog do Bispo\"},\"image\":{\"@id\":\"https:\/\/blogdobispo.com.br\/#\/schema\/logo\/image\/\"}},{\"@type\":\"Person\",\"@id\":\"https:\/\/blogdobispo.com.br\/#\/schema\/person\/e2209cc0e6cea5c5233d033e997b373f\",\"name\":\"Jefferson Sterfeno\",\"image\":{\"@type\":\"ImageObject\",\"inLanguage\":\"pt-BR\",\"@id\":\"https:\/\/blogdobispo.com.br\/#\/schema\/person\/image\/\",\"url\":\"https:\/\/secure.gravatar.com\/avatar\/0534e84764641168a677026b6d57a3f51dc7ac4db0b4f6186d9cb330d4ee1160?s=96&d=mm&r=g\",\"contentUrl\":\"https:\/\/secure.gravatar.com\/avatar\/0534e84764641168a677026b6d57a3f51dc7ac4db0b4f6186d9cb330d4ee1160?s=96&d=mm&r=g\",\"caption\":\"Jefferson Sterfeno\"},\"sameAs\":[\"http:\/\/blogdobispo.com.br\"],\"url\":\"https:\/\/blogdobispo.com.br\/?author=1\"}]}<\/script>\n<!-- \/ Yoast SEO plugin. -->","yoast_head_json":{"title":"Empres\u00e1rio Edmilson Pereira recebe T\u00edtulo de Cidad\u00e3o Natalense na CMN - Blog do Bispo","robots":{"index":"index","follow":"follow","max-snippet":"max-snippet:-1","max-image-preview":"max-image-preview:large","max-video-preview":"max-video-preview:-1"},"canonical":"https:\/\/blogdobispo.com.br\/?p=6252","og_locale":"pt_BR","og_type":"article","og_title":"Empres\u00e1rio Edmilson Pereira recebe T\u00edtulo de Cidad\u00e3o Natalense na CMN - Blog do Bispo","og_description":"A C\u00e2mara Municipal de Natal realizou, nesta quinta-feira (31), sess\u00e3o solene para entrega do T\u00edtulo de Cidad\u00e3o Natalense ao empres\u00e1rio Edmilson Pereira de Assis, por proposi\u00e7\u00e3o do vereador Irapo\u00e3 N\u00f3brega (Republicanos). Natural de Santa Cruz (RN), Edmilson Pereira \u00e9 CEO do Grupo Interfort, uma das maiores empresas de seguran\u00e7a privada do Brasil. Iniciou a trajet\u00f3ria [&hellip;]","og_url":"https:\/\/blogdobispo.com.br\/?p=6252","og_site_name":"Blog do Bispo","article_published_time":"2025-08-01T13:15:35+00:00","article_modified_time":"2025-08-01T13:15:37+00:00","og_image":[{"url":"http:\/\/blogdobispo.com.br\/wp-content\/uploads\/2025\/08\/6f61fa1faf9119256f7da82ecca39c5b.jpg","type":"","width":"","height":""}],"author":"Jefferson Sterfeno","twitter_card":"summary_large_image","twitter_misc":{"Escrito por":"Jefferson Sterfeno","Est. tempo de leitura":"3 minutos"},"schema":{"@context":"https:\/\/schema.org","@graph":[{"@type":"Article","@id":"https:\/\/blogdobispo.com.br\/?p=6252#article","isPartOf":{"@id":"https:\/\/blogdobispo.com.br\/?p=6252"},"author":{"name":"Jefferson Sterfeno","@id":"https:\/\/blogdobispo.com.br\/#\/schema\/person\/e2209cc0e6cea5c5233d033e997b373f"},"headline":"Empres\u00e1rio Edmilson Pereira recebe T\u00edtulo de Cidad\u00e3o Natalense na CMN","datePublished":"2025-08-01T13:15:35+00:00","dateModified":"2025-08-01T13:15:37+00:00","mainEntityOfPage":{"@id":"https:\/\/blogdobispo.com.br\/?p=6252"},"wordCount":453,"commentCount":0,"publisher":{"@id":"https:\/\/blogdobispo.com.br\/#organization"},"image":{"@id":"https:\/\/blogdobispo.com.br\/?p=6252#primaryimage"},"thumbnailUrl":"http:\/\/blogdobispo.com.br\/wp-content\/uploads\/2025\/08\/6f61fa1faf9119256f7da82ecca39c5b.jpg","articleSection":["diversos"],"inLanguage":"pt-BR","potentialAction":[{"@type":"CommentAction","name":"Comment","target":["https:\/\/blogdobispo.com.br\/?p=6252#respond"]}]},{"@type":"WebPage","@id":"https:\/\/blogdobispo.com.br\/?p=6252","url":"https:\/\/blogdobispo.com.br\/?p=6252","name":"Empres\u00e1rio Edmilson Pereira recebe T\u00edtulo de Cidad\u00e3o Natalense na CMN - Blog do Bispo","isPartOf":{"@id":"https:\/\/blogdobispo.com.br\/#website"},"primaryImageOfPage":{"@id":"https:\/\/blogdobispo.com.br\/?p=6252#primaryimage"},"image":{"@id":"https:\/\/blogdobispo.com.br\/?p=6252#primaryimage"},"thumbnailUrl":"http:\/\/blogdobispo.com.br\/wp-content\/uploads\/2025\/08\/6f61fa1faf9119256f7da82ecca39c5b.jpg","datePublished":"2025-08-01T13:15:35+00:00","dateModified":"2025-08-01T13:15:37+00:00","breadcrumb":{"@id":"https:\/\/blogdobispo.com.br\/?p=6252#breadcrumb"},"inLanguage":"pt-BR","potentialAction":[{"@type":"ReadAction","target":["https:\/\/blogdobispo.com.br\/?p=6252"]}]},{"@type":"ImageObject","inLanguage":"pt-BR","@id":"https:\/\/blogdobispo.com.br\/?p=6252#primaryimage","url":"https:\/\/i0.wp.com\/blogdobispo.com.br\/wp-content\/uploads\/2025\/08\/6f61fa1faf9119256f7da82ecca39c5b.jpg?fit=1600%2C1032&ssl=1","contentUrl":"https:\/\/i0.wp.com\/blogdobispo.com.br\/wp-content\/uploads\/2025\/08\/6f61fa1faf9119256f7da82ecca39c5b.jpg?fit=1600%2C1032&ssl=1","width":1600,"height":1032},{"@type":"BreadcrumbList","@id":"https:\/\/blogdobispo.com.br\/?p=6252#breadcrumb","itemListElement":[{"@type":"ListItem","position":1,"name":"In\u00edcio","item":"https:\/\/blogdobispo.com.br\/"},{"@type":"ListItem","position":2,"name":"Empres\u00e1rio Edmilson Pereira recebe T\u00edtulo de Cidad\u00e3o Natalense na CMN"}]},{"@type":"WebSite","@id":"https:\/\/blogdobispo.com.br\/#website","url":"https:\/\/blogdobispo.com.br\/","name":"Blog do Bispo","description":"Comprometido apenas com o leitor","publisher":{"@id":"https:\/\/blogdobispo.com.br\/#organization"},"potentialAction":[{"@type":"SearchAction","target":{"@type":"EntryPoint","urlTemplate":"https:\/\/blogdobispo.com.br\/?s={search_term_string}"},"query-input":{"@type":"PropertyValueSpecification","valueRequired":true,"valueName":"search_term_string"}}],"inLanguage":"pt-BR"},{"@type":"Organization","@id":"https:\/\/blogdobispo.com.br\/#organization","name":"Blog do Bispo","url":"https:\/\/blogdobispo.com.br\/","logo":{"@type":"ImageObject","inLanguage":"pt-BR","@id":"https:\/\/blogdobispo.com.br\/#\/schema\/logo\/image\/","url":"http:\/\/blogdobispo.com.br\/wp-content\/uploads\/2023\/05\/cropped-headear.png","contentUrl":"http:\/\/blogdobispo.com.br\/wp-content\/uploads\/2023\/05\/cropped-headear.png","width":1500,"height":399,"caption":"Blog do Bispo"},"image":{"@id":"https:\/\/blogdobispo.com.br\/#\/schema\/logo\/image\/"}},{"@type":"Person","@id":"https:\/\/blogdobispo.com.br\/#\/schema\/person\/e2209cc0e6cea5c5233d033e997b373f","name":"Jefferson Sterfeno","image":{"@type":"ImageObject","inLanguage":"pt-BR","@id":"https:\/\/blogdobispo.com.br\/#\/schema\/person\/image\/","url":"https:\/\/secure.gravatar.com\/avatar\/0534e84764641168a677026b6d57a3f51dc7ac4db0b4f6186d9cb330d4ee1160?s=96&d=mm&r=g","contentUrl":"https:\/\/secure.gravatar.com\/avatar\/0534e84764641168a677026b6d57a3f51dc7ac4db0b4f6186d9cb330d4ee1160?s=96&d=mm&r=g","caption":"Jefferson Sterfeno"},"sameAs":["http:\/\/blogdobispo.com.br"],"url":"https:\/\/blogdobispo.com.br\/?author=1"}]}},"featured_image_urls":{"full":"","thumbnail":"","medium":"","medium_large":"","large":"","1536x1536":"","2048x2048":""},"author_info":{"display_name":"Jefferson Sterfeno","author_link":"https:\/\/blogdobispo.com.br\/?author=1"},"category_info":"<a href=\"https:\/\/blogdobispo.com.br\/?cat=1\" rel=\"category\">diversos<\/a>","tag_info":"diversos","comment_count":"0","jetpack_featured_media_url":"","jetpack_sharing_enabled":true,"_links":{"self":[{"href":"https:\/\/blogdobispo.com.br\/index.php?rest_route=\/wp\/v2\/posts\/6252","targetHints":{"allow":["GET"]}}],"collection":[{"href":"https:\/\/blogdobispo.com.br\/index.php?rest_route=\/wp\/v2\/posts"}],"about":[{"href":"https:\/\/blogdobispo.com.br\/index.php?rest_route=\/wp\/v2\/types\/post"}],"author":[{"embeddable":true,"href":"https:\/\/blogdobispo.com.br\/index.php?rest_route=\/wp\/v2\/users\/1"}],"replies":[{"embeddable":true,"href":"https:\/\/blogdobispo.com.br\/index.php?rest_route=%2Fwp%2Fv2%2Fcomments&post=6252"}],"version-history":[{"count":1,"href":"https:\/\/blogdobispo.com.br\/index.php?rest_route=\/wp\/v2\/posts\/6252\/revisions"}],"predecessor-version":[{"id":6254,"href":"https:\/\/blogdobispo.com.br\/index.php?rest_route=\/wp\/v2\/posts\/6252\/revisions\/6254"}],"wp:attachment":[{"href":"https:\/\/blogdobispo.com.br\/index.php?rest_route=%2Fwp%2Fv2%2Fmedia&parent=6252"}],"wp:term":[{"taxonomy":"category","embeddable":true,"href":"https:\/\/blogdobispo.com.br\/index.php?rest_route=%2Fwp%2Fv2%2Fcategories&post=6252"},{"taxonomy":"post_tag","embeddable":true,"href":"https:\/\/blogdobispo.com.br\/index.php?rest_route=%2Fwp%2Fv2%2Ftags&post=6252"}],"curies":[{"name":"wp","href":"https:\/\/api.w.org\/{rel}","templated":true}]}}