{"id":6243,"date":"2025-08-01T12:41:27","date_gmt":"2025-08-01T12:41:27","guid":{"rendered":"https:\/\/blogdobispo.com.br\/?p=6243"},"modified":"2025-08-01T12:41:29","modified_gmt":"2025-08-01T12:41:29","slug":"secretarios-de-natal-visitam-mercado-das-rocas-e-cogitam-ppp-para-revitalizar-o-espaco","status":"publish","type":"post","link":"https:\/\/blogdobispo.com.br\/?p=6243","title":{"rendered":"Secret\u00e1rios de Natal visitam Mercado das Rocas e cogitam PPP para revitalizar o espa\u00e7o"},"content":{"rendered":"\n<p>Um grupo de cinco secret\u00e1rios da Prefeitura do Natal visitou nesta quinta-feira 31 o Mercado das Rocas. Localizado na Zona Leste da cidade, o espa\u00e7o est\u00e1 subutilizado desde que foi reinaugurado, em 2016, e atualmente conta com menos de 10 boxes funcionando, de um total de 83 constru\u00eddos.<\/p>\n\n\n\n<p>Estiveram presentes na visita t\u00e9cnica os secret\u00e1rios Felipe Alves (Servi\u00e7os Urbanos), Shirley Cavalcanti (Infraestrutura), Arthur Dutra (Concess\u00f5es, Parcerias, Empreendedorismo e Inova\u00e7\u00f5es), \u00cdris Machado (Habita\u00e7\u00e3o, Regulariza\u00e7\u00e3o Fundi\u00e1ria e Projetos Estruturantes) e Iracy Azevedo (Cultura). O procurador-geral adjunto do Munic\u00edpio, Fernando Benevides, tamb\u00e9m compareceu.<\/p>\n\n\n\n<p>A Prefeitura do Natal estuda uma estrat\u00e9gia para reativar o mercado. Com a falta de uso, os sinais da deteriora\u00e7\u00e3o j\u00e1 s\u00e3o vis\u00edveis no pr\u00e9dio \u2013 o que indica a necessidade de uma nova reforma. Os secret\u00e1rios estiveram no local para verificar a situa\u00e7\u00e3o, que foi retratada em reportagem da AGORA RN no in\u00edcio do m\u00eas passado.<\/p>\n\n\n\n<p>O pr\u00e9dio est\u00e1 repleto de infiltra\u00e7\u00f5es. O revestimento das paredes est\u00e1 caindo em v\u00e1rios boxes e tamb\u00e9m na \u00e1rea comum. Al\u00e9m disso, h\u00e1 vazamentos e outras falhas na estrutura, como cal\u00e7ada quebrada. Nas recentes chuvas, entre o fim de junho e in\u00edcio de julho, outro problema apareceu: um alagamento em um dos acessos ao mercado \u2013 prejudicando ainda mais a movimenta\u00e7\u00e3o, que j\u00e1 \u00e9 fraca.<\/p>\n\n\n\n<p>Comerciantes argumentam que n\u00e3o t\u00eam interesse de ocupar os boxes devido \u00e0 baixa movimenta\u00e7\u00e3o de clientes. Os permission\u00e1rios presentes no local pagam apenas a energia el\u00e9trica consumida. A Prefeitura dispensou pagamento de taxa adicional, apesar da previs\u00e3o contratual.<\/p>\n\n\n\n<p>A Prefeitura j\u00e1 fez dois chamamentos, mas os comerciantes que venceram a \u00faltima licita\u00e7\u00e3o n\u00e3o foram ocupar os seus boxes. Com isso, eles perderam o direito de usar o espa\u00e7o.<\/p>\n\n\n\n<p>De acordo com a Prefeitura, est\u00e1 em estudo um novo formato para a ocupa\u00e7\u00e3o do Mercado das Rocas. O secret\u00e1rio Arthur Dutra n\u00e3o descarta a formaliza\u00e7\u00e3o de uma parceria p\u00fablico-privada (PPP), para que um operador privado passe a administrar o espa\u00e7o, ou at\u00e9 mesmo um novo chamamento p\u00fablico para ocupa\u00e7\u00e3o dos boxes, com regras mais atrativas para os comerciantes.<\/p>\n\n\n\n<p><strong>Mem\u00f3ria<\/strong><\/p>\n\n\n\n<p>Localizado no cruzamento da Avenida Duque de Caxias com a Travessa S\u00e3o Pedro, o Mercado das Rocas tem tradi\u00e7\u00e3o centen\u00e1ria. Leva o nome de Francisca Barros de Morais, uma homenagem a Dona Chiquinha, da Peixada da Comadre, que contribuiu com o turismo e com a culin\u00e1ria de Natal.<\/p>\n\n\n\n<p>Em 2008, o espa\u00e7o foi fechado para uma ampla reforma, que foi conclu\u00edda no in\u00edcio de 2016, pela gest\u00e3o do ent\u00e3o prefeito Carlos Eduardo. O local, por\u00e9m, ficou subutilizado, e os comerciantes atribu\u00edram o problema ao forte calor dentro do pr\u00e9dio. Uma nova reforma, desta vez para adequa\u00e7\u00e3o t\u00e9rmica, foi feita entre 2019 e 2020, na gest\u00e3o de \u00c1lvaro Dias.<\/p>\n\n\n\n<p>Com a falta de movimenta\u00e7\u00e3o, a maioria dos propriet\u00e1rios e permission\u00e1rios sequer retornou ao local para trabalhar, fruto da baixa expectativa dos comerciantes em rela\u00e7\u00e3o \u00e0s vendas no mercado.<br>O Mercado das Rocas tem 3.715,6 mil m\u00b2 de \u00e1rea constru\u00edda e conta com dois andares, 83 boxes, sendo 23 destinados a antigos propriet\u00e1rios e 57 disponibilizados atrav\u00e9s de licita\u00e7\u00e3o, al\u00e9m da administra\u00e7\u00e3o. Os vencedores da licita\u00e7\u00e3o n\u00e3o ocuparam o espa\u00e7o, apesar de a Prefeitura dispens\u00e1-los da taxa.<\/p>\n\n\n\n<figure class=\"wp-block-image\"><img data-recalc-dims=\"1\" fetchpriority=\"high\" decoding=\"async\" width=\"800\" height=\"450\" src=\"https:\/\/i0.wp.com\/blogdobispo.com.br\/wp-content\/uploads\/2025\/08\/mercado-das-rocas-e1754043228264.jpg.webp?resize=800%2C450\" alt=\"\" class=\"wp-image-6244\" srcset=\"https:\/\/i0.wp.com\/blogdobispo.com.br\/wp-content\/uploads\/2025\/08\/mercado-das-rocas-e1754043228264.jpg.webp?w=1263&amp;ssl=1 1263w, https:\/\/i0.wp.com\/blogdobispo.com.br\/wp-content\/uploads\/2025\/08\/mercado-das-rocas-e1754043228264.jpg.webp?resize=300%2C169&amp;ssl=1 300w, https:\/\/i0.wp.com\/blogdobispo.com.br\/wp-content\/uploads\/2025\/08\/mercado-das-rocas-e1754043228264.jpg.webp?resize=1024%2C576&amp;ssl=1 1024w, https:\/\/i0.wp.com\/blogdobispo.com.br\/wp-content\/uploads\/2025\/08\/mercado-das-rocas-e1754043228264.jpg.webp?resize=768%2C432&amp;ssl=1 768w\" sizes=\"(max-width: 800px) 100vw, 800px\" \/><\/figure>\n","protected":false},"excerpt":{"rendered":"<p>Um grupo de cinco secret\u00e1rios da Prefeitura do Natal visitou nesta quinta-feira 31 o Mercado das Rocas. Localizado na Zona Leste da cidade, o espa\u00e7o est\u00e1 subutilizado desde que foi reinaugurado, em 2016, e atualmente conta com menos de 10 boxes funcionando, de um total de 83 constru\u00eddos. Estiveram presentes na visita t\u00e9cnica os secret\u00e1rios [&hellip;]<\/p>\n","protected":false},"author":1,"featured_media":0,"comment_status":"open","ping_status":"open","sticky":false,"template":"","format":"standard","meta":{"cybocfi_hide_featured_image":"","_jetpack_memberships_contains_paid_content":false,"footnotes":""},"categories":[1],"tags":[],"class_list":["post-6243","post","type-post","status-publish","format-standard","hentry","category-diversos"],"yoast_head":"<!-- This site is optimized with the Yoast SEO plugin v25.6 - https:\/\/yoast.com\/wordpress\/plugins\/seo\/ -->\n<title>Secret\u00e1rios de Natal visitam Mercado das Rocas e cogitam PPP para revitalizar o espa\u00e7o - Blog do Bispo<\/title>\n<meta name=\"robots\" content=\"index, follow, max-snippet:-1, max-image-preview:large, max-video-preview:-1\" \/>\n<link rel=\"canonical\" href=\"https:\/\/blogdobispo.com.br\/?p=6243\" \/>\n<meta property=\"og:locale\" content=\"pt_BR\" \/>\n<meta property=\"og:type\" content=\"article\" \/>\n<meta property=\"og:title\" content=\"Secret\u00e1rios de Natal visitam Mercado das Rocas e cogitam PPP para revitalizar o espa\u00e7o - Blog do Bispo\" \/>\n<meta property=\"og:description\" content=\"Um grupo de cinco secret\u00e1rios da Prefeitura do Natal visitou nesta quinta-feira 31 o Mercado das Rocas. Localizado na Zona Leste da cidade, o espa\u00e7o est\u00e1 subutilizado desde que foi reinaugurado, em 2016, e atualmente conta com menos de 10 boxes funcionando, de um total de 83 constru\u00eddos. Estiveram presentes na visita t\u00e9cnica os secret\u00e1rios [&hellip;]\" \/>\n<meta property=\"og:url\" content=\"https:\/\/blogdobispo.com.br\/?p=6243\" \/>\n<meta property=\"og:site_name\" content=\"Blog do Bispo\" \/>\n<meta property=\"article:published_time\" content=\"2025-08-01T12:41:27+00:00\" \/>\n<meta property=\"article:modified_time\" content=\"2025-08-01T12:41:29+00:00\" \/>\n<meta property=\"og:image\" content=\"http:\/\/blogdobispo.com.br\/wp-content\/uploads\/2025\/08\/mercado-das-rocas-e1754043228264.jpg.webp\" \/>\n<meta name=\"author\" content=\"Jefferson Sterfeno\" \/>\n<meta name=\"twitter:card\" content=\"summary_large_image\" \/>\n<meta name=\"twitter:label1\" content=\"Escrito por\" \/>\n\t<meta name=\"twitter:data1\" content=\"Jefferson Sterfeno\" \/>\n\t<meta name=\"twitter:label2\" content=\"Est. tempo de leitura\" \/>\n\t<meta name=\"twitter:data2\" content=\"4 minutos\" \/>\n<script type=\"application\/ld+json\" class=\"yoast-schema-graph\">{\"@context\":\"https:\/\/schema.org\",\"@graph\":[{\"@type\":\"Article\",\"@id\":\"https:\/\/blogdobispo.com.br\/?p=6243#article\",\"isPartOf\":{\"@id\":\"https:\/\/blogdobispo.com.br\/?p=6243\"},\"author\":{\"name\":\"Jefferson Sterfeno\",\"@id\":\"https:\/\/blogdobispo.com.br\/#\/schema\/person\/e2209cc0e6cea5c5233d033e997b373f\"},\"headline\":\"Secret\u00e1rios de Natal visitam Mercado das Rocas e cogitam PPP para revitalizar o espa\u00e7o\",\"datePublished\":\"2025-08-01T12:41:27+00:00\",\"dateModified\":\"2025-08-01T12:41:29+00:00\",\"mainEntityOfPage\":{\"@id\":\"https:\/\/blogdobispo.com.br\/?p=6243\"},\"wordCount\":602,\"commentCount\":0,\"publisher\":{\"@id\":\"https:\/\/blogdobispo.com.br\/#organization\"},\"image\":{\"@id\":\"https:\/\/blogdobispo.com.br\/?p=6243#primaryimage\"},\"thumbnailUrl\":\"http:\/\/blogdobispo.com.br\/wp-content\/uploads\/2025\/08\/mercado-das-rocas-e1754043228264.jpg.webp\",\"articleSection\":[\"diversos\"],\"inLanguage\":\"pt-BR\",\"potentialAction\":[{\"@type\":\"CommentAction\",\"name\":\"Comment\",\"target\":[\"https:\/\/blogdobispo.com.br\/?p=6243#respond\"]}]},{\"@type\":\"WebPage\",\"@id\":\"https:\/\/blogdobispo.com.br\/?p=6243\",\"url\":\"https:\/\/blogdobispo.com.br\/?p=6243\",\"name\":\"Secret\u00e1rios de Natal visitam Mercado das Rocas e cogitam PPP para revitalizar o espa\u00e7o - Blog do Bispo\",\"isPartOf\":{\"@id\":\"https:\/\/blogdobispo.com.br\/#website\"},\"primaryImageOfPage\":{\"@id\":\"https:\/\/blogdobispo.com.br\/?p=6243#primaryimage\"},\"image\":{\"@id\":\"https:\/\/blogdobispo.com.br\/?p=6243#primaryimage\"},\"thumbnailUrl\":\"http:\/\/blogdobispo.com.br\/wp-content\/uploads\/2025\/08\/mercado-das-rocas-e1754043228264.jpg.webp\",\"datePublished\":\"2025-08-01T12:41:27+00:00\",\"dateModified\":\"2025-08-01T12:41:29+00:00\",\"breadcrumb\":{\"@id\":\"https:\/\/blogdobispo.com.br\/?p=6243#breadcrumb\"},\"inLanguage\":\"pt-BR\",\"potentialAction\":[{\"@type\":\"ReadAction\",\"target\":[\"https:\/\/blogdobispo.com.br\/?p=6243\"]}]},{\"@type\":\"ImageObject\",\"inLanguage\":\"pt-BR\",\"@id\":\"https:\/\/blogdobispo.com.br\/?p=6243#primaryimage\",\"url\":\"https:\/\/i0.wp.com\/blogdobispo.com.br\/wp-content\/uploads\/2025\/08\/mercado-das-rocas-e1754043228264.jpg.webp?fit=1263%2C710&ssl=1\",\"contentUrl\":\"https:\/\/i0.wp.com\/blogdobispo.com.br\/wp-content\/uploads\/2025\/08\/mercado-das-rocas-e1754043228264.jpg.webp?fit=1263%2C710&ssl=1\",\"width\":1263,\"height\":710},{\"@type\":\"BreadcrumbList\",\"@id\":\"https:\/\/blogdobispo.com.br\/?p=6243#breadcrumb\",\"itemListElement\":[{\"@type\":\"ListItem\",\"position\":1,\"name\":\"In\u00edcio\",\"item\":\"https:\/\/blogdobispo.com.br\/\"},{\"@type\":\"ListItem\",\"position\":2,\"name\":\"Secret\u00e1rios de Natal visitam Mercado das Rocas e cogitam PPP para revitalizar o espa\u00e7o\"}]},{\"@type\":\"WebSite\",\"@id\":\"https:\/\/blogdobispo.com.br\/#website\",\"url\":\"https:\/\/blogdobispo.com.br\/\",\"name\":\"Blog do Bispo\",\"description\":\"Comprometido apenas com o leitor\",\"publisher\":{\"@id\":\"https:\/\/blogdobispo.com.br\/#organization\"},\"potentialAction\":[{\"@type\":\"SearchAction\",\"target\":{\"@type\":\"EntryPoint\",\"urlTemplate\":\"https:\/\/blogdobispo.com.br\/?s={search_term_string}\"},\"query-input\":{\"@type\":\"PropertyValueSpecification\",\"valueRequired\":true,\"valueName\":\"search_term_string\"}}],\"inLanguage\":\"pt-BR\"},{\"@type\":\"Organization\",\"@id\":\"https:\/\/blogdobispo.com.br\/#organization\",\"name\":\"Blog do Bispo\",\"url\":\"https:\/\/blogdobispo.com.br\/\",\"logo\":{\"@type\":\"ImageObject\",\"inLanguage\":\"pt-BR\",\"@id\":\"https:\/\/blogdobispo.com.br\/#\/schema\/logo\/image\/\",\"url\":\"http:\/\/blogdobispo.com.br\/wp-content\/uploads\/2023\/05\/cropped-headear.png\",\"contentUrl\":\"http:\/\/blogdobispo.com.br\/wp-content\/uploads\/2023\/05\/cropped-headear.png\",\"width\":1500,\"height\":399,\"caption\":\"Blog do Bispo\"},\"image\":{\"@id\":\"https:\/\/blogdobispo.com.br\/#\/schema\/logo\/image\/\"}},{\"@type\":\"Person\",\"@id\":\"https:\/\/blogdobispo.com.br\/#\/schema\/person\/e2209cc0e6cea5c5233d033e997b373f\",\"name\":\"Jefferson Sterfeno\",\"image\":{\"@type\":\"ImageObject\",\"inLanguage\":\"pt-BR\",\"@id\":\"https:\/\/blogdobispo.com.br\/#\/schema\/person\/image\/\",\"url\":\"https:\/\/secure.gravatar.com\/avatar\/0534e84764641168a677026b6d57a3f51dc7ac4db0b4f6186d9cb330d4ee1160?s=96&d=mm&r=g\",\"contentUrl\":\"https:\/\/secure.gravatar.com\/avatar\/0534e84764641168a677026b6d57a3f51dc7ac4db0b4f6186d9cb330d4ee1160?s=96&d=mm&r=g\",\"caption\":\"Jefferson Sterfeno\"},\"sameAs\":[\"http:\/\/blogdobispo.com.br\"],\"url\":\"https:\/\/blogdobispo.com.br\/?author=1\"}]}<\/script>\n<!-- \/ Yoast SEO plugin. -->","yoast_head_json":{"title":"Secret\u00e1rios de Natal visitam Mercado das Rocas e cogitam PPP para revitalizar o espa\u00e7o - Blog do Bispo","robots":{"index":"index","follow":"follow","max-snippet":"max-snippet:-1","max-image-preview":"max-image-preview:large","max-video-preview":"max-video-preview:-1"},"canonical":"https:\/\/blogdobispo.com.br\/?p=6243","og_locale":"pt_BR","og_type":"article","og_title":"Secret\u00e1rios de Natal visitam Mercado das Rocas e cogitam PPP para revitalizar o espa\u00e7o - Blog do Bispo","og_description":"Um grupo de cinco secret\u00e1rios da Prefeitura do Natal visitou nesta quinta-feira 31 o Mercado das Rocas. Localizado na Zona Leste da cidade, o espa\u00e7o est\u00e1 subutilizado desde que foi reinaugurado, em 2016, e atualmente conta com menos de 10 boxes funcionando, de um total de 83 constru\u00eddos. Estiveram presentes na visita t\u00e9cnica os secret\u00e1rios [&hellip;]","og_url":"https:\/\/blogdobispo.com.br\/?p=6243","og_site_name":"Blog do Bispo","article_published_time":"2025-08-01T12:41:27+00:00","article_modified_time":"2025-08-01T12:41:29+00:00","og_image":[{"url":"http:\/\/blogdobispo.com.br\/wp-content\/uploads\/2025\/08\/mercado-das-rocas-e1754043228264.jpg.webp","type":"","width":"","height":""}],"author":"Jefferson Sterfeno","twitter_card":"summary_large_image","twitter_misc":{"Escrito por":"Jefferson Sterfeno","Est. tempo de leitura":"4 minutos"},"schema":{"@context":"https:\/\/schema.org","@graph":[{"@type":"Article","@id":"https:\/\/blogdobispo.com.br\/?p=6243#article","isPartOf":{"@id":"https:\/\/blogdobispo.com.br\/?p=6243"},"author":{"name":"Jefferson Sterfeno","@id":"https:\/\/blogdobispo.com.br\/#\/schema\/person\/e2209cc0e6cea5c5233d033e997b373f"},"headline":"Secret\u00e1rios de Natal visitam Mercado das Rocas e cogitam PPP para revitalizar o espa\u00e7o","datePublished":"2025-08-01T12:41:27+00:00","dateModified":"2025-08-01T12:41:29+00:00","mainEntityOfPage":{"@id":"https:\/\/blogdobispo.com.br\/?p=6243"},"wordCount":602,"commentCount":0,"publisher":{"@id":"https:\/\/blogdobispo.com.br\/#organization"},"image":{"@id":"https:\/\/blogdobispo.com.br\/?p=6243#primaryimage"},"thumbnailUrl":"http:\/\/blogdobispo.com.br\/wp-content\/uploads\/2025\/08\/mercado-das-rocas-e1754043228264.jpg.webp","articleSection":["diversos"],"inLanguage":"pt-BR","potentialAction":[{"@type":"CommentAction","name":"Comment","target":["https:\/\/blogdobispo.com.br\/?p=6243#respond"]}]},{"@type":"WebPage","@id":"https:\/\/blogdobispo.com.br\/?p=6243","url":"https:\/\/blogdobispo.com.br\/?p=6243","name":"Secret\u00e1rios de Natal visitam Mercado das Rocas e cogitam PPP para revitalizar o espa\u00e7o - Blog do Bispo","isPartOf":{"@id":"https:\/\/blogdobispo.com.br\/#website"},"primaryImageOfPage":{"@id":"https:\/\/blogdobispo.com.br\/?p=6243#primaryimage"},"image":{"@id":"https:\/\/blogdobispo.com.br\/?p=6243#primaryimage"},"thumbnailUrl":"http:\/\/blogdobispo.com.br\/wp-content\/uploads\/2025\/08\/mercado-das-rocas-e1754043228264.jpg.webp","datePublished":"2025-08-01T12:41:27+00:00","dateModified":"2025-08-01T12:41:29+00:00","breadcrumb":{"@id":"https:\/\/blogdobispo.com.br\/?p=6243#breadcrumb"},"inLanguage":"pt-BR","potentialAction":[{"@type":"ReadAction","target":["https:\/\/blogdobispo.com.br\/?p=6243"]}]},{"@type":"ImageObject","inLanguage":"pt-BR","@id":"https:\/\/blogdobispo.com.br\/?p=6243#primaryimage","url":"https:\/\/i0.wp.com\/blogdobispo.com.br\/wp-content\/uploads\/2025\/08\/mercado-das-rocas-e1754043228264.jpg.webp?fit=1263%2C710&ssl=1","contentUrl":"https:\/\/i0.wp.com\/blogdobispo.com.br\/wp-content\/uploads\/2025\/08\/mercado-das-rocas-e1754043228264.jpg.webp?fit=1263%2C710&ssl=1","width":1263,"height":710},{"@type":"BreadcrumbList","@id":"https:\/\/blogdobispo.com.br\/?p=6243#breadcrumb","itemListElement":[{"@type":"ListItem","position":1,"name":"In\u00edcio","item":"https:\/\/blogdobispo.com.br\/"},{"@type":"ListItem","position":2,"name":"Secret\u00e1rios de Natal visitam Mercado das Rocas e cogitam PPP para revitalizar o espa\u00e7o"}]},{"@type":"WebSite","@id":"https:\/\/blogdobispo.com.br\/#website","url":"https:\/\/blogdobispo.com.br\/","name":"Blog do Bispo","description":"Comprometido apenas com o leitor","publisher":{"@id":"https:\/\/blogdobispo.com.br\/#organization"},"potentialAction":[{"@type":"SearchAction","target":{"@type":"EntryPoint","urlTemplate":"https:\/\/blogdobispo.com.br\/?s={search_term_string}"},"query-input":{"@type":"PropertyValueSpecification","valueRequired":true,"valueName":"search_term_string"}}],"inLanguage":"pt-BR"},{"@type":"Organization","@id":"https:\/\/blogdobispo.com.br\/#organization","name":"Blog do Bispo","url":"https:\/\/blogdobispo.com.br\/","logo":{"@type":"ImageObject","inLanguage":"pt-BR","@id":"https:\/\/blogdobispo.com.br\/#\/schema\/logo\/image\/","url":"http:\/\/blogdobispo.com.br\/wp-content\/uploads\/2023\/05\/cropped-headear.png","contentUrl":"http:\/\/blogdobispo.com.br\/wp-content\/uploads\/2023\/05\/cropped-headear.png","width":1500,"height":399,"caption":"Blog do Bispo"},"image":{"@id":"https:\/\/blogdobispo.com.br\/#\/schema\/logo\/image\/"}},{"@type":"Person","@id":"https:\/\/blogdobispo.com.br\/#\/schema\/person\/e2209cc0e6cea5c5233d033e997b373f","name":"Jefferson Sterfeno","image":{"@type":"ImageObject","inLanguage":"pt-BR","@id":"https:\/\/blogdobispo.com.br\/#\/schema\/person\/image\/","url":"https:\/\/secure.gravatar.com\/avatar\/0534e84764641168a677026b6d57a3f51dc7ac4db0b4f6186d9cb330d4ee1160?s=96&d=mm&r=g","contentUrl":"https:\/\/secure.gravatar.com\/avatar\/0534e84764641168a677026b6d57a3f51dc7ac4db0b4f6186d9cb330d4ee1160?s=96&d=mm&r=g","caption":"Jefferson Sterfeno"},"sameAs":["http:\/\/blogdobispo.com.br"],"url":"https:\/\/blogdobispo.com.br\/?author=1"}]}},"featured_image_urls":{"full":"","thumbnail":"","medium":"","medium_large":"","large":"","1536x1536":"","2048x2048":""},"author_info":{"display_name":"Jefferson Sterfeno","author_link":"https:\/\/blogdobispo.com.br\/?author=1"},"category_info":"<a href=\"https:\/\/blogdobispo.com.br\/?cat=1\" rel=\"category\">diversos<\/a>","tag_info":"diversos","comment_count":"0","jetpack_featured_media_url":"","jetpack_sharing_enabled":true,"_links":{"self":[{"href":"https:\/\/blogdobispo.com.br\/index.php?rest_route=\/wp\/v2\/posts\/6243","targetHints":{"allow":["GET"]}}],"collection":[{"href":"https:\/\/blogdobispo.com.br\/index.php?rest_route=\/wp\/v2\/posts"}],"about":[{"href":"https:\/\/blogdobispo.com.br\/index.php?rest_route=\/wp\/v2\/types\/post"}],"author":[{"embeddable":true,"href":"https:\/\/blogdobispo.com.br\/index.php?rest_route=\/wp\/v2\/users\/1"}],"replies":[{"embeddable":true,"href":"https:\/\/blogdobispo.com.br\/index.php?rest_route=%2Fwp%2Fv2%2Fcomments&post=6243"}],"version-history":[{"count":1,"href":"https:\/\/blogdobispo.com.br\/index.php?rest_route=\/wp\/v2\/posts\/6243\/revisions"}],"predecessor-version":[{"id":6245,"href":"https:\/\/blogdobispo.com.br\/index.php?rest_route=\/wp\/v2\/posts\/6243\/revisions\/6245"}],"wp:attachment":[{"href":"https:\/\/blogdobispo.com.br\/index.php?rest_route=%2Fwp%2Fv2%2Fmedia&parent=6243"}],"wp:term":[{"taxonomy":"category","embeddable":true,"href":"https:\/\/blogdobispo.com.br\/index.php?rest_route=%2Fwp%2Fv2%2Fcategories&post=6243"},{"taxonomy":"post_tag","embeddable":true,"href":"https:\/\/blogdobispo.com.br\/index.php?rest_route=%2Fwp%2Fv2%2Ftags&post=6243"}],"curies":[{"name":"wp","href":"https:\/\/api.w.org\/{rel}","templated":true}]}}