{"id":6242,"date":"2025-08-01T02:32:55","date_gmt":"2025-08-01T02:32:55","guid":{"rendered":"https:\/\/blogdobispo.com.br\/?p=6242"},"modified":"2025-08-01T02:32:55","modified_gmt":"2025-08-01T02:32:55","slug":"presidente-da-cop30-diz-que-paises-pediram-retirada-do-evento-de-belem-por-precos-extorsivos-em-hoteis","status":"publish","type":"post","link":"https:\/\/blogdobispo.com.br\/?p=6242","title":{"rendered":"Presidente da COP30 diz que pa\u00edses pediram retirada do evento de Bel\u00e9m por pre\u00e7os &#8216;extorsivos&#8217; em hot\u00e9is"},"content":{"rendered":"\n<p class=\"p1\"><\/p>\n\n\n\n<figure class=\"wp-block-image size-large\"><img data-recalc-dims=\"1\" fetchpriority=\"high\" decoding=\"async\" width=\"800\" height=\"534\" src=\"https:\/\/i0.wp.com\/blogdobispo.com.br\/wp-content\/uploads\/2025\/08\/img_5877.jpg?resize=800%2C534&#038;ssl=1\" class=\"wp-image-6241\" srcset=\"https:\/\/i0.wp.com\/blogdobispo.com.br\/wp-content\/uploads\/2025\/08\/img_5877.jpg?w=1000&amp;ssl=1 1000w, https:\/\/i0.wp.com\/blogdobispo.com.br\/wp-content\/uploads\/2025\/08\/img_5877.jpg?resize=300%2C200&amp;ssl=1 300w, https:\/\/i0.wp.com\/blogdobispo.com.br\/wp-content\/uploads\/2025\/08\/img_5877.jpg?resize=768%2C512&amp;ssl=1 768w\" sizes=\"(max-width: 800px) 100vw, 800px\" \/><\/figure>\n\n\n\n<p class=\"p3\">Bel\u00e9m (PA) \u2013 A realiza\u00e7\u00e3o da COP30 em Bel\u00e9m est\u00e1 sob forte amea\u00e7a ap\u00f3s den\u00fancias de que hot\u00e9is da capital paraense estariam cobrando valores \u201cextorsivos\u201d para hospedagem durante o evento. A informa\u00e7\u00e3o foi confirmada pelo embaixador Andr\u00e9 Corr\u00eaa do Lago, presidente da COP30, que afirmou que pa\u00edses participantes j\u00e1 pediram a retirada do evento do Brasil caso os pre\u00e7os abusivos n\u00e3o sejam contidos.<\/p>\n\n\n\n<p class=\"p3\">Em entrevista recente, Corr\u00eaa do Lago classificou a situa\u00e7\u00e3o como \u201cgrave\u201d e revelou que delega\u00e7\u00f5es de pa\u00edses africanos e latino-americanos est\u00e3o indignadas com os custos praticados. \u201cO que estamos vendo s\u00e3o tarifas at\u00e9 dez vezes acima do valor normal. Isso \u00e9 inaceit\u00e1vel para uma confer\u00eancia que se pretende inclusiva e representativa\u201d, afirmou o embaixador.<\/p>\n\n\n\n<p class=\"p3\">A ONU chegou a convocar uma reuni\u00e3o de emerg\u00eancia no \u00faltimo dia 29 de julho para tratar do assunto. A crise mobilizou organismos internacionais e colocou o Brasil sob press\u00e3o para apresentar alternativas vi\u00e1veis que garantam a perman\u00eancia da confer\u00eancia em Bel\u00e9m.<\/p>\n\n\n\n<p class=\"p3\">Segundo estimativas da organiza\u00e7\u00e3o, a COP30 deve reunir cerca de 45 mil pessoas, mas Bel\u00e9m conta com menos de 20 mil leitos formais de hospedagem, o que gerou uma corrida por acomoda\u00e7\u00f5es e favoreceu a especula\u00e7\u00e3o de pre\u00e7os. H\u00e1 relatos de di\u00e1rias chegando a R$ 3.500, muito acima do valor de subs\u00eddio de US$ 149 por dia oferecido pela ONU \u00e0s delega\u00e7\u00f5es de pa\u00edses em desenvolvimento.<\/p>\n\n\n\n<p class=\"p3\">O governo brasileiro tem tentado conter a crise com uma s\u00e9rie de medidas emergenciais. Entre elas, est\u00e1 a contrata\u00e7\u00e3o de navios de cruzeiro para funcionar como alojamento flutuante, a transforma\u00e7\u00e3o de escolas em hospedagens tempor\u00e1rias, al\u00e9m da constru\u00e7\u00e3o de uma \u201cVila da COP30\u201d para receber chefes de Estado e autoridades internacionais.<\/p>\n\n\n\n<p class=\"p3\">Um novo prazo foi estabelecido: at\u00e9 o dia 11 de agosto, o Brasil precisa apresentar solu\u00e7\u00f5es definitivas \u00e0 ONU. Caso contr\u00e1rio, cresce o risco de que a COP30 seja realocada para outro pa\u00eds.<\/p>\n\n\n\n<p class=\"p3\">Apesar das dificuldades, autoridades brasileiras seguem confiantes. \u201cA COP est\u00e1 garantida em Bel\u00e9m. Estamos tomando todas as provid\u00eancias para corrigir distor\u00e7\u00f5es e garantir que todos possam participar\u201d, disse Valter Correia, secret\u00e1rio extraordin\u00e1rio da COP30.<\/p>\n\n\n\n<p class=\"p3\">A confer\u00eancia do clima da ONU est\u00e1 marcada para ocorrer entre 10 e 21 de novembro de 2025 e ser\u00e1 a primeira edi\u00e7\u00e3o da COP realizada na Amaz\u00f4nia.<\/p>\n","protected":false},"excerpt":{"rendered":"<p>Bel\u00e9m (PA) \u2013 A realiza\u00e7\u00e3o da COP30 em Bel\u00e9m est\u00e1 sob forte amea\u00e7a ap\u00f3s den\u00fancias de que hot\u00e9is da capital paraense estariam cobrando valores \u201cextorsivos\u201d para hospedagem durante o evento. A informa\u00e7\u00e3o foi confirmada pelo embaixador Andr\u00e9 Corr\u00eaa do Lago, presidente da COP30, que afirmou que pa\u00edses participantes j\u00e1 pediram a retirada do evento do [&hellip;]<\/p>\n","protected":false},"author":1,"featured_media":0,"comment_status":"open","ping_status":"open","sticky":false,"template":"","format":"standard","meta":{"cybocfi_hide_featured_image":"","_jetpack_memberships_contains_paid_content":false,"footnotes":""},"categories":[1],"tags":[],"class_list":["post-6242","post","type-post","status-publish","format-standard","hentry","category-diversos"],"yoast_head":"<!-- This site is optimized with the Yoast SEO plugin v25.6 - https:\/\/yoast.com\/wordpress\/plugins\/seo\/ -->\n<title>Presidente da COP30 diz que pa\u00edses pediram retirada do evento de Bel\u00e9m por pre\u00e7os &#039;extorsivos&#039; em hot\u00e9is - Blog do Bispo<\/title>\n<meta name=\"robots\" content=\"index, follow, max-snippet:-1, max-image-preview:large, max-video-preview:-1\" \/>\n<link rel=\"canonical\" href=\"https:\/\/blogdobispo.com.br\/?p=6242\" \/>\n<meta property=\"og:locale\" content=\"pt_BR\" \/>\n<meta property=\"og:type\" content=\"article\" \/>\n<meta property=\"og:title\" content=\"Presidente da COP30 diz que pa\u00edses pediram retirada do evento de Bel\u00e9m por pre\u00e7os &#039;extorsivos&#039; em hot\u00e9is - Blog do Bispo\" \/>\n<meta property=\"og:description\" content=\"Bel\u00e9m (PA) \u2013 A realiza\u00e7\u00e3o da COP30 em Bel\u00e9m est\u00e1 sob forte amea\u00e7a ap\u00f3s den\u00fancias de que hot\u00e9is da capital paraense estariam cobrando valores \u201cextorsivos\u201d para hospedagem durante o evento. A informa\u00e7\u00e3o foi confirmada pelo embaixador Andr\u00e9 Corr\u00eaa do Lago, presidente da COP30, que afirmou que pa\u00edses participantes j\u00e1 pediram a retirada do evento do [&hellip;]\" \/>\n<meta property=\"og:url\" content=\"https:\/\/blogdobispo.com.br\/?p=6242\" \/>\n<meta property=\"og:site_name\" content=\"Blog do Bispo\" \/>\n<meta property=\"article:published_time\" content=\"2025-08-01T02:32:55+00:00\" \/>\n<meta property=\"og:image\" content=\"https:\/\/blogdobispo.com.br\/wp-content\/uploads\/2025\/08\/img_5877.jpg\" \/>\n<meta name=\"author\" content=\"Jefferson Sterfeno\" \/>\n<meta name=\"twitter:card\" content=\"summary_large_image\" \/>\n<meta name=\"twitter:label1\" content=\"Escrito por\" \/>\n\t<meta name=\"twitter:data1\" content=\"Jefferson Sterfeno\" \/>\n\t<meta name=\"twitter:label2\" content=\"Est. tempo de leitura\" \/>\n\t<meta name=\"twitter:data2\" content=\"2 minutos\" \/>\n<script type=\"application\/ld+json\" class=\"yoast-schema-graph\">{\"@context\":\"https:\/\/schema.org\",\"@graph\":[{\"@type\":\"Article\",\"@id\":\"https:\/\/blogdobispo.com.br\/?p=6242#article\",\"isPartOf\":{\"@id\":\"https:\/\/blogdobispo.com.br\/?p=6242\"},\"author\":{\"name\":\"Jefferson Sterfeno\",\"@id\":\"https:\/\/blogdobispo.com.br\/#\/schema\/person\/e2209cc0e6cea5c5233d033e997b373f\"},\"headline\":\"Presidente da COP30 diz que pa\u00edses pediram retirada do evento de Bel\u00e9m por pre\u00e7os &#8216;extorsivos&#8217; em hot\u00e9is\",\"datePublished\":\"2025-08-01T02:32:55+00:00\",\"mainEntityOfPage\":{\"@id\":\"https:\/\/blogdobispo.com.br\/?p=6242\"},\"wordCount\":433,\"commentCount\":0,\"publisher\":{\"@id\":\"https:\/\/blogdobispo.com.br\/#organization\"},\"image\":{\"@id\":\"https:\/\/blogdobispo.com.br\/?p=6242#primaryimage\"},\"thumbnailUrl\":\"https:\/\/blogdobispo.com.br\/wp-content\/uploads\/2025\/08\/img_5877.jpg\",\"articleSection\":[\"diversos\"],\"inLanguage\":\"pt-BR\",\"potentialAction\":[{\"@type\":\"CommentAction\",\"name\":\"Comment\",\"target\":[\"https:\/\/blogdobispo.com.br\/?p=6242#respond\"]}]},{\"@type\":\"WebPage\",\"@id\":\"https:\/\/blogdobispo.com.br\/?p=6242\",\"url\":\"https:\/\/blogdobispo.com.br\/?p=6242\",\"name\":\"Presidente da COP30 diz que pa\u00edses pediram retirada do evento de Bel\u00e9m por pre\u00e7os 'extorsivos' em hot\u00e9is - Blog do Bispo\",\"isPartOf\":{\"@id\":\"https:\/\/blogdobispo.com.br\/#website\"},\"primaryImageOfPage\":{\"@id\":\"https:\/\/blogdobispo.com.br\/?p=6242#primaryimage\"},\"image\":{\"@id\":\"https:\/\/blogdobispo.com.br\/?p=6242#primaryimage\"},\"thumbnailUrl\":\"https:\/\/blogdobispo.com.br\/wp-content\/uploads\/2025\/08\/img_5877.jpg\",\"datePublished\":\"2025-08-01T02:32:55+00:00\",\"breadcrumb\":{\"@id\":\"https:\/\/blogdobispo.com.br\/?p=6242#breadcrumb\"},\"inLanguage\":\"pt-BR\",\"potentialAction\":[{\"@type\":\"ReadAction\",\"target\":[\"https:\/\/blogdobispo.com.br\/?p=6242\"]}]},{\"@type\":\"ImageObject\",\"inLanguage\":\"pt-BR\",\"@id\":\"https:\/\/blogdobispo.com.br\/?p=6242#primaryimage\",\"url\":\"https:\/\/blogdobispo.com.br\/wp-content\/uploads\/2025\/08\/img_5877.jpg\",\"contentUrl\":\"https:\/\/blogdobispo.com.br\/wp-content\/uploads\/2025\/08\/img_5877.jpg\"},{\"@type\":\"BreadcrumbList\",\"@id\":\"https:\/\/blogdobispo.com.br\/?p=6242#breadcrumb\",\"itemListElement\":[{\"@type\":\"ListItem\",\"position\":1,\"name\":\"In\u00edcio\",\"item\":\"https:\/\/blogdobispo.com.br\/\"},{\"@type\":\"ListItem\",\"position\":2,\"name\":\"Presidente da COP30 diz que pa\u00edses pediram retirada do evento de Bel\u00e9m por pre\u00e7os &#8216;extorsivos&#8217; em hot\u00e9is\"}]},{\"@type\":\"WebSite\",\"@id\":\"https:\/\/blogdobispo.com.br\/#website\",\"url\":\"https:\/\/blogdobispo.com.br\/\",\"name\":\"Blog do Bispo\",\"description\":\"Comprometido apenas com o leitor\",\"publisher\":{\"@id\":\"https:\/\/blogdobispo.com.br\/#organization\"},\"potentialAction\":[{\"@type\":\"SearchAction\",\"target\":{\"@type\":\"EntryPoint\",\"urlTemplate\":\"https:\/\/blogdobispo.com.br\/?s={search_term_string}\"},\"query-input\":{\"@type\":\"PropertyValueSpecification\",\"valueRequired\":true,\"valueName\":\"search_term_string\"}}],\"inLanguage\":\"pt-BR\"},{\"@type\":\"Organization\",\"@id\":\"https:\/\/blogdobispo.com.br\/#organization\",\"name\":\"Blog do Bispo\",\"url\":\"https:\/\/blogdobispo.com.br\/\",\"logo\":{\"@type\":\"ImageObject\",\"inLanguage\":\"pt-BR\",\"@id\":\"https:\/\/blogdobispo.com.br\/#\/schema\/logo\/image\/\",\"url\":\"http:\/\/blogdobispo.com.br\/wp-content\/uploads\/2023\/05\/cropped-headear.png\",\"contentUrl\":\"http:\/\/blogdobispo.com.br\/wp-content\/uploads\/2023\/05\/cropped-headear.png\",\"width\":1500,\"height\":399,\"caption\":\"Blog do Bispo\"},\"image\":{\"@id\":\"https:\/\/blogdobispo.com.br\/#\/schema\/logo\/image\/\"}},{\"@type\":\"Person\",\"@id\":\"https:\/\/blogdobispo.com.br\/#\/schema\/person\/e2209cc0e6cea5c5233d033e997b373f\",\"name\":\"Jefferson Sterfeno\",\"image\":{\"@type\":\"ImageObject\",\"inLanguage\":\"pt-BR\",\"@id\":\"https:\/\/blogdobispo.com.br\/#\/schema\/person\/image\/\",\"url\":\"https:\/\/secure.gravatar.com\/avatar\/0534e84764641168a677026b6d57a3f51dc7ac4db0b4f6186d9cb330d4ee1160?s=96&d=mm&r=g\",\"contentUrl\":\"https:\/\/secure.gravatar.com\/avatar\/0534e84764641168a677026b6d57a3f51dc7ac4db0b4f6186d9cb330d4ee1160?s=96&d=mm&r=g\",\"caption\":\"Jefferson Sterfeno\"},\"sameAs\":[\"http:\/\/blogdobispo.com.br\"],\"url\":\"https:\/\/blogdobispo.com.br\/?author=1\"}]}<\/script>\n<!-- \/ Yoast SEO plugin. -->","yoast_head_json":{"title":"Presidente da COP30 diz que pa\u00edses pediram retirada do evento de Bel\u00e9m por pre\u00e7os 'extorsivos' em hot\u00e9is - Blog do Bispo","robots":{"index":"index","follow":"follow","max-snippet":"max-snippet:-1","max-image-preview":"max-image-preview:large","max-video-preview":"max-video-preview:-1"},"canonical":"https:\/\/blogdobispo.com.br\/?p=6242","og_locale":"pt_BR","og_type":"article","og_title":"Presidente da COP30 diz que pa\u00edses pediram retirada do evento de Bel\u00e9m por pre\u00e7os 'extorsivos' em hot\u00e9is - Blog do Bispo","og_description":"Bel\u00e9m (PA) \u2013 A realiza\u00e7\u00e3o da COP30 em Bel\u00e9m est\u00e1 sob forte amea\u00e7a ap\u00f3s den\u00fancias de que hot\u00e9is da capital paraense estariam cobrando valores \u201cextorsivos\u201d para hospedagem durante o evento. A informa\u00e7\u00e3o foi confirmada pelo embaixador Andr\u00e9 Corr\u00eaa do Lago, presidente da COP30, que afirmou que pa\u00edses participantes j\u00e1 pediram a retirada do evento do [&hellip;]","og_url":"https:\/\/blogdobispo.com.br\/?p=6242","og_site_name":"Blog do Bispo","article_published_time":"2025-08-01T02:32:55+00:00","og_image":[{"url":"https:\/\/blogdobispo.com.br\/wp-content\/uploads\/2025\/08\/img_5877.jpg","type":"","width":"","height":""}],"author":"Jefferson Sterfeno","twitter_card":"summary_large_image","twitter_misc":{"Escrito por":"Jefferson Sterfeno","Est. tempo de leitura":"2 minutos"},"schema":{"@context":"https:\/\/schema.org","@graph":[{"@type":"Article","@id":"https:\/\/blogdobispo.com.br\/?p=6242#article","isPartOf":{"@id":"https:\/\/blogdobispo.com.br\/?p=6242"},"author":{"name":"Jefferson Sterfeno","@id":"https:\/\/blogdobispo.com.br\/#\/schema\/person\/e2209cc0e6cea5c5233d033e997b373f"},"headline":"Presidente da COP30 diz que pa\u00edses pediram retirada do evento de Bel\u00e9m por pre\u00e7os &#8216;extorsivos&#8217; em hot\u00e9is","datePublished":"2025-08-01T02:32:55+00:00","mainEntityOfPage":{"@id":"https:\/\/blogdobispo.com.br\/?p=6242"},"wordCount":433,"commentCount":0,"publisher":{"@id":"https:\/\/blogdobispo.com.br\/#organization"},"image":{"@id":"https:\/\/blogdobispo.com.br\/?p=6242#primaryimage"},"thumbnailUrl":"https:\/\/blogdobispo.com.br\/wp-content\/uploads\/2025\/08\/img_5877.jpg","articleSection":["diversos"],"inLanguage":"pt-BR","potentialAction":[{"@type":"CommentAction","name":"Comment","target":["https:\/\/blogdobispo.com.br\/?p=6242#respond"]}]},{"@type":"WebPage","@id":"https:\/\/blogdobispo.com.br\/?p=6242","url":"https:\/\/blogdobispo.com.br\/?p=6242","name":"Presidente da COP30 diz que pa\u00edses pediram retirada do evento de Bel\u00e9m por pre\u00e7os 'extorsivos' em hot\u00e9is - Blog do Bispo","isPartOf":{"@id":"https:\/\/blogdobispo.com.br\/#website"},"primaryImageOfPage":{"@id":"https:\/\/blogdobispo.com.br\/?p=6242#primaryimage"},"image":{"@id":"https:\/\/blogdobispo.com.br\/?p=6242#primaryimage"},"thumbnailUrl":"https:\/\/blogdobispo.com.br\/wp-content\/uploads\/2025\/08\/img_5877.jpg","datePublished":"2025-08-01T02:32:55+00:00","breadcrumb":{"@id":"https:\/\/blogdobispo.com.br\/?p=6242#breadcrumb"},"inLanguage":"pt-BR","potentialAction":[{"@type":"ReadAction","target":["https:\/\/blogdobispo.com.br\/?p=6242"]}]},{"@type":"ImageObject","inLanguage":"pt-BR","@id":"https:\/\/blogdobispo.com.br\/?p=6242#primaryimage","url":"https:\/\/blogdobispo.com.br\/wp-content\/uploads\/2025\/08\/img_5877.jpg","contentUrl":"https:\/\/blogdobispo.com.br\/wp-content\/uploads\/2025\/08\/img_5877.jpg"},{"@type":"BreadcrumbList","@id":"https:\/\/blogdobispo.com.br\/?p=6242#breadcrumb","itemListElement":[{"@type":"ListItem","position":1,"name":"In\u00edcio","item":"https:\/\/blogdobispo.com.br\/"},{"@type":"ListItem","position":2,"name":"Presidente da COP30 diz que pa\u00edses pediram retirada do evento de Bel\u00e9m por pre\u00e7os &#8216;extorsivos&#8217; em hot\u00e9is"}]},{"@type":"WebSite","@id":"https:\/\/blogdobispo.com.br\/#website","url":"https:\/\/blogdobispo.com.br\/","name":"Blog do Bispo","description":"Comprometido apenas com o leitor","publisher":{"@id":"https:\/\/blogdobispo.com.br\/#organization"},"potentialAction":[{"@type":"SearchAction","target":{"@type":"EntryPoint","urlTemplate":"https:\/\/blogdobispo.com.br\/?s={search_term_string}"},"query-input":{"@type":"PropertyValueSpecification","valueRequired":true,"valueName":"search_term_string"}}],"inLanguage":"pt-BR"},{"@type":"Organization","@id":"https:\/\/blogdobispo.com.br\/#organization","name":"Blog do Bispo","url":"https:\/\/blogdobispo.com.br\/","logo":{"@type":"ImageObject","inLanguage":"pt-BR","@id":"https:\/\/blogdobispo.com.br\/#\/schema\/logo\/image\/","url":"http:\/\/blogdobispo.com.br\/wp-content\/uploads\/2023\/05\/cropped-headear.png","contentUrl":"http:\/\/blogdobispo.com.br\/wp-content\/uploads\/2023\/05\/cropped-headear.png","width":1500,"height":399,"caption":"Blog do Bispo"},"image":{"@id":"https:\/\/blogdobispo.com.br\/#\/schema\/logo\/image\/"}},{"@type":"Person","@id":"https:\/\/blogdobispo.com.br\/#\/schema\/person\/e2209cc0e6cea5c5233d033e997b373f","name":"Jefferson Sterfeno","image":{"@type":"ImageObject","inLanguage":"pt-BR","@id":"https:\/\/blogdobispo.com.br\/#\/schema\/person\/image\/","url":"https:\/\/secure.gravatar.com\/avatar\/0534e84764641168a677026b6d57a3f51dc7ac4db0b4f6186d9cb330d4ee1160?s=96&d=mm&r=g","contentUrl":"https:\/\/secure.gravatar.com\/avatar\/0534e84764641168a677026b6d57a3f51dc7ac4db0b4f6186d9cb330d4ee1160?s=96&d=mm&r=g","caption":"Jefferson Sterfeno"},"sameAs":["http:\/\/blogdobispo.com.br"],"url":"https:\/\/blogdobispo.com.br\/?author=1"}]}},"featured_image_urls":{"full":"","thumbnail":"","medium":"","medium_large":"","large":"","1536x1536":"","2048x2048":""},"author_info":{"display_name":"Jefferson Sterfeno","author_link":"https:\/\/blogdobispo.com.br\/?author=1"},"category_info":"<a href=\"https:\/\/blogdobispo.com.br\/?cat=1\" rel=\"category\">diversos<\/a>","tag_info":"diversos","comment_count":"0","jetpack_featured_media_url":"","jetpack_sharing_enabled":true,"_links":{"self":[{"href":"https:\/\/blogdobispo.com.br\/index.php?rest_route=\/wp\/v2\/posts\/6242","targetHints":{"allow":["GET"]}}],"collection":[{"href":"https:\/\/blogdobispo.com.br\/index.php?rest_route=\/wp\/v2\/posts"}],"about":[{"href":"https:\/\/blogdobispo.com.br\/index.php?rest_route=\/wp\/v2\/types\/post"}],"author":[{"embeddable":true,"href":"https:\/\/blogdobispo.com.br\/index.php?rest_route=\/wp\/v2\/users\/1"}],"replies":[{"embeddable":true,"href":"https:\/\/blogdobispo.com.br\/index.php?rest_route=%2Fwp%2Fv2%2Fcomments&post=6242"}],"version-history":[{"count":0,"href":"https:\/\/blogdobispo.com.br\/index.php?rest_route=\/wp\/v2\/posts\/6242\/revisions"}],"wp:attachment":[{"href":"https:\/\/blogdobispo.com.br\/index.php?rest_route=%2Fwp%2Fv2%2Fmedia&parent=6242"}],"wp:term":[{"taxonomy":"category","embeddable":true,"href":"https:\/\/blogdobispo.com.br\/index.php?rest_route=%2Fwp%2Fv2%2Fcategories&post=6242"},{"taxonomy":"post_tag","embeddable":true,"href":"https:\/\/blogdobispo.com.br\/index.php?rest_route=%2Fwp%2Fv2%2Ftags&post=6242"}],"curies":[{"name":"wp","href":"https:\/\/api.w.org\/{rel}","templated":true}]}}