{"id":6238,"date":"2025-07-31T21:35:04","date_gmt":"2025-07-31T21:35:04","guid":{"rendered":"https:\/\/blogdobispo.com.br\/?p=6238"},"modified":"2025-07-31T21:35:04","modified_gmt":"2025-07-31T21:35:04","slug":"festa-de-emancipacao-politica-de-ceara-mirim-reune-mais-de-40-mil-pessoas-e-se-consolida-como-um-dos-maiores-eventos-do-calendario-municipal","status":"publish","type":"post","link":"https:\/\/blogdobispo.com.br\/?p=6238","title":{"rendered":"Festa de Emancipa\u00e7\u00e3o Pol\u00edtica de Cear\u00e1-Mirim re\u00fane mais de 40 mil pessoas e se consolida como um dos maiores eventos do calend\u00e1rio municipal"},"content":{"rendered":"\n<figure class=\"wp-block-image size-large\"><img data-recalc-dims=\"1\" fetchpriority=\"high\" decoding=\"async\" width=\"768\" height=\"1024\" src=\"https:\/\/i0.wp.com\/blogdobispo.com.br\/wp-content\/uploads\/2025\/07\/f03b4b07-b05d-4bf6-9a66-d231c876feea-768x1024.jpg?resize=768%2C1024&#038;ssl=1\" class=\"wp-image-6237\" srcset=\"https:\/\/i0.wp.com\/blogdobispo.com.br\/wp-content\/uploads\/2025\/07\/f03b4b07-b05d-4bf6-9a66-d231c876feea.jpg?resize=768%2C1024&amp;ssl=1 768w, https:\/\/i0.wp.com\/blogdobispo.com.br\/wp-content\/uploads\/2025\/07\/f03b4b07-b05d-4bf6-9a66-d231c876feea.jpg?resize=225%2C300&amp;ssl=1 225w, https:\/\/i0.wp.com\/blogdobispo.com.br\/wp-content\/uploads\/2025\/07\/f03b4b07-b05d-4bf6-9a66-d231c876feea.jpg?resize=1152%2C1536&amp;ssl=1 1152w, https:\/\/i0.wp.com\/blogdobispo.com.br\/wp-content\/uploads\/2025\/07\/f03b4b07-b05d-4bf6-9a66-d231c876feea.jpg?resize=1024%2C1365&amp;ssl=1 1024w, https:\/\/i0.wp.com\/blogdobispo.com.br\/wp-content\/uploads\/2025\/07\/f03b4b07-b05d-4bf6-9a66-d231c876feea.jpg?w=1500&amp;ssl=1 1500w\" sizes=\"(max-width: 768px) 100vw, 768px\" \/><\/figure>\n\n\n\n<p><\/p>\n\n\n\n<p>Cear\u00e1-Mirim celebrou com grande estilo seus 167 anos de emancipa\u00e7\u00e3o pol\u00edtica. A programa\u00e7\u00e3o festiva, encerrada na quarta-feira (30), levou mais de 40 mil pessoas ao Parque da Cidade, consolidando o evento como um dos maiores e mais aguardados do calend\u00e1rio anual do munic\u00edpio.<\/p>\n\n\n\n<p>As comemora\u00e7\u00f5es come\u00e7aram na ter\u00e7a-feira (29), com uma noite marcada por m\u00fasica, emo\u00e7\u00e3o e grande participa\u00e7\u00e3o popular. O destaque ficou por conta da banda Desejo de Menina, que encantou o p\u00fablico com seus grandes sucessos. Tamb\u00e9m se apresentaram Alan Seabra, Pedro Luccas, Renno Poeta e Bruno Martins, garantindo uma abertura memor\u00e1vel para a festa.<\/p>\n\n\n\n<p>Na quarta-feira (30), o clima festivo continuou com shows de Luiz Almir, Amazan, Henry Freitas e o projeto \u201c\u00c0 Vontade\u201d, que reuniu no mesmo palco os artistas Luan Estilizado, Ra\u00ed Saia Rodada e Zezo Potiguar. As apresenta\u00e7\u00f5es animaram o p\u00fablico e movimentaram a economia local, fortalecendo o turismo e valorizando a cultura de Cear\u00e1-Mirim.<\/p>\n\n\n\n<p>O prefeito Ant\u00f4nio Henrique destacou a import\u00e2ncia de manter vivas as tradi\u00e7\u00f5es populares e dar continuidade \u00e0 celebra\u00e7\u00e3o:<\/p>\n\n\n\n<p>\u201cEssa festa foi retomada na gest\u00e3o do ex-prefeito J\u00falio C\u00e9sar e agora seguimos com a mesma dedica\u00e7\u00e3o, mantendo o padr\u00e3o e a organiza\u00e7\u00e3o que Cear\u00e1-Mirim merece. \u00c9 uma celebra\u00e7\u00e3o da nossa hist\u00f3ria, da nossa identidade e do nosso povo\u201d, afirmou o gestor.<\/p>\n\n\n\n<p>Al\u00e9m da presen\u00e7a massiva da popula\u00e7\u00e3o, o evento contou com a participa\u00e7\u00e3o de diversas autoridades pol\u00edticas, refor\u00e7ando a relev\u00e2ncia da data para o munic\u00edpio e para toda a regi\u00e3o.<\/p>\n","protected":false},"excerpt":{"rendered":"<p>Cear\u00e1-Mirim celebrou com grande estilo seus 167 anos de emancipa\u00e7\u00e3o pol\u00edtica. A programa\u00e7\u00e3o festiva, encerrada na quarta-feira (30), levou mais de 40 mil pessoas ao Parque da Cidade, consolidando o evento como um dos maiores e mais aguardados do calend\u00e1rio anual do munic\u00edpio. As comemora\u00e7\u00f5es come\u00e7aram na ter\u00e7a-feira (29), com uma noite marcada por m\u00fasica, [&hellip;]<\/p>\n","protected":false},"author":1,"featured_media":0,"comment_status":"open","ping_status":"open","sticky":false,"template":"","format":"standard","meta":{"cybocfi_hide_featured_image":"","_jetpack_memberships_contains_paid_content":false,"footnotes":""},"categories":[1],"tags":[],"class_list":["post-6238","post","type-post","status-publish","format-standard","hentry","category-diversos"],"yoast_head":"<!-- This site is optimized with the Yoast SEO plugin v25.6 - https:\/\/yoast.com\/wordpress\/plugins\/seo\/ -->\n<title>Festa de Emancipa\u00e7\u00e3o Pol\u00edtica de Cear\u00e1-Mirim re\u00fane mais de 40 mil pessoas e se consolida como um dos maiores eventos do calend\u00e1rio municipal - Blog do Bispo<\/title>\n<meta name=\"robots\" content=\"index, follow, max-snippet:-1, max-image-preview:large, max-video-preview:-1\" \/>\n<link rel=\"canonical\" href=\"https:\/\/blogdobispo.com.br\/?p=6238\" \/>\n<meta property=\"og:locale\" content=\"pt_BR\" \/>\n<meta property=\"og:type\" content=\"article\" \/>\n<meta property=\"og:title\" content=\"Festa de Emancipa\u00e7\u00e3o Pol\u00edtica de Cear\u00e1-Mirim re\u00fane mais de 40 mil pessoas e se consolida como um dos maiores eventos do calend\u00e1rio municipal - Blog do Bispo\" \/>\n<meta property=\"og:description\" content=\"Cear\u00e1-Mirim celebrou com grande estilo seus 167 anos de emancipa\u00e7\u00e3o pol\u00edtica. A programa\u00e7\u00e3o festiva, encerrada na quarta-feira (30), levou mais de 40 mil pessoas ao Parque da Cidade, consolidando o evento como um dos maiores e mais aguardados do calend\u00e1rio anual do munic\u00edpio. As comemora\u00e7\u00f5es come\u00e7aram na ter\u00e7a-feira (29), com uma noite marcada por m\u00fasica, [&hellip;]\" \/>\n<meta property=\"og:url\" content=\"https:\/\/blogdobispo.com.br\/?p=6238\" \/>\n<meta property=\"og:site_name\" content=\"Blog do Bispo\" \/>\n<meta property=\"article:published_time\" content=\"2025-07-31T21:35:04+00:00\" \/>\n<meta property=\"og:image\" content=\"https:\/\/blogdobispo.com.br\/wp-content\/uploads\/2025\/07\/f03b4b07-b05d-4bf6-9a66-d231c876feea-768x1024.jpg\" \/>\n<meta name=\"author\" content=\"Jefferson Sterfeno\" \/>\n<meta name=\"twitter:card\" content=\"summary_large_image\" \/>\n<meta name=\"twitter:label1\" content=\"Escrito por\" \/>\n\t<meta name=\"twitter:data1\" content=\"Jefferson Sterfeno\" \/>\n\t<meta name=\"twitter:label2\" content=\"Est. tempo de leitura\" \/>\n\t<meta name=\"twitter:data2\" content=\"1 minuto\" \/>\n<script type=\"application\/ld+json\" class=\"yoast-schema-graph\">{\"@context\":\"https:\/\/schema.org\",\"@graph\":[{\"@type\":\"Article\",\"@id\":\"https:\/\/blogdobispo.com.br\/?p=6238#article\",\"isPartOf\":{\"@id\":\"https:\/\/blogdobispo.com.br\/?p=6238\"},\"author\":{\"name\":\"Jefferson Sterfeno\",\"@id\":\"https:\/\/blogdobispo.com.br\/#\/schema\/person\/e2209cc0e6cea5c5233d033e997b373f\"},\"headline\":\"Festa de Emancipa\u00e7\u00e3o Pol\u00edtica de Cear\u00e1-Mirim re\u00fane mais de 40 mil pessoas e se consolida como um dos maiores eventos do calend\u00e1rio municipal\",\"datePublished\":\"2025-07-31T21:35:04+00:00\",\"mainEntityOfPage\":{\"@id\":\"https:\/\/blogdobispo.com.br\/?p=6238\"},\"wordCount\":299,\"commentCount\":0,\"publisher\":{\"@id\":\"https:\/\/blogdobispo.com.br\/#organization\"},\"image\":{\"@id\":\"https:\/\/blogdobispo.com.br\/?p=6238#primaryimage\"},\"thumbnailUrl\":\"https:\/\/blogdobispo.com.br\/wp-content\/uploads\/2025\/07\/f03b4b07-b05d-4bf6-9a66-d231c876feea-768x1024.jpg\",\"articleSection\":[\"diversos\"],\"inLanguage\":\"pt-BR\",\"potentialAction\":[{\"@type\":\"CommentAction\",\"name\":\"Comment\",\"target\":[\"https:\/\/blogdobispo.com.br\/?p=6238#respond\"]}]},{\"@type\":\"WebPage\",\"@id\":\"https:\/\/blogdobispo.com.br\/?p=6238\",\"url\":\"https:\/\/blogdobispo.com.br\/?p=6238\",\"name\":\"Festa de Emancipa\u00e7\u00e3o Pol\u00edtica de Cear\u00e1-Mirim re\u00fane mais de 40 mil pessoas e se consolida como um dos maiores eventos do calend\u00e1rio municipal - Blog do Bispo\",\"isPartOf\":{\"@id\":\"https:\/\/blogdobispo.com.br\/#website\"},\"primaryImageOfPage\":{\"@id\":\"https:\/\/blogdobispo.com.br\/?p=6238#primaryimage\"},\"image\":{\"@id\":\"https:\/\/blogdobispo.com.br\/?p=6238#primaryimage\"},\"thumbnailUrl\":\"https:\/\/blogdobispo.com.br\/wp-content\/uploads\/2025\/07\/f03b4b07-b05d-4bf6-9a66-d231c876feea-768x1024.jpg\",\"datePublished\":\"2025-07-31T21:35:04+00:00\",\"breadcrumb\":{\"@id\":\"https:\/\/blogdobispo.com.br\/?p=6238#breadcrumb\"},\"inLanguage\":\"pt-BR\",\"potentialAction\":[{\"@type\":\"ReadAction\",\"target\":[\"https:\/\/blogdobispo.com.br\/?p=6238\"]}]},{\"@type\":\"ImageObject\",\"inLanguage\":\"pt-BR\",\"@id\":\"https:\/\/blogdobispo.com.br\/?p=6238#primaryimage\",\"url\":\"https:\/\/blogdobispo.com.br\/wp-content\/uploads\/2025\/07\/f03b4b07-b05d-4bf6-9a66-d231c876feea-768x1024.jpg\",\"contentUrl\":\"https:\/\/blogdobispo.com.br\/wp-content\/uploads\/2025\/07\/f03b4b07-b05d-4bf6-9a66-d231c876feea-768x1024.jpg\"},{\"@type\":\"BreadcrumbList\",\"@id\":\"https:\/\/blogdobispo.com.br\/?p=6238#breadcrumb\",\"itemListElement\":[{\"@type\":\"ListItem\",\"position\":1,\"name\":\"In\u00edcio\",\"item\":\"https:\/\/blogdobispo.com.br\/\"},{\"@type\":\"ListItem\",\"position\":2,\"name\":\"Festa de Emancipa\u00e7\u00e3o Pol\u00edtica de Cear\u00e1-Mirim re\u00fane mais de 40 mil pessoas e se consolida como um dos maiores eventos do calend\u00e1rio municipal\"}]},{\"@type\":\"WebSite\",\"@id\":\"https:\/\/blogdobispo.com.br\/#website\",\"url\":\"https:\/\/blogdobispo.com.br\/\",\"name\":\"Blog do Bispo\",\"description\":\"Comprometido apenas com o leitor\",\"publisher\":{\"@id\":\"https:\/\/blogdobispo.com.br\/#organization\"},\"potentialAction\":[{\"@type\":\"SearchAction\",\"target\":{\"@type\":\"EntryPoint\",\"urlTemplate\":\"https:\/\/blogdobispo.com.br\/?s={search_term_string}\"},\"query-input\":{\"@type\":\"PropertyValueSpecification\",\"valueRequired\":true,\"valueName\":\"search_term_string\"}}],\"inLanguage\":\"pt-BR\"},{\"@type\":\"Organization\",\"@id\":\"https:\/\/blogdobispo.com.br\/#organization\",\"name\":\"Blog do Bispo\",\"url\":\"https:\/\/blogdobispo.com.br\/\",\"logo\":{\"@type\":\"ImageObject\",\"inLanguage\":\"pt-BR\",\"@id\":\"https:\/\/blogdobispo.com.br\/#\/schema\/logo\/image\/\",\"url\":\"http:\/\/blogdobispo.com.br\/wp-content\/uploads\/2023\/05\/cropped-headear.png\",\"contentUrl\":\"http:\/\/blogdobispo.com.br\/wp-content\/uploads\/2023\/05\/cropped-headear.png\",\"width\":1500,\"height\":399,\"caption\":\"Blog do Bispo\"},\"image\":{\"@id\":\"https:\/\/blogdobispo.com.br\/#\/schema\/logo\/image\/\"}},{\"@type\":\"Person\",\"@id\":\"https:\/\/blogdobispo.com.br\/#\/schema\/person\/e2209cc0e6cea5c5233d033e997b373f\",\"name\":\"Jefferson Sterfeno\",\"image\":{\"@type\":\"ImageObject\",\"inLanguage\":\"pt-BR\",\"@id\":\"https:\/\/blogdobispo.com.br\/#\/schema\/person\/image\/\",\"url\":\"https:\/\/secure.gravatar.com\/avatar\/0534e84764641168a677026b6d57a3f51dc7ac4db0b4f6186d9cb330d4ee1160?s=96&d=mm&r=g\",\"contentUrl\":\"https:\/\/secure.gravatar.com\/avatar\/0534e84764641168a677026b6d57a3f51dc7ac4db0b4f6186d9cb330d4ee1160?s=96&d=mm&r=g\",\"caption\":\"Jefferson Sterfeno\"},\"sameAs\":[\"http:\/\/blogdobispo.com.br\"],\"url\":\"https:\/\/blogdobispo.com.br\/?author=1\"}]}<\/script>\n<!-- \/ Yoast SEO plugin. -->","yoast_head_json":{"title":"Festa de Emancipa\u00e7\u00e3o Pol\u00edtica de Cear\u00e1-Mirim re\u00fane mais de 40 mil pessoas e se consolida como um dos maiores eventos do calend\u00e1rio municipal - Blog do Bispo","robots":{"index":"index","follow":"follow","max-snippet":"max-snippet:-1","max-image-preview":"max-image-preview:large","max-video-preview":"max-video-preview:-1"},"canonical":"https:\/\/blogdobispo.com.br\/?p=6238","og_locale":"pt_BR","og_type":"article","og_title":"Festa de Emancipa\u00e7\u00e3o Pol\u00edtica de Cear\u00e1-Mirim re\u00fane mais de 40 mil pessoas e se consolida como um dos maiores eventos do calend\u00e1rio municipal - Blog do Bispo","og_description":"Cear\u00e1-Mirim celebrou com grande estilo seus 167 anos de emancipa\u00e7\u00e3o pol\u00edtica. A programa\u00e7\u00e3o festiva, encerrada na quarta-feira (30), levou mais de 40 mil pessoas ao Parque da Cidade, consolidando o evento como um dos maiores e mais aguardados do calend\u00e1rio anual do munic\u00edpio. As comemora\u00e7\u00f5es come\u00e7aram na ter\u00e7a-feira (29), com uma noite marcada por m\u00fasica, [&hellip;]","og_url":"https:\/\/blogdobispo.com.br\/?p=6238","og_site_name":"Blog do Bispo","article_published_time":"2025-07-31T21:35:04+00:00","og_image":[{"url":"https:\/\/blogdobispo.com.br\/wp-content\/uploads\/2025\/07\/f03b4b07-b05d-4bf6-9a66-d231c876feea-768x1024.jpg","type":"","width":"","height":""}],"author":"Jefferson Sterfeno","twitter_card":"summary_large_image","twitter_misc":{"Escrito por":"Jefferson Sterfeno","Est. tempo de leitura":"1 minuto"},"schema":{"@context":"https:\/\/schema.org","@graph":[{"@type":"Article","@id":"https:\/\/blogdobispo.com.br\/?p=6238#article","isPartOf":{"@id":"https:\/\/blogdobispo.com.br\/?p=6238"},"author":{"name":"Jefferson Sterfeno","@id":"https:\/\/blogdobispo.com.br\/#\/schema\/person\/e2209cc0e6cea5c5233d033e997b373f"},"headline":"Festa de Emancipa\u00e7\u00e3o Pol\u00edtica de Cear\u00e1-Mirim re\u00fane mais de 40 mil pessoas e se consolida como um dos maiores eventos do calend\u00e1rio municipal","datePublished":"2025-07-31T21:35:04+00:00","mainEntityOfPage":{"@id":"https:\/\/blogdobispo.com.br\/?p=6238"},"wordCount":299,"commentCount":0,"publisher":{"@id":"https:\/\/blogdobispo.com.br\/#organization"},"image":{"@id":"https:\/\/blogdobispo.com.br\/?p=6238#primaryimage"},"thumbnailUrl":"https:\/\/blogdobispo.com.br\/wp-content\/uploads\/2025\/07\/f03b4b07-b05d-4bf6-9a66-d231c876feea-768x1024.jpg","articleSection":["diversos"],"inLanguage":"pt-BR","potentialAction":[{"@type":"CommentAction","name":"Comment","target":["https:\/\/blogdobispo.com.br\/?p=6238#respond"]}]},{"@type":"WebPage","@id":"https:\/\/blogdobispo.com.br\/?p=6238","url":"https:\/\/blogdobispo.com.br\/?p=6238","name":"Festa de Emancipa\u00e7\u00e3o Pol\u00edtica de Cear\u00e1-Mirim re\u00fane mais de 40 mil pessoas e se consolida como um dos maiores eventos do calend\u00e1rio municipal - Blog do Bispo","isPartOf":{"@id":"https:\/\/blogdobispo.com.br\/#website"},"primaryImageOfPage":{"@id":"https:\/\/blogdobispo.com.br\/?p=6238#primaryimage"},"image":{"@id":"https:\/\/blogdobispo.com.br\/?p=6238#primaryimage"},"thumbnailUrl":"https:\/\/blogdobispo.com.br\/wp-content\/uploads\/2025\/07\/f03b4b07-b05d-4bf6-9a66-d231c876feea-768x1024.jpg","datePublished":"2025-07-31T21:35:04+00:00","breadcrumb":{"@id":"https:\/\/blogdobispo.com.br\/?p=6238#breadcrumb"},"inLanguage":"pt-BR","potentialAction":[{"@type":"ReadAction","target":["https:\/\/blogdobispo.com.br\/?p=6238"]}]},{"@type":"ImageObject","inLanguage":"pt-BR","@id":"https:\/\/blogdobispo.com.br\/?p=6238#primaryimage","url":"https:\/\/blogdobispo.com.br\/wp-content\/uploads\/2025\/07\/f03b4b07-b05d-4bf6-9a66-d231c876feea-768x1024.jpg","contentUrl":"https:\/\/blogdobispo.com.br\/wp-content\/uploads\/2025\/07\/f03b4b07-b05d-4bf6-9a66-d231c876feea-768x1024.jpg"},{"@type":"BreadcrumbList","@id":"https:\/\/blogdobispo.com.br\/?p=6238#breadcrumb","itemListElement":[{"@type":"ListItem","position":1,"name":"In\u00edcio","item":"https:\/\/blogdobispo.com.br\/"},{"@type":"ListItem","position":2,"name":"Festa de Emancipa\u00e7\u00e3o Pol\u00edtica de Cear\u00e1-Mirim re\u00fane mais de 40 mil pessoas e se consolida como um dos maiores eventos do calend\u00e1rio municipal"}]},{"@type":"WebSite","@id":"https:\/\/blogdobispo.com.br\/#website","url":"https:\/\/blogdobispo.com.br\/","name":"Blog do Bispo","description":"Comprometido apenas com o leitor","publisher":{"@id":"https:\/\/blogdobispo.com.br\/#organization"},"potentialAction":[{"@type":"SearchAction","target":{"@type":"EntryPoint","urlTemplate":"https:\/\/blogdobispo.com.br\/?s={search_term_string}"},"query-input":{"@type":"PropertyValueSpecification","valueRequired":true,"valueName":"search_term_string"}}],"inLanguage":"pt-BR"},{"@type":"Organization","@id":"https:\/\/blogdobispo.com.br\/#organization","name":"Blog do Bispo","url":"https:\/\/blogdobispo.com.br\/","logo":{"@type":"ImageObject","inLanguage":"pt-BR","@id":"https:\/\/blogdobispo.com.br\/#\/schema\/logo\/image\/","url":"http:\/\/blogdobispo.com.br\/wp-content\/uploads\/2023\/05\/cropped-headear.png","contentUrl":"http:\/\/blogdobispo.com.br\/wp-content\/uploads\/2023\/05\/cropped-headear.png","width":1500,"height":399,"caption":"Blog do Bispo"},"image":{"@id":"https:\/\/blogdobispo.com.br\/#\/schema\/logo\/image\/"}},{"@type":"Person","@id":"https:\/\/blogdobispo.com.br\/#\/schema\/person\/e2209cc0e6cea5c5233d033e997b373f","name":"Jefferson Sterfeno","image":{"@type":"ImageObject","inLanguage":"pt-BR","@id":"https:\/\/blogdobispo.com.br\/#\/schema\/person\/image\/","url":"https:\/\/secure.gravatar.com\/avatar\/0534e84764641168a677026b6d57a3f51dc7ac4db0b4f6186d9cb330d4ee1160?s=96&d=mm&r=g","contentUrl":"https:\/\/secure.gravatar.com\/avatar\/0534e84764641168a677026b6d57a3f51dc7ac4db0b4f6186d9cb330d4ee1160?s=96&d=mm&r=g","caption":"Jefferson Sterfeno"},"sameAs":["http:\/\/blogdobispo.com.br"],"url":"https:\/\/blogdobispo.com.br\/?author=1"}]}},"featured_image_urls":{"full":"","thumbnail":"","medium":"","medium_large":"","large":"","1536x1536":"","2048x2048":""},"author_info":{"display_name":"Jefferson Sterfeno","author_link":"https:\/\/blogdobispo.com.br\/?author=1"},"category_info":"<a href=\"https:\/\/blogdobispo.com.br\/?cat=1\" rel=\"category\">diversos<\/a>","tag_info":"diversos","comment_count":"0","jetpack_featured_media_url":"","jetpack_sharing_enabled":true,"_links":{"self":[{"href":"https:\/\/blogdobispo.com.br\/index.php?rest_route=\/wp\/v2\/posts\/6238","targetHints":{"allow":["GET"]}}],"collection":[{"href":"https:\/\/blogdobispo.com.br\/index.php?rest_route=\/wp\/v2\/posts"}],"about":[{"href":"https:\/\/blogdobispo.com.br\/index.php?rest_route=\/wp\/v2\/types\/post"}],"author":[{"embeddable":true,"href":"https:\/\/blogdobispo.com.br\/index.php?rest_route=\/wp\/v2\/users\/1"}],"replies":[{"embeddable":true,"href":"https:\/\/blogdobispo.com.br\/index.php?rest_route=%2Fwp%2Fv2%2Fcomments&post=6238"}],"version-history":[{"count":0,"href":"https:\/\/blogdobispo.com.br\/index.php?rest_route=\/wp\/v2\/posts\/6238\/revisions"}],"wp:attachment":[{"href":"https:\/\/blogdobispo.com.br\/index.php?rest_route=%2Fwp%2Fv2%2Fmedia&parent=6238"}],"wp:term":[{"taxonomy":"category","embeddable":true,"href":"https:\/\/blogdobispo.com.br\/index.php?rest_route=%2Fwp%2Fv2%2Fcategories&post=6238"},{"taxonomy":"post_tag","embeddable":true,"href":"https:\/\/blogdobispo.com.br\/index.php?rest_route=%2Fwp%2Fv2%2Ftags&post=6238"}],"curies":[{"name":"wp","href":"https:\/\/api.w.org\/{rel}","templated":true}]}}