{"id":6225,"date":"2025-07-30T21:28:37","date_gmt":"2025-07-30T21:28:37","guid":{"rendered":"https:\/\/blogdobispo.com.br\/?p=6225"},"modified":"2025-07-30T21:28:39","modified_gmt":"2025-07-30T21:28:39","slug":"preto-aquino-e-irmao-aquino-neto-articulam-nominata-para-estadual-em-2026","status":"publish","type":"post","link":"https:\/\/blogdobispo.com.br\/?p=6225","title":{"rendered":"Preto Aquino e irm\u00e3o Aquino Neto articulam nominata para Estadual em 2026"},"content":{"rendered":"\n<figure class=\"wp-block-image\"><img data-recalc-dims=\"1\" fetchpriority=\"high\" decoding=\"async\" width=\"800\" height=\"600\" src=\"https:\/\/i0.wp.com\/blogdobispo.com.br\/wp-content\/uploads\/2025\/07\/Design-sem-nome-33-3.webp?resize=800%2C600\" alt=\"\" class=\"wp-image-6226\" srcset=\"https:\/\/i0.wp.com\/blogdobispo.com.br\/wp-content\/uploads\/2025\/07\/Design-sem-nome-33-3.webp?w=800&amp;ssl=1 800w, https:\/\/i0.wp.com\/blogdobispo.com.br\/wp-content\/uploads\/2025\/07\/Design-sem-nome-33-3.webp?resize=300%2C225&amp;ssl=1 300w, https:\/\/i0.wp.com\/blogdobispo.com.br\/wp-content\/uploads\/2025\/07\/Design-sem-nome-33-3.webp?resize=768%2C576&amp;ssl=1 768w\" sizes=\"(max-width: 800px) 100vw, 800px\" \/><\/figure>\n\n\n\n<p>Nos bastidores da pol\u00edtica potiguar, ganha for\u00e7a a especula\u00e7\u00e3o de que Preto Aquino e seu irm\u00e3o, Aquino Neto, estariam se movimentando para montar uma nominata competitiva de candidatos a deputado estadual com vistas \u00e0s elei\u00e7\u00f5es de 2026. A articula\u00e7\u00e3o, embora ainda discreta, come\u00e7a a chamar aten\u00e7\u00e3o de lideran\u00e7as de bairros, vereadores e suplentes em busca de um espa\u00e7o na pr\u00f3xima disputa eleitoral.<\/p>\n\n\n\n<p>Preto Aquino, conhecido pelo trabalho social e pelo hist\u00f3rico de atua\u00e7\u00e3o comunit\u00e1ria, tem ampliado suas articula\u00e7\u00f5es junto a lideran\u00e7as evang\u00e9licas, sindicalistas e representantes de movimentos populares. J\u00e1 seu irm\u00e3o, Aquino Neto, que tamb\u00e9m tem forte inser\u00e7\u00e3o pol\u00edtica, seria o respons\u00e1vel por atrair nomes estrat\u00e9gicos e negociar alian\u00e7as partid\u00e1rias.<\/p>\n\n\n\n<p>A poss\u00edvel forma\u00e7\u00e3o de uma nominata pr\u00f3pria revela n\u00e3o apenas um desejo de protagonismo pol\u00edtico, mas tamb\u00e9m uma aposta em uma alternativa a estruturas tradicionais e j\u00e1 consolidadas. O projeto pode reunir nomes com vota\u00e7\u00e3o de m\u00e9dio porte, priorizando a representatividade de bairros perif\u00e9ricos, lideran\u00e7as religiosas e figuras novas no cen\u00e1rio estadual.<\/p>\n\n\n\n<p>Aliados pr\u00f3ximos acreditam que os irm\u00e3os Aquino avaliam lan\u00e7ar, inclusive, um deles como candidato \u2014 o que n\u00e3o est\u00e1 descartado, especialmente diante da crescente insatisfa\u00e7\u00e3o de bases populares com os atuais representantes.<\/p>\n\n\n\n<p>Apesar do sil\u00eancio oficial, fontes ligadas ao grupo confirmam reuni\u00f5es em andamento, conversas com partidos menores e sondagens a poss\u00edveis financiadores da campanha. A movimenta\u00e7\u00e3o \u00e9 vista com cautela por partidos tradicionais, que temem a dispers\u00e3o de votos nas regi\u00f5es em que os Aquino t\u00eam forte influ\u00eancia.<\/p>\n\n\n\n<p>Se a articula\u00e7\u00e3o avan\u00e7ar, a nominata poder\u00e1 se tornar um fator relevante no tabuleiro de 2026, especialmente se conseguir aliar capilaridade social, discurso popular e organiza\u00e7\u00e3o estrat\u00e9gica.<\/p>\n\n\n\n<p>Por enquanto, tudo ainda est\u00e1 no campo da especula\u00e7\u00e3o \u2014 mas, como a pol\u00edtica potiguar j\u00e1 ensinou, onde h\u00e1 fuma\u00e7a, h\u00e1 fogo.<\/p>\n","protected":false},"excerpt":{"rendered":"<p>Nos bastidores da pol\u00edtica potiguar, ganha for\u00e7a a especula\u00e7\u00e3o de que Preto Aquino e seu irm\u00e3o, Aquino Neto, estariam se movimentando para montar uma nominata competitiva de candidatos a deputado estadual com vistas \u00e0s elei\u00e7\u00f5es de 2026. A articula\u00e7\u00e3o, embora ainda discreta, come\u00e7a a chamar aten\u00e7\u00e3o de lideran\u00e7as de bairros, vereadores e suplentes em busca [&hellip;]<\/p>\n","protected":false},"author":1,"featured_media":0,"comment_status":"open","ping_status":"open","sticky":false,"template":"","format":"standard","meta":{"cybocfi_hide_featured_image":"","_jetpack_memberships_contains_paid_content":false,"footnotes":""},"categories":[1],"tags":[],"class_list":["post-6225","post","type-post","status-publish","format-standard","hentry","category-diversos"],"yoast_head":"<!-- This site is optimized with the Yoast SEO plugin v25.6 - https:\/\/yoast.com\/wordpress\/plugins\/seo\/ -->\n<title>Preto Aquino e irm\u00e3o Aquino Neto articulam nominata para Estadual em 2026 - Blog do Bispo<\/title>\n<meta name=\"robots\" content=\"index, follow, max-snippet:-1, max-image-preview:large, max-video-preview:-1\" \/>\n<link rel=\"canonical\" href=\"https:\/\/blogdobispo.com.br\/?p=6225\" \/>\n<meta property=\"og:locale\" content=\"pt_BR\" \/>\n<meta property=\"og:type\" content=\"article\" \/>\n<meta property=\"og:title\" content=\"Preto Aquino e irm\u00e3o Aquino Neto articulam nominata para Estadual em 2026 - Blog do Bispo\" \/>\n<meta property=\"og:description\" content=\"Nos bastidores da pol\u00edtica potiguar, ganha for\u00e7a a especula\u00e7\u00e3o de que Preto Aquino e seu irm\u00e3o, Aquino Neto, estariam se movimentando para montar uma nominata competitiva de candidatos a deputado estadual com vistas \u00e0s elei\u00e7\u00f5es de 2026. A articula\u00e7\u00e3o, embora ainda discreta, come\u00e7a a chamar aten\u00e7\u00e3o de lideran\u00e7as de bairros, vereadores e suplentes em busca [&hellip;]\" \/>\n<meta property=\"og:url\" content=\"https:\/\/blogdobispo.com.br\/?p=6225\" \/>\n<meta property=\"og:site_name\" content=\"Blog do Bispo\" \/>\n<meta property=\"article:published_time\" content=\"2025-07-30T21:28:37+00:00\" \/>\n<meta property=\"article:modified_time\" content=\"2025-07-30T21:28:39+00:00\" \/>\n<meta property=\"og:image\" content=\"http:\/\/blogdobispo.com.br\/wp-content\/uploads\/2025\/07\/Design-sem-nome-33-3.webp\" \/>\n<meta name=\"author\" content=\"Jefferson Sterfeno\" \/>\n<meta name=\"twitter:card\" content=\"summary_large_image\" \/>\n<meta name=\"twitter:label1\" content=\"Escrito por\" \/>\n\t<meta name=\"twitter:data1\" content=\"Jefferson Sterfeno\" \/>\n\t<meta name=\"twitter:label2\" content=\"Est. tempo de leitura\" \/>\n\t<meta name=\"twitter:data2\" content=\"2 minutos\" \/>\n<script type=\"application\/ld+json\" class=\"yoast-schema-graph\">{\"@context\":\"https:\/\/schema.org\",\"@graph\":[{\"@type\":\"Article\",\"@id\":\"https:\/\/blogdobispo.com.br\/?p=6225#article\",\"isPartOf\":{\"@id\":\"https:\/\/blogdobispo.com.br\/?p=6225\"},\"author\":{\"name\":\"Jefferson Sterfeno\",\"@id\":\"https:\/\/blogdobispo.com.br\/#\/schema\/person\/e2209cc0e6cea5c5233d033e997b373f\"},\"headline\":\"Preto Aquino e irm\u00e3o Aquino Neto articulam nominata para Estadual em 2026\",\"datePublished\":\"2025-07-30T21:28:37+00:00\",\"dateModified\":\"2025-07-30T21:28:39+00:00\",\"mainEntityOfPage\":{\"@id\":\"https:\/\/blogdobispo.com.br\/?p=6225\"},\"wordCount\":353,\"commentCount\":0,\"publisher\":{\"@id\":\"https:\/\/blogdobispo.com.br\/#organization\"},\"image\":{\"@id\":\"https:\/\/blogdobispo.com.br\/?p=6225#primaryimage\"},\"thumbnailUrl\":\"http:\/\/blogdobispo.com.br\/wp-content\/uploads\/2025\/07\/Design-sem-nome-33-3.webp\",\"articleSection\":[\"diversos\"],\"inLanguage\":\"pt-BR\",\"potentialAction\":[{\"@type\":\"CommentAction\",\"name\":\"Comment\",\"target\":[\"https:\/\/blogdobispo.com.br\/?p=6225#respond\"]}]},{\"@type\":\"WebPage\",\"@id\":\"https:\/\/blogdobispo.com.br\/?p=6225\",\"url\":\"https:\/\/blogdobispo.com.br\/?p=6225\",\"name\":\"Preto Aquino e irm\u00e3o Aquino Neto articulam nominata para Estadual em 2026 - Blog do Bispo\",\"isPartOf\":{\"@id\":\"https:\/\/blogdobispo.com.br\/#website\"},\"primaryImageOfPage\":{\"@id\":\"https:\/\/blogdobispo.com.br\/?p=6225#primaryimage\"},\"image\":{\"@id\":\"https:\/\/blogdobispo.com.br\/?p=6225#primaryimage\"},\"thumbnailUrl\":\"http:\/\/blogdobispo.com.br\/wp-content\/uploads\/2025\/07\/Design-sem-nome-33-3.webp\",\"datePublished\":\"2025-07-30T21:28:37+00:00\",\"dateModified\":\"2025-07-30T21:28:39+00:00\",\"breadcrumb\":{\"@id\":\"https:\/\/blogdobispo.com.br\/?p=6225#breadcrumb\"},\"inLanguage\":\"pt-BR\",\"potentialAction\":[{\"@type\":\"ReadAction\",\"target\":[\"https:\/\/blogdobispo.com.br\/?p=6225\"]}]},{\"@type\":\"ImageObject\",\"inLanguage\":\"pt-BR\",\"@id\":\"https:\/\/blogdobispo.com.br\/?p=6225#primaryimage\",\"url\":\"https:\/\/i0.wp.com\/blogdobispo.com.br\/wp-content\/uploads\/2025\/07\/Design-sem-nome-33-3.webp?fit=800%2C600&ssl=1\",\"contentUrl\":\"https:\/\/i0.wp.com\/blogdobispo.com.br\/wp-content\/uploads\/2025\/07\/Design-sem-nome-33-3.webp?fit=800%2C600&ssl=1\",\"width\":800,\"height\":600},{\"@type\":\"BreadcrumbList\",\"@id\":\"https:\/\/blogdobispo.com.br\/?p=6225#breadcrumb\",\"itemListElement\":[{\"@type\":\"ListItem\",\"position\":1,\"name\":\"In\u00edcio\",\"item\":\"https:\/\/blogdobispo.com.br\/\"},{\"@type\":\"ListItem\",\"position\":2,\"name\":\"Preto Aquino e irm\u00e3o Aquino Neto articulam nominata para Estadual em 2026\"}]},{\"@type\":\"WebSite\",\"@id\":\"https:\/\/blogdobispo.com.br\/#website\",\"url\":\"https:\/\/blogdobispo.com.br\/\",\"name\":\"Blog do Bispo\",\"description\":\"Comprometido apenas com o leitor\",\"publisher\":{\"@id\":\"https:\/\/blogdobispo.com.br\/#organization\"},\"potentialAction\":[{\"@type\":\"SearchAction\",\"target\":{\"@type\":\"EntryPoint\",\"urlTemplate\":\"https:\/\/blogdobispo.com.br\/?s={search_term_string}\"},\"query-input\":{\"@type\":\"PropertyValueSpecification\",\"valueRequired\":true,\"valueName\":\"search_term_string\"}}],\"inLanguage\":\"pt-BR\"},{\"@type\":\"Organization\",\"@id\":\"https:\/\/blogdobispo.com.br\/#organization\",\"name\":\"Blog do Bispo\",\"url\":\"https:\/\/blogdobispo.com.br\/\",\"logo\":{\"@type\":\"ImageObject\",\"inLanguage\":\"pt-BR\",\"@id\":\"https:\/\/blogdobispo.com.br\/#\/schema\/logo\/image\/\",\"url\":\"http:\/\/blogdobispo.com.br\/wp-content\/uploads\/2023\/05\/cropped-headear.png\",\"contentUrl\":\"http:\/\/blogdobispo.com.br\/wp-content\/uploads\/2023\/05\/cropped-headear.png\",\"width\":1500,\"height\":399,\"caption\":\"Blog do Bispo\"},\"image\":{\"@id\":\"https:\/\/blogdobispo.com.br\/#\/schema\/logo\/image\/\"}},{\"@type\":\"Person\",\"@id\":\"https:\/\/blogdobispo.com.br\/#\/schema\/person\/e2209cc0e6cea5c5233d033e997b373f\",\"name\":\"Jefferson Sterfeno\",\"image\":{\"@type\":\"ImageObject\",\"inLanguage\":\"pt-BR\",\"@id\":\"https:\/\/blogdobispo.com.br\/#\/schema\/person\/image\/\",\"url\":\"https:\/\/secure.gravatar.com\/avatar\/0534e84764641168a677026b6d57a3f51dc7ac4db0b4f6186d9cb330d4ee1160?s=96&d=mm&r=g\",\"contentUrl\":\"https:\/\/secure.gravatar.com\/avatar\/0534e84764641168a677026b6d57a3f51dc7ac4db0b4f6186d9cb330d4ee1160?s=96&d=mm&r=g\",\"caption\":\"Jefferson Sterfeno\"},\"sameAs\":[\"http:\/\/blogdobispo.com.br\"],\"url\":\"https:\/\/blogdobispo.com.br\/?author=1\"}]}<\/script>\n<!-- \/ Yoast SEO plugin. -->","yoast_head_json":{"title":"Preto Aquino e irm\u00e3o Aquino Neto articulam nominata para Estadual em 2026 - Blog do Bispo","robots":{"index":"index","follow":"follow","max-snippet":"max-snippet:-1","max-image-preview":"max-image-preview:large","max-video-preview":"max-video-preview:-1"},"canonical":"https:\/\/blogdobispo.com.br\/?p=6225","og_locale":"pt_BR","og_type":"article","og_title":"Preto Aquino e irm\u00e3o Aquino Neto articulam nominata para Estadual em 2026 - Blog do Bispo","og_description":"Nos bastidores da pol\u00edtica potiguar, ganha for\u00e7a a especula\u00e7\u00e3o de que Preto Aquino e seu irm\u00e3o, Aquino Neto, estariam se movimentando para montar uma nominata competitiva de candidatos a deputado estadual com vistas \u00e0s elei\u00e7\u00f5es de 2026. A articula\u00e7\u00e3o, embora ainda discreta, come\u00e7a a chamar aten\u00e7\u00e3o de lideran\u00e7as de bairros, vereadores e suplentes em busca [&hellip;]","og_url":"https:\/\/blogdobispo.com.br\/?p=6225","og_site_name":"Blog do Bispo","article_published_time":"2025-07-30T21:28:37+00:00","article_modified_time":"2025-07-30T21:28:39+00:00","og_image":[{"url":"http:\/\/blogdobispo.com.br\/wp-content\/uploads\/2025\/07\/Design-sem-nome-33-3.webp","type":"","width":"","height":""}],"author":"Jefferson Sterfeno","twitter_card":"summary_large_image","twitter_misc":{"Escrito por":"Jefferson Sterfeno","Est. tempo de leitura":"2 minutos"},"schema":{"@context":"https:\/\/schema.org","@graph":[{"@type":"Article","@id":"https:\/\/blogdobispo.com.br\/?p=6225#article","isPartOf":{"@id":"https:\/\/blogdobispo.com.br\/?p=6225"},"author":{"name":"Jefferson Sterfeno","@id":"https:\/\/blogdobispo.com.br\/#\/schema\/person\/e2209cc0e6cea5c5233d033e997b373f"},"headline":"Preto Aquino e irm\u00e3o Aquino Neto articulam nominata para Estadual em 2026","datePublished":"2025-07-30T21:28:37+00:00","dateModified":"2025-07-30T21:28:39+00:00","mainEntityOfPage":{"@id":"https:\/\/blogdobispo.com.br\/?p=6225"},"wordCount":353,"commentCount":0,"publisher":{"@id":"https:\/\/blogdobispo.com.br\/#organization"},"image":{"@id":"https:\/\/blogdobispo.com.br\/?p=6225#primaryimage"},"thumbnailUrl":"http:\/\/blogdobispo.com.br\/wp-content\/uploads\/2025\/07\/Design-sem-nome-33-3.webp","articleSection":["diversos"],"inLanguage":"pt-BR","potentialAction":[{"@type":"CommentAction","name":"Comment","target":["https:\/\/blogdobispo.com.br\/?p=6225#respond"]}]},{"@type":"WebPage","@id":"https:\/\/blogdobispo.com.br\/?p=6225","url":"https:\/\/blogdobispo.com.br\/?p=6225","name":"Preto Aquino e irm\u00e3o Aquino Neto articulam nominata para Estadual em 2026 - Blog do Bispo","isPartOf":{"@id":"https:\/\/blogdobispo.com.br\/#website"},"primaryImageOfPage":{"@id":"https:\/\/blogdobispo.com.br\/?p=6225#primaryimage"},"image":{"@id":"https:\/\/blogdobispo.com.br\/?p=6225#primaryimage"},"thumbnailUrl":"http:\/\/blogdobispo.com.br\/wp-content\/uploads\/2025\/07\/Design-sem-nome-33-3.webp","datePublished":"2025-07-30T21:28:37+00:00","dateModified":"2025-07-30T21:28:39+00:00","breadcrumb":{"@id":"https:\/\/blogdobispo.com.br\/?p=6225#breadcrumb"},"inLanguage":"pt-BR","potentialAction":[{"@type":"ReadAction","target":["https:\/\/blogdobispo.com.br\/?p=6225"]}]},{"@type":"ImageObject","inLanguage":"pt-BR","@id":"https:\/\/blogdobispo.com.br\/?p=6225#primaryimage","url":"https:\/\/i0.wp.com\/blogdobispo.com.br\/wp-content\/uploads\/2025\/07\/Design-sem-nome-33-3.webp?fit=800%2C600&ssl=1","contentUrl":"https:\/\/i0.wp.com\/blogdobispo.com.br\/wp-content\/uploads\/2025\/07\/Design-sem-nome-33-3.webp?fit=800%2C600&ssl=1","width":800,"height":600},{"@type":"BreadcrumbList","@id":"https:\/\/blogdobispo.com.br\/?p=6225#breadcrumb","itemListElement":[{"@type":"ListItem","position":1,"name":"In\u00edcio","item":"https:\/\/blogdobispo.com.br\/"},{"@type":"ListItem","position":2,"name":"Preto Aquino e irm\u00e3o Aquino Neto articulam nominata para Estadual em 2026"}]},{"@type":"WebSite","@id":"https:\/\/blogdobispo.com.br\/#website","url":"https:\/\/blogdobispo.com.br\/","name":"Blog do Bispo","description":"Comprometido apenas com o leitor","publisher":{"@id":"https:\/\/blogdobispo.com.br\/#organization"},"potentialAction":[{"@type":"SearchAction","target":{"@type":"EntryPoint","urlTemplate":"https:\/\/blogdobispo.com.br\/?s={search_term_string}"},"query-input":{"@type":"PropertyValueSpecification","valueRequired":true,"valueName":"search_term_string"}}],"inLanguage":"pt-BR"},{"@type":"Organization","@id":"https:\/\/blogdobispo.com.br\/#organization","name":"Blog do Bispo","url":"https:\/\/blogdobispo.com.br\/","logo":{"@type":"ImageObject","inLanguage":"pt-BR","@id":"https:\/\/blogdobispo.com.br\/#\/schema\/logo\/image\/","url":"http:\/\/blogdobispo.com.br\/wp-content\/uploads\/2023\/05\/cropped-headear.png","contentUrl":"http:\/\/blogdobispo.com.br\/wp-content\/uploads\/2023\/05\/cropped-headear.png","width":1500,"height":399,"caption":"Blog do Bispo"},"image":{"@id":"https:\/\/blogdobispo.com.br\/#\/schema\/logo\/image\/"}},{"@type":"Person","@id":"https:\/\/blogdobispo.com.br\/#\/schema\/person\/e2209cc0e6cea5c5233d033e997b373f","name":"Jefferson Sterfeno","image":{"@type":"ImageObject","inLanguage":"pt-BR","@id":"https:\/\/blogdobispo.com.br\/#\/schema\/person\/image\/","url":"https:\/\/secure.gravatar.com\/avatar\/0534e84764641168a677026b6d57a3f51dc7ac4db0b4f6186d9cb330d4ee1160?s=96&d=mm&r=g","contentUrl":"https:\/\/secure.gravatar.com\/avatar\/0534e84764641168a677026b6d57a3f51dc7ac4db0b4f6186d9cb330d4ee1160?s=96&d=mm&r=g","caption":"Jefferson Sterfeno"},"sameAs":["http:\/\/blogdobispo.com.br"],"url":"https:\/\/blogdobispo.com.br\/?author=1"}]}},"featured_image_urls":{"full":"","thumbnail":"","medium":"","medium_large":"","large":"","1536x1536":"","2048x2048":""},"author_info":{"display_name":"Jefferson Sterfeno","author_link":"https:\/\/blogdobispo.com.br\/?author=1"},"category_info":"<a href=\"https:\/\/blogdobispo.com.br\/?cat=1\" rel=\"category\">diversos<\/a>","tag_info":"diversos","comment_count":"0","jetpack_featured_media_url":"","jetpack_sharing_enabled":true,"_links":{"self":[{"href":"https:\/\/blogdobispo.com.br\/index.php?rest_route=\/wp\/v2\/posts\/6225","targetHints":{"allow":["GET"]}}],"collection":[{"href":"https:\/\/blogdobispo.com.br\/index.php?rest_route=\/wp\/v2\/posts"}],"about":[{"href":"https:\/\/blogdobispo.com.br\/index.php?rest_route=\/wp\/v2\/types\/post"}],"author":[{"embeddable":true,"href":"https:\/\/blogdobispo.com.br\/index.php?rest_route=\/wp\/v2\/users\/1"}],"replies":[{"embeddable":true,"href":"https:\/\/blogdobispo.com.br\/index.php?rest_route=%2Fwp%2Fv2%2Fcomments&post=6225"}],"version-history":[{"count":1,"href":"https:\/\/blogdobispo.com.br\/index.php?rest_route=\/wp\/v2\/posts\/6225\/revisions"}],"predecessor-version":[{"id":6227,"href":"https:\/\/blogdobispo.com.br\/index.php?rest_route=\/wp\/v2\/posts\/6225\/revisions\/6227"}],"wp:attachment":[{"href":"https:\/\/blogdobispo.com.br\/index.php?rest_route=%2Fwp%2Fv2%2Fmedia&parent=6225"}],"wp:term":[{"taxonomy":"category","embeddable":true,"href":"https:\/\/blogdobispo.com.br\/index.php?rest_route=%2Fwp%2Fv2%2Fcategories&post=6225"},{"taxonomy":"post_tag","embeddable":true,"href":"https:\/\/blogdobispo.com.br\/index.php?rest_route=%2Fwp%2Fv2%2Ftags&post=6225"}],"curies":[{"name":"wp","href":"https:\/\/api.w.org\/{rel}","templated":true}]}}