{"id":6217,"date":"2025-07-30T21:14:28","date_gmt":"2025-07-30T21:14:28","guid":{"rendered":"https:\/\/blogdobispo.com.br\/?p=6217"},"modified":"2025-07-30T21:14:29","modified_gmt":"2025-07-30T21:14:29","slug":"consult-prefeito-jose-figueiredo-e-o-unico-gestor-aprovado-em-sao-jose-de-mipibu","status":"publish","type":"post","link":"https:\/\/blogdobispo.com.br\/?p=6217","title":{"rendered":"CONSULT: PREFEITO JOS\u00c9 FIGUEIREDO \u00c9 O \u00daNICO GESTOR APROVADO EM S\u00c3O JOS\u00c9 DE MIPIBU"},"content":{"rendered":"\n<p>O instituto Consult fez uma pesquisa em S\u00e3o Jos\u00e9 Mipibu no dia 22 de julho e constatou que o \u00fanico gestor aprovado pela popula\u00e7\u00e3o do munic\u00edpio \u00e9 o prefeito Jos\u00e9 Figueiredo (PSD), com 58%, 14,6% desaprova e 26,6% n\u00e3o sabe dizer. Os governos estadual e federal foram reprovados na cidade, tendo o presidente Lula (PT) com 53,8% de desaprova\u00e7\u00e3o, 38,2% de aprova\u00e7\u00e3o, 8% (n\u00e3o sabe) e a governadora F\u00e1tima Bezerra (PT) com 66,4% de reprova\u00e7\u00e3o, 20% (aprova) e 13,6 (n\u00e3o sabe). Foram realizadas 500 amostras, margem de erro de 4,3%, taxa de confiabilidade de 95%.<\/p>\n\n\n\n<p>As \u00e1reas melhores avaliadas do prefeito da cidade, Jos\u00e9 Figueiredo, est\u00e3o a ilumina\u00e7\u00e3o p\u00fablica com 54,8% (boa), 36,2% (regular), 6,4% (ruim), 1,2% (\u00f3tima), 1,2% (p\u00e9ssima) e 0,2% (n\u00e3o sabe dizer). Na limpeza urbana tem 54% (boa), 35,8% (regular), 7,8% (ruim), 1,4% (\u00f3tima), 1% (p\u00e9ssima) e 0% (n\u00e3o sabe dizer). Na educa\u00e7\u00e3o, tem 52,6% (boa), 29,2% (regular), 7,4% (ruim), 5,4% (n\u00e3o sabe dizer) 4,6% (\u00f3tima), e 0,8% (p\u00e9ssima).<\/p>\n\n\n\n<figure class=\"wp-block-image\"><img data-recalc-dims=\"1\" fetchpriority=\"high\" decoding=\"async\" width=\"800\" height=\"443\" src=\"https:\/\/i0.wp.com\/blogdobispo.com.br\/wp-content\/uploads\/2025\/07\/0d99dc08-820e-4744-8542-c52c353d5c68.jpeg?resize=800%2C443\" alt=\"\" class=\"wp-image-6220\" srcset=\"https:\/\/i0.wp.com\/blogdobispo.com.br\/wp-content\/uploads\/2025\/07\/0d99dc08-820e-4744-8542-c52c353d5c68.jpeg?w=974&amp;ssl=1 974w, https:\/\/i0.wp.com\/blogdobispo.com.br\/wp-content\/uploads\/2025\/07\/0d99dc08-820e-4744-8542-c52c353d5c68.jpeg?resize=300%2C166&amp;ssl=1 300w, https:\/\/i0.wp.com\/blogdobispo.com.br\/wp-content\/uploads\/2025\/07\/0d99dc08-820e-4744-8542-c52c353d5c68.jpeg?resize=768%2C425&amp;ssl=1 768w\" sizes=\"(max-width: 800px) 100vw, 800px\" \/><\/figure>\n","protected":false},"excerpt":{"rendered":"<p>O instituto Consult fez uma pesquisa em S\u00e3o Jos\u00e9 Mipibu no dia 22 de julho e constatou que o \u00fanico gestor aprovado pela popula\u00e7\u00e3o do munic\u00edpio \u00e9 o prefeito Jos\u00e9 Figueiredo (PSD), com 58%, 14,6% desaprova e 26,6% n\u00e3o sabe dizer. Os governos estadual e federal foram reprovados na cidade, tendo o presidente Lula (PT) [&hellip;]<\/p>\n","protected":false},"author":1,"featured_media":0,"comment_status":"open","ping_status":"open","sticky":false,"template":"","format":"standard","meta":{"cybocfi_hide_featured_image":"","_jetpack_memberships_contains_paid_content":false,"footnotes":""},"categories":[1],"tags":[],"class_list":["post-6217","post","type-post","status-publish","format-standard","hentry","category-diversos"],"yoast_head":"<!-- This site is optimized with the Yoast SEO plugin v25.6 - https:\/\/yoast.com\/wordpress\/plugins\/seo\/ -->\n<title>CONSULT: PREFEITO JOS\u00c9 FIGUEIREDO \u00c9 O \u00daNICO GESTOR APROVADO EM S\u00c3O JOS\u00c9 DE MIPIBU - Blog do Bispo<\/title>\n<meta name=\"robots\" content=\"index, follow, max-snippet:-1, max-image-preview:large, max-video-preview:-1\" \/>\n<link rel=\"canonical\" href=\"https:\/\/blogdobispo.com.br\/?p=6217\" \/>\n<meta property=\"og:locale\" content=\"pt_BR\" \/>\n<meta property=\"og:type\" content=\"article\" \/>\n<meta property=\"og:title\" content=\"CONSULT: PREFEITO JOS\u00c9 FIGUEIREDO \u00c9 O \u00daNICO GESTOR APROVADO EM S\u00c3O JOS\u00c9 DE MIPIBU - Blog do Bispo\" \/>\n<meta property=\"og:description\" content=\"O instituto Consult fez uma pesquisa em S\u00e3o Jos\u00e9 Mipibu no dia 22 de julho e constatou que o \u00fanico gestor aprovado pela popula\u00e7\u00e3o do munic\u00edpio \u00e9 o prefeito Jos\u00e9 Figueiredo (PSD), com 58%, 14,6% desaprova e 26,6% n\u00e3o sabe dizer. Os governos estadual e federal foram reprovados na cidade, tendo o presidente Lula (PT) [&hellip;]\" \/>\n<meta property=\"og:url\" content=\"https:\/\/blogdobispo.com.br\/?p=6217\" \/>\n<meta property=\"og:site_name\" content=\"Blog do Bispo\" \/>\n<meta property=\"article:published_time\" content=\"2025-07-30T21:14:28+00:00\" \/>\n<meta property=\"article:modified_time\" content=\"2025-07-30T21:14:29+00:00\" \/>\n<meta property=\"og:image\" content=\"http:\/\/blogdobispo.com.br\/wp-content\/uploads\/2025\/07\/0d99dc08-820e-4744-8542-c52c353d5c68.jpeg\" \/>\n<meta name=\"author\" content=\"Jefferson Sterfeno\" \/>\n<meta name=\"twitter:card\" content=\"summary_large_image\" \/>\n<meta name=\"twitter:label1\" content=\"Escrito por\" \/>\n\t<meta name=\"twitter:data1\" content=\"Jefferson Sterfeno\" \/>\n\t<meta name=\"twitter:label2\" content=\"Est. tempo de leitura\" \/>\n\t<meta name=\"twitter:data2\" content=\"2 minutos\" \/>\n<script type=\"application\/ld+json\" class=\"yoast-schema-graph\">{\"@context\":\"https:\/\/schema.org\",\"@graph\":[{\"@type\":\"Article\",\"@id\":\"https:\/\/blogdobispo.com.br\/?p=6217#article\",\"isPartOf\":{\"@id\":\"https:\/\/blogdobispo.com.br\/?p=6217\"},\"author\":{\"name\":\"Jefferson Sterfeno\",\"@id\":\"https:\/\/blogdobispo.com.br\/#\/schema\/person\/e2209cc0e6cea5c5233d033e997b373f\"},\"headline\":\"CONSULT: PREFEITO JOS\u00c9 FIGUEIREDO \u00c9 O \u00daNICO GESTOR APROVADO EM S\u00c3O JOS\u00c9 DE MIPIBU\",\"datePublished\":\"2025-07-30T21:14:28+00:00\",\"dateModified\":\"2025-07-30T21:14:29+00:00\",\"mainEntityOfPage\":{\"@id\":\"https:\/\/blogdobispo.com.br\/?p=6217\"},\"wordCount\":164,\"commentCount\":0,\"publisher\":{\"@id\":\"https:\/\/blogdobispo.com.br\/#organization\"},\"image\":{\"@id\":\"https:\/\/blogdobispo.com.br\/?p=6217#primaryimage\"},\"thumbnailUrl\":\"http:\/\/blogdobispo.com.br\/wp-content\/uploads\/2025\/07\/0d99dc08-820e-4744-8542-c52c353d5c68.jpeg\",\"articleSection\":[\"diversos\"],\"inLanguage\":\"pt-BR\",\"potentialAction\":[{\"@type\":\"CommentAction\",\"name\":\"Comment\",\"target\":[\"https:\/\/blogdobispo.com.br\/?p=6217#respond\"]}]},{\"@type\":\"WebPage\",\"@id\":\"https:\/\/blogdobispo.com.br\/?p=6217\",\"url\":\"https:\/\/blogdobispo.com.br\/?p=6217\",\"name\":\"CONSULT: PREFEITO JOS\u00c9 FIGUEIREDO \u00c9 O \u00daNICO GESTOR APROVADO EM S\u00c3O JOS\u00c9 DE MIPIBU - Blog do Bispo\",\"isPartOf\":{\"@id\":\"https:\/\/blogdobispo.com.br\/#website\"},\"primaryImageOfPage\":{\"@id\":\"https:\/\/blogdobispo.com.br\/?p=6217#primaryimage\"},\"image\":{\"@id\":\"https:\/\/blogdobispo.com.br\/?p=6217#primaryimage\"},\"thumbnailUrl\":\"http:\/\/blogdobispo.com.br\/wp-content\/uploads\/2025\/07\/0d99dc08-820e-4744-8542-c52c353d5c68.jpeg\",\"datePublished\":\"2025-07-30T21:14:28+00:00\",\"dateModified\":\"2025-07-30T21:14:29+00:00\",\"breadcrumb\":{\"@id\":\"https:\/\/blogdobispo.com.br\/?p=6217#breadcrumb\"},\"inLanguage\":\"pt-BR\",\"potentialAction\":[{\"@type\":\"ReadAction\",\"target\":[\"https:\/\/blogdobispo.com.br\/?p=6217\"]}]},{\"@type\":\"ImageObject\",\"inLanguage\":\"pt-BR\",\"@id\":\"https:\/\/blogdobispo.com.br\/?p=6217#primaryimage\",\"url\":\"https:\/\/i0.wp.com\/blogdobispo.com.br\/wp-content\/uploads\/2025\/07\/0d99dc08-820e-4744-8542-c52c353d5c68.jpeg?fit=974%2C539&ssl=1\",\"contentUrl\":\"https:\/\/i0.wp.com\/blogdobispo.com.br\/wp-content\/uploads\/2025\/07\/0d99dc08-820e-4744-8542-c52c353d5c68.jpeg?fit=974%2C539&ssl=1\",\"width\":974,\"height\":539},{\"@type\":\"BreadcrumbList\",\"@id\":\"https:\/\/blogdobispo.com.br\/?p=6217#breadcrumb\",\"itemListElement\":[{\"@type\":\"ListItem\",\"position\":1,\"name\":\"In\u00edcio\",\"item\":\"https:\/\/blogdobispo.com.br\/\"},{\"@type\":\"ListItem\",\"position\":2,\"name\":\"CONSULT: PREFEITO JOS\u00c9 FIGUEIREDO \u00c9 O \u00daNICO GESTOR APROVADO EM S\u00c3O JOS\u00c9 DE MIPIBU\"}]},{\"@type\":\"WebSite\",\"@id\":\"https:\/\/blogdobispo.com.br\/#website\",\"url\":\"https:\/\/blogdobispo.com.br\/\",\"name\":\"Blog do Bispo\",\"description\":\"Comprometido apenas com o leitor\",\"publisher\":{\"@id\":\"https:\/\/blogdobispo.com.br\/#organization\"},\"potentialAction\":[{\"@type\":\"SearchAction\",\"target\":{\"@type\":\"EntryPoint\",\"urlTemplate\":\"https:\/\/blogdobispo.com.br\/?s={search_term_string}\"},\"query-input\":{\"@type\":\"PropertyValueSpecification\",\"valueRequired\":true,\"valueName\":\"search_term_string\"}}],\"inLanguage\":\"pt-BR\"},{\"@type\":\"Organization\",\"@id\":\"https:\/\/blogdobispo.com.br\/#organization\",\"name\":\"Blog do Bispo\",\"url\":\"https:\/\/blogdobispo.com.br\/\",\"logo\":{\"@type\":\"ImageObject\",\"inLanguage\":\"pt-BR\",\"@id\":\"https:\/\/blogdobispo.com.br\/#\/schema\/logo\/image\/\",\"url\":\"http:\/\/blogdobispo.com.br\/wp-content\/uploads\/2023\/05\/cropped-headear.png\",\"contentUrl\":\"http:\/\/blogdobispo.com.br\/wp-content\/uploads\/2023\/05\/cropped-headear.png\",\"width\":1500,\"height\":399,\"caption\":\"Blog do Bispo\"},\"image\":{\"@id\":\"https:\/\/blogdobispo.com.br\/#\/schema\/logo\/image\/\"}},{\"@type\":\"Person\",\"@id\":\"https:\/\/blogdobispo.com.br\/#\/schema\/person\/e2209cc0e6cea5c5233d033e997b373f\",\"name\":\"Jefferson Sterfeno\",\"image\":{\"@type\":\"ImageObject\",\"inLanguage\":\"pt-BR\",\"@id\":\"https:\/\/blogdobispo.com.br\/#\/schema\/person\/image\/\",\"url\":\"https:\/\/secure.gravatar.com\/avatar\/0534e84764641168a677026b6d57a3f51dc7ac4db0b4f6186d9cb330d4ee1160?s=96&d=mm&r=g\",\"contentUrl\":\"https:\/\/secure.gravatar.com\/avatar\/0534e84764641168a677026b6d57a3f51dc7ac4db0b4f6186d9cb330d4ee1160?s=96&d=mm&r=g\",\"caption\":\"Jefferson Sterfeno\"},\"sameAs\":[\"http:\/\/blogdobispo.com.br\"],\"url\":\"https:\/\/blogdobispo.com.br\/?author=1\"}]}<\/script>\n<!-- \/ Yoast SEO plugin. -->","yoast_head_json":{"title":"CONSULT: PREFEITO JOS\u00c9 FIGUEIREDO \u00c9 O \u00daNICO GESTOR APROVADO EM S\u00c3O JOS\u00c9 DE MIPIBU - Blog do Bispo","robots":{"index":"index","follow":"follow","max-snippet":"max-snippet:-1","max-image-preview":"max-image-preview:large","max-video-preview":"max-video-preview:-1"},"canonical":"https:\/\/blogdobispo.com.br\/?p=6217","og_locale":"pt_BR","og_type":"article","og_title":"CONSULT: PREFEITO JOS\u00c9 FIGUEIREDO \u00c9 O \u00daNICO GESTOR APROVADO EM S\u00c3O JOS\u00c9 DE MIPIBU - Blog do Bispo","og_description":"O instituto Consult fez uma pesquisa em S\u00e3o Jos\u00e9 Mipibu no dia 22 de julho e constatou que o \u00fanico gestor aprovado pela popula\u00e7\u00e3o do munic\u00edpio \u00e9 o prefeito Jos\u00e9 Figueiredo (PSD), com 58%, 14,6% desaprova e 26,6% n\u00e3o sabe dizer. Os governos estadual e federal foram reprovados na cidade, tendo o presidente Lula (PT) [&hellip;]","og_url":"https:\/\/blogdobispo.com.br\/?p=6217","og_site_name":"Blog do Bispo","article_published_time":"2025-07-30T21:14:28+00:00","article_modified_time":"2025-07-30T21:14:29+00:00","og_image":[{"url":"http:\/\/blogdobispo.com.br\/wp-content\/uploads\/2025\/07\/0d99dc08-820e-4744-8542-c52c353d5c68.jpeg","type":"","width":"","height":""}],"author":"Jefferson Sterfeno","twitter_card":"summary_large_image","twitter_misc":{"Escrito por":"Jefferson Sterfeno","Est. tempo de leitura":"2 minutos"},"schema":{"@context":"https:\/\/schema.org","@graph":[{"@type":"Article","@id":"https:\/\/blogdobispo.com.br\/?p=6217#article","isPartOf":{"@id":"https:\/\/blogdobispo.com.br\/?p=6217"},"author":{"name":"Jefferson Sterfeno","@id":"https:\/\/blogdobispo.com.br\/#\/schema\/person\/e2209cc0e6cea5c5233d033e997b373f"},"headline":"CONSULT: PREFEITO JOS\u00c9 FIGUEIREDO \u00c9 O \u00daNICO GESTOR APROVADO EM S\u00c3O JOS\u00c9 DE MIPIBU","datePublished":"2025-07-30T21:14:28+00:00","dateModified":"2025-07-30T21:14:29+00:00","mainEntityOfPage":{"@id":"https:\/\/blogdobispo.com.br\/?p=6217"},"wordCount":164,"commentCount":0,"publisher":{"@id":"https:\/\/blogdobispo.com.br\/#organization"},"image":{"@id":"https:\/\/blogdobispo.com.br\/?p=6217#primaryimage"},"thumbnailUrl":"http:\/\/blogdobispo.com.br\/wp-content\/uploads\/2025\/07\/0d99dc08-820e-4744-8542-c52c353d5c68.jpeg","articleSection":["diversos"],"inLanguage":"pt-BR","potentialAction":[{"@type":"CommentAction","name":"Comment","target":["https:\/\/blogdobispo.com.br\/?p=6217#respond"]}]},{"@type":"WebPage","@id":"https:\/\/blogdobispo.com.br\/?p=6217","url":"https:\/\/blogdobispo.com.br\/?p=6217","name":"CONSULT: PREFEITO JOS\u00c9 FIGUEIREDO \u00c9 O \u00daNICO GESTOR APROVADO EM S\u00c3O JOS\u00c9 DE MIPIBU - Blog do Bispo","isPartOf":{"@id":"https:\/\/blogdobispo.com.br\/#website"},"primaryImageOfPage":{"@id":"https:\/\/blogdobispo.com.br\/?p=6217#primaryimage"},"image":{"@id":"https:\/\/blogdobispo.com.br\/?p=6217#primaryimage"},"thumbnailUrl":"http:\/\/blogdobispo.com.br\/wp-content\/uploads\/2025\/07\/0d99dc08-820e-4744-8542-c52c353d5c68.jpeg","datePublished":"2025-07-30T21:14:28+00:00","dateModified":"2025-07-30T21:14:29+00:00","breadcrumb":{"@id":"https:\/\/blogdobispo.com.br\/?p=6217#breadcrumb"},"inLanguage":"pt-BR","potentialAction":[{"@type":"ReadAction","target":["https:\/\/blogdobispo.com.br\/?p=6217"]}]},{"@type":"ImageObject","inLanguage":"pt-BR","@id":"https:\/\/blogdobispo.com.br\/?p=6217#primaryimage","url":"https:\/\/i0.wp.com\/blogdobispo.com.br\/wp-content\/uploads\/2025\/07\/0d99dc08-820e-4744-8542-c52c353d5c68.jpeg?fit=974%2C539&ssl=1","contentUrl":"https:\/\/i0.wp.com\/blogdobispo.com.br\/wp-content\/uploads\/2025\/07\/0d99dc08-820e-4744-8542-c52c353d5c68.jpeg?fit=974%2C539&ssl=1","width":974,"height":539},{"@type":"BreadcrumbList","@id":"https:\/\/blogdobispo.com.br\/?p=6217#breadcrumb","itemListElement":[{"@type":"ListItem","position":1,"name":"In\u00edcio","item":"https:\/\/blogdobispo.com.br\/"},{"@type":"ListItem","position":2,"name":"CONSULT: PREFEITO JOS\u00c9 FIGUEIREDO \u00c9 O \u00daNICO GESTOR APROVADO EM S\u00c3O JOS\u00c9 DE MIPIBU"}]},{"@type":"WebSite","@id":"https:\/\/blogdobispo.com.br\/#website","url":"https:\/\/blogdobispo.com.br\/","name":"Blog do Bispo","description":"Comprometido apenas com o leitor","publisher":{"@id":"https:\/\/blogdobispo.com.br\/#organization"},"potentialAction":[{"@type":"SearchAction","target":{"@type":"EntryPoint","urlTemplate":"https:\/\/blogdobispo.com.br\/?s={search_term_string}"},"query-input":{"@type":"PropertyValueSpecification","valueRequired":true,"valueName":"search_term_string"}}],"inLanguage":"pt-BR"},{"@type":"Organization","@id":"https:\/\/blogdobispo.com.br\/#organization","name":"Blog do Bispo","url":"https:\/\/blogdobispo.com.br\/","logo":{"@type":"ImageObject","inLanguage":"pt-BR","@id":"https:\/\/blogdobispo.com.br\/#\/schema\/logo\/image\/","url":"http:\/\/blogdobispo.com.br\/wp-content\/uploads\/2023\/05\/cropped-headear.png","contentUrl":"http:\/\/blogdobispo.com.br\/wp-content\/uploads\/2023\/05\/cropped-headear.png","width":1500,"height":399,"caption":"Blog do Bispo"},"image":{"@id":"https:\/\/blogdobispo.com.br\/#\/schema\/logo\/image\/"}},{"@type":"Person","@id":"https:\/\/blogdobispo.com.br\/#\/schema\/person\/e2209cc0e6cea5c5233d033e997b373f","name":"Jefferson Sterfeno","image":{"@type":"ImageObject","inLanguage":"pt-BR","@id":"https:\/\/blogdobispo.com.br\/#\/schema\/person\/image\/","url":"https:\/\/secure.gravatar.com\/avatar\/0534e84764641168a677026b6d57a3f51dc7ac4db0b4f6186d9cb330d4ee1160?s=96&d=mm&r=g","contentUrl":"https:\/\/secure.gravatar.com\/avatar\/0534e84764641168a677026b6d57a3f51dc7ac4db0b4f6186d9cb330d4ee1160?s=96&d=mm&r=g","caption":"Jefferson Sterfeno"},"sameAs":["http:\/\/blogdobispo.com.br"],"url":"https:\/\/blogdobispo.com.br\/?author=1"}]}},"featured_image_urls":{"full":"","thumbnail":"","medium":"","medium_large":"","large":"","1536x1536":"","2048x2048":""},"author_info":{"display_name":"Jefferson Sterfeno","author_link":"https:\/\/blogdobispo.com.br\/?author=1"},"category_info":"<a href=\"https:\/\/blogdobispo.com.br\/?cat=1\" rel=\"category\">diversos<\/a>","tag_info":"diversos","comment_count":"0","jetpack_featured_media_url":"","jetpack_sharing_enabled":true,"_links":{"self":[{"href":"https:\/\/blogdobispo.com.br\/index.php?rest_route=\/wp\/v2\/posts\/6217","targetHints":{"allow":["GET"]}}],"collection":[{"href":"https:\/\/blogdobispo.com.br\/index.php?rest_route=\/wp\/v2\/posts"}],"about":[{"href":"https:\/\/blogdobispo.com.br\/index.php?rest_route=\/wp\/v2\/types\/post"}],"author":[{"embeddable":true,"href":"https:\/\/blogdobispo.com.br\/index.php?rest_route=\/wp\/v2\/users\/1"}],"replies":[{"embeddable":true,"href":"https:\/\/blogdobispo.com.br\/index.php?rest_route=%2Fwp%2Fv2%2Fcomments&post=6217"}],"version-history":[{"count":1,"href":"https:\/\/blogdobispo.com.br\/index.php?rest_route=\/wp\/v2\/posts\/6217\/revisions"}],"predecessor-version":[{"id":6221,"href":"https:\/\/blogdobispo.com.br\/index.php?rest_route=\/wp\/v2\/posts\/6217\/revisions\/6221"}],"wp:attachment":[{"href":"https:\/\/blogdobispo.com.br\/index.php?rest_route=%2Fwp%2Fv2%2Fmedia&parent=6217"}],"wp:term":[{"taxonomy":"category","embeddable":true,"href":"https:\/\/blogdobispo.com.br\/index.php?rest_route=%2Fwp%2Fv2%2Fcategories&post=6217"},{"taxonomy":"post_tag","embeddable":true,"href":"https:\/\/blogdobispo.com.br\/index.php?rest_route=%2Fwp%2Fv2%2Ftags&post=6217"}],"curies":[{"name":"wp","href":"https:\/\/api.w.org\/{rel}","templated":true}]}}