{"id":6214,"date":"2025-07-30T20:32:53","date_gmt":"2025-07-30T20:32:53","guid":{"rendered":"https:\/\/blogdobispo.com.br\/?p=6214"},"modified":"2025-07-30T20:32:53","modified_gmt":"2025-07-30T20:32:53","slug":"seminario-do-rota-22-em-santo-antonio-reunira-municipios-do-agreste-trairi-e-pontegi","status":"publish","type":"post","link":"https:\/\/blogdobispo.com.br\/?p=6214","title":{"rendered":"Semin\u00e1rio do Rota 22 em Santo Ant\u00f4nio reunir\u00e1 munic\u00edpios do Agreste, Trair\u00ed e Pontegi"},"content":{"rendered":"\n<figure class=\"wp-block-image size-large\"><img data-recalc-dims=\"1\" fetchpriority=\"high\" decoding=\"async\" width=\"744\" height=\"444\" src=\"https:\/\/i0.wp.com\/blogdobispo.com.br\/wp-content\/uploads\/2025\/07\/a5448331-6b46-44fe-8cf0-56bd30c82c34.jpg?resize=744%2C444&#038;ssl=1\" class=\"wp-image-6213\" srcset=\"https:\/\/i0.wp.com\/blogdobispo.com.br\/wp-content\/uploads\/2025\/07\/a5448331-6b46-44fe-8cf0-56bd30c82c34.jpg?w=744&amp;ssl=1 744w, https:\/\/i0.wp.com\/blogdobispo.com.br\/wp-content\/uploads\/2025\/07\/a5448331-6b46-44fe-8cf0-56bd30c82c34.jpg?resize=300%2C179&amp;ssl=1 300w\" sizes=\"(max-width: 744px) 100vw, 744px\" \/><\/figure>\n\n\n\n<p><\/p>\n\n\n\n<p><em>Regi\u00f5es receberam mais de R$ 460 milh\u00f5es da gest\u00e3o Bolsonaro e Rog\u00e9rio<\/em><\/p>\n\n\n\n<p>O 5\u00ba Semin\u00e1rio do Projeto Rota 22 acontece no pr\u00f3ximo s\u00e1bado, 2 de agosto, na cidade de Santo Ant\u00f4nio, a partir das 8h, no LL Recep\u00e7\u00f5es, abrangendo as regi\u00f5es Agreste, Trair\u00ed e Potengi. Oportunidade em que lideran\u00e7as do Partido Liberal (PL) ir\u00e3o apresentar o diagn\u00f3stico das ofinas do Rota 22 realizadas em S\u00e3o Paulo do Potengi, Tangar\u00e1, Passa e Fica e Goianinha, com o prop\u00f3sito de fortalecer os la\u00e7os entre a sociedade civil e o partido, valorizando o di\u00e1logo e a constru\u00e7\u00e3o coletiva de propostas para superar as dificuldades do Estado, por regi\u00e3o.<\/p>\n\n\n\n<p>&#8220;Trata-se de uma base s\u00f3lida de informa\u00e7\u00f5es que elever\u00e1 o debate em torno de a\u00e7\u00f5es concretas que ir\u00e3o impactar na vida de quem mais precisa de pol\u00edticas p\u00fablicas&#8221;, enfatiza Rog\u00e9rio Marinho, secret\u00e1rio-geral do PL e presidente estadual da legenda, explicando os objetivos do projeto Rota 22, uma iniciativa do PL em parceria com o Instituto \u00c1lvaro Valle, sob a lideran\u00e7a do ex-presidente Jair Bolsonaro (PL-RJ).<\/p>\n\n\n\n<p>O Rota 22 tem o foco em levantar os principais gargalos locais e propor solu\u00e7\u00f5es com base em evid\u00eancias, di\u00e1logo e experi\u00eancia administrativa. Mas tamb\u00e9m apresentar a\u00e7\u00f5es concretas do Partido Liberal e em parceria com o senador Rog\u00e9rio Marinho.<\/p>\n\n\n\n<p>&#8220;Na regi\u00e3o Agreste foram mais de R$ 230 milh\u00f5es destinados no governo Jair Bolsonaro e pelo nosso mandato para transformar a vida de milhares de pessoas. \u00c9 assim que o PL trabalha: com a\u00e7\u00e3o, presen\u00e7a e compromisso com o povo do RN. O Agreste sentiu a diferen\u00e7a. E a mudan\u00e7a n\u00e3o vai parar por a\u00ed&#8221;, disse Rog\u00e9rio Marinho.<\/p>\n\n\n\n<p>Foram mais de R$ 5,6 milh\u00f5es para assist\u00eancia social, R$ 16,5 milh\u00f5es para infraestrutura urbana, R$ 20 milh\u00f5es para levar \u00e1gua para 54 mil pessoas, R$ 2,6 milh\u00f5es investidos em creches, R$ 80 milh\u00f5es para moradia beneficiando tr\u00eas mil fam\u00edlias, R$ 13,6 milh\u00f5es em m\u00e1quinas e equipamentos agr\u00edcolas, R$ 28,2 milh\u00f5es para sa\u00fade e R$ 71 milh\u00f5es investidos em pavimenta\u00e7\u00e3o.<\/p>\n\n\n\n<p>As regi\u00f5es do Trair\u00ed e Potengi est\u00e3o se transformando com o trabalho do PL e de Rog\u00e9rio Marinho, que juntos destinaram R$ 225,3 milh\u00f5es nas duas regi\u00f5es. Foram R$ 18,4 milh\u00f5es investidos em desenvolvimento regional e esportes, R$ 2,6 milh\u00f5es em educa\u00e7\u00e3o infantil, R$ 56 milh\u00f5es, em investimentos habitacionais, R$ 11,1 milh\u00f5es em m\u00e1quinas e equipamentos, R$ 39 milh\u00f5es em infraestrutura e mobilidade, R$ 24,1 milh\u00f5es em sa\u00fade, R$ 32,2 milh\u00f5es para o enfrentamento da pandemia e R$ 41,9 milh\u00f5es em sistemas de abastecimentos de \u00e1gua beneficiando 70 mil pessoas.<\/p>\n\n\n\n<p>INTERA\u00c7\u00c3O<br \/>Fique conectado com o Rota 22 \u2014 acesse o site plrota22.com.br e confira quando o projeto passar\u00e1 por sua regi\u00e3o. Mais informa\u00e7\u00f5es tamb\u00e9m est\u00e3o dispon\u00edveis nas redes sociais, pelos perfis @pl22rn e @plnacional22, e no canal de WhatsApp do Rota 22 no Rio Grande do Norte: canal.plrota22.com.br.<\/p>\n\n\n\n<p>Na agenda do Projeto Rota 22, ainda tem oficina em Parnamirim, no dia 6 de agosto, em Extremoz, no dia 7 de agosto, e Semin\u00e1rio da Regi\u00e3o Metropolitana, em Natal, no dia 16 de agosto.<\/p>\n","protected":false},"excerpt":{"rendered":"<p>Regi\u00f5es receberam mais de R$ 460 milh\u00f5es da gest\u00e3o Bolsonaro e Rog\u00e9rio O 5\u00ba Semin\u00e1rio do Projeto Rota 22 acontece no pr\u00f3ximo s\u00e1bado, 2 de agosto, na cidade de Santo Ant\u00f4nio, a partir das 8h, no LL Recep\u00e7\u00f5es, abrangendo as regi\u00f5es Agreste, Trair\u00ed e Potengi. Oportunidade em que lideran\u00e7as do Partido Liberal (PL) ir\u00e3o apresentar [&hellip;]<\/p>\n","protected":false},"author":1,"featured_media":0,"comment_status":"open","ping_status":"open","sticky":false,"template":"","format":"standard","meta":{"cybocfi_hide_featured_image":"","_jetpack_memberships_contains_paid_content":false,"footnotes":""},"categories":[1],"tags":[],"class_list":["post-6214","post","type-post","status-publish","format-standard","hentry","category-diversos"],"yoast_head":"<!-- This site is optimized with the Yoast SEO plugin v25.6 - https:\/\/yoast.com\/wordpress\/plugins\/seo\/ -->\n<title>Semin\u00e1rio do Rota 22 em Santo Ant\u00f4nio reunir\u00e1 munic\u00edpios do Agreste, Trair\u00ed e Pontegi - Blog do Bispo<\/title>\n<meta name=\"robots\" content=\"index, follow, max-snippet:-1, max-image-preview:large, max-video-preview:-1\" \/>\n<link rel=\"canonical\" href=\"https:\/\/blogdobispo.com.br\/?p=6214\" \/>\n<meta property=\"og:locale\" content=\"pt_BR\" \/>\n<meta property=\"og:type\" content=\"article\" \/>\n<meta property=\"og:title\" content=\"Semin\u00e1rio do Rota 22 em Santo Ant\u00f4nio reunir\u00e1 munic\u00edpios do Agreste, Trair\u00ed e Pontegi - Blog do Bispo\" \/>\n<meta property=\"og:description\" content=\"Regi\u00f5es receberam mais de R$ 460 milh\u00f5es da gest\u00e3o Bolsonaro e Rog\u00e9rio O 5\u00ba Semin\u00e1rio do Projeto Rota 22 acontece no pr\u00f3ximo s\u00e1bado, 2 de agosto, na cidade de Santo Ant\u00f4nio, a partir das 8h, no LL Recep\u00e7\u00f5es, abrangendo as regi\u00f5es Agreste, Trair\u00ed e Potengi. Oportunidade em que lideran\u00e7as do Partido Liberal (PL) ir\u00e3o apresentar [&hellip;]\" \/>\n<meta property=\"og:url\" content=\"https:\/\/blogdobispo.com.br\/?p=6214\" \/>\n<meta property=\"og:site_name\" content=\"Blog do Bispo\" \/>\n<meta property=\"article:published_time\" content=\"2025-07-30T20:32:53+00:00\" \/>\n<meta property=\"og:image\" content=\"https:\/\/blogdobispo.com.br\/wp-content\/uploads\/2025\/07\/a5448331-6b46-44fe-8cf0-56bd30c82c34.jpg\" \/>\n<meta name=\"author\" content=\"Jefferson Sterfeno\" \/>\n<meta name=\"twitter:card\" content=\"summary_large_image\" \/>\n<meta name=\"twitter:label1\" content=\"Escrito por\" \/>\n\t<meta name=\"twitter:data1\" content=\"Jefferson Sterfeno\" \/>\n\t<meta name=\"twitter:label2\" content=\"Est. tempo de leitura\" \/>\n\t<meta name=\"twitter:data2\" content=\"3 minutos\" \/>\n<script type=\"application\/ld+json\" class=\"yoast-schema-graph\">{\"@context\":\"https:\/\/schema.org\",\"@graph\":[{\"@type\":\"Article\",\"@id\":\"https:\/\/blogdobispo.com.br\/?p=6214#article\",\"isPartOf\":{\"@id\":\"https:\/\/blogdobispo.com.br\/?p=6214\"},\"author\":{\"name\":\"Jefferson Sterfeno\",\"@id\":\"https:\/\/blogdobispo.com.br\/#\/schema\/person\/e2209cc0e6cea5c5233d033e997b373f\"},\"headline\":\"Semin\u00e1rio do Rota 22 em Santo Ant\u00f4nio reunir\u00e1 munic\u00edpios do Agreste, Trair\u00ed e Pontegi\",\"datePublished\":\"2025-07-30T20:32:53+00:00\",\"mainEntityOfPage\":{\"@id\":\"https:\/\/blogdobispo.com.br\/?p=6214\"},\"wordCount\":568,\"commentCount\":0,\"publisher\":{\"@id\":\"https:\/\/blogdobispo.com.br\/#organization\"},\"image\":{\"@id\":\"https:\/\/blogdobispo.com.br\/?p=6214#primaryimage\"},\"thumbnailUrl\":\"https:\/\/blogdobispo.com.br\/wp-content\/uploads\/2025\/07\/a5448331-6b46-44fe-8cf0-56bd30c82c34.jpg\",\"articleSection\":[\"diversos\"],\"inLanguage\":\"pt-BR\",\"potentialAction\":[{\"@type\":\"CommentAction\",\"name\":\"Comment\",\"target\":[\"https:\/\/blogdobispo.com.br\/?p=6214#respond\"]}]},{\"@type\":\"WebPage\",\"@id\":\"https:\/\/blogdobispo.com.br\/?p=6214\",\"url\":\"https:\/\/blogdobispo.com.br\/?p=6214\",\"name\":\"Semin\u00e1rio do Rota 22 em Santo Ant\u00f4nio reunir\u00e1 munic\u00edpios do Agreste, Trair\u00ed e Pontegi - Blog do Bispo\",\"isPartOf\":{\"@id\":\"https:\/\/blogdobispo.com.br\/#website\"},\"primaryImageOfPage\":{\"@id\":\"https:\/\/blogdobispo.com.br\/?p=6214#primaryimage\"},\"image\":{\"@id\":\"https:\/\/blogdobispo.com.br\/?p=6214#primaryimage\"},\"thumbnailUrl\":\"https:\/\/blogdobispo.com.br\/wp-content\/uploads\/2025\/07\/a5448331-6b46-44fe-8cf0-56bd30c82c34.jpg\",\"datePublished\":\"2025-07-30T20:32:53+00:00\",\"breadcrumb\":{\"@id\":\"https:\/\/blogdobispo.com.br\/?p=6214#breadcrumb\"},\"inLanguage\":\"pt-BR\",\"potentialAction\":[{\"@type\":\"ReadAction\",\"target\":[\"https:\/\/blogdobispo.com.br\/?p=6214\"]}]},{\"@type\":\"ImageObject\",\"inLanguage\":\"pt-BR\",\"@id\":\"https:\/\/blogdobispo.com.br\/?p=6214#primaryimage\",\"url\":\"https:\/\/blogdobispo.com.br\/wp-content\/uploads\/2025\/07\/a5448331-6b46-44fe-8cf0-56bd30c82c34.jpg\",\"contentUrl\":\"https:\/\/blogdobispo.com.br\/wp-content\/uploads\/2025\/07\/a5448331-6b46-44fe-8cf0-56bd30c82c34.jpg\"},{\"@type\":\"BreadcrumbList\",\"@id\":\"https:\/\/blogdobispo.com.br\/?p=6214#breadcrumb\",\"itemListElement\":[{\"@type\":\"ListItem\",\"position\":1,\"name\":\"In\u00edcio\",\"item\":\"https:\/\/blogdobispo.com.br\/\"},{\"@type\":\"ListItem\",\"position\":2,\"name\":\"Semin\u00e1rio do Rota 22 em Santo Ant\u00f4nio reunir\u00e1 munic\u00edpios do Agreste, Trair\u00ed e Pontegi\"}]},{\"@type\":\"WebSite\",\"@id\":\"https:\/\/blogdobispo.com.br\/#website\",\"url\":\"https:\/\/blogdobispo.com.br\/\",\"name\":\"Blog do Bispo\",\"description\":\"Comprometido apenas com o leitor\",\"publisher\":{\"@id\":\"https:\/\/blogdobispo.com.br\/#organization\"},\"potentialAction\":[{\"@type\":\"SearchAction\",\"target\":{\"@type\":\"EntryPoint\",\"urlTemplate\":\"https:\/\/blogdobispo.com.br\/?s={search_term_string}\"},\"query-input\":{\"@type\":\"PropertyValueSpecification\",\"valueRequired\":true,\"valueName\":\"search_term_string\"}}],\"inLanguage\":\"pt-BR\"},{\"@type\":\"Organization\",\"@id\":\"https:\/\/blogdobispo.com.br\/#organization\",\"name\":\"Blog do Bispo\",\"url\":\"https:\/\/blogdobispo.com.br\/\",\"logo\":{\"@type\":\"ImageObject\",\"inLanguage\":\"pt-BR\",\"@id\":\"https:\/\/blogdobispo.com.br\/#\/schema\/logo\/image\/\",\"url\":\"http:\/\/blogdobispo.com.br\/wp-content\/uploads\/2023\/05\/cropped-headear.png\",\"contentUrl\":\"http:\/\/blogdobispo.com.br\/wp-content\/uploads\/2023\/05\/cropped-headear.png\",\"width\":1500,\"height\":399,\"caption\":\"Blog do Bispo\"},\"image\":{\"@id\":\"https:\/\/blogdobispo.com.br\/#\/schema\/logo\/image\/\"}},{\"@type\":\"Person\",\"@id\":\"https:\/\/blogdobispo.com.br\/#\/schema\/person\/e2209cc0e6cea5c5233d033e997b373f\",\"name\":\"Jefferson Sterfeno\",\"image\":{\"@type\":\"ImageObject\",\"inLanguage\":\"pt-BR\",\"@id\":\"https:\/\/blogdobispo.com.br\/#\/schema\/person\/image\/\",\"url\":\"https:\/\/secure.gravatar.com\/avatar\/0534e84764641168a677026b6d57a3f51dc7ac4db0b4f6186d9cb330d4ee1160?s=96&d=mm&r=g\",\"contentUrl\":\"https:\/\/secure.gravatar.com\/avatar\/0534e84764641168a677026b6d57a3f51dc7ac4db0b4f6186d9cb330d4ee1160?s=96&d=mm&r=g\",\"caption\":\"Jefferson Sterfeno\"},\"sameAs\":[\"http:\/\/blogdobispo.com.br\"],\"url\":\"https:\/\/blogdobispo.com.br\/?author=1\"}]}<\/script>\n<!-- \/ Yoast SEO plugin. -->","yoast_head_json":{"title":"Semin\u00e1rio do Rota 22 em Santo Ant\u00f4nio reunir\u00e1 munic\u00edpios do Agreste, Trair\u00ed e Pontegi - Blog do Bispo","robots":{"index":"index","follow":"follow","max-snippet":"max-snippet:-1","max-image-preview":"max-image-preview:large","max-video-preview":"max-video-preview:-1"},"canonical":"https:\/\/blogdobispo.com.br\/?p=6214","og_locale":"pt_BR","og_type":"article","og_title":"Semin\u00e1rio do Rota 22 em Santo Ant\u00f4nio reunir\u00e1 munic\u00edpios do Agreste, Trair\u00ed e Pontegi - Blog do Bispo","og_description":"Regi\u00f5es receberam mais de R$ 460 milh\u00f5es da gest\u00e3o Bolsonaro e Rog\u00e9rio O 5\u00ba Semin\u00e1rio do Projeto Rota 22 acontece no pr\u00f3ximo s\u00e1bado, 2 de agosto, na cidade de Santo Ant\u00f4nio, a partir das 8h, no LL Recep\u00e7\u00f5es, abrangendo as regi\u00f5es Agreste, Trair\u00ed e Potengi. Oportunidade em que lideran\u00e7as do Partido Liberal (PL) ir\u00e3o apresentar [&hellip;]","og_url":"https:\/\/blogdobispo.com.br\/?p=6214","og_site_name":"Blog do Bispo","article_published_time":"2025-07-30T20:32:53+00:00","og_image":[{"url":"https:\/\/blogdobispo.com.br\/wp-content\/uploads\/2025\/07\/a5448331-6b46-44fe-8cf0-56bd30c82c34.jpg","type":"","width":"","height":""}],"author":"Jefferson Sterfeno","twitter_card":"summary_large_image","twitter_misc":{"Escrito por":"Jefferson Sterfeno","Est. tempo de leitura":"3 minutos"},"schema":{"@context":"https:\/\/schema.org","@graph":[{"@type":"Article","@id":"https:\/\/blogdobispo.com.br\/?p=6214#article","isPartOf":{"@id":"https:\/\/blogdobispo.com.br\/?p=6214"},"author":{"name":"Jefferson Sterfeno","@id":"https:\/\/blogdobispo.com.br\/#\/schema\/person\/e2209cc0e6cea5c5233d033e997b373f"},"headline":"Semin\u00e1rio do Rota 22 em Santo Ant\u00f4nio reunir\u00e1 munic\u00edpios do Agreste, Trair\u00ed e Pontegi","datePublished":"2025-07-30T20:32:53+00:00","mainEntityOfPage":{"@id":"https:\/\/blogdobispo.com.br\/?p=6214"},"wordCount":568,"commentCount":0,"publisher":{"@id":"https:\/\/blogdobispo.com.br\/#organization"},"image":{"@id":"https:\/\/blogdobispo.com.br\/?p=6214#primaryimage"},"thumbnailUrl":"https:\/\/blogdobispo.com.br\/wp-content\/uploads\/2025\/07\/a5448331-6b46-44fe-8cf0-56bd30c82c34.jpg","articleSection":["diversos"],"inLanguage":"pt-BR","potentialAction":[{"@type":"CommentAction","name":"Comment","target":["https:\/\/blogdobispo.com.br\/?p=6214#respond"]}]},{"@type":"WebPage","@id":"https:\/\/blogdobispo.com.br\/?p=6214","url":"https:\/\/blogdobispo.com.br\/?p=6214","name":"Semin\u00e1rio do Rota 22 em Santo Ant\u00f4nio reunir\u00e1 munic\u00edpios do Agreste, Trair\u00ed e Pontegi - Blog do Bispo","isPartOf":{"@id":"https:\/\/blogdobispo.com.br\/#website"},"primaryImageOfPage":{"@id":"https:\/\/blogdobispo.com.br\/?p=6214#primaryimage"},"image":{"@id":"https:\/\/blogdobispo.com.br\/?p=6214#primaryimage"},"thumbnailUrl":"https:\/\/blogdobispo.com.br\/wp-content\/uploads\/2025\/07\/a5448331-6b46-44fe-8cf0-56bd30c82c34.jpg","datePublished":"2025-07-30T20:32:53+00:00","breadcrumb":{"@id":"https:\/\/blogdobispo.com.br\/?p=6214#breadcrumb"},"inLanguage":"pt-BR","potentialAction":[{"@type":"ReadAction","target":["https:\/\/blogdobispo.com.br\/?p=6214"]}]},{"@type":"ImageObject","inLanguage":"pt-BR","@id":"https:\/\/blogdobispo.com.br\/?p=6214#primaryimage","url":"https:\/\/blogdobispo.com.br\/wp-content\/uploads\/2025\/07\/a5448331-6b46-44fe-8cf0-56bd30c82c34.jpg","contentUrl":"https:\/\/blogdobispo.com.br\/wp-content\/uploads\/2025\/07\/a5448331-6b46-44fe-8cf0-56bd30c82c34.jpg"},{"@type":"BreadcrumbList","@id":"https:\/\/blogdobispo.com.br\/?p=6214#breadcrumb","itemListElement":[{"@type":"ListItem","position":1,"name":"In\u00edcio","item":"https:\/\/blogdobispo.com.br\/"},{"@type":"ListItem","position":2,"name":"Semin\u00e1rio do Rota 22 em Santo Ant\u00f4nio reunir\u00e1 munic\u00edpios do Agreste, Trair\u00ed e Pontegi"}]},{"@type":"WebSite","@id":"https:\/\/blogdobispo.com.br\/#website","url":"https:\/\/blogdobispo.com.br\/","name":"Blog do Bispo","description":"Comprometido apenas com o leitor","publisher":{"@id":"https:\/\/blogdobispo.com.br\/#organization"},"potentialAction":[{"@type":"SearchAction","target":{"@type":"EntryPoint","urlTemplate":"https:\/\/blogdobispo.com.br\/?s={search_term_string}"},"query-input":{"@type":"PropertyValueSpecification","valueRequired":true,"valueName":"search_term_string"}}],"inLanguage":"pt-BR"},{"@type":"Organization","@id":"https:\/\/blogdobispo.com.br\/#organization","name":"Blog do Bispo","url":"https:\/\/blogdobispo.com.br\/","logo":{"@type":"ImageObject","inLanguage":"pt-BR","@id":"https:\/\/blogdobispo.com.br\/#\/schema\/logo\/image\/","url":"http:\/\/blogdobispo.com.br\/wp-content\/uploads\/2023\/05\/cropped-headear.png","contentUrl":"http:\/\/blogdobispo.com.br\/wp-content\/uploads\/2023\/05\/cropped-headear.png","width":1500,"height":399,"caption":"Blog do Bispo"},"image":{"@id":"https:\/\/blogdobispo.com.br\/#\/schema\/logo\/image\/"}},{"@type":"Person","@id":"https:\/\/blogdobispo.com.br\/#\/schema\/person\/e2209cc0e6cea5c5233d033e997b373f","name":"Jefferson Sterfeno","image":{"@type":"ImageObject","inLanguage":"pt-BR","@id":"https:\/\/blogdobispo.com.br\/#\/schema\/person\/image\/","url":"https:\/\/secure.gravatar.com\/avatar\/0534e84764641168a677026b6d57a3f51dc7ac4db0b4f6186d9cb330d4ee1160?s=96&d=mm&r=g","contentUrl":"https:\/\/secure.gravatar.com\/avatar\/0534e84764641168a677026b6d57a3f51dc7ac4db0b4f6186d9cb330d4ee1160?s=96&d=mm&r=g","caption":"Jefferson Sterfeno"},"sameAs":["http:\/\/blogdobispo.com.br"],"url":"https:\/\/blogdobispo.com.br\/?author=1"}]}},"featured_image_urls":{"full":"","thumbnail":"","medium":"","medium_large":"","large":"","1536x1536":"","2048x2048":""},"author_info":{"display_name":"Jefferson Sterfeno","author_link":"https:\/\/blogdobispo.com.br\/?author=1"},"category_info":"<a href=\"https:\/\/blogdobispo.com.br\/?cat=1\" rel=\"category\">diversos<\/a>","tag_info":"diversos","comment_count":"0","jetpack_featured_media_url":"","jetpack_sharing_enabled":true,"_links":{"self":[{"href":"https:\/\/blogdobispo.com.br\/index.php?rest_route=\/wp\/v2\/posts\/6214","targetHints":{"allow":["GET"]}}],"collection":[{"href":"https:\/\/blogdobispo.com.br\/index.php?rest_route=\/wp\/v2\/posts"}],"about":[{"href":"https:\/\/blogdobispo.com.br\/index.php?rest_route=\/wp\/v2\/types\/post"}],"author":[{"embeddable":true,"href":"https:\/\/blogdobispo.com.br\/index.php?rest_route=\/wp\/v2\/users\/1"}],"replies":[{"embeddable":true,"href":"https:\/\/blogdobispo.com.br\/index.php?rest_route=%2Fwp%2Fv2%2Fcomments&post=6214"}],"version-history":[{"count":0,"href":"https:\/\/blogdobispo.com.br\/index.php?rest_route=\/wp\/v2\/posts\/6214\/revisions"}],"wp:attachment":[{"href":"https:\/\/blogdobispo.com.br\/index.php?rest_route=%2Fwp%2Fv2%2Fmedia&parent=6214"}],"wp:term":[{"taxonomy":"category","embeddable":true,"href":"https:\/\/blogdobispo.com.br\/index.php?rest_route=%2Fwp%2Fv2%2Fcategories&post=6214"},{"taxonomy":"post_tag","embeddable":true,"href":"https:\/\/blogdobispo.com.br\/index.php?rest_route=%2Fwp%2Fv2%2Ftags&post=6214"}],"curies":[{"name":"wp","href":"https:\/\/api.w.org\/{rel}","templated":true}]}}