{"id":6210,"date":"2025-07-30T16:30:13","date_gmt":"2025-07-30T16:30:13","guid":{"rendered":"https:\/\/blogdobispo.com.br\/?p=6210"},"modified":"2025-07-30T16:30:14","modified_gmt":"2025-07-30T16:30:14","slug":"urgente-eua-sancionam-ministro-alexandre-de-moraes-sob-a-lei-global-magnitsky","status":"publish","type":"post","link":"https:\/\/blogdobispo.com.br\/?p=6210","title":{"rendered":"URGENTE: EUA sancionam ministro Alexandre de Moraes sob a Lei Global Magnitsky"},"content":{"rendered":"\n<p><\/p>\n\n\n\n<p><em>Bras\u00edlia, 30 de julho de 2025<\/em> \u2014 Os Estados Unidos anunciaram nesta quarta-feira (30) san\u00e7\u00f5es contra o ministro do Supremo Tribunal Federal (STF), Alexandre de Moraes, com base na Lei Global Magnitsky, instrumento jur\u00eddico adotado pelo governo americano para punir estrangeiros envolvidos em corrup\u00e7\u00e3o ou viola\u00e7\u00f5es graves de direitos humanos.<\/p>\n\n\n\n<p>A informa\u00e7\u00e3o foi divulgada oficialmente pelo Departamento do Tesouro dos EUA, que incluiu Moraes na lista de indiv\u00edduos sancionados. As medidas incluem o bloqueio de eventuais bens sob jurisdi\u00e7\u00e3o americana e a proibi\u00e7\u00e3o de entrada nos Estados Unidos. Familiares pr\u00f3ximos tamb\u00e9m podem ser afetados, conforme os crit\u00e9rios da legisla\u00e7\u00e3o.<\/p>\n\n\n\n<p>A decis\u00e3o ocorre em meio a crescente press\u00e3o de setores conservadores e parlamentares republicanos dos EUA, que acusam o ministro brasileiro de promover censura e persegui\u00e7\u00e3o a opositores pol\u00edticos do governo Lula. Moraes, que atua como relator de inqu\u00e9ritos envolvendo o ex-presidente Jair Bolsonaro e seus aliados, tem sido alvo de cr\u00edticas internacionais por decis\u00f5es consideradas pol\u00eamicas no campo da liberdade de express\u00e3o.<\/p>\n\n\n\n<p>Fontes ligadas \u00e0 diplomacia americana indicam que a inclus\u00e3o de Moraes na lista da Lei Magnitsky vinha sendo avaliada desde junho. A medida teria sido impulsionada por a\u00e7\u00f5es do deputado federal Eduardo Bolsonaro (PL-SP), que esteve nos Estados Unidos em diversas ocasi\u00f5es solicitando apoio a san\u00e7\u00f5es contra membros do STF.<\/p>\n\n\n\n<p>Em resposta \u00e0 decis\u00e3o, o governo brasileiro deve emitir nota oficial nas pr\u00f3ximas horas. Nos bastidores, a diplomacia brasileira trata o caso como \u201cgrave\u201d e discute a convoca\u00e7\u00e3o do embaixador dos EUA no Brasil para prestar esclarecimentos.<\/p>\n\n\n\n<p>A san\u00e7\u00e3o imposta a Moraes marca um momento in\u00e9dito nas rela\u00e7\u00f5es entre os dois pa\u00edses e aprofunda a tens\u00e3o diplom\u00e1tica que se intensificou nos \u00faltimos meses, especialmente ap\u00f3s a revoga\u00e7\u00e3o de vistos de magistrados brasileiros por parte do governo norte-americano.<\/p>\n\n\n\n<figure class=\"wp-block-image\"><img data-recalc-dims=\"1\" fetchpriority=\"high\" decoding=\"async\" width=\"656\" height=\"654\" src=\"https:\/\/i0.wp.com\/blogdobispo.com.br\/wp-content\/uploads\/2025\/07\/867b5fb12931_alexandre-de-moraes.jpg?resize=656%2C654\" alt=\"\" class=\"wp-image-6211\" srcset=\"https:\/\/i0.wp.com\/blogdobispo.com.br\/wp-content\/uploads\/2025\/07\/867b5fb12931_alexandre-de-moraes.jpg?w=656&amp;ssl=1 656w, https:\/\/i0.wp.com\/blogdobispo.com.br\/wp-content\/uploads\/2025\/07\/867b5fb12931_alexandre-de-moraes.jpg?resize=300%2C300&amp;ssl=1 300w, https:\/\/i0.wp.com\/blogdobispo.com.br\/wp-content\/uploads\/2025\/07\/867b5fb12931_alexandre-de-moraes.jpg?resize=150%2C150&amp;ssl=1 150w\" sizes=\"(max-width: 656px) 100vw, 656px\" \/><\/figure>\n","protected":false},"excerpt":{"rendered":"<p>Bras\u00edlia, 30 de julho de 2025 \u2014 Os Estados Unidos anunciaram nesta quarta-feira (30) san\u00e7\u00f5es contra o ministro do Supremo Tribunal Federal (STF), Alexandre de Moraes, com base na Lei Global Magnitsky, instrumento jur\u00eddico adotado pelo governo americano para punir estrangeiros envolvidos em corrup\u00e7\u00e3o ou viola\u00e7\u00f5es graves de direitos humanos. A informa\u00e7\u00e3o foi divulgada oficialmente [&hellip;]<\/p>\n","protected":false},"author":1,"featured_media":0,"comment_status":"open","ping_status":"open","sticky":false,"template":"","format":"standard","meta":{"cybocfi_hide_featured_image":"","_jetpack_memberships_contains_paid_content":false,"footnotes":""},"categories":[1],"tags":[],"class_list":["post-6210","post","type-post","status-publish","format-standard","hentry","category-diversos"],"yoast_head":"<!-- This site is optimized with the Yoast SEO plugin v25.6 - https:\/\/yoast.com\/wordpress\/plugins\/seo\/ -->\n<title>URGENTE: EUA sancionam ministro Alexandre de Moraes sob a Lei Global Magnitsky - Blog do Bispo<\/title>\n<meta name=\"robots\" content=\"index, follow, max-snippet:-1, max-image-preview:large, max-video-preview:-1\" \/>\n<link rel=\"canonical\" href=\"https:\/\/blogdobispo.com.br\/?p=6210\" \/>\n<meta property=\"og:locale\" content=\"pt_BR\" \/>\n<meta property=\"og:type\" content=\"article\" \/>\n<meta property=\"og:title\" content=\"URGENTE: EUA sancionam ministro Alexandre de Moraes sob a Lei Global Magnitsky - Blog do Bispo\" \/>\n<meta property=\"og:description\" content=\"Bras\u00edlia, 30 de julho de 2025 \u2014 Os Estados Unidos anunciaram nesta quarta-feira (30) san\u00e7\u00f5es contra o ministro do Supremo Tribunal Federal (STF), Alexandre de Moraes, com base na Lei Global Magnitsky, instrumento jur\u00eddico adotado pelo governo americano para punir estrangeiros envolvidos em corrup\u00e7\u00e3o ou viola\u00e7\u00f5es graves de direitos humanos. A informa\u00e7\u00e3o foi divulgada oficialmente [&hellip;]\" \/>\n<meta property=\"og:url\" content=\"https:\/\/blogdobispo.com.br\/?p=6210\" \/>\n<meta property=\"og:site_name\" content=\"Blog do Bispo\" \/>\n<meta property=\"article:published_time\" content=\"2025-07-30T16:30:13+00:00\" \/>\n<meta property=\"article:modified_time\" content=\"2025-07-30T16:30:14+00:00\" \/>\n<meta property=\"og:image\" content=\"http:\/\/blogdobispo.com.br\/wp-content\/uploads\/2025\/07\/867b5fb12931_alexandre-de-moraes.jpg\" \/>\n<meta name=\"author\" content=\"Jefferson Sterfeno\" \/>\n<meta name=\"twitter:card\" content=\"summary_large_image\" \/>\n<meta name=\"twitter:label1\" content=\"Escrito por\" \/>\n\t<meta name=\"twitter:data1\" content=\"Jefferson Sterfeno\" \/>\n\t<meta name=\"twitter:label2\" content=\"Est. tempo de leitura\" \/>\n\t<meta name=\"twitter:data2\" content=\"2 minutos\" \/>\n<script type=\"application\/ld+json\" class=\"yoast-schema-graph\">{\"@context\":\"https:\/\/schema.org\",\"@graph\":[{\"@type\":\"Article\",\"@id\":\"https:\/\/blogdobispo.com.br\/?p=6210#article\",\"isPartOf\":{\"@id\":\"https:\/\/blogdobispo.com.br\/?p=6210\"},\"author\":{\"name\":\"Jefferson Sterfeno\",\"@id\":\"https:\/\/blogdobispo.com.br\/#\/schema\/person\/e2209cc0e6cea5c5233d033e997b373f\"},\"headline\":\"URGENTE: EUA sancionam ministro Alexandre de Moraes sob a Lei Global Magnitsky\",\"datePublished\":\"2025-07-30T16:30:13+00:00\",\"dateModified\":\"2025-07-30T16:30:14+00:00\",\"mainEntityOfPage\":{\"@id\":\"https:\/\/blogdobispo.com.br\/?p=6210\"},\"wordCount\":332,\"commentCount\":0,\"publisher\":{\"@id\":\"https:\/\/blogdobispo.com.br\/#organization\"},\"image\":{\"@id\":\"https:\/\/blogdobispo.com.br\/?p=6210#primaryimage\"},\"thumbnailUrl\":\"http:\/\/blogdobispo.com.br\/wp-content\/uploads\/2025\/07\/867b5fb12931_alexandre-de-moraes.jpg\",\"articleSection\":[\"diversos\"],\"inLanguage\":\"pt-BR\",\"potentialAction\":[{\"@type\":\"CommentAction\",\"name\":\"Comment\",\"target\":[\"https:\/\/blogdobispo.com.br\/?p=6210#respond\"]}]},{\"@type\":\"WebPage\",\"@id\":\"https:\/\/blogdobispo.com.br\/?p=6210\",\"url\":\"https:\/\/blogdobispo.com.br\/?p=6210\",\"name\":\"URGENTE: EUA sancionam ministro Alexandre de Moraes sob a Lei Global Magnitsky - Blog do Bispo\",\"isPartOf\":{\"@id\":\"https:\/\/blogdobispo.com.br\/#website\"},\"primaryImageOfPage\":{\"@id\":\"https:\/\/blogdobispo.com.br\/?p=6210#primaryimage\"},\"image\":{\"@id\":\"https:\/\/blogdobispo.com.br\/?p=6210#primaryimage\"},\"thumbnailUrl\":\"http:\/\/blogdobispo.com.br\/wp-content\/uploads\/2025\/07\/867b5fb12931_alexandre-de-moraes.jpg\",\"datePublished\":\"2025-07-30T16:30:13+00:00\",\"dateModified\":\"2025-07-30T16:30:14+00:00\",\"breadcrumb\":{\"@id\":\"https:\/\/blogdobispo.com.br\/?p=6210#breadcrumb\"},\"inLanguage\":\"pt-BR\",\"potentialAction\":[{\"@type\":\"ReadAction\",\"target\":[\"https:\/\/blogdobispo.com.br\/?p=6210\"]}]},{\"@type\":\"ImageObject\",\"inLanguage\":\"pt-BR\",\"@id\":\"https:\/\/blogdobispo.com.br\/?p=6210#primaryimage\",\"url\":\"https:\/\/i0.wp.com\/blogdobispo.com.br\/wp-content\/uploads\/2025\/07\/867b5fb12931_alexandre-de-moraes.jpg?fit=656%2C654&ssl=1\",\"contentUrl\":\"https:\/\/i0.wp.com\/blogdobispo.com.br\/wp-content\/uploads\/2025\/07\/867b5fb12931_alexandre-de-moraes.jpg?fit=656%2C654&ssl=1\",\"width\":656,\"height\":654},{\"@type\":\"BreadcrumbList\",\"@id\":\"https:\/\/blogdobispo.com.br\/?p=6210#breadcrumb\",\"itemListElement\":[{\"@type\":\"ListItem\",\"position\":1,\"name\":\"In\u00edcio\",\"item\":\"https:\/\/blogdobispo.com.br\/\"},{\"@type\":\"ListItem\",\"position\":2,\"name\":\"URGENTE: EUA sancionam ministro Alexandre de Moraes sob a Lei Global Magnitsky\"}]},{\"@type\":\"WebSite\",\"@id\":\"https:\/\/blogdobispo.com.br\/#website\",\"url\":\"https:\/\/blogdobispo.com.br\/\",\"name\":\"Blog do Bispo\",\"description\":\"Comprometido apenas com o leitor\",\"publisher\":{\"@id\":\"https:\/\/blogdobispo.com.br\/#organization\"},\"potentialAction\":[{\"@type\":\"SearchAction\",\"target\":{\"@type\":\"EntryPoint\",\"urlTemplate\":\"https:\/\/blogdobispo.com.br\/?s={search_term_string}\"},\"query-input\":{\"@type\":\"PropertyValueSpecification\",\"valueRequired\":true,\"valueName\":\"search_term_string\"}}],\"inLanguage\":\"pt-BR\"},{\"@type\":\"Organization\",\"@id\":\"https:\/\/blogdobispo.com.br\/#organization\",\"name\":\"Blog do Bispo\",\"url\":\"https:\/\/blogdobispo.com.br\/\",\"logo\":{\"@type\":\"ImageObject\",\"inLanguage\":\"pt-BR\",\"@id\":\"https:\/\/blogdobispo.com.br\/#\/schema\/logo\/image\/\",\"url\":\"http:\/\/blogdobispo.com.br\/wp-content\/uploads\/2023\/05\/cropped-headear.png\",\"contentUrl\":\"http:\/\/blogdobispo.com.br\/wp-content\/uploads\/2023\/05\/cropped-headear.png\",\"width\":1500,\"height\":399,\"caption\":\"Blog do Bispo\"},\"image\":{\"@id\":\"https:\/\/blogdobispo.com.br\/#\/schema\/logo\/image\/\"}},{\"@type\":\"Person\",\"@id\":\"https:\/\/blogdobispo.com.br\/#\/schema\/person\/e2209cc0e6cea5c5233d033e997b373f\",\"name\":\"Jefferson Sterfeno\",\"image\":{\"@type\":\"ImageObject\",\"inLanguage\":\"pt-BR\",\"@id\":\"https:\/\/blogdobispo.com.br\/#\/schema\/person\/image\/\",\"url\":\"https:\/\/secure.gravatar.com\/avatar\/0534e84764641168a677026b6d57a3f51dc7ac4db0b4f6186d9cb330d4ee1160?s=96&d=mm&r=g\",\"contentUrl\":\"https:\/\/secure.gravatar.com\/avatar\/0534e84764641168a677026b6d57a3f51dc7ac4db0b4f6186d9cb330d4ee1160?s=96&d=mm&r=g\",\"caption\":\"Jefferson Sterfeno\"},\"sameAs\":[\"http:\/\/blogdobispo.com.br\"],\"url\":\"https:\/\/blogdobispo.com.br\/?author=1\"}]}<\/script>\n<!-- \/ Yoast SEO plugin. -->","yoast_head_json":{"title":"URGENTE: EUA sancionam ministro Alexandre de Moraes sob a Lei Global Magnitsky - Blog do Bispo","robots":{"index":"index","follow":"follow","max-snippet":"max-snippet:-1","max-image-preview":"max-image-preview:large","max-video-preview":"max-video-preview:-1"},"canonical":"https:\/\/blogdobispo.com.br\/?p=6210","og_locale":"pt_BR","og_type":"article","og_title":"URGENTE: EUA sancionam ministro Alexandre de Moraes sob a Lei Global Magnitsky - Blog do Bispo","og_description":"Bras\u00edlia, 30 de julho de 2025 \u2014 Os Estados Unidos anunciaram nesta quarta-feira (30) san\u00e7\u00f5es contra o ministro do Supremo Tribunal Federal (STF), Alexandre de Moraes, com base na Lei Global Magnitsky, instrumento jur\u00eddico adotado pelo governo americano para punir estrangeiros envolvidos em corrup\u00e7\u00e3o ou viola\u00e7\u00f5es graves de direitos humanos. A informa\u00e7\u00e3o foi divulgada oficialmente [&hellip;]","og_url":"https:\/\/blogdobispo.com.br\/?p=6210","og_site_name":"Blog do Bispo","article_published_time":"2025-07-30T16:30:13+00:00","article_modified_time":"2025-07-30T16:30:14+00:00","og_image":[{"url":"http:\/\/blogdobispo.com.br\/wp-content\/uploads\/2025\/07\/867b5fb12931_alexandre-de-moraes.jpg","type":"","width":"","height":""}],"author":"Jefferson Sterfeno","twitter_card":"summary_large_image","twitter_misc":{"Escrito por":"Jefferson Sterfeno","Est. tempo de leitura":"2 minutos"},"schema":{"@context":"https:\/\/schema.org","@graph":[{"@type":"Article","@id":"https:\/\/blogdobispo.com.br\/?p=6210#article","isPartOf":{"@id":"https:\/\/blogdobispo.com.br\/?p=6210"},"author":{"name":"Jefferson Sterfeno","@id":"https:\/\/blogdobispo.com.br\/#\/schema\/person\/e2209cc0e6cea5c5233d033e997b373f"},"headline":"URGENTE: EUA sancionam ministro Alexandre de Moraes sob a Lei Global Magnitsky","datePublished":"2025-07-30T16:30:13+00:00","dateModified":"2025-07-30T16:30:14+00:00","mainEntityOfPage":{"@id":"https:\/\/blogdobispo.com.br\/?p=6210"},"wordCount":332,"commentCount":0,"publisher":{"@id":"https:\/\/blogdobispo.com.br\/#organization"},"image":{"@id":"https:\/\/blogdobispo.com.br\/?p=6210#primaryimage"},"thumbnailUrl":"http:\/\/blogdobispo.com.br\/wp-content\/uploads\/2025\/07\/867b5fb12931_alexandre-de-moraes.jpg","articleSection":["diversos"],"inLanguage":"pt-BR","potentialAction":[{"@type":"CommentAction","name":"Comment","target":["https:\/\/blogdobispo.com.br\/?p=6210#respond"]}]},{"@type":"WebPage","@id":"https:\/\/blogdobispo.com.br\/?p=6210","url":"https:\/\/blogdobispo.com.br\/?p=6210","name":"URGENTE: EUA sancionam ministro Alexandre de Moraes sob a Lei Global Magnitsky - Blog do Bispo","isPartOf":{"@id":"https:\/\/blogdobispo.com.br\/#website"},"primaryImageOfPage":{"@id":"https:\/\/blogdobispo.com.br\/?p=6210#primaryimage"},"image":{"@id":"https:\/\/blogdobispo.com.br\/?p=6210#primaryimage"},"thumbnailUrl":"http:\/\/blogdobispo.com.br\/wp-content\/uploads\/2025\/07\/867b5fb12931_alexandre-de-moraes.jpg","datePublished":"2025-07-30T16:30:13+00:00","dateModified":"2025-07-30T16:30:14+00:00","breadcrumb":{"@id":"https:\/\/blogdobispo.com.br\/?p=6210#breadcrumb"},"inLanguage":"pt-BR","potentialAction":[{"@type":"ReadAction","target":["https:\/\/blogdobispo.com.br\/?p=6210"]}]},{"@type":"ImageObject","inLanguage":"pt-BR","@id":"https:\/\/blogdobispo.com.br\/?p=6210#primaryimage","url":"https:\/\/i0.wp.com\/blogdobispo.com.br\/wp-content\/uploads\/2025\/07\/867b5fb12931_alexandre-de-moraes.jpg?fit=656%2C654&ssl=1","contentUrl":"https:\/\/i0.wp.com\/blogdobispo.com.br\/wp-content\/uploads\/2025\/07\/867b5fb12931_alexandre-de-moraes.jpg?fit=656%2C654&ssl=1","width":656,"height":654},{"@type":"BreadcrumbList","@id":"https:\/\/blogdobispo.com.br\/?p=6210#breadcrumb","itemListElement":[{"@type":"ListItem","position":1,"name":"In\u00edcio","item":"https:\/\/blogdobispo.com.br\/"},{"@type":"ListItem","position":2,"name":"URGENTE: EUA sancionam ministro Alexandre de Moraes sob a Lei Global Magnitsky"}]},{"@type":"WebSite","@id":"https:\/\/blogdobispo.com.br\/#website","url":"https:\/\/blogdobispo.com.br\/","name":"Blog do Bispo","description":"Comprometido apenas com o leitor","publisher":{"@id":"https:\/\/blogdobispo.com.br\/#organization"},"potentialAction":[{"@type":"SearchAction","target":{"@type":"EntryPoint","urlTemplate":"https:\/\/blogdobispo.com.br\/?s={search_term_string}"},"query-input":{"@type":"PropertyValueSpecification","valueRequired":true,"valueName":"search_term_string"}}],"inLanguage":"pt-BR"},{"@type":"Organization","@id":"https:\/\/blogdobispo.com.br\/#organization","name":"Blog do Bispo","url":"https:\/\/blogdobispo.com.br\/","logo":{"@type":"ImageObject","inLanguage":"pt-BR","@id":"https:\/\/blogdobispo.com.br\/#\/schema\/logo\/image\/","url":"http:\/\/blogdobispo.com.br\/wp-content\/uploads\/2023\/05\/cropped-headear.png","contentUrl":"http:\/\/blogdobispo.com.br\/wp-content\/uploads\/2023\/05\/cropped-headear.png","width":1500,"height":399,"caption":"Blog do Bispo"},"image":{"@id":"https:\/\/blogdobispo.com.br\/#\/schema\/logo\/image\/"}},{"@type":"Person","@id":"https:\/\/blogdobispo.com.br\/#\/schema\/person\/e2209cc0e6cea5c5233d033e997b373f","name":"Jefferson Sterfeno","image":{"@type":"ImageObject","inLanguage":"pt-BR","@id":"https:\/\/blogdobispo.com.br\/#\/schema\/person\/image\/","url":"https:\/\/secure.gravatar.com\/avatar\/0534e84764641168a677026b6d57a3f51dc7ac4db0b4f6186d9cb330d4ee1160?s=96&d=mm&r=g","contentUrl":"https:\/\/secure.gravatar.com\/avatar\/0534e84764641168a677026b6d57a3f51dc7ac4db0b4f6186d9cb330d4ee1160?s=96&d=mm&r=g","caption":"Jefferson Sterfeno"},"sameAs":["http:\/\/blogdobispo.com.br"],"url":"https:\/\/blogdobispo.com.br\/?author=1"}]}},"featured_image_urls":{"full":"","thumbnail":"","medium":"","medium_large":"","large":"","1536x1536":"","2048x2048":""},"author_info":{"display_name":"Jefferson Sterfeno","author_link":"https:\/\/blogdobispo.com.br\/?author=1"},"category_info":"<a href=\"https:\/\/blogdobispo.com.br\/?cat=1\" rel=\"category\">diversos<\/a>","tag_info":"diversos","comment_count":"0","jetpack_featured_media_url":"","jetpack_sharing_enabled":true,"_links":{"self":[{"href":"https:\/\/blogdobispo.com.br\/index.php?rest_route=\/wp\/v2\/posts\/6210","targetHints":{"allow":["GET"]}}],"collection":[{"href":"https:\/\/blogdobispo.com.br\/index.php?rest_route=\/wp\/v2\/posts"}],"about":[{"href":"https:\/\/blogdobispo.com.br\/index.php?rest_route=\/wp\/v2\/types\/post"}],"author":[{"embeddable":true,"href":"https:\/\/blogdobispo.com.br\/index.php?rest_route=\/wp\/v2\/users\/1"}],"replies":[{"embeddable":true,"href":"https:\/\/blogdobispo.com.br\/index.php?rest_route=%2Fwp%2Fv2%2Fcomments&post=6210"}],"version-history":[{"count":1,"href":"https:\/\/blogdobispo.com.br\/index.php?rest_route=\/wp\/v2\/posts\/6210\/revisions"}],"predecessor-version":[{"id":6212,"href":"https:\/\/blogdobispo.com.br\/index.php?rest_route=\/wp\/v2\/posts\/6210\/revisions\/6212"}],"wp:attachment":[{"href":"https:\/\/blogdobispo.com.br\/index.php?rest_route=%2Fwp%2Fv2%2Fmedia&parent=6210"}],"wp:term":[{"taxonomy":"category","embeddable":true,"href":"https:\/\/blogdobispo.com.br\/index.php?rest_route=%2Fwp%2Fv2%2Fcategories&post=6210"},{"taxonomy":"post_tag","embeddable":true,"href":"https:\/\/blogdobispo.com.br\/index.php?rest_route=%2Fwp%2Fv2%2Ftags&post=6210"}],"curies":[{"name":"wp","href":"https:\/\/api.w.org\/{rel}","templated":true}]}}