{"id":6196,"date":"2025-07-30T13:33:41","date_gmt":"2025-07-30T13:33:41","guid":{"rendered":"https:\/\/blogdobispo.com.br\/?p=6196"},"modified":"2025-07-30T13:33:42","modified_gmt":"2025-07-30T13:33:42","slug":"a-rua-vai-cobrar-casa-de-homem-preso-por-espancar-ex-namorada-e-pichada-em-natal","status":"publish","type":"post","link":"https:\/\/blogdobispo.com.br\/?p=6196","title":{"rendered":"\u201cA rua vai cobrar\u201d: casa de homem preso por espancar ex-namorada \u00e9 pichada em Natal"},"content":{"rendered":"\n<p>Uma picha\u00e7\u00e3o foi registrada na manh\u00e3 desta quarta-feira (30) no port\u00e3o da casa de Igor Eduardo Pereira Cabral, de 29 anos, que vai responder por tentativa de feminic\u00eddio contra a jovem Juliana Soares, de 35 anos. A frase, assinada por \u201cLoukos\u201d, deixa a mensagem de que \u201ca rua vai cobrar cada soco\u201d do agressor.<\/p>\n\n\n\n<p>A frase faz refer\u00eancia ao teor do crime cometido por Igor no \u00faltimo s\u00e1bado (26), quando o indiv\u00edduo espancou a namorada com mais de 60 socos no elevador de um condom\u00ednio na zona Sul de Natal. O ex-namorado da v\u00edtima alegou \u201csurto claustrof\u00f3bico\u201d ao agredi-la.<\/p>\n\n\n\n<p>As imagens do crime foram registradas pelas c\u00e2meras do elevador e mostram Juliana com o rosto desfigurado ap\u00f3s a agress\u00e3o. A v\u00edtima passou por exames de corpo delito nesta ter\u00e7a-feira (29) e aguarda por cirurgia no rosto, que sofreu fraturas e uma s\u00e9rie de ferimentos. O agressor est\u00e1 preso no Centro de Recebimento e Triagem (CRT), numa cela com mais seis presos. Ele poder\u00e1 ser transferido para uma unidade prisional nos pr\u00f3ximos dias.<\/p>\n\n\n\n<p>Conforme aponta reportagem publicada pela Tribuna do Norte nesta quarta-feira (30), al\u00e9m da tentativa de feminic\u00eddio contra a ex-companheira, as investiga\u00e7\u00f5es apontam que Igor Cabral teria induzido a jovem a atentar contra a pr\u00f3pria vida.<\/p>\n\n\n\n<p>A delegada respons\u00e1vel pelo caso, Vict\u00f3ria Lisboa, titular da Delegacia Especializada de Atendimento \u00e0 Mulher (Deam), disse que a expectativa \u00e9 concluir o inqu\u00e9rito sobre o caso at\u00e9 a pr\u00f3xima segunda-feira (4). Durante esta semana os depoimentos e testemunhas ser\u00e3o colhidos por parte da Pol\u00edcia Civil.<\/p>\n\n\n\n<p>Tribuna do Norte<\/p>\n\n\n\n<figure class=\"wp-block-image\"><img data-recalc-dims=\"1\" fetchpriority=\"high\" decoding=\"async\" width=\"800\" height=\"600\" src=\"https:\/\/i0.wp.com\/blogdobispo.com.br\/wp-content\/uploads\/2025\/07\/WhatsApp-Image-2025-07-30-at-08.webp?resize=800%2C600\" alt=\"\" class=\"wp-image-6197\" srcset=\"https:\/\/i0.wp.com\/blogdobispo.com.br\/wp-content\/uploads\/2025\/07\/WhatsApp-Image-2025-07-30-at-08.webp?w=1068&amp;ssl=1 1068w, https:\/\/i0.wp.com\/blogdobispo.com.br\/wp-content\/uploads\/2025\/07\/WhatsApp-Image-2025-07-30-at-08.webp?resize=300%2C225&amp;ssl=1 300w, https:\/\/i0.wp.com\/blogdobispo.com.br\/wp-content\/uploads\/2025\/07\/WhatsApp-Image-2025-07-30-at-08.webp?resize=1024%2C768&amp;ssl=1 1024w, https:\/\/i0.wp.com\/blogdobispo.com.br\/wp-content\/uploads\/2025\/07\/WhatsApp-Image-2025-07-30-at-08.webp?resize=768%2C576&amp;ssl=1 768w\" sizes=\"(max-width: 800px) 100vw, 800px\" \/><\/figure>\n","protected":false},"excerpt":{"rendered":"<p>Uma picha\u00e7\u00e3o foi registrada na manh\u00e3 desta quarta-feira (30) no port\u00e3o da casa de Igor Eduardo Pereira Cabral, de 29 anos, que vai responder por tentativa de feminic\u00eddio contra a jovem Juliana Soares, de 35 anos. A frase, assinada por \u201cLoukos\u201d, deixa a mensagem de que \u201ca rua vai cobrar cada soco\u201d do agressor. A [&hellip;]<\/p>\n","protected":false},"author":1,"featured_media":0,"comment_status":"open","ping_status":"open","sticky":false,"template":"","format":"standard","meta":{"cybocfi_hide_featured_image":"","_jetpack_memberships_contains_paid_content":false,"footnotes":""},"categories":[1],"tags":[],"class_list":["post-6196","post","type-post","status-publish","format-standard","hentry","category-diversos"],"yoast_head":"<!-- This site is optimized with the Yoast SEO plugin v25.6 - https:\/\/yoast.com\/wordpress\/plugins\/seo\/ -->\n<title>\u201cA rua vai cobrar\u201d: casa de homem preso por espancar ex-namorada \u00e9 pichada em Natal - Blog do Bispo<\/title>\n<meta name=\"robots\" content=\"index, follow, max-snippet:-1, max-image-preview:large, max-video-preview:-1\" \/>\n<link rel=\"canonical\" href=\"https:\/\/blogdobispo.com.br\/?p=6196\" \/>\n<meta property=\"og:locale\" content=\"pt_BR\" \/>\n<meta property=\"og:type\" content=\"article\" \/>\n<meta property=\"og:title\" content=\"\u201cA rua vai cobrar\u201d: casa de homem preso por espancar ex-namorada \u00e9 pichada em Natal - Blog do Bispo\" \/>\n<meta property=\"og:description\" content=\"Uma picha\u00e7\u00e3o foi registrada na manh\u00e3 desta quarta-feira (30) no port\u00e3o da casa de Igor Eduardo Pereira Cabral, de 29 anos, que vai responder por tentativa de feminic\u00eddio contra a jovem Juliana Soares, de 35 anos. A frase, assinada por \u201cLoukos\u201d, deixa a mensagem de que \u201ca rua vai cobrar cada soco\u201d do agressor. A [&hellip;]\" \/>\n<meta property=\"og:url\" content=\"https:\/\/blogdobispo.com.br\/?p=6196\" \/>\n<meta property=\"og:site_name\" content=\"Blog do Bispo\" \/>\n<meta property=\"article:published_time\" content=\"2025-07-30T13:33:41+00:00\" \/>\n<meta property=\"article:modified_time\" content=\"2025-07-30T13:33:42+00:00\" \/>\n<meta property=\"og:image\" content=\"http:\/\/blogdobispo.com.br\/wp-content\/uploads\/2025\/07\/WhatsApp-Image-2025-07-30-at-08.webp\" \/>\n<meta name=\"author\" content=\"Jefferson Sterfeno\" \/>\n<meta name=\"twitter:card\" content=\"summary_large_image\" \/>\n<meta name=\"twitter:label1\" content=\"Escrito por\" \/>\n\t<meta name=\"twitter:data1\" content=\"Jefferson Sterfeno\" \/>\n\t<meta name=\"twitter:label2\" content=\"Est. tempo de leitura\" \/>\n\t<meta name=\"twitter:data2\" content=\"2 minutos\" \/>\n<script type=\"application\/ld+json\" class=\"yoast-schema-graph\">{\"@context\":\"https:\/\/schema.org\",\"@graph\":[{\"@type\":\"Article\",\"@id\":\"https:\/\/blogdobispo.com.br\/?p=6196#article\",\"isPartOf\":{\"@id\":\"https:\/\/blogdobispo.com.br\/?p=6196\"},\"author\":{\"name\":\"Jefferson Sterfeno\",\"@id\":\"https:\/\/blogdobispo.com.br\/#\/schema\/person\/e2209cc0e6cea5c5233d033e997b373f\"},\"headline\":\"\u201cA rua vai cobrar\u201d: casa de homem preso por espancar ex-namorada \u00e9 pichada em Natal\",\"datePublished\":\"2025-07-30T13:33:41+00:00\",\"dateModified\":\"2025-07-30T13:33:42+00:00\",\"mainEntityOfPage\":{\"@id\":\"https:\/\/blogdobispo.com.br\/?p=6196\"},\"wordCount\":286,\"commentCount\":0,\"publisher\":{\"@id\":\"https:\/\/blogdobispo.com.br\/#organization\"},\"image\":{\"@id\":\"https:\/\/blogdobispo.com.br\/?p=6196#primaryimage\"},\"thumbnailUrl\":\"http:\/\/blogdobispo.com.br\/wp-content\/uploads\/2025\/07\/WhatsApp-Image-2025-07-30-at-08.webp\",\"articleSection\":[\"diversos\"],\"inLanguage\":\"pt-BR\",\"potentialAction\":[{\"@type\":\"CommentAction\",\"name\":\"Comment\",\"target\":[\"https:\/\/blogdobispo.com.br\/?p=6196#respond\"]}]},{\"@type\":\"WebPage\",\"@id\":\"https:\/\/blogdobispo.com.br\/?p=6196\",\"url\":\"https:\/\/blogdobispo.com.br\/?p=6196\",\"name\":\"\u201cA rua vai cobrar\u201d: casa de homem preso por espancar ex-namorada \u00e9 pichada em Natal - Blog do Bispo\",\"isPartOf\":{\"@id\":\"https:\/\/blogdobispo.com.br\/#website\"},\"primaryImageOfPage\":{\"@id\":\"https:\/\/blogdobispo.com.br\/?p=6196#primaryimage\"},\"image\":{\"@id\":\"https:\/\/blogdobispo.com.br\/?p=6196#primaryimage\"},\"thumbnailUrl\":\"http:\/\/blogdobispo.com.br\/wp-content\/uploads\/2025\/07\/WhatsApp-Image-2025-07-30-at-08.webp\",\"datePublished\":\"2025-07-30T13:33:41+00:00\",\"dateModified\":\"2025-07-30T13:33:42+00:00\",\"breadcrumb\":{\"@id\":\"https:\/\/blogdobispo.com.br\/?p=6196#breadcrumb\"},\"inLanguage\":\"pt-BR\",\"potentialAction\":[{\"@type\":\"ReadAction\",\"target\":[\"https:\/\/blogdobispo.com.br\/?p=6196\"]}]},{\"@type\":\"ImageObject\",\"inLanguage\":\"pt-BR\",\"@id\":\"https:\/\/blogdobispo.com.br\/?p=6196#primaryimage\",\"url\":\"https:\/\/i0.wp.com\/blogdobispo.com.br\/wp-content\/uploads\/2025\/07\/WhatsApp-Image-2025-07-30-at-08.webp?fit=1068%2C801&ssl=1\",\"contentUrl\":\"https:\/\/i0.wp.com\/blogdobispo.com.br\/wp-content\/uploads\/2025\/07\/WhatsApp-Image-2025-07-30-at-08.webp?fit=1068%2C801&ssl=1\",\"width\":1068,\"height\":801},{\"@type\":\"BreadcrumbList\",\"@id\":\"https:\/\/blogdobispo.com.br\/?p=6196#breadcrumb\",\"itemListElement\":[{\"@type\":\"ListItem\",\"position\":1,\"name\":\"In\u00edcio\",\"item\":\"https:\/\/blogdobispo.com.br\/\"},{\"@type\":\"ListItem\",\"position\":2,\"name\":\"\u201cA rua vai cobrar\u201d: casa de homem preso por espancar ex-namorada \u00e9 pichada em Natal\"}]},{\"@type\":\"WebSite\",\"@id\":\"https:\/\/blogdobispo.com.br\/#website\",\"url\":\"https:\/\/blogdobispo.com.br\/\",\"name\":\"Blog do Bispo\",\"description\":\"Comprometido apenas com o leitor\",\"publisher\":{\"@id\":\"https:\/\/blogdobispo.com.br\/#organization\"},\"potentialAction\":[{\"@type\":\"SearchAction\",\"target\":{\"@type\":\"EntryPoint\",\"urlTemplate\":\"https:\/\/blogdobispo.com.br\/?s={search_term_string}\"},\"query-input\":{\"@type\":\"PropertyValueSpecification\",\"valueRequired\":true,\"valueName\":\"search_term_string\"}}],\"inLanguage\":\"pt-BR\"},{\"@type\":\"Organization\",\"@id\":\"https:\/\/blogdobispo.com.br\/#organization\",\"name\":\"Blog do Bispo\",\"url\":\"https:\/\/blogdobispo.com.br\/\",\"logo\":{\"@type\":\"ImageObject\",\"inLanguage\":\"pt-BR\",\"@id\":\"https:\/\/blogdobispo.com.br\/#\/schema\/logo\/image\/\",\"url\":\"http:\/\/blogdobispo.com.br\/wp-content\/uploads\/2023\/05\/cropped-headear.png\",\"contentUrl\":\"http:\/\/blogdobispo.com.br\/wp-content\/uploads\/2023\/05\/cropped-headear.png\",\"width\":1500,\"height\":399,\"caption\":\"Blog do Bispo\"},\"image\":{\"@id\":\"https:\/\/blogdobispo.com.br\/#\/schema\/logo\/image\/\"}},{\"@type\":\"Person\",\"@id\":\"https:\/\/blogdobispo.com.br\/#\/schema\/person\/e2209cc0e6cea5c5233d033e997b373f\",\"name\":\"Jefferson Sterfeno\",\"image\":{\"@type\":\"ImageObject\",\"inLanguage\":\"pt-BR\",\"@id\":\"https:\/\/blogdobispo.com.br\/#\/schema\/person\/image\/\",\"url\":\"https:\/\/secure.gravatar.com\/avatar\/0534e84764641168a677026b6d57a3f51dc7ac4db0b4f6186d9cb330d4ee1160?s=96&d=mm&r=g\",\"contentUrl\":\"https:\/\/secure.gravatar.com\/avatar\/0534e84764641168a677026b6d57a3f51dc7ac4db0b4f6186d9cb330d4ee1160?s=96&d=mm&r=g\",\"caption\":\"Jefferson Sterfeno\"},\"sameAs\":[\"http:\/\/blogdobispo.com.br\"],\"url\":\"https:\/\/blogdobispo.com.br\/?author=1\"}]}<\/script>\n<!-- \/ Yoast SEO plugin. -->","yoast_head_json":{"title":"\u201cA rua vai cobrar\u201d: casa de homem preso por espancar ex-namorada \u00e9 pichada em Natal - Blog do Bispo","robots":{"index":"index","follow":"follow","max-snippet":"max-snippet:-1","max-image-preview":"max-image-preview:large","max-video-preview":"max-video-preview:-1"},"canonical":"https:\/\/blogdobispo.com.br\/?p=6196","og_locale":"pt_BR","og_type":"article","og_title":"\u201cA rua vai cobrar\u201d: casa de homem preso por espancar ex-namorada \u00e9 pichada em Natal - Blog do Bispo","og_description":"Uma picha\u00e7\u00e3o foi registrada na manh\u00e3 desta quarta-feira (30) no port\u00e3o da casa de Igor Eduardo Pereira Cabral, de 29 anos, que vai responder por tentativa de feminic\u00eddio contra a jovem Juliana Soares, de 35 anos. A frase, assinada por \u201cLoukos\u201d, deixa a mensagem de que \u201ca rua vai cobrar cada soco\u201d do agressor. A [&hellip;]","og_url":"https:\/\/blogdobispo.com.br\/?p=6196","og_site_name":"Blog do Bispo","article_published_time":"2025-07-30T13:33:41+00:00","article_modified_time":"2025-07-30T13:33:42+00:00","og_image":[{"url":"http:\/\/blogdobispo.com.br\/wp-content\/uploads\/2025\/07\/WhatsApp-Image-2025-07-30-at-08.webp","type":"","width":"","height":""}],"author":"Jefferson Sterfeno","twitter_card":"summary_large_image","twitter_misc":{"Escrito por":"Jefferson Sterfeno","Est. tempo de leitura":"2 minutos"},"schema":{"@context":"https:\/\/schema.org","@graph":[{"@type":"Article","@id":"https:\/\/blogdobispo.com.br\/?p=6196#article","isPartOf":{"@id":"https:\/\/blogdobispo.com.br\/?p=6196"},"author":{"name":"Jefferson Sterfeno","@id":"https:\/\/blogdobispo.com.br\/#\/schema\/person\/e2209cc0e6cea5c5233d033e997b373f"},"headline":"\u201cA rua vai cobrar\u201d: casa de homem preso por espancar ex-namorada \u00e9 pichada em Natal","datePublished":"2025-07-30T13:33:41+00:00","dateModified":"2025-07-30T13:33:42+00:00","mainEntityOfPage":{"@id":"https:\/\/blogdobispo.com.br\/?p=6196"},"wordCount":286,"commentCount":0,"publisher":{"@id":"https:\/\/blogdobispo.com.br\/#organization"},"image":{"@id":"https:\/\/blogdobispo.com.br\/?p=6196#primaryimage"},"thumbnailUrl":"http:\/\/blogdobispo.com.br\/wp-content\/uploads\/2025\/07\/WhatsApp-Image-2025-07-30-at-08.webp","articleSection":["diversos"],"inLanguage":"pt-BR","potentialAction":[{"@type":"CommentAction","name":"Comment","target":["https:\/\/blogdobispo.com.br\/?p=6196#respond"]}]},{"@type":"WebPage","@id":"https:\/\/blogdobispo.com.br\/?p=6196","url":"https:\/\/blogdobispo.com.br\/?p=6196","name":"\u201cA rua vai cobrar\u201d: casa de homem preso por espancar ex-namorada \u00e9 pichada em Natal - Blog do Bispo","isPartOf":{"@id":"https:\/\/blogdobispo.com.br\/#website"},"primaryImageOfPage":{"@id":"https:\/\/blogdobispo.com.br\/?p=6196#primaryimage"},"image":{"@id":"https:\/\/blogdobispo.com.br\/?p=6196#primaryimage"},"thumbnailUrl":"http:\/\/blogdobispo.com.br\/wp-content\/uploads\/2025\/07\/WhatsApp-Image-2025-07-30-at-08.webp","datePublished":"2025-07-30T13:33:41+00:00","dateModified":"2025-07-30T13:33:42+00:00","breadcrumb":{"@id":"https:\/\/blogdobispo.com.br\/?p=6196#breadcrumb"},"inLanguage":"pt-BR","potentialAction":[{"@type":"ReadAction","target":["https:\/\/blogdobispo.com.br\/?p=6196"]}]},{"@type":"ImageObject","inLanguage":"pt-BR","@id":"https:\/\/blogdobispo.com.br\/?p=6196#primaryimage","url":"https:\/\/i0.wp.com\/blogdobispo.com.br\/wp-content\/uploads\/2025\/07\/WhatsApp-Image-2025-07-30-at-08.webp?fit=1068%2C801&ssl=1","contentUrl":"https:\/\/i0.wp.com\/blogdobispo.com.br\/wp-content\/uploads\/2025\/07\/WhatsApp-Image-2025-07-30-at-08.webp?fit=1068%2C801&ssl=1","width":1068,"height":801},{"@type":"BreadcrumbList","@id":"https:\/\/blogdobispo.com.br\/?p=6196#breadcrumb","itemListElement":[{"@type":"ListItem","position":1,"name":"In\u00edcio","item":"https:\/\/blogdobispo.com.br\/"},{"@type":"ListItem","position":2,"name":"\u201cA rua vai cobrar\u201d: casa de homem preso por espancar ex-namorada \u00e9 pichada em Natal"}]},{"@type":"WebSite","@id":"https:\/\/blogdobispo.com.br\/#website","url":"https:\/\/blogdobispo.com.br\/","name":"Blog do Bispo","description":"Comprometido apenas com o leitor","publisher":{"@id":"https:\/\/blogdobispo.com.br\/#organization"},"potentialAction":[{"@type":"SearchAction","target":{"@type":"EntryPoint","urlTemplate":"https:\/\/blogdobispo.com.br\/?s={search_term_string}"},"query-input":{"@type":"PropertyValueSpecification","valueRequired":true,"valueName":"search_term_string"}}],"inLanguage":"pt-BR"},{"@type":"Organization","@id":"https:\/\/blogdobispo.com.br\/#organization","name":"Blog do Bispo","url":"https:\/\/blogdobispo.com.br\/","logo":{"@type":"ImageObject","inLanguage":"pt-BR","@id":"https:\/\/blogdobispo.com.br\/#\/schema\/logo\/image\/","url":"http:\/\/blogdobispo.com.br\/wp-content\/uploads\/2023\/05\/cropped-headear.png","contentUrl":"http:\/\/blogdobispo.com.br\/wp-content\/uploads\/2023\/05\/cropped-headear.png","width":1500,"height":399,"caption":"Blog do Bispo"},"image":{"@id":"https:\/\/blogdobispo.com.br\/#\/schema\/logo\/image\/"}},{"@type":"Person","@id":"https:\/\/blogdobispo.com.br\/#\/schema\/person\/e2209cc0e6cea5c5233d033e997b373f","name":"Jefferson Sterfeno","image":{"@type":"ImageObject","inLanguage":"pt-BR","@id":"https:\/\/blogdobispo.com.br\/#\/schema\/person\/image\/","url":"https:\/\/secure.gravatar.com\/avatar\/0534e84764641168a677026b6d57a3f51dc7ac4db0b4f6186d9cb330d4ee1160?s=96&d=mm&r=g","contentUrl":"https:\/\/secure.gravatar.com\/avatar\/0534e84764641168a677026b6d57a3f51dc7ac4db0b4f6186d9cb330d4ee1160?s=96&d=mm&r=g","caption":"Jefferson Sterfeno"},"sameAs":["http:\/\/blogdobispo.com.br"],"url":"https:\/\/blogdobispo.com.br\/?author=1"}]}},"featured_image_urls":{"full":"","thumbnail":"","medium":"","medium_large":"","large":"","1536x1536":"","2048x2048":""},"author_info":{"display_name":"Jefferson Sterfeno","author_link":"https:\/\/blogdobispo.com.br\/?author=1"},"category_info":"<a href=\"https:\/\/blogdobispo.com.br\/?cat=1\" rel=\"category\">diversos<\/a>","tag_info":"diversos","comment_count":"0","jetpack_featured_media_url":"","jetpack_sharing_enabled":true,"_links":{"self":[{"href":"https:\/\/blogdobispo.com.br\/index.php?rest_route=\/wp\/v2\/posts\/6196","targetHints":{"allow":["GET"]}}],"collection":[{"href":"https:\/\/blogdobispo.com.br\/index.php?rest_route=\/wp\/v2\/posts"}],"about":[{"href":"https:\/\/blogdobispo.com.br\/index.php?rest_route=\/wp\/v2\/types\/post"}],"author":[{"embeddable":true,"href":"https:\/\/blogdobispo.com.br\/index.php?rest_route=\/wp\/v2\/users\/1"}],"replies":[{"embeddable":true,"href":"https:\/\/blogdobispo.com.br\/index.php?rest_route=%2Fwp%2Fv2%2Fcomments&post=6196"}],"version-history":[{"count":1,"href":"https:\/\/blogdobispo.com.br\/index.php?rest_route=\/wp\/v2\/posts\/6196\/revisions"}],"predecessor-version":[{"id":6198,"href":"https:\/\/blogdobispo.com.br\/index.php?rest_route=\/wp\/v2\/posts\/6196\/revisions\/6198"}],"wp:attachment":[{"href":"https:\/\/blogdobispo.com.br\/index.php?rest_route=%2Fwp%2Fv2%2Fmedia&parent=6196"}],"wp:term":[{"taxonomy":"category","embeddable":true,"href":"https:\/\/blogdobispo.com.br\/index.php?rest_route=%2Fwp%2Fv2%2Fcategories&post=6196"},{"taxonomy":"post_tag","embeddable":true,"href":"https:\/\/blogdobispo.com.br\/index.php?rest_route=%2Fwp%2Fv2%2Ftags&post=6196"}],"curies":[{"name":"wp","href":"https:\/\/api.w.org\/{rel}","templated":true}]}}