{"id":6195,"date":"2025-07-30T02:49:01","date_gmt":"2025-07-30T02:49:01","guid":{"rendered":"https:\/\/blogdobispo.com.br\/?p=6195"},"modified":"2025-07-30T02:49:01","modified_gmt":"2025-07-30T02:49:01","slug":"urgente-terremoto-de-magnitude-88-provoca-tsunami-na-russia-e-japao-paises-do-pacifico-estao-sob-alerta","status":"publish","type":"post","link":"https:\/\/blogdobispo.com.br\/?p=6195","title":{"rendered":"Urgente: Terremoto de magnitude 8,8 provoca tsunami na R\u00fassia e Jap\u00e3o; pa\u00edses do Pac\u00edfico est\u00e3o sob alerta"},"content":{"rendered":"\n<p class=\"p1\">Um terremoto de magnitude 8,8 sacudiu a costa leste da R\u00fassia na madrugada desta ter\u00e7a-feira (hor\u00e1rio local), provocando alertas de tsunami em diversos pa\u00edses banhados pelo Oceano Pac\u00edfico. O epicentro foi registrado pr\u00f3ximo \u00e0 Pen\u00ednsula de Kamchatka, no extremo oriente russo, a cerca de 120 km da cidade de Petropavlovsk-Kamchatsky, com profundidade de aproximadamente 12 km, segundo o Servi\u00e7o Geol\u00f3gico dos Estados Unidos (USGS).<\/p>\n\n\n\n<p class=\"p1\">O tremor \u2014 um dos mais fortes registrados nos \u00faltimos anos na regi\u00e3o \u2014 gerou ondas de at\u00e9 4 metros nas ilhas Curilas e em partes da costa russa. No Jap\u00e3o, o governo emitiu alerta de tsunami para a costa leste do pa\u00eds, com expectativa de ondas de at\u00e9 3 metros, especialmente em regi\u00f5es como Hokkaido e Tohoku. As primeiras ondas atingiram o porto de Nemuro, com altura de cerca de 30 cent\u00edmetros. Autoridades japonesas orientaram a evacua\u00e7\u00e3o imediata de \u00e1reas costeiras e suspenderam temporariamente o funcionamento de usinas nucleares por precau\u00e7\u00e3o.<\/p>\n\n\n\n<p class=\"p1\">Al\u00e9m de R\u00fassia e Jap\u00e3o, outros pa\u00edses e territ\u00f3rios no Pac\u00edfico, como Hava\u00ed, Filipinas, Alasca, Guam e partes da Am\u00e9rica do Sul, como Chile e Equador, tamb\u00e9m est\u00e3o sob monitoramento ou alerta de tsunami. Sirenes foram ativadas em Honolulu, no Hava\u00ed, e moradores de \u00e1reas costeiras est\u00e3o sendo evacuados.<\/p>\n\n\n\n<p class=\"p1\">At\u00e9 o momento, n\u00e3o h\u00e1 registro oficial de mortes, mas autoridades russas relataram danos materiais em pr\u00e9dios p\u00fablicos e resid\u00eancias na regi\u00e3o de Kamchatka. O governador da prov\u00edncia afirmou que este foi o terremoto mais severo em d\u00e9cadas e que equipes de emerg\u00eancia est\u00e3o atuando para avaliar os estragos e atender poss\u00edveis v\u00edtimas.<\/p>\n\n\n\n<p class=\"p1\">Especialistas alertam para o risco de r\u00e9plicas nas pr\u00f3ximas horas e refor\u00e7am que as ondas de tsunami podem continuar por um longo per\u00edodo ap\u00f3s o tremor principal. O evento ocorre em uma das zonas mais ativas do chamado \u201cAnel de Fogo do Pac\u00edfico\u201d, \u00e1rea conhecida pela intensa atividade s\u00edsmica e vulc\u00e2nica.<\/p>\n\n\n\n<p class=\"p1\">As autoridades seguem monitorando a situa\u00e7\u00e3o e orientam a popula\u00e7\u00e3o das regi\u00f5es afetadas a seguir rigorosamente os alertas emitidos pelos \u00f3rg\u00e3os de defesa civil e centros de monitoramento.<\/p>\n\n\n\n<figure class=\"wp-block-image size-large\"><img data-recalc-dims=\"1\" fetchpriority=\"high\" decoding=\"async\" width=\"800\" height=\"574\" src=\"https:\/\/i0.wp.com\/blogdobispo.com.br\/wp-content\/uploads\/2025\/07\/img_5810.jpg?resize=800%2C574&#038;ssl=1\" class=\"wp-image-6194\" srcset=\"https:\/\/i0.wp.com\/blogdobispo.com.br\/wp-content\/uploads\/2025\/07\/img_5810.jpg?w=1000&amp;ssl=1 1000w, https:\/\/i0.wp.com\/blogdobispo.com.br\/wp-content\/uploads\/2025\/07\/img_5810.jpg?resize=300%2C215&amp;ssl=1 300w, https:\/\/i0.wp.com\/blogdobispo.com.br\/wp-content\/uploads\/2025\/07\/img_5810.jpg?resize=768%2C551&amp;ssl=1 768w\" sizes=\"(max-width: 800px) 100vw, 800px\" \/><\/figure>\n","protected":false},"excerpt":{"rendered":"<p>Um terremoto de magnitude 8,8 sacudiu a costa leste da R\u00fassia na madrugada desta ter\u00e7a-feira (hor\u00e1rio local), provocando alertas de tsunami em diversos pa\u00edses banhados pelo Oceano Pac\u00edfico. O epicentro foi registrado pr\u00f3ximo \u00e0 Pen\u00ednsula de Kamchatka, no extremo oriente russo, a cerca de 120 km da cidade de Petropavlovsk-Kamchatsky, com profundidade de aproximadamente 12 [&hellip;]<\/p>\n","protected":false},"author":1,"featured_media":0,"comment_status":"open","ping_status":"open","sticky":false,"template":"","format":"standard","meta":{"cybocfi_hide_featured_image":"","_jetpack_memberships_contains_paid_content":false,"footnotes":""},"categories":[1],"tags":[],"class_list":["post-6195","post","type-post","status-publish","format-standard","hentry","category-diversos"],"yoast_head":"<!-- This site is optimized with the Yoast SEO plugin v25.6 - https:\/\/yoast.com\/wordpress\/plugins\/seo\/ -->\n<title>Urgente: Terremoto de magnitude 8,8 provoca tsunami na R\u00fassia e Jap\u00e3o; pa\u00edses do Pac\u00edfico est\u00e3o sob alerta - Blog do Bispo<\/title>\n<meta name=\"robots\" content=\"index, follow, max-snippet:-1, max-image-preview:large, max-video-preview:-1\" \/>\n<link rel=\"canonical\" href=\"https:\/\/blogdobispo.com.br\/?p=6195\" \/>\n<meta property=\"og:locale\" content=\"pt_BR\" \/>\n<meta property=\"og:type\" content=\"article\" \/>\n<meta property=\"og:title\" content=\"Urgente: Terremoto de magnitude 8,8 provoca tsunami na R\u00fassia e Jap\u00e3o; pa\u00edses do Pac\u00edfico est\u00e3o sob alerta - Blog do Bispo\" \/>\n<meta property=\"og:description\" content=\"Um terremoto de magnitude 8,8 sacudiu a costa leste da R\u00fassia na madrugada desta ter\u00e7a-feira (hor\u00e1rio local), provocando alertas de tsunami em diversos pa\u00edses banhados pelo Oceano Pac\u00edfico. O epicentro foi registrado pr\u00f3ximo \u00e0 Pen\u00ednsula de Kamchatka, no extremo oriente russo, a cerca de 120 km da cidade de Petropavlovsk-Kamchatsky, com profundidade de aproximadamente 12 [&hellip;]\" \/>\n<meta property=\"og:url\" content=\"https:\/\/blogdobispo.com.br\/?p=6195\" \/>\n<meta property=\"og:site_name\" content=\"Blog do Bispo\" \/>\n<meta property=\"article:published_time\" content=\"2025-07-30T02:49:01+00:00\" \/>\n<meta property=\"og:image\" content=\"https:\/\/blogdobispo.com.br\/wp-content\/uploads\/2025\/07\/img_5810.jpg\" \/>\n<meta name=\"author\" content=\"Jefferson Sterfeno\" \/>\n<meta name=\"twitter:card\" content=\"summary_large_image\" \/>\n<meta name=\"twitter:label1\" content=\"Escrito por\" \/>\n\t<meta name=\"twitter:data1\" content=\"Jefferson Sterfeno\" \/>\n\t<meta name=\"twitter:label2\" content=\"Est. tempo de leitura\" \/>\n\t<meta name=\"twitter:data2\" content=\"2 minutos\" \/>\n<script type=\"application\/ld+json\" class=\"yoast-schema-graph\">{\"@context\":\"https:\/\/schema.org\",\"@graph\":[{\"@type\":\"Article\",\"@id\":\"https:\/\/blogdobispo.com.br\/?p=6195#article\",\"isPartOf\":{\"@id\":\"https:\/\/blogdobispo.com.br\/?p=6195\"},\"author\":{\"name\":\"Jefferson Sterfeno\",\"@id\":\"https:\/\/blogdobispo.com.br\/#\/schema\/person\/e2209cc0e6cea5c5233d033e997b373f\"},\"headline\":\"Urgente: Terremoto de magnitude 8,8 provoca tsunami na R\u00fassia e Jap\u00e3o; pa\u00edses do Pac\u00edfico est\u00e3o sob alerta\",\"datePublished\":\"2025-07-30T02:49:01+00:00\",\"mainEntityOfPage\":{\"@id\":\"https:\/\/blogdobispo.com.br\/?p=6195\"},\"wordCount\":398,\"commentCount\":0,\"publisher\":{\"@id\":\"https:\/\/blogdobispo.com.br\/#organization\"},\"image\":{\"@id\":\"https:\/\/blogdobispo.com.br\/?p=6195#primaryimage\"},\"thumbnailUrl\":\"https:\/\/blogdobispo.com.br\/wp-content\/uploads\/2025\/07\/img_5810.jpg\",\"articleSection\":[\"diversos\"],\"inLanguage\":\"pt-BR\",\"potentialAction\":[{\"@type\":\"CommentAction\",\"name\":\"Comment\",\"target\":[\"https:\/\/blogdobispo.com.br\/?p=6195#respond\"]}]},{\"@type\":\"WebPage\",\"@id\":\"https:\/\/blogdobispo.com.br\/?p=6195\",\"url\":\"https:\/\/blogdobispo.com.br\/?p=6195\",\"name\":\"Urgente: Terremoto de magnitude 8,8 provoca tsunami na R\u00fassia e Jap\u00e3o; pa\u00edses do Pac\u00edfico est\u00e3o sob alerta - Blog do Bispo\",\"isPartOf\":{\"@id\":\"https:\/\/blogdobispo.com.br\/#website\"},\"primaryImageOfPage\":{\"@id\":\"https:\/\/blogdobispo.com.br\/?p=6195#primaryimage\"},\"image\":{\"@id\":\"https:\/\/blogdobispo.com.br\/?p=6195#primaryimage\"},\"thumbnailUrl\":\"https:\/\/blogdobispo.com.br\/wp-content\/uploads\/2025\/07\/img_5810.jpg\",\"datePublished\":\"2025-07-30T02:49:01+00:00\",\"breadcrumb\":{\"@id\":\"https:\/\/blogdobispo.com.br\/?p=6195#breadcrumb\"},\"inLanguage\":\"pt-BR\",\"potentialAction\":[{\"@type\":\"ReadAction\",\"target\":[\"https:\/\/blogdobispo.com.br\/?p=6195\"]}]},{\"@type\":\"ImageObject\",\"inLanguage\":\"pt-BR\",\"@id\":\"https:\/\/blogdobispo.com.br\/?p=6195#primaryimage\",\"url\":\"https:\/\/blogdobispo.com.br\/wp-content\/uploads\/2025\/07\/img_5810.jpg\",\"contentUrl\":\"https:\/\/blogdobispo.com.br\/wp-content\/uploads\/2025\/07\/img_5810.jpg\"},{\"@type\":\"BreadcrumbList\",\"@id\":\"https:\/\/blogdobispo.com.br\/?p=6195#breadcrumb\",\"itemListElement\":[{\"@type\":\"ListItem\",\"position\":1,\"name\":\"In\u00edcio\",\"item\":\"https:\/\/blogdobispo.com.br\/\"},{\"@type\":\"ListItem\",\"position\":2,\"name\":\"Urgente: Terremoto de magnitude 8,8 provoca tsunami na R\u00fassia e Jap\u00e3o; pa\u00edses do Pac\u00edfico est\u00e3o sob alerta\"}]},{\"@type\":\"WebSite\",\"@id\":\"https:\/\/blogdobispo.com.br\/#website\",\"url\":\"https:\/\/blogdobispo.com.br\/\",\"name\":\"Blog do Bispo\",\"description\":\"Comprometido apenas com o leitor\",\"publisher\":{\"@id\":\"https:\/\/blogdobispo.com.br\/#organization\"},\"potentialAction\":[{\"@type\":\"SearchAction\",\"target\":{\"@type\":\"EntryPoint\",\"urlTemplate\":\"https:\/\/blogdobispo.com.br\/?s={search_term_string}\"},\"query-input\":{\"@type\":\"PropertyValueSpecification\",\"valueRequired\":true,\"valueName\":\"search_term_string\"}}],\"inLanguage\":\"pt-BR\"},{\"@type\":\"Organization\",\"@id\":\"https:\/\/blogdobispo.com.br\/#organization\",\"name\":\"Blog do Bispo\",\"url\":\"https:\/\/blogdobispo.com.br\/\",\"logo\":{\"@type\":\"ImageObject\",\"inLanguage\":\"pt-BR\",\"@id\":\"https:\/\/blogdobispo.com.br\/#\/schema\/logo\/image\/\",\"url\":\"http:\/\/blogdobispo.com.br\/wp-content\/uploads\/2023\/05\/cropped-headear.png\",\"contentUrl\":\"http:\/\/blogdobispo.com.br\/wp-content\/uploads\/2023\/05\/cropped-headear.png\",\"width\":1500,\"height\":399,\"caption\":\"Blog do Bispo\"},\"image\":{\"@id\":\"https:\/\/blogdobispo.com.br\/#\/schema\/logo\/image\/\"}},{\"@type\":\"Person\",\"@id\":\"https:\/\/blogdobispo.com.br\/#\/schema\/person\/e2209cc0e6cea5c5233d033e997b373f\",\"name\":\"Jefferson Sterfeno\",\"image\":{\"@type\":\"ImageObject\",\"inLanguage\":\"pt-BR\",\"@id\":\"https:\/\/blogdobispo.com.br\/#\/schema\/person\/image\/\",\"url\":\"https:\/\/secure.gravatar.com\/avatar\/0534e84764641168a677026b6d57a3f51dc7ac4db0b4f6186d9cb330d4ee1160?s=96&d=mm&r=g\",\"contentUrl\":\"https:\/\/secure.gravatar.com\/avatar\/0534e84764641168a677026b6d57a3f51dc7ac4db0b4f6186d9cb330d4ee1160?s=96&d=mm&r=g\",\"caption\":\"Jefferson Sterfeno\"},\"sameAs\":[\"http:\/\/blogdobispo.com.br\"],\"url\":\"https:\/\/blogdobispo.com.br\/?author=1\"}]}<\/script>\n<!-- \/ Yoast SEO plugin. -->","yoast_head_json":{"title":"Urgente: Terremoto de magnitude 8,8 provoca tsunami na R\u00fassia e Jap\u00e3o; pa\u00edses do Pac\u00edfico est\u00e3o sob alerta - Blog do Bispo","robots":{"index":"index","follow":"follow","max-snippet":"max-snippet:-1","max-image-preview":"max-image-preview:large","max-video-preview":"max-video-preview:-1"},"canonical":"https:\/\/blogdobispo.com.br\/?p=6195","og_locale":"pt_BR","og_type":"article","og_title":"Urgente: Terremoto de magnitude 8,8 provoca tsunami na R\u00fassia e Jap\u00e3o; pa\u00edses do Pac\u00edfico est\u00e3o sob alerta - Blog do Bispo","og_description":"Um terremoto de magnitude 8,8 sacudiu a costa leste da R\u00fassia na madrugada desta ter\u00e7a-feira (hor\u00e1rio local), provocando alertas de tsunami em diversos pa\u00edses banhados pelo Oceano Pac\u00edfico. O epicentro foi registrado pr\u00f3ximo \u00e0 Pen\u00ednsula de Kamchatka, no extremo oriente russo, a cerca de 120 km da cidade de Petropavlovsk-Kamchatsky, com profundidade de aproximadamente 12 [&hellip;]","og_url":"https:\/\/blogdobispo.com.br\/?p=6195","og_site_name":"Blog do Bispo","article_published_time":"2025-07-30T02:49:01+00:00","og_image":[{"url":"https:\/\/blogdobispo.com.br\/wp-content\/uploads\/2025\/07\/img_5810.jpg","type":"","width":"","height":""}],"author":"Jefferson Sterfeno","twitter_card":"summary_large_image","twitter_misc":{"Escrito por":"Jefferson Sterfeno","Est. tempo de leitura":"2 minutos"},"schema":{"@context":"https:\/\/schema.org","@graph":[{"@type":"Article","@id":"https:\/\/blogdobispo.com.br\/?p=6195#article","isPartOf":{"@id":"https:\/\/blogdobispo.com.br\/?p=6195"},"author":{"name":"Jefferson Sterfeno","@id":"https:\/\/blogdobispo.com.br\/#\/schema\/person\/e2209cc0e6cea5c5233d033e997b373f"},"headline":"Urgente: Terremoto de magnitude 8,8 provoca tsunami na R\u00fassia e Jap\u00e3o; pa\u00edses do Pac\u00edfico est\u00e3o sob alerta","datePublished":"2025-07-30T02:49:01+00:00","mainEntityOfPage":{"@id":"https:\/\/blogdobispo.com.br\/?p=6195"},"wordCount":398,"commentCount":0,"publisher":{"@id":"https:\/\/blogdobispo.com.br\/#organization"},"image":{"@id":"https:\/\/blogdobispo.com.br\/?p=6195#primaryimage"},"thumbnailUrl":"https:\/\/blogdobispo.com.br\/wp-content\/uploads\/2025\/07\/img_5810.jpg","articleSection":["diversos"],"inLanguage":"pt-BR","potentialAction":[{"@type":"CommentAction","name":"Comment","target":["https:\/\/blogdobispo.com.br\/?p=6195#respond"]}]},{"@type":"WebPage","@id":"https:\/\/blogdobispo.com.br\/?p=6195","url":"https:\/\/blogdobispo.com.br\/?p=6195","name":"Urgente: Terremoto de magnitude 8,8 provoca tsunami na R\u00fassia e Jap\u00e3o; pa\u00edses do Pac\u00edfico est\u00e3o sob alerta - Blog do Bispo","isPartOf":{"@id":"https:\/\/blogdobispo.com.br\/#website"},"primaryImageOfPage":{"@id":"https:\/\/blogdobispo.com.br\/?p=6195#primaryimage"},"image":{"@id":"https:\/\/blogdobispo.com.br\/?p=6195#primaryimage"},"thumbnailUrl":"https:\/\/blogdobispo.com.br\/wp-content\/uploads\/2025\/07\/img_5810.jpg","datePublished":"2025-07-30T02:49:01+00:00","breadcrumb":{"@id":"https:\/\/blogdobispo.com.br\/?p=6195#breadcrumb"},"inLanguage":"pt-BR","potentialAction":[{"@type":"ReadAction","target":["https:\/\/blogdobispo.com.br\/?p=6195"]}]},{"@type":"ImageObject","inLanguage":"pt-BR","@id":"https:\/\/blogdobispo.com.br\/?p=6195#primaryimage","url":"https:\/\/blogdobispo.com.br\/wp-content\/uploads\/2025\/07\/img_5810.jpg","contentUrl":"https:\/\/blogdobispo.com.br\/wp-content\/uploads\/2025\/07\/img_5810.jpg"},{"@type":"BreadcrumbList","@id":"https:\/\/blogdobispo.com.br\/?p=6195#breadcrumb","itemListElement":[{"@type":"ListItem","position":1,"name":"In\u00edcio","item":"https:\/\/blogdobispo.com.br\/"},{"@type":"ListItem","position":2,"name":"Urgente: Terremoto de magnitude 8,8 provoca tsunami na R\u00fassia e Jap\u00e3o; pa\u00edses do Pac\u00edfico est\u00e3o sob alerta"}]},{"@type":"WebSite","@id":"https:\/\/blogdobispo.com.br\/#website","url":"https:\/\/blogdobispo.com.br\/","name":"Blog do Bispo","description":"Comprometido apenas com o leitor","publisher":{"@id":"https:\/\/blogdobispo.com.br\/#organization"},"potentialAction":[{"@type":"SearchAction","target":{"@type":"EntryPoint","urlTemplate":"https:\/\/blogdobispo.com.br\/?s={search_term_string}"},"query-input":{"@type":"PropertyValueSpecification","valueRequired":true,"valueName":"search_term_string"}}],"inLanguage":"pt-BR"},{"@type":"Organization","@id":"https:\/\/blogdobispo.com.br\/#organization","name":"Blog do Bispo","url":"https:\/\/blogdobispo.com.br\/","logo":{"@type":"ImageObject","inLanguage":"pt-BR","@id":"https:\/\/blogdobispo.com.br\/#\/schema\/logo\/image\/","url":"http:\/\/blogdobispo.com.br\/wp-content\/uploads\/2023\/05\/cropped-headear.png","contentUrl":"http:\/\/blogdobispo.com.br\/wp-content\/uploads\/2023\/05\/cropped-headear.png","width":1500,"height":399,"caption":"Blog do Bispo"},"image":{"@id":"https:\/\/blogdobispo.com.br\/#\/schema\/logo\/image\/"}},{"@type":"Person","@id":"https:\/\/blogdobispo.com.br\/#\/schema\/person\/e2209cc0e6cea5c5233d033e997b373f","name":"Jefferson Sterfeno","image":{"@type":"ImageObject","inLanguage":"pt-BR","@id":"https:\/\/blogdobispo.com.br\/#\/schema\/person\/image\/","url":"https:\/\/secure.gravatar.com\/avatar\/0534e84764641168a677026b6d57a3f51dc7ac4db0b4f6186d9cb330d4ee1160?s=96&d=mm&r=g","contentUrl":"https:\/\/secure.gravatar.com\/avatar\/0534e84764641168a677026b6d57a3f51dc7ac4db0b4f6186d9cb330d4ee1160?s=96&d=mm&r=g","caption":"Jefferson Sterfeno"},"sameAs":["http:\/\/blogdobispo.com.br"],"url":"https:\/\/blogdobispo.com.br\/?author=1"}]}},"featured_image_urls":{"full":"","thumbnail":"","medium":"","medium_large":"","large":"","1536x1536":"","2048x2048":""},"author_info":{"display_name":"Jefferson Sterfeno","author_link":"https:\/\/blogdobispo.com.br\/?author=1"},"category_info":"<a href=\"https:\/\/blogdobispo.com.br\/?cat=1\" rel=\"category\">diversos<\/a>","tag_info":"diversos","comment_count":"0","jetpack_featured_media_url":"","jetpack_sharing_enabled":true,"_links":{"self":[{"href":"https:\/\/blogdobispo.com.br\/index.php?rest_route=\/wp\/v2\/posts\/6195","targetHints":{"allow":["GET"]}}],"collection":[{"href":"https:\/\/blogdobispo.com.br\/index.php?rest_route=\/wp\/v2\/posts"}],"about":[{"href":"https:\/\/blogdobispo.com.br\/index.php?rest_route=\/wp\/v2\/types\/post"}],"author":[{"embeddable":true,"href":"https:\/\/blogdobispo.com.br\/index.php?rest_route=\/wp\/v2\/users\/1"}],"replies":[{"embeddable":true,"href":"https:\/\/blogdobispo.com.br\/index.php?rest_route=%2Fwp%2Fv2%2Fcomments&post=6195"}],"version-history":[{"count":0,"href":"https:\/\/blogdobispo.com.br\/index.php?rest_route=\/wp\/v2\/posts\/6195\/revisions"}],"wp:attachment":[{"href":"https:\/\/blogdobispo.com.br\/index.php?rest_route=%2Fwp%2Fv2%2Fmedia&parent=6195"}],"wp:term":[{"taxonomy":"category","embeddable":true,"href":"https:\/\/blogdobispo.com.br\/index.php?rest_route=%2Fwp%2Fv2%2Fcategories&post=6195"},{"taxonomy":"post_tag","embeddable":true,"href":"https:\/\/blogdobispo.com.br\/index.php?rest_route=%2Fwp%2Fv2%2Ftags&post=6195"}],"curies":[{"name":"wp","href":"https:\/\/api.w.org\/{rel}","templated":true}]}}