{"id":6139,"date":"2025-07-28T15:57:50","date_gmt":"2025-07-28T15:57:50","guid":{"rendered":"https:\/\/blogdobispo.com.br\/?p=6139"},"modified":"2025-07-28T15:57:51","modified_gmt":"2025-07-28T15:57:51","slug":"zn-news-a-nova-voz-da-zona-norte-de-natal","status":"publish","type":"post","link":"https:\/\/blogdobispo.com.br\/?p=6139","title":{"rendered":"ZN NEWS: a nova voz da Zona Norte de Natal"},"content":{"rendered":"\n<p>Ap\u00f3s mais de dois anos de atua\u00e7\u00e3o firme e comprometida com a popula\u00e7\u00e3o do bairro Paju\u00e7ara, o blog Paju\u00e7ara News se transforma e amplia sua miss\u00e3o: nasce o ZN NEWS, um novo canal de informa\u00e7\u00e3o e representatividade para toda a Zona Norte de Natal.<\/p>\n\n\n\n<p>Idealizado por Paul McCartney, morador e administrador da p\u00e1gina original, o projeto surgiu como uma iniciativa simples, nascida no cora\u00e7\u00e3o da comunidade. Com o tempo, ganhou for\u00e7a, credibilidade e se consolidou como um verdadeiro porta-voz da regi\u00e3o. Agora, d\u00e1 um passo ainda maior.<\/p>\n\n\n\n<p>\u201cO que nasceu como uma ideia virou not\u00edcia, virou luta. Hoje, vira algo maior\u201d, afirma Paul.<\/p>\n\n\n\n<p>A nova marca vem acompanhada de uma nova identidade visual, mas preserva a ess\u00eancia que conquistou os moradores: o compromisso com a verdade, a valoriza\u00e7\u00e3o do povo e a prioridade \u00e0 Zona Norte. O ZN NEWS abra\u00e7a bairros como Paju\u00e7ara, Salinas, Nossa Senhora da Apresenta\u00e7\u00e3o, Lagoa Azul, Redinha, Igap\u00f3, Potengi, entre outros, com o objetivo de fazer den\u00fancias e mostrar as conquistas de toda a regi\u00e3o.<\/p>\n\n\n\n<p>Em dois anos e quatro meses de resist\u00eancia, foram dezenas de pautas levantadas pela comunidade, desde buracos ignorados pelas autoridades at\u00e9 manifesta\u00e7\u00f5es culturais celebradas com orgulho. Agora, com o ZN NEWS, a cobertura se torna ainda mais abrangente.<\/p>\n\n\n\n<p>ZN NEWS \u00e9 mais que um nome, \u00e9 um movimento. Um canal independente, coletivo, feito por quem vive a realidade da Zona Norte e sabe da sua for\u00e7a transformadora.<\/p>\n\n\n\n<p>ZN NEWS \u2014 A ZONA&nbsp;NORTE&nbsp;TEM&nbsp;VOZ<\/p>\n\n\n\n<figure class=\"wp-block-image\"><img data-recalc-dims=\"1\" fetchpriority=\"high\" decoding=\"async\" width=\"800\" height=\"1000\" src=\"https:\/\/i0.wp.com\/blogdobispo.com.br\/wp-content\/uploads\/2025\/07\/Imagem-do-WhatsApp-de-2025-07-28-as-12.07.03_2f9085b6.jpg?resize=800%2C1000\" alt=\"\" class=\"wp-image-6140\" srcset=\"https:\/\/i0.wp.com\/blogdobispo.com.br\/wp-content\/uploads\/2025\/07\/Imagem-do-WhatsApp-de-2025-07-28-as-12.07.03_2f9085b6.jpg?w=1280&amp;ssl=1 1280w, https:\/\/i0.wp.com\/blogdobispo.com.br\/wp-content\/uploads\/2025\/07\/Imagem-do-WhatsApp-de-2025-07-28-as-12.07.03_2f9085b6.jpg?resize=240%2C300&amp;ssl=1 240w, https:\/\/i0.wp.com\/blogdobispo.com.br\/wp-content\/uploads\/2025\/07\/Imagem-do-WhatsApp-de-2025-07-28-as-12.07.03_2f9085b6.jpg?resize=819%2C1024&amp;ssl=1 819w, https:\/\/i0.wp.com\/blogdobispo.com.br\/wp-content\/uploads\/2025\/07\/Imagem-do-WhatsApp-de-2025-07-28-as-12.07.03_2f9085b6.jpg?resize=768%2C960&amp;ssl=1 768w, https:\/\/i0.wp.com\/blogdobispo.com.br\/wp-content\/uploads\/2025\/07\/Imagem-do-WhatsApp-de-2025-07-28-as-12.07.03_2f9085b6.jpg?resize=1229%2C1536&amp;ssl=1 1229w, https:\/\/i0.wp.com\/blogdobispo.com.br\/wp-content\/uploads\/2025\/07\/Imagem-do-WhatsApp-de-2025-07-28-as-12.07.03_2f9085b6.jpg?resize=1024%2C1280&amp;ssl=1 1024w\" sizes=\"(max-width: 800px) 100vw, 800px\" \/><\/figure>\n","protected":false},"excerpt":{"rendered":"<p>Ap\u00f3s mais de dois anos de atua\u00e7\u00e3o firme e comprometida com a popula\u00e7\u00e3o do bairro Paju\u00e7ara, o blog Paju\u00e7ara News se transforma e amplia sua miss\u00e3o: nasce o ZN NEWS, um novo canal de informa\u00e7\u00e3o e representatividade para toda a Zona Norte de Natal. Idealizado por Paul McCartney, morador e administrador da p\u00e1gina original, o [&hellip;]<\/p>\n","protected":false},"author":1,"featured_media":0,"comment_status":"open","ping_status":"open","sticky":false,"template":"","format":"standard","meta":{"cybocfi_hide_featured_image":"","_jetpack_memberships_contains_paid_content":false,"footnotes":""},"categories":[1],"tags":[],"class_list":["post-6139","post","type-post","status-publish","format-standard","hentry","category-diversos"],"yoast_head":"<!-- This site is optimized with the Yoast SEO plugin v25.6 - https:\/\/yoast.com\/wordpress\/plugins\/seo\/ -->\n<title>ZN NEWS: a nova voz da Zona Norte de Natal - Blog do Bispo<\/title>\n<meta name=\"robots\" content=\"index, follow, max-snippet:-1, max-image-preview:large, max-video-preview:-1\" \/>\n<link rel=\"canonical\" href=\"https:\/\/blogdobispo.com.br\/?p=6139\" \/>\n<meta property=\"og:locale\" content=\"pt_BR\" \/>\n<meta property=\"og:type\" content=\"article\" \/>\n<meta property=\"og:title\" content=\"ZN NEWS: a nova voz da Zona Norte de Natal - Blog do Bispo\" \/>\n<meta property=\"og:description\" content=\"Ap\u00f3s mais de dois anos de atua\u00e7\u00e3o firme e comprometida com a popula\u00e7\u00e3o do bairro Paju\u00e7ara, o blog Paju\u00e7ara News se transforma e amplia sua miss\u00e3o: nasce o ZN NEWS, um novo canal de informa\u00e7\u00e3o e representatividade para toda a Zona Norte de Natal. Idealizado por Paul McCartney, morador e administrador da p\u00e1gina original, o [&hellip;]\" \/>\n<meta property=\"og:url\" content=\"https:\/\/blogdobispo.com.br\/?p=6139\" \/>\n<meta property=\"og:site_name\" content=\"Blog do Bispo\" \/>\n<meta property=\"article:published_time\" content=\"2025-07-28T15:57:50+00:00\" \/>\n<meta property=\"article:modified_time\" content=\"2025-07-28T15:57:51+00:00\" \/>\n<meta property=\"og:image\" content=\"http:\/\/blogdobispo.com.br\/wp-content\/uploads\/2025\/07\/Imagem-do-WhatsApp-de-2025-07-28-as-12.07.03_2f9085b6.jpg\" \/>\n<meta name=\"author\" content=\"Jefferson Sterfeno\" \/>\n<meta name=\"twitter:card\" content=\"summary_large_image\" \/>\n<meta name=\"twitter:label1\" content=\"Escrito por\" \/>\n\t<meta name=\"twitter:data1\" content=\"Jefferson Sterfeno\" \/>\n\t<meta name=\"twitter:label2\" content=\"Est. tempo de leitura\" \/>\n\t<meta name=\"twitter:data2\" content=\"2 minutos\" \/>\n<script type=\"application\/ld+json\" class=\"yoast-schema-graph\">{\"@context\":\"https:\/\/schema.org\",\"@graph\":[{\"@type\":\"Article\",\"@id\":\"https:\/\/blogdobispo.com.br\/?p=6139#article\",\"isPartOf\":{\"@id\":\"https:\/\/blogdobispo.com.br\/?p=6139\"},\"author\":{\"name\":\"Jefferson Sterfeno\",\"@id\":\"https:\/\/blogdobispo.com.br\/#\/schema\/person\/e2209cc0e6cea5c5233d033e997b373f\"},\"headline\":\"ZN NEWS: a nova voz da Zona Norte de Natal\",\"datePublished\":\"2025-07-28T15:57:50+00:00\",\"dateModified\":\"2025-07-28T15:57:51+00:00\",\"mainEntityOfPage\":{\"@id\":\"https:\/\/blogdobispo.com.br\/?p=6139\"},\"wordCount\":275,\"commentCount\":0,\"publisher\":{\"@id\":\"https:\/\/blogdobispo.com.br\/#organization\"},\"image\":{\"@id\":\"https:\/\/blogdobispo.com.br\/?p=6139#primaryimage\"},\"thumbnailUrl\":\"http:\/\/blogdobispo.com.br\/wp-content\/uploads\/2025\/07\/Imagem-do-WhatsApp-de-2025-07-28-as-12.07.03_2f9085b6.jpg\",\"articleSection\":[\"diversos\"],\"inLanguage\":\"pt-BR\",\"potentialAction\":[{\"@type\":\"CommentAction\",\"name\":\"Comment\",\"target\":[\"https:\/\/blogdobispo.com.br\/?p=6139#respond\"]}]},{\"@type\":\"WebPage\",\"@id\":\"https:\/\/blogdobispo.com.br\/?p=6139\",\"url\":\"https:\/\/blogdobispo.com.br\/?p=6139\",\"name\":\"ZN NEWS: a nova voz da Zona Norte de Natal - Blog do Bispo\",\"isPartOf\":{\"@id\":\"https:\/\/blogdobispo.com.br\/#website\"},\"primaryImageOfPage\":{\"@id\":\"https:\/\/blogdobispo.com.br\/?p=6139#primaryimage\"},\"image\":{\"@id\":\"https:\/\/blogdobispo.com.br\/?p=6139#primaryimage\"},\"thumbnailUrl\":\"http:\/\/blogdobispo.com.br\/wp-content\/uploads\/2025\/07\/Imagem-do-WhatsApp-de-2025-07-28-as-12.07.03_2f9085b6.jpg\",\"datePublished\":\"2025-07-28T15:57:50+00:00\",\"dateModified\":\"2025-07-28T15:57:51+00:00\",\"breadcrumb\":{\"@id\":\"https:\/\/blogdobispo.com.br\/?p=6139#breadcrumb\"},\"inLanguage\":\"pt-BR\",\"potentialAction\":[{\"@type\":\"ReadAction\",\"target\":[\"https:\/\/blogdobispo.com.br\/?p=6139\"]}]},{\"@type\":\"ImageObject\",\"inLanguage\":\"pt-BR\",\"@id\":\"https:\/\/blogdobispo.com.br\/?p=6139#primaryimage\",\"url\":\"https:\/\/i0.wp.com\/blogdobispo.com.br\/wp-content\/uploads\/2025\/07\/Imagem-do-WhatsApp-de-2025-07-28-as-12.07.03_2f9085b6.jpg?fit=1280%2C1600&ssl=1\",\"contentUrl\":\"https:\/\/i0.wp.com\/blogdobispo.com.br\/wp-content\/uploads\/2025\/07\/Imagem-do-WhatsApp-de-2025-07-28-as-12.07.03_2f9085b6.jpg?fit=1280%2C1600&ssl=1\",\"width\":1280,\"height\":1600},{\"@type\":\"BreadcrumbList\",\"@id\":\"https:\/\/blogdobispo.com.br\/?p=6139#breadcrumb\",\"itemListElement\":[{\"@type\":\"ListItem\",\"position\":1,\"name\":\"In\u00edcio\",\"item\":\"https:\/\/blogdobispo.com.br\/\"},{\"@type\":\"ListItem\",\"position\":2,\"name\":\"ZN NEWS: a nova voz da Zona Norte de Natal\"}]},{\"@type\":\"WebSite\",\"@id\":\"https:\/\/blogdobispo.com.br\/#website\",\"url\":\"https:\/\/blogdobispo.com.br\/\",\"name\":\"Blog do Bispo\",\"description\":\"Comprometido apenas com o leitor\",\"publisher\":{\"@id\":\"https:\/\/blogdobispo.com.br\/#organization\"},\"potentialAction\":[{\"@type\":\"SearchAction\",\"target\":{\"@type\":\"EntryPoint\",\"urlTemplate\":\"https:\/\/blogdobispo.com.br\/?s={search_term_string}\"},\"query-input\":{\"@type\":\"PropertyValueSpecification\",\"valueRequired\":true,\"valueName\":\"search_term_string\"}}],\"inLanguage\":\"pt-BR\"},{\"@type\":\"Organization\",\"@id\":\"https:\/\/blogdobispo.com.br\/#organization\",\"name\":\"Blog do Bispo\",\"url\":\"https:\/\/blogdobispo.com.br\/\",\"logo\":{\"@type\":\"ImageObject\",\"inLanguage\":\"pt-BR\",\"@id\":\"https:\/\/blogdobispo.com.br\/#\/schema\/logo\/image\/\",\"url\":\"http:\/\/blogdobispo.com.br\/wp-content\/uploads\/2023\/05\/cropped-headear.png\",\"contentUrl\":\"http:\/\/blogdobispo.com.br\/wp-content\/uploads\/2023\/05\/cropped-headear.png\",\"width\":1500,\"height\":399,\"caption\":\"Blog do Bispo\"},\"image\":{\"@id\":\"https:\/\/blogdobispo.com.br\/#\/schema\/logo\/image\/\"}},{\"@type\":\"Person\",\"@id\":\"https:\/\/blogdobispo.com.br\/#\/schema\/person\/e2209cc0e6cea5c5233d033e997b373f\",\"name\":\"Jefferson Sterfeno\",\"image\":{\"@type\":\"ImageObject\",\"inLanguage\":\"pt-BR\",\"@id\":\"https:\/\/blogdobispo.com.br\/#\/schema\/person\/image\/\",\"url\":\"https:\/\/secure.gravatar.com\/avatar\/0534e84764641168a677026b6d57a3f51dc7ac4db0b4f6186d9cb330d4ee1160?s=96&d=mm&r=g\",\"contentUrl\":\"https:\/\/secure.gravatar.com\/avatar\/0534e84764641168a677026b6d57a3f51dc7ac4db0b4f6186d9cb330d4ee1160?s=96&d=mm&r=g\",\"caption\":\"Jefferson Sterfeno\"},\"sameAs\":[\"http:\/\/blogdobispo.com.br\"],\"url\":\"https:\/\/blogdobispo.com.br\/?author=1\"}]}<\/script>\n<!-- \/ Yoast SEO plugin. -->","yoast_head_json":{"title":"ZN NEWS: a nova voz da Zona Norte de Natal - Blog do Bispo","robots":{"index":"index","follow":"follow","max-snippet":"max-snippet:-1","max-image-preview":"max-image-preview:large","max-video-preview":"max-video-preview:-1"},"canonical":"https:\/\/blogdobispo.com.br\/?p=6139","og_locale":"pt_BR","og_type":"article","og_title":"ZN NEWS: a nova voz da Zona Norte de Natal - Blog do Bispo","og_description":"Ap\u00f3s mais de dois anos de atua\u00e7\u00e3o firme e comprometida com a popula\u00e7\u00e3o do bairro Paju\u00e7ara, o blog Paju\u00e7ara News se transforma e amplia sua miss\u00e3o: nasce o ZN NEWS, um novo canal de informa\u00e7\u00e3o e representatividade para toda a Zona Norte de Natal. Idealizado por Paul McCartney, morador e administrador da p\u00e1gina original, o [&hellip;]","og_url":"https:\/\/blogdobispo.com.br\/?p=6139","og_site_name":"Blog do Bispo","article_published_time":"2025-07-28T15:57:50+00:00","article_modified_time":"2025-07-28T15:57:51+00:00","og_image":[{"url":"http:\/\/blogdobispo.com.br\/wp-content\/uploads\/2025\/07\/Imagem-do-WhatsApp-de-2025-07-28-as-12.07.03_2f9085b6.jpg","type":"","width":"","height":""}],"author":"Jefferson Sterfeno","twitter_card":"summary_large_image","twitter_misc":{"Escrito por":"Jefferson Sterfeno","Est. tempo de leitura":"2 minutos"},"schema":{"@context":"https:\/\/schema.org","@graph":[{"@type":"Article","@id":"https:\/\/blogdobispo.com.br\/?p=6139#article","isPartOf":{"@id":"https:\/\/blogdobispo.com.br\/?p=6139"},"author":{"name":"Jefferson Sterfeno","@id":"https:\/\/blogdobispo.com.br\/#\/schema\/person\/e2209cc0e6cea5c5233d033e997b373f"},"headline":"ZN NEWS: a nova voz da Zona Norte de Natal","datePublished":"2025-07-28T15:57:50+00:00","dateModified":"2025-07-28T15:57:51+00:00","mainEntityOfPage":{"@id":"https:\/\/blogdobispo.com.br\/?p=6139"},"wordCount":275,"commentCount":0,"publisher":{"@id":"https:\/\/blogdobispo.com.br\/#organization"},"image":{"@id":"https:\/\/blogdobispo.com.br\/?p=6139#primaryimage"},"thumbnailUrl":"http:\/\/blogdobispo.com.br\/wp-content\/uploads\/2025\/07\/Imagem-do-WhatsApp-de-2025-07-28-as-12.07.03_2f9085b6.jpg","articleSection":["diversos"],"inLanguage":"pt-BR","potentialAction":[{"@type":"CommentAction","name":"Comment","target":["https:\/\/blogdobispo.com.br\/?p=6139#respond"]}]},{"@type":"WebPage","@id":"https:\/\/blogdobispo.com.br\/?p=6139","url":"https:\/\/blogdobispo.com.br\/?p=6139","name":"ZN NEWS: a nova voz da Zona Norte de Natal - Blog do Bispo","isPartOf":{"@id":"https:\/\/blogdobispo.com.br\/#website"},"primaryImageOfPage":{"@id":"https:\/\/blogdobispo.com.br\/?p=6139#primaryimage"},"image":{"@id":"https:\/\/blogdobispo.com.br\/?p=6139#primaryimage"},"thumbnailUrl":"http:\/\/blogdobispo.com.br\/wp-content\/uploads\/2025\/07\/Imagem-do-WhatsApp-de-2025-07-28-as-12.07.03_2f9085b6.jpg","datePublished":"2025-07-28T15:57:50+00:00","dateModified":"2025-07-28T15:57:51+00:00","breadcrumb":{"@id":"https:\/\/blogdobispo.com.br\/?p=6139#breadcrumb"},"inLanguage":"pt-BR","potentialAction":[{"@type":"ReadAction","target":["https:\/\/blogdobispo.com.br\/?p=6139"]}]},{"@type":"ImageObject","inLanguage":"pt-BR","@id":"https:\/\/blogdobispo.com.br\/?p=6139#primaryimage","url":"https:\/\/i0.wp.com\/blogdobispo.com.br\/wp-content\/uploads\/2025\/07\/Imagem-do-WhatsApp-de-2025-07-28-as-12.07.03_2f9085b6.jpg?fit=1280%2C1600&ssl=1","contentUrl":"https:\/\/i0.wp.com\/blogdobispo.com.br\/wp-content\/uploads\/2025\/07\/Imagem-do-WhatsApp-de-2025-07-28-as-12.07.03_2f9085b6.jpg?fit=1280%2C1600&ssl=1","width":1280,"height":1600},{"@type":"BreadcrumbList","@id":"https:\/\/blogdobispo.com.br\/?p=6139#breadcrumb","itemListElement":[{"@type":"ListItem","position":1,"name":"In\u00edcio","item":"https:\/\/blogdobispo.com.br\/"},{"@type":"ListItem","position":2,"name":"ZN NEWS: a nova voz da Zona Norte de Natal"}]},{"@type":"WebSite","@id":"https:\/\/blogdobispo.com.br\/#website","url":"https:\/\/blogdobispo.com.br\/","name":"Blog do Bispo","description":"Comprometido apenas com o leitor","publisher":{"@id":"https:\/\/blogdobispo.com.br\/#organization"},"potentialAction":[{"@type":"SearchAction","target":{"@type":"EntryPoint","urlTemplate":"https:\/\/blogdobispo.com.br\/?s={search_term_string}"},"query-input":{"@type":"PropertyValueSpecification","valueRequired":true,"valueName":"search_term_string"}}],"inLanguage":"pt-BR"},{"@type":"Organization","@id":"https:\/\/blogdobispo.com.br\/#organization","name":"Blog do Bispo","url":"https:\/\/blogdobispo.com.br\/","logo":{"@type":"ImageObject","inLanguage":"pt-BR","@id":"https:\/\/blogdobispo.com.br\/#\/schema\/logo\/image\/","url":"http:\/\/blogdobispo.com.br\/wp-content\/uploads\/2023\/05\/cropped-headear.png","contentUrl":"http:\/\/blogdobispo.com.br\/wp-content\/uploads\/2023\/05\/cropped-headear.png","width":1500,"height":399,"caption":"Blog do Bispo"},"image":{"@id":"https:\/\/blogdobispo.com.br\/#\/schema\/logo\/image\/"}},{"@type":"Person","@id":"https:\/\/blogdobispo.com.br\/#\/schema\/person\/e2209cc0e6cea5c5233d033e997b373f","name":"Jefferson Sterfeno","image":{"@type":"ImageObject","inLanguage":"pt-BR","@id":"https:\/\/blogdobispo.com.br\/#\/schema\/person\/image\/","url":"https:\/\/secure.gravatar.com\/avatar\/0534e84764641168a677026b6d57a3f51dc7ac4db0b4f6186d9cb330d4ee1160?s=96&d=mm&r=g","contentUrl":"https:\/\/secure.gravatar.com\/avatar\/0534e84764641168a677026b6d57a3f51dc7ac4db0b4f6186d9cb330d4ee1160?s=96&d=mm&r=g","caption":"Jefferson Sterfeno"},"sameAs":["http:\/\/blogdobispo.com.br"],"url":"https:\/\/blogdobispo.com.br\/?author=1"}]}},"featured_image_urls":{"full":"","thumbnail":"","medium":"","medium_large":"","large":"","1536x1536":"","2048x2048":""},"author_info":{"display_name":"Jefferson Sterfeno","author_link":"https:\/\/blogdobispo.com.br\/?author=1"},"category_info":"<a href=\"https:\/\/blogdobispo.com.br\/?cat=1\" rel=\"category\">diversos<\/a>","tag_info":"diversos","comment_count":"0","jetpack_featured_media_url":"","jetpack_sharing_enabled":true,"_links":{"self":[{"href":"https:\/\/blogdobispo.com.br\/index.php?rest_route=\/wp\/v2\/posts\/6139","targetHints":{"allow":["GET"]}}],"collection":[{"href":"https:\/\/blogdobispo.com.br\/index.php?rest_route=\/wp\/v2\/posts"}],"about":[{"href":"https:\/\/blogdobispo.com.br\/index.php?rest_route=\/wp\/v2\/types\/post"}],"author":[{"embeddable":true,"href":"https:\/\/blogdobispo.com.br\/index.php?rest_route=\/wp\/v2\/users\/1"}],"replies":[{"embeddable":true,"href":"https:\/\/blogdobispo.com.br\/index.php?rest_route=%2Fwp%2Fv2%2Fcomments&post=6139"}],"version-history":[{"count":1,"href":"https:\/\/blogdobispo.com.br\/index.php?rest_route=\/wp\/v2\/posts\/6139\/revisions"}],"predecessor-version":[{"id":6141,"href":"https:\/\/blogdobispo.com.br\/index.php?rest_route=\/wp\/v2\/posts\/6139\/revisions\/6141"}],"wp:attachment":[{"href":"https:\/\/blogdobispo.com.br\/index.php?rest_route=%2Fwp%2Fv2%2Fmedia&parent=6139"}],"wp:term":[{"taxonomy":"category","embeddable":true,"href":"https:\/\/blogdobispo.com.br\/index.php?rest_route=%2Fwp%2Fv2%2Fcategories&post=6139"},{"taxonomy":"post_tag","embeddable":true,"href":"https:\/\/blogdobispo.com.br\/index.php?rest_route=%2Fwp%2Fv2%2Ftags&post=6139"}],"curies":[{"name":"wp","href":"https:\/\/api.w.org\/{rel}","templated":true}]}}