{"id":6127,"date":"2025-07-28T13:28:46","date_gmt":"2025-07-28T13:28:46","guid":{"rendered":"https:\/\/blogdobispo.com.br\/?p=6127"},"modified":"2025-07-28T13:28:48","modified_gmt":"2025-07-28T13:28:48","slug":"vereador-eribaldo-medeiros-cobra-iluminacao-da-praia-dos-artistas-e-praia-do-meio-em-visita-a-semsur","status":"publish","type":"post","link":"https:\/\/blogdobispo.com.br\/?p=6127","title":{"rendered":"Vereador Eribaldo Medeiros Cobra Ilumina\u00e7\u00e3o da Praia dos Artistas e Praia do Meio em Visita \u00e0 SEMSUR"},"content":{"rendered":"\n<p><\/p>\n\n\n\n<p><em>28 de julho de 2025 \u2013 Natal (RN)<\/em><\/p>\n\n\n\n<p>Na manh\u00e3 desta segunda-feira (28), o vereador <strong>Eribaldo Medeiros<\/strong> esteve na sede da <strong>Secretaria Municipal de Servi\u00e7os Urbanos (SEMSUR)<\/strong> para cobrar provid\u00eancias quanto \u00e0 falta de ilumina\u00e7\u00e3o p\u00fablica na <strong>Praia dos Artistas<\/strong> e na <strong>Praia do Meio<\/strong>, trechos da orla de Natal que se encontram h\u00e1 meses \u00e0s escuras.<\/p>\n\n\n\n<figure class=\"wp-block-image\"><img data-recalc-dims=\"1\" fetchpriority=\"high\" decoding=\"async\" width=\"800\" height=\"1067\" src=\"https:\/\/i0.wp.com\/blogdobispo.com.br\/wp-content\/uploads\/2025\/07\/WhatsApp-Image-2025-07-28-at-10.01.06-scaled.jpeg?resize=800%2C1067\" alt=\"\" class=\"wp-image-6128\" srcset=\"https:\/\/i0.wp.com\/blogdobispo.com.br\/wp-content\/uploads\/2025\/07\/WhatsApp-Image-2025-07-28-at-10.01.06-scaled.jpeg?w=1920&amp;ssl=1 1920w, https:\/\/i0.wp.com\/blogdobispo.com.br\/wp-content\/uploads\/2025\/07\/WhatsApp-Image-2025-07-28-at-10.01.06-scaled.jpeg?resize=225%2C300&amp;ssl=1 225w, https:\/\/i0.wp.com\/blogdobispo.com.br\/wp-content\/uploads\/2025\/07\/WhatsApp-Image-2025-07-28-at-10.01.06-scaled.jpeg?resize=768%2C1024&amp;ssl=1 768w, https:\/\/i0.wp.com\/blogdobispo.com.br\/wp-content\/uploads\/2025\/07\/WhatsApp-Image-2025-07-28-at-10.01.06-scaled.jpeg?resize=1152%2C1536&amp;ssl=1 1152w, https:\/\/i0.wp.com\/blogdobispo.com.br\/wp-content\/uploads\/2025\/07\/WhatsApp-Image-2025-07-28-at-10.01.06-scaled.jpeg?resize=1536%2C2048&amp;ssl=1 1536w, https:\/\/i0.wp.com\/blogdobispo.com.br\/wp-content\/uploads\/2025\/07\/WhatsApp-Image-2025-07-28-at-10.01.06-scaled.jpeg?resize=1024%2C1365&amp;ssl=1 1024w, https:\/\/i0.wp.com\/blogdobispo.com.br\/wp-content\/uploads\/2025\/07\/WhatsApp-Image-2025-07-28-at-10.01.06-scaled.jpeg?w=1600 1600w\" sizes=\"(max-width: 800px) 100vw, 800px\" \/><\/figure>\n\n\n\n<p>O parlamentar foi recebido pelo secret\u00e1rio municipal <strong>Felipe Alves<\/strong>, com quem discutiu a necessidade urgente da reposi\u00e7\u00e3o das lumin\u00e1rias e da melhoria na infraestrutura de ilumina\u00e7\u00e3o p\u00fablica da regi\u00e3o. Segundo Eribaldo, a escurid\u00e3o tem gerado inseguran\u00e7a tanto para os frequentadores quanto para comerciantes da orla, impactando diretamente o turismo e a economia local.<\/p>\n\n\n\n<blockquote class=\"wp-block-quote is-layout-flow wp-block-quote-is-layout-flow\">\n<p>\u201cEstamos solicitando ao secret\u00e1rio Felipe que aquela regi\u00e3o possa ter ilumina\u00e7\u00e3o de LED de qualidade. A popula\u00e7\u00e3o merece seguran\u00e7a e dignidade para frequentar nossas praias, especialmente em um ponto t\u00e3o importante da cidade\u201d, afirmou o vereador.<\/p>\n<\/blockquote>\n\n\n\n<p>A \u00e1rea afetada est\u00e1 passando por um processo de <strong>requalifica\u00e7\u00e3o urbana<\/strong>, em parceria entre a <strong>SEMSUR<\/strong> e a <strong>Secretaria Municipal de Infraestrutura (SEINFRA)<\/strong>. As obras t\u00eam como objetivo revitalizar a orla, com melhorias na pavimenta\u00e7\u00e3o, acessibilidade, paisagismo e, principalmente, na ilumina\u00e7\u00e3o.<\/p>\n\n\n\n<p>Felipe Alves reconheceu o problema e garantiu que a equipe t\u00e9cnica da SEMSUR est\u00e1 trabalhando para resolver a situa\u00e7\u00e3o o mais r\u00e1pido poss\u00edvel. O secret\u00e1rio tamb\u00e9m informou que a reposi\u00e7\u00e3o das lumin\u00e1rias est\u00e1 prevista dentro do cronograma das obras de requalifica\u00e7\u00e3o em andamento.<\/p>\n\n\n\n<p>Eribaldo Medeiros destacou que continuar\u00e1 acompanhando de perto a execu\u00e7\u00e3o das melhorias e refor\u00e7ou seu compromisso com as comunidades litor\u00e2neas da capital potiguar.<\/p>\n","protected":false},"excerpt":{"rendered":"<p>28 de julho de 2025 \u2013 Natal (RN) Na manh\u00e3 desta segunda-feira (28), o vereador Eribaldo Medeiros esteve na sede da Secretaria Municipal de Servi\u00e7os Urbanos (SEMSUR) para cobrar provid\u00eancias quanto \u00e0 falta de ilumina\u00e7\u00e3o p\u00fablica na Praia dos Artistas e na Praia do Meio, trechos da orla de Natal que se encontram h\u00e1 meses [&hellip;]<\/p>\n","protected":false},"author":1,"featured_media":0,"comment_status":"open","ping_status":"open","sticky":false,"template":"","format":"standard","meta":{"cybocfi_hide_featured_image":"","_jetpack_memberships_contains_paid_content":false,"footnotes":""},"categories":[1],"tags":[],"class_list":["post-6127","post","type-post","status-publish","format-standard","hentry","category-diversos"],"yoast_head":"<!-- This site is optimized with the Yoast SEO plugin v25.6 - https:\/\/yoast.com\/wordpress\/plugins\/seo\/ -->\n<title>Vereador Eribaldo Medeiros Cobra Ilumina\u00e7\u00e3o da Praia dos Artistas e Praia do Meio em Visita \u00e0 SEMSUR - Blog do Bispo<\/title>\n<meta name=\"robots\" content=\"index, follow, max-snippet:-1, max-image-preview:large, max-video-preview:-1\" \/>\n<link rel=\"canonical\" href=\"https:\/\/blogdobispo.com.br\/?p=6127\" \/>\n<meta property=\"og:locale\" content=\"pt_BR\" \/>\n<meta property=\"og:type\" content=\"article\" \/>\n<meta property=\"og:title\" content=\"Vereador Eribaldo Medeiros Cobra Ilumina\u00e7\u00e3o da Praia dos Artistas e Praia do Meio em Visita \u00e0 SEMSUR - Blog do Bispo\" \/>\n<meta property=\"og:description\" content=\"28 de julho de 2025 \u2013 Natal (RN) Na manh\u00e3 desta segunda-feira (28), o vereador Eribaldo Medeiros esteve na sede da Secretaria Municipal de Servi\u00e7os Urbanos (SEMSUR) para cobrar provid\u00eancias quanto \u00e0 falta de ilumina\u00e7\u00e3o p\u00fablica na Praia dos Artistas e na Praia do Meio, trechos da orla de Natal que se encontram h\u00e1 meses [&hellip;]\" \/>\n<meta property=\"og:url\" content=\"https:\/\/blogdobispo.com.br\/?p=6127\" \/>\n<meta property=\"og:site_name\" content=\"Blog do Bispo\" \/>\n<meta property=\"article:published_time\" content=\"2025-07-28T13:28:46+00:00\" \/>\n<meta property=\"article:modified_time\" content=\"2025-07-28T13:28:48+00:00\" \/>\n<meta property=\"og:image\" content=\"http:\/\/blogdobispo.com.br\/wp-content\/uploads\/2025\/07\/WhatsApp-Image-2025-07-28-at-10.01.06-scaled.jpeg\" \/>\n<meta name=\"author\" content=\"Jefferson Sterfeno\" \/>\n<meta name=\"twitter:card\" content=\"summary_large_image\" \/>\n<meta name=\"twitter:label1\" content=\"Escrito por\" \/>\n\t<meta name=\"twitter:data1\" content=\"Jefferson Sterfeno\" \/>\n\t<meta name=\"twitter:label2\" content=\"Est. tempo de leitura\" \/>\n\t<meta name=\"twitter:data2\" content=\"2 minutos\" \/>\n<script type=\"application\/ld+json\" class=\"yoast-schema-graph\">{\"@context\":\"https:\/\/schema.org\",\"@graph\":[{\"@type\":\"Article\",\"@id\":\"https:\/\/blogdobispo.com.br\/?p=6127#article\",\"isPartOf\":{\"@id\":\"https:\/\/blogdobispo.com.br\/?p=6127\"},\"author\":{\"name\":\"Jefferson Sterfeno\",\"@id\":\"https:\/\/blogdobispo.com.br\/#\/schema\/person\/e2209cc0e6cea5c5233d033e997b373f\"},\"headline\":\"Vereador Eribaldo Medeiros Cobra Ilumina\u00e7\u00e3o da Praia dos Artistas e Praia do Meio em Visita \u00e0 SEMSUR\",\"datePublished\":\"2025-07-28T13:28:46+00:00\",\"dateModified\":\"2025-07-28T13:28:48+00:00\",\"mainEntityOfPage\":{\"@id\":\"https:\/\/blogdobispo.com.br\/?p=6127\"},\"wordCount\":299,\"commentCount\":0,\"publisher\":{\"@id\":\"https:\/\/blogdobispo.com.br\/#organization\"},\"image\":{\"@id\":\"https:\/\/blogdobispo.com.br\/?p=6127#primaryimage\"},\"thumbnailUrl\":\"http:\/\/blogdobispo.com.br\/wp-content\/uploads\/2025\/07\/WhatsApp-Image-2025-07-28-at-10.01.06-scaled.jpeg\",\"articleSection\":[\"diversos\"],\"inLanguage\":\"pt-BR\",\"potentialAction\":[{\"@type\":\"CommentAction\",\"name\":\"Comment\",\"target\":[\"https:\/\/blogdobispo.com.br\/?p=6127#respond\"]}]},{\"@type\":\"WebPage\",\"@id\":\"https:\/\/blogdobispo.com.br\/?p=6127\",\"url\":\"https:\/\/blogdobispo.com.br\/?p=6127\",\"name\":\"Vereador Eribaldo Medeiros Cobra Ilumina\u00e7\u00e3o da Praia dos Artistas e Praia do Meio em Visita \u00e0 SEMSUR - Blog do Bispo\",\"isPartOf\":{\"@id\":\"https:\/\/blogdobispo.com.br\/#website\"},\"primaryImageOfPage\":{\"@id\":\"https:\/\/blogdobispo.com.br\/?p=6127#primaryimage\"},\"image\":{\"@id\":\"https:\/\/blogdobispo.com.br\/?p=6127#primaryimage\"},\"thumbnailUrl\":\"http:\/\/blogdobispo.com.br\/wp-content\/uploads\/2025\/07\/WhatsApp-Image-2025-07-28-at-10.01.06-scaled.jpeg\",\"datePublished\":\"2025-07-28T13:28:46+00:00\",\"dateModified\":\"2025-07-28T13:28:48+00:00\",\"breadcrumb\":{\"@id\":\"https:\/\/blogdobispo.com.br\/?p=6127#breadcrumb\"},\"inLanguage\":\"pt-BR\",\"potentialAction\":[{\"@type\":\"ReadAction\",\"target\":[\"https:\/\/blogdobispo.com.br\/?p=6127\"]}]},{\"@type\":\"ImageObject\",\"inLanguage\":\"pt-BR\",\"@id\":\"https:\/\/blogdobispo.com.br\/?p=6127#primaryimage\",\"url\":\"https:\/\/i0.wp.com\/blogdobispo.com.br\/wp-content\/uploads\/2025\/07\/WhatsApp-Image-2025-07-28-at-10.01.06-scaled.jpeg?fit=1920%2C2560&ssl=1\",\"contentUrl\":\"https:\/\/i0.wp.com\/blogdobispo.com.br\/wp-content\/uploads\/2025\/07\/WhatsApp-Image-2025-07-28-at-10.01.06-scaled.jpeg?fit=1920%2C2560&ssl=1\",\"width\":1920,\"height\":2560},{\"@type\":\"BreadcrumbList\",\"@id\":\"https:\/\/blogdobispo.com.br\/?p=6127#breadcrumb\",\"itemListElement\":[{\"@type\":\"ListItem\",\"position\":1,\"name\":\"In\u00edcio\",\"item\":\"https:\/\/blogdobispo.com.br\/\"},{\"@type\":\"ListItem\",\"position\":2,\"name\":\"Vereador Eribaldo Medeiros Cobra Ilumina\u00e7\u00e3o da Praia dos Artistas e Praia do Meio em Visita \u00e0 SEMSUR\"}]},{\"@type\":\"WebSite\",\"@id\":\"https:\/\/blogdobispo.com.br\/#website\",\"url\":\"https:\/\/blogdobispo.com.br\/\",\"name\":\"Blog do Bispo\",\"description\":\"Comprometido apenas com o leitor\",\"publisher\":{\"@id\":\"https:\/\/blogdobispo.com.br\/#organization\"},\"potentialAction\":[{\"@type\":\"SearchAction\",\"target\":{\"@type\":\"EntryPoint\",\"urlTemplate\":\"https:\/\/blogdobispo.com.br\/?s={search_term_string}\"},\"query-input\":{\"@type\":\"PropertyValueSpecification\",\"valueRequired\":true,\"valueName\":\"search_term_string\"}}],\"inLanguage\":\"pt-BR\"},{\"@type\":\"Organization\",\"@id\":\"https:\/\/blogdobispo.com.br\/#organization\",\"name\":\"Blog do Bispo\",\"url\":\"https:\/\/blogdobispo.com.br\/\",\"logo\":{\"@type\":\"ImageObject\",\"inLanguage\":\"pt-BR\",\"@id\":\"https:\/\/blogdobispo.com.br\/#\/schema\/logo\/image\/\",\"url\":\"http:\/\/blogdobispo.com.br\/wp-content\/uploads\/2023\/05\/cropped-headear.png\",\"contentUrl\":\"http:\/\/blogdobispo.com.br\/wp-content\/uploads\/2023\/05\/cropped-headear.png\",\"width\":1500,\"height\":399,\"caption\":\"Blog do Bispo\"},\"image\":{\"@id\":\"https:\/\/blogdobispo.com.br\/#\/schema\/logo\/image\/\"}},{\"@type\":\"Person\",\"@id\":\"https:\/\/blogdobispo.com.br\/#\/schema\/person\/e2209cc0e6cea5c5233d033e997b373f\",\"name\":\"Jefferson Sterfeno\",\"image\":{\"@type\":\"ImageObject\",\"inLanguage\":\"pt-BR\",\"@id\":\"https:\/\/blogdobispo.com.br\/#\/schema\/person\/image\/\",\"url\":\"https:\/\/secure.gravatar.com\/avatar\/0534e84764641168a677026b6d57a3f51dc7ac4db0b4f6186d9cb330d4ee1160?s=96&d=mm&r=g\",\"contentUrl\":\"https:\/\/secure.gravatar.com\/avatar\/0534e84764641168a677026b6d57a3f51dc7ac4db0b4f6186d9cb330d4ee1160?s=96&d=mm&r=g\",\"caption\":\"Jefferson Sterfeno\"},\"sameAs\":[\"http:\/\/blogdobispo.com.br\"],\"url\":\"https:\/\/blogdobispo.com.br\/?author=1\"}]}<\/script>\n<!-- \/ Yoast SEO plugin. -->","yoast_head_json":{"title":"Vereador Eribaldo Medeiros Cobra Ilumina\u00e7\u00e3o da Praia dos Artistas e Praia do Meio em Visita \u00e0 SEMSUR - Blog do Bispo","robots":{"index":"index","follow":"follow","max-snippet":"max-snippet:-1","max-image-preview":"max-image-preview:large","max-video-preview":"max-video-preview:-1"},"canonical":"https:\/\/blogdobispo.com.br\/?p=6127","og_locale":"pt_BR","og_type":"article","og_title":"Vereador Eribaldo Medeiros Cobra Ilumina\u00e7\u00e3o da Praia dos Artistas e Praia do Meio em Visita \u00e0 SEMSUR - Blog do Bispo","og_description":"28 de julho de 2025 \u2013 Natal (RN) Na manh\u00e3 desta segunda-feira (28), o vereador Eribaldo Medeiros esteve na sede da Secretaria Municipal de Servi\u00e7os Urbanos (SEMSUR) para cobrar provid\u00eancias quanto \u00e0 falta de ilumina\u00e7\u00e3o p\u00fablica na Praia dos Artistas e na Praia do Meio, trechos da orla de Natal que se encontram h\u00e1 meses [&hellip;]","og_url":"https:\/\/blogdobispo.com.br\/?p=6127","og_site_name":"Blog do Bispo","article_published_time":"2025-07-28T13:28:46+00:00","article_modified_time":"2025-07-28T13:28:48+00:00","og_image":[{"url":"http:\/\/blogdobispo.com.br\/wp-content\/uploads\/2025\/07\/WhatsApp-Image-2025-07-28-at-10.01.06-scaled.jpeg","type":"","width":"","height":""}],"author":"Jefferson Sterfeno","twitter_card":"summary_large_image","twitter_misc":{"Escrito por":"Jefferson Sterfeno","Est. tempo de leitura":"2 minutos"},"schema":{"@context":"https:\/\/schema.org","@graph":[{"@type":"Article","@id":"https:\/\/blogdobispo.com.br\/?p=6127#article","isPartOf":{"@id":"https:\/\/blogdobispo.com.br\/?p=6127"},"author":{"name":"Jefferson Sterfeno","@id":"https:\/\/blogdobispo.com.br\/#\/schema\/person\/e2209cc0e6cea5c5233d033e997b373f"},"headline":"Vereador Eribaldo Medeiros Cobra Ilumina\u00e7\u00e3o da Praia dos Artistas e Praia do Meio em Visita \u00e0 SEMSUR","datePublished":"2025-07-28T13:28:46+00:00","dateModified":"2025-07-28T13:28:48+00:00","mainEntityOfPage":{"@id":"https:\/\/blogdobispo.com.br\/?p=6127"},"wordCount":299,"commentCount":0,"publisher":{"@id":"https:\/\/blogdobispo.com.br\/#organization"},"image":{"@id":"https:\/\/blogdobispo.com.br\/?p=6127#primaryimage"},"thumbnailUrl":"http:\/\/blogdobispo.com.br\/wp-content\/uploads\/2025\/07\/WhatsApp-Image-2025-07-28-at-10.01.06-scaled.jpeg","articleSection":["diversos"],"inLanguage":"pt-BR","potentialAction":[{"@type":"CommentAction","name":"Comment","target":["https:\/\/blogdobispo.com.br\/?p=6127#respond"]}]},{"@type":"WebPage","@id":"https:\/\/blogdobispo.com.br\/?p=6127","url":"https:\/\/blogdobispo.com.br\/?p=6127","name":"Vereador Eribaldo Medeiros Cobra Ilumina\u00e7\u00e3o da Praia dos Artistas e Praia do Meio em Visita \u00e0 SEMSUR - Blog do Bispo","isPartOf":{"@id":"https:\/\/blogdobispo.com.br\/#website"},"primaryImageOfPage":{"@id":"https:\/\/blogdobispo.com.br\/?p=6127#primaryimage"},"image":{"@id":"https:\/\/blogdobispo.com.br\/?p=6127#primaryimage"},"thumbnailUrl":"http:\/\/blogdobispo.com.br\/wp-content\/uploads\/2025\/07\/WhatsApp-Image-2025-07-28-at-10.01.06-scaled.jpeg","datePublished":"2025-07-28T13:28:46+00:00","dateModified":"2025-07-28T13:28:48+00:00","breadcrumb":{"@id":"https:\/\/blogdobispo.com.br\/?p=6127#breadcrumb"},"inLanguage":"pt-BR","potentialAction":[{"@type":"ReadAction","target":["https:\/\/blogdobispo.com.br\/?p=6127"]}]},{"@type":"ImageObject","inLanguage":"pt-BR","@id":"https:\/\/blogdobispo.com.br\/?p=6127#primaryimage","url":"https:\/\/i0.wp.com\/blogdobispo.com.br\/wp-content\/uploads\/2025\/07\/WhatsApp-Image-2025-07-28-at-10.01.06-scaled.jpeg?fit=1920%2C2560&ssl=1","contentUrl":"https:\/\/i0.wp.com\/blogdobispo.com.br\/wp-content\/uploads\/2025\/07\/WhatsApp-Image-2025-07-28-at-10.01.06-scaled.jpeg?fit=1920%2C2560&ssl=1","width":1920,"height":2560},{"@type":"BreadcrumbList","@id":"https:\/\/blogdobispo.com.br\/?p=6127#breadcrumb","itemListElement":[{"@type":"ListItem","position":1,"name":"In\u00edcio","item":"https:\/\/blogdobispo.com.br\/"},{"@type":"ListItem","position":2,"name":"Vereador Eribaldo Medeiros Cobra Ilumina\u00e7\u00e3o da Praia dos Artistas e Praia do Meio em Visita \u00e0 SEMSUR"}]},{"@type":"WebSite","@id":"https:\/\/blogdobispo.com.br\/#website","url":"https:\/\/blogdobispo.com.br\/","name":"Blog do Bispo","description":"Comprometido apenas com o leitor","publisher":{"@id":"https:\/\/blogdobispo.com.br\/#organization"},"potentialAction":[{"@type":"SearchAction","target":{"@type":"EntryPoint","urlTemplate":"https:\/\/blogdobispo.com.br\/?s={search_term_string}"},"query-input":{"@type":"PropertyValueSpecification","valueRequired":true,"valueName":"search_term_string"}}],"inLanguage":"pt-BR"},{"@type":"Organization","@id":"https:\/\/blogdobispo.com.br\/#organization","name":"Blog do Bispo","url":"https:\/\/blogdobispo.com.br\/","logo":{"@type":"ImageObject","inLanguage":"pt-BR","@id":"https:\/\/blogdobispo.com.br\/#\/schema\/logo\/image\/","url":"http:\/\/blogdobispo.com.br\/wp-content\/uploads\/2023\/05\/cropped-headear.png","contentUrl":"http:\/\/blogdobispo.com.br\/wp-content\/uploads\/2023\/05\/cropped-headear.png","width":1500,"height":399,"caption":"Blog do Bispo"},"image":{"@id":"https:\/\/blogdobispo.com.br\/#\/schema\/logo\/image\/"}},{"@type":"Person","@id":"https:\/\/blogdobispo.com.br\/#\/schema\/person\/e2209cc0e6cea5c5233d033e997b373f","name":"Jefferson Sterfeno","image":{"@type":"ImageObject","inLanguage":"pt-BR","@id":"https:\/\/blogdobispo.com.br\/#\/schema\/person\/image\/","url":"https:\/\/secure.gravatar.com\/avatar\/0534e84764641168a677026b6d57a3f51dc7ac4db0b4f6186d9cb330d4ee1160?s=96&d=mm&r=g","contentUrl":"https:\/\/secure.gravatar.com\/avatar\/0534e84764641168a677026b6d57a3f51dc7ac4db0b4f6186d9cb330d4ee1160?s=96&d=mm&r=g","caption":"Jefferson Sterfeno"},"sameAs":["http:\/\/blogdobispo.com.br"],"url":"https:\/\/blogdobispo.com.br\/?author=1"}]}},"featured_image_urls":{"full":"","thumbnail":"","medium":"","medium_large":"","large":"","1536x1536":"","2048x2048":""},"author_info":{"display_name":"Jefferson Sterfeno","author_link":"https:\/\/blogdobispo.com.br\/?author=1"},"category_info":"<a href=\"https:\/\/blogdobispo.com.br\/?cat=1\" rel=\"category\">diversos<\/a>","tag_info":"diversos","comment_count":"0","jetpack_featured_media_url":"","jetpack_sharing_enabled":true,"_links":{"self":[{"href":"https:\/\/blogdobispo.com.br\/index.php?rest_route=\/wp\/v2\/posts\/6127","targetHints":{"allow":["GET"]}}],"collection":[{"href":"https:\/\/blogdobispo.com.br\/index.php?rest_route=\/wp\/v2\/posts"}],"about":[{"href":"https:\/\/blogdobispo.com.br\/index.php?rest_route=\/wp\/v2\/types\/post"}],"author":[{"embeddable":true,"href":"https:\/\/blogdobispo.com.br\/index.php?rest_route=\/wp\/v2\/users\/1"}],"replies":[{"embeddable":true,"href":"https:\/\/blogdobispo.com.br\/index.php?rest_route=%2Fwp%2Fv2%2Fcomments&post=6127"}],"version-history":[{"count":1,"href":"https:\/\/blogdobispo.com.br\/index.php?rest_route=\/wp\/v2\/posts\/6127\/revisions"}],"predecessor-version":[{"id":6129,"href":"https:\/\/blogdobispo.com.br\/index.php?rest_route=\/wp\/v2\/posts\/6127\/revisions\/6129"}],"wp:attachment":[{"href":"https:\/\/blogdobispo.com.br\/index.php?rest_route=%2Fwp%2Fv2%2Fmedia&parent=6127"}],"wp:term":[{"taxonomy":"category","embeddable":true,"href":"https:\/\/blogdobispo.com.br\/index.php?rest_route=%2Fwp%2Fv2%2Fcategories&post=6127"},{"taxonomy":"post_tag","embeddable":true,"href":"https:\/\/blogdobispo.com.br\/index.php?rest_route=%2Fwp%2Fv2%2Ftags&post=6127"}],"curies":[{"name":"wp","href":"https:\/\/api.w.org\/{rel}","templated":true}]}}