{"id":6123,"date":"2025-07-28T12:16:56","date_gmt":"2025-07-28T12:16:56","guid":{"rendered":"https:\/\/blogdobispo.com.br\/?p=6123"},"modified":"2025-07-28T12:17:07","modified_gmt":"2025-07-28T12:17:07","slug":"dr-tadeu-confirma-vai-deixar-a-prefeitura-de-caico-para-disputar-vaga-na-assembleia","status":"publish","type":"post","link":"https:\/\/blogdobispo.com.br\/?p=6123","title":{"rendered":"Dr. Tadeu confirma: vai deixar a Prefeitura de Caic\u00f3 para disputar vaga na Assembleia"},"content":{"rendered":"\n<p>No domingo de encerramento da tradicional\u00a0<strong>Festa de Sant\u2019Ana<\/strong>, o prefeito de Caic\u00f3,\u00a0<strong>Dr. Tadeu<\/strong>, confirmou ao\u00a0<em><strong>Blogue do Xerife<\/strong><\/em>\u00a0que deixar\u00e1 o cargo dentro do prazo legal para disputar uma vaga na Assembleia Legislativa do Rio Grande do Norte em 2026.<\/p>\n\n\n\n<p>\u201cSou candidato a deputado estadual. No prazo previsto por lei, vou me afastar da prefeitura e passar o bast\u00e3o para meu vice-prefeito, Toinho Santiago\u201d, declarou Dr. Tadeu, que encerra seu mandato com aprova\u00e7\u00e3o popular superior a&nbsp;<strong>80%&nbsp;<\/strong>no munic\u00edpio.<\/p>\n\n\n\n<p>Na elei\u00e7\u00e3o de 2020, Dr. Tadeu foi eleito com uma vota\u00e7\u00e3o expressiva:&nbsp;<strong>26.716<\/strong>&nbsp;votos, o que representou&nbsp;<strong>74,93%&nbsp;<\/strong>dos votos v\u00e1lidos \u2014 uma das maiores margens de vit\u00f3ria da hist\u00f3ria recente de Caic\u00f3. Com esse capital pol\u00edtico consolidado, ele entra na disputa estadual como um nome forte no Serid\u00f3 e com potencial de crescimento em outras regi\u00f5es.<\/p>\n\n\n\n<p>A decis\u00e3o j\u00e1 vinha sendo ventilada nos bastidores e, agora oficializada, movimenta o tabuleiro pol\u00edtico da regi\u00e3o e abre espa\u00e7o para que o vice-prefeito assuma a gest\u00e3o da cidade.<\/p>\n\n\n\n<p>Blog do Xerife<\/p>\n\n\n\n<figure class=\"wp-block-image\"><img data-recalc-dims=\"1\" fetchpriority=\"high\" decoding=\"async\" width=\"800\" height=\"538\" src=\"https:\/\/i0.wp.com\/blogdobispo.com.br\/wp-content\/uploads\/2025\/07\/image-290.png?resize=800%2C538\" alt=\"\" class=\"wp-image-6124\" srcset=\"https:\/\/i0.wp.com\/blogdobispo.com.br\/wp-content\/uploads\/2025\/07\/image-290.png?w=1000&amp;ssl=1 1000w, https:\/\/i0.wp.com\/blogdobispo.com.br\/wp-content\/uploads\/2025\/07\/image-290.png?resize=300%2C202&amp;ssl=1 300w, https:\/\/i0.wp.com\/blogdobispo.com.br\/wp-content\/uploads\/2025\/07\/image-290.png?resize=768%2C517&amp;ssl=1 768w\" sizes=\"(max-width: 800px) 100vw, 800px\" \/><\/figure>\n","protected":false},"excerpt":{"rendered":"<p>No domingo de encerramento da tradicional\u00a0Festa de Sant\u2019Ana, o prefeito de Caic\u00f3,\u00a0Dr. Tadeu, confirmou ao\u00a0Blogue do Xerife\u00a0que deixar\u00e1 o cargo dentro do prazo legal para disputar uma vaga na Assembleia Legislativa do Rio Grande do Norte em 2026. \u201cSou candidato a deputado estadual. No prazo previsto por lei, vou me afastar da prefeitura e passar [&hellip;]<\/p>\n","protected":false},"author":1,"featured_media":0,"comment_status":"open","ping_status":"open","sticky":false,"template":"","format":"standard","meta":{"cybocfi_hide_featured_image":"","_jetpack_memberships_contains_paid_content":false,"footnotes":""},"categories":[1],"tags":[],"class_list":["post-6123","post","type-post","status-publish","format-standard","hentry","category-diversos"],"yoast_head":"<!-- This site is optimized with the Yoast SEO plugin v25.6 - https:\/\/yoast.com\/wordpress\/plugins\/seo\/ -->\n<title>Dr. Tadeu confirma: vai deixar a Prefeitura de Caic\u00f3 para disputar vaga na Assembleia - Blog do Bispo<\/title>\n<meta name=\"robots\" content=\"index, follow, max-snippet:-1, max-image-preview:large, max-video-preview:-1\" \/>\n<link rel=\"canonical\" href=\"https:\/\/blogdobispo.com.br\/?p=6123\" \/>\n<meta property=\"og:locale\" content=\"pt_BR\" \/>\n<meta property=\"og:type\" content=\"article\" \/>\n<meta property=\"og:title\" content=\"Dr. Tadeu confirma: vai deixar a Prefeitura de Caic\u00f3 para disputar vaga na Assembleia - Blog do Bispo\" \/>\n<meta property=\"og:description\" content=\"No domingo de encerramento da tradicional\u00a0Festa de Sant\u2019Ana, o prefeito de Caic\u00f3,\u00a0Dr. Tadeu, confirmou ao\u00a0Blogue do Xerife\u00a0que deixar\u00e1 o cargo dentro do prazo legal para disputar uma vaga na Assembleia Legislativa do Rio Grande do Norte em 2026. \u201cSou candidato a deputado estadual. No prazo previsto por lei, vou me afastar da prefeitura e passar [&hellip;]\" \/>\n<meta property=\"og:url\" content=\"https:\/\/blogdobispo.com.br\/?p=6123\" \/>\n<meta property=\"og:site_name\" content=\"Blog do Bispo\" \/>\n<meta property=\"article:published_time\" content=\"2025-07-28T12:16:56+00:00\" \/>\n<meta property=\"article:modified_time\" content=\"2025-07-28T12:17:07+00:00\" \/>\n<meta property=\"og:image\" content=\"http:\/\/blogdobispo.com.br\/wp-content\/uploads\/2025\/07\/image-290.png\" \/>\n<meta name=\"author\" content=\"Jefferson Sterfeno\" \/>\n<meta name=\"twitter:card\" content=\"summary_large_image\" \/>\n<meta name=\"twitter:label1\" content=\"Escrito por\" \/>\n\t<meta name=\"twitter:data1\" content=\"Jefferson Sterfeno\" \/>\n\t<meta name=\"twitter:label2\" content=\"Est. tempo de leitura\" \/>\n\t<meta name=\"twitter:data2\" content=\"2 minutos\" \/>\n<script type=\"application\/ld+json\" class=\"yoast-schema-graph\">{\"@context\":\"https:\/\/schema.org\",\"@graph\":[{\"@type\":\"Article\",\"@id\":\"https:\/\/blogdobispo.com.br\/?p=6123#article\",\"isPartOf\":{\"@id\":\"https:\/\/blogdobispo.com.br\/?p=6123\"},\"author\":{\"name\":\"Jefferson Sterfeno\",\"@id\":\"https:\/\/blogdobispo.com.br\/#\/schema\/person\/e2209cc0e6cea5c5233d033e997b373f\"},\"headline\":\"Dr. Tadeu confirma: vai deixar a Prefeitura de Caic\u00f3 para disputar vaga na Assembleia\",\"datePublished\":\"2025-07-28T12:16:56+00:00\",\"dateModified\":\"2025-07-28T12:17:07+00:00\",\"mainEntityOfPage\":{\"@id\":\"https:\/\/blogdobispo.com.br\/?p=6123\"},\"wordCount\":200,\"commentCount\":0,\"publisher\":{\"@id\":\"https:\/\/blogdobispo.com.br\/#organization\"},\"image\":{\"@id\":\"https:\/\/blogdobispo.com.br\/?p=6123#primaryimage\"},\"thumbnailUrl\":\"http:\/\/blogdobispo.com.br\/wp-content\/uploads\/2025\/07\/image-290.png\",\"articleSection\":[\"diversos\"],\"inLanguage\":\"pt-BR\",\"potentialAction\":[{\"@type\":\"CommentAction\",\"name\":\"Comment\",\"target\":[\"https:\/\/blogdobispo.com.br\/?p=6123#respond\"]}]},{\"@type\":\"WebPage\",\"@id\":\"https:\/\/blogdobispo.com.br\/?p=6123\",\"url\":\"https:\/\/blogdobispo.com.br\/?p=6123\",\"name\":\"Dr. Tadeu confirma: vai deixar a Prefeitura de Caic\u00f3 para disputar vaga na Assembleia - Blog do Bispo\",\"isPartOf\":{\"@id\":\"https:\/\/blogdobispo.com.br\/#website\"},\"primaryImageOfPage\":{\"@id\":\"https:\/\/blogdobispo.com.br\/?p=6123#primaryimage\"},\"image\":{\"@id\":\"https:\/\/blogdobispo.com.br\/?p=6123#primaryimage\"},\"thumbnailUrl\":\"http:\/\/blogdobispo.com.br\/wp-content\/uploads\/2025\/07\/image-290.png\",\"datePublished\":\"2025-07-28T12:16:56+00:00\",\"dateModified\":\"2025-07-28T12:17:07+00:00\",\"breadcrumb\":{\"@id\":\"https:\/\/blogdobispo.com.br\/?p=6123#breadcrumb\"},\"inLanguage\":\"pt-BR\",\"potentialAction\":[{\"@type\":\"ReadAction\",\"target\":[\"https:\/\/blogdobispo.com.br\/?p=6123\"]}]},{\"@type\":\"ImageObject\",\"inLanguage\":\"pt-BR\",\"@id\":\"https:\/\/blogdobispo.com.br\/?p=6123#primaryimage\",\"url\":\"https:\/\/i0.wp.com\/blogdobispo.com.br\/wp-content\/uploads\/2025\/07\/image-290.png?fit=1000%2C673&ssl=1\",\"contentUrl\":\"https:\/\/i0.wp.com\/blogdobispo.com.br\/wp-content\/uploads\/2025\/07\/image-290.png?fit=1000%2C673&ssl=1\",\"width\":1000,\"height\":673},{\"@type\":\"BreadcrumbList\",\"@id\":\"https:\/\/blogdobispo.com.br\/?p=6123#breadcrumb\",\"itemListElement\":[{\"@type\":\"ListItem\",\"position\":1,\"name\":\"In\u00edcio\",\"item\":\"https:\/\/blogdobispo.com.br\/\"},{\"@type\":\"ListItem\",\"position\":2,\"name\":\"Dr. Tadeu confirma: vai deixar a Prefeitura de Caic\u00f3 para disputar vaga na Assembleia\"}]},{\"@type\":\"WebSite\",\"@id\":\"https:\/\/blogdobispo.com.br\/#website\",\"url\":\"https:\/\/blogdobispo.com.br\/\",\"name\":\"Blog do Bispo\",\"description\":\"Comprometido apenas com o leitor\",\"publisher\":{\"@id\":\"https:\/\/blogdobispo.com.br\/#organization\"},\"potentialAction\":[{\"@type\":\"SearchAction\",\"target\":{\"@type\":\"EntryPoint\",\"urlTemplate\":\"https:\/\/blogdobispo.com.br\/?s={search_term_string}\"},\"query-input\":{\"@type\":\"PropertyValueSpecification\",\"valueRequired\":true,\"valueName\":\"search_term_string\"}}],\"inLanguage\":\"pt-BR\"},{\"@type\":\"Organization\",\"@id\":\"https:\/\/blogdobispo.com.br\/#organization\",\"name\":\"Blog do Bispo\",\"url\":\"https:\/\/blogdobispo.com.br\/\",\"logo\":{\"@type\":\"ImageObject\",\"inLanguage\":\"pt-BR\",\"@id\":\"https:\/\/blogdobispo.com.br\/#\/schema\/logo\/image\/\",\"url\":\"http:\/\/blogdobispo.com.br\/wp-content\/uploads\/2023\/05\/cropped-headear.png\",\"contentUrl\":\"http:\/\/blogdobispo.com.br\/wp-content\/uploads\/2023\/05\/cropped-headear.png\",\"width\":1500,\"height\":399,\"caption\":\"Blog do Bispo\"},\"image\":{\"@id\":\"https:\/\/blogdobispo.com.br\/#\/schema\/logo\/image\/\"}},{\"@type\":\"Person\",\"@id\":\"https:\/\/blogdobispo.com.br\/#\/schema\/person\/e2209cc0e6cea5c5233d033e997b373f\",\"name\":\"Jefferson Sterfeno\",\"image\":{\"@type\":\"ImageObject\",\"inLanguage\":\"pt-BR\",\"@id\":\"https:\/\/blogdobispo.com.br\/#\/schema\/person\/image\/\",\"url\":\"https:\/\/secure.gravatar.com\/avatar\/0534e84764641168a677026b6d57a3f51dc7ac4db0b4f6186d9cb330d4ee1160?s=96&d=mm&r=g\",\"contentUrl\":\"https:\/\/secure.gravatar.com\/avatar\/0534e84764641168a677026b6d57a3f51dc7ac4db0b4f6186d9cb330d4ee1160?s=96&d=mm&r=g\",\"caption\":\"Jefferson Sterfeno\"},\"sameAs\":[\"http:\/\/blogdobispo.com.br\"],\"url\":\"https:\/\/blogdobispo.com.br\/?author=1\"}]}<\/script>\n<!-- \/ Yoast SEO plugin. -->","yoast_head_json":{"title":"Dr. Tadeu confirma: vai deixar a Prefeitura de Caic\u00f3 para disputar vaga na Assembleia - Blog do Bispo","robots":{"index":"index","follow":"follow","max-snippet":"max-snippet:-1","max-image-preview":"max-image-preview:large","max-video-preview":"max-video-preview:-1"},"canonical":"https:\/\/blogdobispo.com.br\/?p=6123","og_locale":"pt_BR","og_type":"article","og_title":"Dr. Tadeu confirma: vai deixar a Prefeitura de Caic\u00f3 para disputar vaga na Assembleia - Blog do Bispo","og_description":"No domingo de encerramento da tradicional\u00a0Festa de Sant\u2019Ana, o prefeito de Caic\u00f3,\u00a0Dr. Tadeu, confirmou ao\u00a0Blogue do Xerife\u00a0que deixar\u00e1 o cargo dentro do prazo legal para disputar uma vaga na Assembleia Legislativa do Rio Grande do Norte em 2026. \u201cSou candidato a deputado estadual. No prazo previsto por lei, vou me afastar da prefeitura e passar [&hellip;]","og_url":"https:\/\/blogdobispo.com.br\/?p=6123","og_site_name":"Blog do Bispo","article_published_time":"2025-07-28T12:16:56+00:00","article_modified_time":"2025-07-28T12:17:07+00:00","og_image":[{"url":"http:\/\/blogdobispo.com.br\/wp-content\/uploads\/2025\/07\/image-290.png","type":"","width":"","height":""}],"author":"Jefferson Sterfeno","twitter_card":"summary_large_image","twitter_misc":{"Escrito por":"Jefferson Sterfeno","Est. tempo de leitura":"2 minutos"},"schema":{"@context":"https:\/\/schema.org","@graph":[{"@type":"Article","@id":"https:\/\/blogdobispo.com.br\/?p=6123#article","isPartOf":{"@id":"https:\/\/blogdobispo.com.br\/?p=6123"},"author":{"name":"Jefferson Sterfeno","@id":"https:\/\/blogdobispo.com.br\/#\/schema\/person\/e2209cc0e6cea5c5233d033e997b373f"},"headline":"Dr. Tadeu confirma: vai deixar a Prefeitura de Caic\u00f3 para disputar vaga na Assembleia","datePublished":"2025-07-28T12:16:56+00:00","dateModified":"2025-07-28T12:17:07+00:00","mainEntityOfPage":{"@id":"https:\/\/blogdobispo.com.br\/?p=6123"},"wordCount":200,"commentCount":0,"publisher":{"@id":"https:\/\/blogdobispo.com.br\/#organization"},"image":{"@id":"https:\/\/blogdobispo.com.br\/?p=6123#primaryimage"},"thumbnailUrl":"http:\/\/blogdobispo.com.br\/wp-content\/uploads\/2025\/07\/image-290.png","articleSection":["diversos"],"inLanguage":"pt-BR","potentialAction":[{"@type":"CommentAction","name":"Comment","target":["https:\/\/blogdobispo.com.br\/?p=6123#respond"]}]},{"@type":"WebPage","@id":"https:\/\/blogdobispo.com.br\/?p=6123","url":"https:\/\/blogdobispo.com.br\/?p=6123","name":"Dr. Tadeu confirma: vai deixar a Prefeitura de Caic\u00f3 para disputar vaga na Assembleia - Blog do Bispo","isPartOf":{"@id":"https:\/\/blogdobispo.com.br\/#website"},"primaryImageOfPage":{"@id":"https:\/\/blogdobispo.com.br\/?p=6123#primaryimage"},"image":{"@id":"https:\/\/blogdobispo.com.br\/?p=6123#primaryimage"},"thumbnailUrl":"http:\/\/blogdobispo.com.br\/wp-content\/uploads\/2025\/07\/image-290.png","datePublished":"2025-07-28T12:16:56+00:00","dateModified":"2025-07-28T12:17:07+00:00","breadcrumb":{"@id":"https:\/\/blogdobispo.com.br\/?p=6123#breadcrumb"},"inLanguage":"pt-BR","potentialAction":[{"@type":"ReadAction","target":["https:\/\/blogdobispo.com.br\/?p=6123"]}]},{"@type":"ImageObject","inLanguage":"pt-BR","@id":"https:\/\/blogdobispo.com.br\/?p=6123#primaryimage","url":"https:\/\/i0.wp.com\/blogdobispo.com.br\/wp-content\/uploads\/2025\/07\/image-290.png?fit=1000%2C673&ssl=1","contentUrl":"https:\/\/i0.wp.com\/blogdobispo.com.br\/wp-content\/uploads\/2025\/07\/image-290.png?fit=1000%2C673&ssl=1","width":1000,"height":673},{"@type":"BreadcrumbList","@id":"https:\/\/blogdobispo.com.br\/?p=6123#breadcrumb","itemListElement":[{"@type":"ListItem","position":1,"name":"In\u00edcio","item":"https:\/\/blogdobispo.com.br\/"},{"@type":"ListItem","position":2,"name":"Dr. Tadeu confirma: vai deixar a Prefeitura de Caic\u00f3 para disputar vaga na Assembleia"}]},{"@type":"WebSite","@id":"https:\/\/blogdobispo.com.br\/#website","url":"https:\/\/blogdobispo.com.br\/","name":"Blog do Bispo","description":"Comprometido apenas com o leitor","publisher":{"@id":"https:\/\/blogdobispo.com.br\/#organization"},"potentialAction":[{"@type":"SearchAction","target":{"@type":"EntryPoint","urlTemplate":"https:\/\/blogdobispo.com.br\/?s={search_term_string}"},"query-input":{"@type":"PropertyValueSpecification","valueRequired":true,"valueName":"search_term_string"}}],"inLanguage":"pt-BR"},{"@type":"Organization","@id":"https:\/\/blogdobispo.com.br\/#organization","name":"Blog do Bispo","url":"https:\/\/blogdobispo.com.br\/","logo":{"@type":"ImageObject","inLanguage":"pt-BR","@id":"https:\/\/blogdobispo.com.br\/#\/schema\/logo\/image\/","url":"http:\/\/blogdobispo.com.br\/wp-content\/uploads\/2023\/05\/cropped-headear.png","contentUrl":"http:\/\/blogdobispo.com.br\/wp-content\/uploads\/2023\/05\/cropped-headear.png","width":1500,"height":399,"caption":"Blog do Bispo"},"image":{"@id":"https:\/\/blogdobispo.com.br\/#\/schema\/logo\/image\/"}},{"@type":"Person","@id":"https:\/\/blogdobispo.com.br\/#\/schema\/person\/e2209cc0e6cea5c5233d033e997b373f","name":"Jefferson Sterfeno","image":{"@type":"ImageObject","inLanguage":"pt-BR","@id":"https:\/\/blogdobispo.com.br\/#\/schema\/person\/image\/","url":"https:\/\/secure.gravatar.com\/avatar\/0534e84764641168a677026b6d57a3f51dc7ac4db0b4f6186d9cb330d4ee1160?s=96&d=mm&r=g","contentUrl":"https:\/\/secure.gravatar.com\/avatar\/0534e84764641168a677026b6d57a3f51dc7ac4db0b4f6186d9cb330d4ee1160?s=96&d=mm&r=g","caption":"Jefferson Sterfeno"},"sameAs":["http:\/\/blogdobispo.com.br"],"url":"https:\/\/blogdobispo.com.br\/?author=1"}]}},"featured_image_urls":{"full":"","thumbnail":"","medium":"","medium_large":"","large":"","1536x1536":"","2048x2048":""},"author_info":{"display_name":"Jefferson Sterfeno","author_link":"https:\/\/blogdobispo.com.br\/?author=1"},"category_info":"<a href=\"https:\/\/blogdobispo.com.br\/?cat=1\" rel=\"category\">diversos<\/a>","tag_info":"diversos","comment_count":"0","jetpack_featured_media_url":"","jetpack_sharing_enabled":true,"_links":{"self":[{"href":"https:\/\/blogdobispo.com.br\/index.php?rest_route=\/wp\/v2\/posts\/6123","targetHints":{"allow":["GET"]}}],"collection":[{"href":"https:\/\/blogdobispo.com.br\/index.php?rest_route=\/wp\/v2\/posts"}],"about":[{"href":"https:\/\/blogdobispo.com.br\/index.php?rest_route=\/wp\/v2\/types\/post"}],"author":[{"embeddable":true,"href":"https:\/\/blogdobispo.com.br\/index.php?rest_route=\/wp\/v2\/users\/1"}],"replies":[{"embeddable":true,"href":"https:\/\/blogdobispo.com.br\/index.php?rest_route=%2Fwp%2Fv2%2Fcomments&post=6123"}],"version-history":[{"count":2,"href":"https:\/\/blogdobispo.com.br\/index.php?rest_route=\/wp\/v2\/posts\/6123\/revisions"}],"predecessor-version":[{"id":6126,"href":"https:\/\/blogdobispo.com.br\/index.php?rest_route=\/wp\/v2\/posts\/6123\/revisions\/6126"}],"wp:attachment":[{"href":"https:\/\/blogdobispo.com.br\/index.php?rest_route=%2Fwp%2Fv2%2Fmedia&parent=6123"}],"wp:term":[{"taxonomy":"category","embeddable":true,"href":"https:\/\/blogdobispo.com.br\/index.php?rest_route=%2Fwp%2Fv2%2Fcategories&post=6123"},{"taxonomy":"post_tag","embeddable":true,"href":"https:\/\/blogdobispo.com.br\/index.php?rest_route=%2Fwp%2Fv2%2Ftags&post=6123"}],"curies":[{"name":"wp","href":"https:\/\/api.w.org\/{rel}","templated":true}]}}