{"id":6118,"date":"2025-07-27T02:25:34","date_gmt":"2025-07-27T02:25:34","guid":{"rendered":"https:\/\/blogdobispo.com.br\/?p=6118"},"modified":"2025-07-27T02:25:34","modified_gmt":"2025-07-27T02:25:34","slug":"alianca-entre-paulinho-freire-e-eriko-jacome-se-fortalece-e-vira-pilar-da-politica-natalense","status":"publish","type":"post","link":"https:\/\/blogdobispo.com.br\/?p=6118","title":{"rendered":"Alian\u00e7a entre Paulinho Freire e Eriko J\u00e1come se fortalece e vira pilar da pol\u00edtica natalense"},"content":{"rendered":"\n<figure class=\"wp-block-image size-large\"><img data-recalc-dims=\"1\" fetchpriority=\"high\" decoding=\"async\" width=\"738\" height=\"416\" src=\"https:\/\/i0.wp.com\/blogdobispo.com.br\/wp-content\/uploads\/2025\/07\/img_5693.jpg?resize=738%2C416&#038;ssl=1\" class=\"wp-image-6117\" srcset=\"https:\/\/i0.wp.com\/blogdobispo.com.br\/wp-content\/uploads\/2025\/07\/img_5693.jpg?w=738&amp;ssl=1 738w, https:\/\/i0.wp.com\/blogdobispo.com.br\/wp-content\/uploads\/2025\/07\/img_5693.jpg?resize=300%2C169&amp;ssl=1 300w\" sizes=\"(max-width: 738px) 100vw, 738px\" \/><\/figure>\n\n\n\n<p class=\"p1\"><\/p>\n\n\n\n<p class=\"p1\">Natal presencia, em 2025, o amadurecimento de uma das mais s\u00f3lidas alian\u00e7as pol\u00edticas da capital: a parceria entre o prefeito Paulinho Freire e o vereador Eriko J\u00e1come. Mais do que um arranjo institucional, os dois pol\u00edticos demonstram sintonia fina tanto na articula\u00e7\u00e3o pol\u00edtica quanto na execu\u00e7\u00e3o de projetos que beneficiam diretamente a popula\u00e7\u00e3o.<\/p>\n\n\n\n<p class=\"p1\">A rela\u00e7\u00e3o, que j\u00e1 vinha sendo constru\u00edda ao longo dos \u00faltimos anos, ganhou contornos ainda mais s\u00f3lidos com o fortalecimento de Eriko dentro da C\u00e2mara Municipal e a consolida\u00e7\u00e3o de Paulinho na Prefeitura. Juntos, os dois t\u00eam atuado como uma dobradinha de resultados \u2014 com a\u00e7\u00f5es concretas nas \u00e1reas de sa\u00fade, infraestrutura e mobilidade urbana.<\/p>\n\n\n\n<p class=\"p1\">Nos bastidores, a presen\u00e7a de Eriko no n\u00facleo estrat\u00e9gico da administra\u00e7\u00e3o de Paulinho \u00e9 vista com naturalidade. O vereador tem sido voz ativa em debates decisivos, al\u00e9m de funcionar como uma ponte entre o Executivo e o Legislativo, contribuindo para a estabilidade pol\u00edtica do governo.<\/p>\n\n\n\n<p class=\"p1\">A lealdade m\u00fatua e o alinhamento de ideias v\u00eam sendo destacados inclusive por advers\u00e1rios. \u201cPaulinho e Eriko est\u00e3o jogando juntos, e isso tem feito diferen\u00e7a. Quando a pol\u00edtica se faz com di\u00e1logo e foco no resultado, quem ganha \u00e9 a cidade\u201d, comentou um interlocutor da oposi\u00e7\u00e3o sob reserva.<\/p>\n\n\n\n<p class=\"p1\">Com a elei\u00e7\u00e3o de 2026 se aproximando, a expectativa \u00e9 que essa alian\u00e7a desempenhe papel central nos rumos do projeto pol\u00edtico que hoje governa Natal. Paulinho, consolidado como uma das maiores lideran\u00e7as da capital, e Eriko, cada vez mais cotado para voos maiores, mostram que pol\u00edtica bem feita se constr\u00f3i com confian\u00e7a, lealdade e, acima de tudo, compromisso com o povo.<\/p>\n","protected":false},"excerpt":{"rendered":"<p>Natal presencia, em 2025, o amadurecimento de uma das mais s\u00f3lidas alian\u00e7as pol\u00edticas da capital: a parceria entre o prefeito Paulinho Freire e o vereador Eriko J\u00e1come. Mais do que um arranjo institucional, os dois pol\u00edticos demonstram sintonia fina tanto na articula\u00e7\u00e3o pol\u00edtica quanto na execu\u00e7\u00e3o de projetos que beneficiam diretamente a popula\u00e7\u00e3o. A rela\u00e7\u00e3o, [&hellip;]<\/p>\n","protected":false},"author":1,"featured_media":0,"comment_status":"open","ping_status":"open","sticky":false,"template":"","format":"standard","meta":{"cybocfi_hide_featured_image":"","_jetpack_memberships_contains_paid_content":false,"footnotes":""},"categories":[1],"tags":[],"class_list":["post-6118","post","type-post","status-publish","format-standard","hentry","category-diversos"],"yoast_head":"<!-- This site is optimized with the Yoast SEO plugin v25.6 - https:\/\/yoast.com\/wordpress\/plugins\/seo\/ -->\n<title>Alian\u00e7a entre Paulinho Freire e Eriko J\u00e1come se fortalece e vira pilar da pol\u00edtica natalense - Blog do Bispo<\/title>\n<meta name=\"robots\" content=\"index, follow, max-snippet:-1, max-image-preview:large, max-video-preview:-1\" \/>\n<link rel=\"canonical\" href=\"https:\/\/blogdobispo.com.br\/?p=6118\" \/>\n<meta property=\"og:locale\" content=\"pt_BR\" \/>\n<meta property=\"og:type\" content=\"article\" \/>\n<meta property=\"og:title\" content=\"Alian\u00e7a entre Paulinho Freire e Eriko J\u00e1come se fortalece e vira pilar da pol\u00edtica natalense - Blog do Bispo\" \/>\n<meta property=\"og:description\" content=\"Natal presencia, em 2025, o amadurecimento de uma das mais s\u00f3lidas alian\u00e7as pol\u00edticas da capital: a parceria entre o prefeito Paulinho Freire e o vereador Eriko J\u00e1come. Mais do que um arranjo institucional, os dois pol\u00edticos demonstram sintonia fina tanto na articula\u00e7\u00e3o pol\u00edtica quanto na execu\u00e7\u00e3o de projetos que beneficiam diretamente a popula\u00e7\u00e3o. A rela\u00e7\u00e3o, [&hellip;]\" \/>\n<meta property=\"og:url\" content=\"https:\/\/blogdobispo.com.br\/?p=6118\" \/>\n<meta property=\"og:site_name\" content=\"Blog do Bispo\" \/>\n<meta property=\"article:published_time\" content=\"2025-07-27T02:25:34+00:00\" \/>\n<meta property=\"og:image\" content=\"https:\/\/blogdobispo.com.br\/wp-content\/uploads\/2025\/07\/img_5693.jpg\" \/>\n<meta name=\"author\" content=\"Jefferson Sterfeno\" \/>\n<meta name=\"twitter:card\" content=\"summary_large_image\" \/>\n<meta name=\"twitter:label1\" content=\"Escrito por\" \/>\n\t<meta name=\"twitter:data1\" content=\"Jefferson Sterfeno\" \/>\n\t<meta name=\"twitter:label2\" content=\"Est. tempo de leitura\" \/>\n\t<meta name=\"twitter:data2\" content=\"1 minuto\" \/>\n<script type=\"application\/ld+json\" class=\"yoast-schema-graph\">{\"@context\":\"https:\/\/schema.org\",\"@graph\":[{\"@type\":\"Article\",\"@id\":\"https:\/\/blogdobispo.com.br\/?p=6118#article\",\"isPartOf\":{\"@id\":\"https:\/\/blogdobispo.com.br\/?p=6118\"},\"author\":{\"name\":\"Jefferson Sterfeno\",\"@id\":\"https:\/\/blogdobispo.com.br\/#\/schema\/person\/e2209cc0e6cea5c5233d033e997b373f\"},\"headline\":\"Alian\u00e7a entre Paulinho Freire e Eriko J\u00e1come se fortalece e vira pilar da pol\u00edtica natalense\",\"datePublished\":\"2025-07-27T02:25:34+00:00\",\"mainEntityOfPage\":{\"@id\":\"https:\/\/blogdobispo.com.br\/?p=6118\"},\"wordCount\":312,\"commentCount\":0,\"publisher\":{\"@id\":\"https:\/\/blogdobispo.com.br\/#organization\"},\"image\":{\"@id\":\"https:\/\/blogdobispo.com.br\/?p=6118#primaryimage\"},\"thumbnailUrl\":\"https:\/\/blogdobispo.com.br\/wp-content\/uploads\/2025\/07\/img_5693.jpg\",\"articleSection\":[\"diversos\"],\"inLanguage\":\"pt-BR\",\"potentialAction\":[{\"@type\":\"CommentAction\",\"name\":\"Comment\",\"target\":[\"https:\/\/blogdobispo.com.br\/?p=6118#respond\"]}]},{\"@type\":\"WebPage\",\"@id\":\"https:\/\/blogdobispo.com.br\/?p=6118\",\"url\":\"https:\/\/blogdobispo.com.br\/?p=6118\",\"name\":\"Alian\u00e7a entre Paulinho Freire e Eriko J\u00e1come se fortalece e vira pilar da pol\u00edtica natalense - Blog do Bispo\",\"isPartOf\":{\"@id\":\"https:\/\/blogdobispo.com.br\/#website\"},\"primaryImageOfPage\":{\"@id\":\"https:\/\/blogdobispo.com.br\/?p=6118#primaryimage\"},\"image\":{\"@id\":\"https:\/\/blogdobispo.com.br\/?p=6118#primaryimage\"},\"thumbnailUrl\":\"https:\/\/blogdobispo.com.br\/wp-content\/uploads\/2025\/07\/img_5693.jpg\",\"datePublished\":\"2025-07-27T02:25:34+00:00\",\"breadcrumb\":{\"@id\":\"https:\/\/blogdobispo.com.br\/?p=6118#breadcrumb\"},\"inLanguage\":\"pt-BR\",\"potentialAction\":[{\"@type\":\"ReadAction\",\"target\":[\"https:\/\/blogdobispo.com.br\/?p=6118\"]}]},{\"@type\":\"ImageObject\",\"inLanguage\":\"pt-BR\",\"@id\":\"https:\/\/blogdobispo.com.br\/?p=6118#primaryimage\",\"url\":\"https:\/\/blogdobispo.com.br\/wp-content\/uploads\/2025\/07\/img_5693.jpg\",\"contentUrl\":\"https:\/\/blogdobispo.com.br\/wp-content\/uploads\/2025\/07\/img_5693.jpg\"},{\"@type\":\"BreadcrumbList\",\"@id\":\"https:\/\/blogdobispo.com.br\/?p=6118#breadcrumb\",\"itemListElement\":[{\"@type\":\"ListItem\",\"position\":1,\"name\":\"In\u00edcio\",\"item\":\"https:\/\/blogdobispo.com.br\/\"},{\"@type\":\"ListItem\",\"position\":2,\"name\":\"Alian\u00e7a entre Paulinho Freire e Eriko J\u00e1come se fortalece e vira pilar da pol\u00edtica natalense\"}]},{\"@type\":\"WebSite\",\"@id\":\"https:\/\/blogdobispo.com.br\/#website\",\"url\":\"https:\/\/blogdobispo.com.br\/\",\"name\":\"Blog do Bispo\",\"description\":\"Comprometido apenas com o leitor\",\"publisher\":{\"@id\":\"https:\/\/blogdobispo.com.br\/#organization\"},\"potentialAction\":[{\"@type\":\"SearchAction\",\"target\":{\"@type\":\"EntryPoint\",\"urlTemplate\":\"https:\/\/blogdobispo.com.br\/?s={search_term_string}\"},\"query-input\":{\"@type\":\"PropertyValueSpecification\",\"valueRequired\":true,\"valueName\":\"search_term_string\"}}],\"inLanguage\":\"pt-BR\"},{\"@type\":\"Organization\",\"@id\":\"https:\/\/blogdobispo.com.br\/#organization\",\"name\":\"Blog do Bispo\",\"url\":\"https:\/\/blogdobispo.com.br\/\",\"logo\":{\"@type\":\"ImageObject\",\"inLanguage\":\"pt-BR\",\"@id\":\"https:\/\/blogdobispo.com.br\/#\/schema\/logo\/image\/\",\"url\":\"http:\/\/blogdobispo.com.br\/wp-content\/uploads\/2023\/05\/cropped-headear.png\",\"contentUrl\":\"http:\/\/blogdobispo.com.br\/wp-content\/uploads\/2023\/05\/cropped-headear.png\",\"width\":1500,\"height\":399,\"caption\":\"Blog do Bispo\"},\"image\":{\"@id\":\"https:\/\/blogdobispo.com.br\/#\/schema\/logo\/image\/\"}},{\"@type\":\"Person\",\"@id\":\"https:\/\/blogdobispo.com.br\/#\/schema\/person\/e2209cc0e6cea5c5233d033e997b373f\",\"name\":\"Jefferson Sterfeno\",\"image\":{\"@type\":\"ImageObject\",\"inLanguage\":\"pt-BR\",\"@id\":\"https:\/\/blogdobispo.com.br\/#\/schema\/person\/image\/\",\"url\":\"https:\/\/secure.gravatar.com\/avatar\/0534e84764641168a677026b6d57a3f51dc7ac4db0b4f6186d9cb330d4ee1160?s=96&d=mm&r=g\",\"contentUrl\":\"https:\/\/secure.gravatar.com\/avatar\/0534e84764641168a677026b6d57a3f51dc7ac4db0b4f6186d9cb330d4ee1160?s=96&d=mm&r=g\",\"caption\":\"Jefferson Sterfeno\"},\"sameAs\":[\"http:\/\/blogdobispo.com.br\"],\"url\":\"https:\/\/blogdobispo.com.br\/?author=1\"}]}<\/script>\n<!-- \/ Yoast SEO plugin. -->","yoast_head_json":{"title":"Alian\u00e7a entre Paulinho Freire e Eriko J\u00e1come se fortalece e vira pilar da pol\u00edtica natalense - Blog do Bispo","robots":{"index":"index","follow":"follow","max-snippet":"max-snippet:-1","max-image-preview":"max-image-preview:large","max-video-preview":"max-video-preview:-1"},"canonical":"https:\/\/blogdobispo.com.br\/?p=6118","og_locale":"pt_BR","og_type":"article","og_title":"Alian\u00e7a entre Paulinho Freire e Eriko J\u00e1come se fortalece e vira pilar da pol\u00edtica natalense - Blog do Bispo","og_description":"Natal presencia, em 2025, o amadurecimento de uma das mais s\u00f3lidas alian\u00e7as pol\u00edticas da capital: a parceria entre o prefeito Paulinho Freire e o vereador Eriko J\u00e1come. Mais do que um arranjo institucional, os dois pol\u00edticos demonstram sintonia fina tanto na articula\u00e7\u00e3o pol\u00edtica quanto na execu\u00e7\u00e3o de projetos que beneficiam diretamente a popula\u00e7\u00e3o. A rela\u00e7\u00e3o, [&hellip;]","og_url":"https:\/\/blogdobispo.com.br\/?p=6118","og_site_name":"Blog do Bispo","article_published_time":"2025-07-27T02:25:34+00:00","og_image":[{"url":"https:\/\/blogdobispo.com.br\/wp-content\/uploads\/2025\/07\/img_5693.jpg","type":"","width":"","height":""}],"author":"Jefferson Sterfeno","twitter_card":"summary_large_image","twitter_misc":{"Escrito por":"Jefferson Sterfeno","Est. tempo de leitura":"1 minuto"},"schema":{"@context":"https:\/\/schema.org","@graph":[{"@type":"Article","@id":"https:\/\/blogdobispo.com.br\/?p=6118#article","isPartOf":{"@id":"https:\/\/blogdobispo.com.br\/?p=6118"},"author":{"name":"Jefferson Sterfeno","@id":"https:\/\/blogdobispo.com.br\/#\/schema\/person\/e2209cc0e6cea5c5233d033e997b373f"},"headline":"Alian\u00e7a entre Paulinho Freire e Eriko J\u00e1come se fortalece e vira pilar da pol\u00edtica natalense","datePublished":"2025-07-27T02:25:34+00:00","mainEntityOfPage":{"@id":"https:\/\/blogdobispo.com.br\/?p=6118"},"wordCount":312,"commentCount":0,"publisher":{"@id":"https:\/\/blogdobispo.com.br\/#organization"},"image":{"@id":"https:\/\/blogdobispo.com.br\/?p=6118#primaryimage"},"thumbnailUrl":"https:\/\/blogdobispo.com.br\/wp-content\/uploads\/2025\/07\/img_5693.jpg","articleSection":["diversos"],"inLanguage":"pt-BR","potentialAction":[{"@type":"CommentAction","name":"Comment","target":["https:\/\/blogdobispo.com.br\/?p=6118#respond"]}]},{"@type":"WebPage","@id":"https:\/\/blogdobispo.com.br\/?p=6118","url":"https:\/\/blogdobispo.com.br\/?p=6118","name":"Alian\u00e7a entre Paulinho Freire e Eriko J\u00e1come se fortalece e vira pilar da pol\u00edtica natalense - Blog do Bispo","isPartOf":{"@id":"https:\/\/blogdobispo.com.br\/#website"},"primaryImageOfPage":{"@id":"https:\/\/blogdobispo.com.br\/?p=6118#primaryimage"},"image":{"@id":"https:\/\/blogdobispo.com.br\/?p=6118#primaryimage"},"thumbnailUrl":"https:\/\/blogdobispo.com.br\/wp-content\/uploads\/2025\/07\/img_5693.jpg","datePublished":"2025-07-27T02:25:34+00:00","breadcrumb":{"@id":"https:\/\/blogdobispo.com.br\/?p=6118#breadcrumb"},"inLanguage":"pt-BR","potentialAction":[{"@type":"ReadAction","target":["https:\/\/blogdobispo.com.br\/?p=6118"]}]},{"@type":"ImageObject","inLanguage":"pt-BR","@id":"https:\/\/blogdobispo.com.br\/?p=6118#primaryimage","url":"https:\/\/blogdobispo.com.br\/wp-content\/uploads\/2025\/07\/img_5693.jpg","contentUrl":"https:\/\/blogdobispo.com.br\/wp-content\/uploads\/2025\/07\/img_5693.jpg"},{"@type":"BreadcrumbList","@id":"https:\/\/blogdobispo.com.br\/?p=6118#breadcrumb","itemListElement":[{"@type":"ListItem","position":1,"name":"In\u00edcio","item":"https:\/\/blogdobispo.com.br\/"},{"@type":"ListItem","position":2,"name":"Alian\u00e7a entre Paulinho Freire e Eriko J\u00e1come se fortalece e vira pilar da pol\u00edtica natalense"}]},{"@type":"WebSite","@id":"https:\/\/blogdobispo.com.br\/#website","url":"https:\/\/blogdobispo.com.br\/","name":"Blog do Bispo","description":"Comprometido apenas com o leitor","publisher":{"@id":"https:\/\/blogdobispo.com.br\/#organization"},"potentialAction":[{"@type":"SearchAction","target":{"@type":"EntryPoint","urlTemplate":"https:\/\/blogdobispo.com.br\/?s={search_term_string}"},"query-input":{"@type":"PropertyValueSpecification","valueRequired":true,"valueName":"search_term_string"}}],"inLanguage":"pt-BR"},{"@type":"Organization","@id":"https:\/\/blogdobispo.com.br\/#organization","name":"Blog do Bispo","url":"https:\/\/blogdobispo.com.br\/","logo":{"@type":"ImageObject","inLanguage":"pt-BR","@id":"https:\/\/blogdobispo.com.br\/#\/schema\/logo\/image\/","url":"http:\/\/blogdobispo.com.br\/wp-content\/uploads\/2023\/05\/cropped-headear.png","contentUrl":"http:\/\/blogdobispo.com.br\/wp-content\/uploads\/2023\/05\/cropped-headear.png","width":1500,"height":399,"caption":"Blog do Bispo"},"image":{"@id":"https:\/\/blogdobispo.com.br\/#\/schema\/logo\/image\/"}},{"@type":"Person","@id":"https:\/\/blogdobispo.com.br\/#\/schema\/person\/e2209cc0e6cea5c5233d033e997b373f","name":"Jefferson Sterfeno","image":{"@type":"ImageObject","inLanguage":"pt-BR","@id":"https:\/\/blogdobispo.com.br\/#\/schema\/person\/image\/","url":"https:\/\/secure.gravatar.com\/avatar\/0534e84764641168a677026b6d57a3f51dc7ac4db0b4f6186d9cb330d4ee1160?s=96&d=mm&r=g","contentUrl":"https:\/\/secure.gravatar.com\/avatar\/0534e84764641168a677026b6d57a3f51dc7ac4db0b4f6186d9cb330d4ee1160?s=96&d=mm&r=g","caption":"Jefferson Sterfeno"},"sameAs":["http:\/\/blogdobispo.com.br"],"url":"https:\/\/blogdobispo.com.br\/?author=1"}]}},"featured_image_urls":{"full":"","thumbnail":"","medium":"","medium_large":"","large":"","1536x1536":"","2048x2048":""},"author_info":{"display_name":"Jefferson Sterfeno","author_link":"https:\/\/blogdobispo.com.br\/?author=1"},"category_info":"<a href=\"https:\/\/blogdobispo.com.br\/?cat=1\" rel=\"category\">diversos<\/a>","tag_info":"diversos","comment_count":"0","jetpack_featured_media_url":"","jetpack_sharing_enabled":true,"_links":{"self":[{"href":"https:\/\/blogdobispo.com.br\/index.php?rest_route=\/wp\/v2\/posts\/6118","targetHints":{"allow":["GET"]}}],"collection":[{"href":"https:\/\/blogdobispo.com.br\/index.php?rest_route=\/wp\/v2\/posts"}],"about":[{"href":"https:\/\/blogdobispo.com.br\/index.php?rest_route=\/wp\/v2\/types\/post"}],"author":[{"embeddable":true,"href":"https:\/\/blogdobispo.com.br\/index.php?rest_route=\/wp\/v2\/users\/1"}],"replies":[{"embeddable":true,"href":"https:\/\/blogdobispo.com.br\/index.php?rest_route=%2Fwp%2Fv2%2Fcomments&post=6118"}],"version-history":[{"count":0,"href":"https:\/\/blogdobispo.com.br\/index.php?rest_route=\/wp\/v2\/posts\/6118\/revisions"}],"wp:attachment":[{"href":"https:\/\/blogdobispo.com.br\/index.php?rest_route=%2Fwp%2Fv2%2Fmedia&parent=6118"}],"wp:term":[{"taxonomy":"category","embeddable":true,"href":"https:\/\/blogdobispo.com.br\/index.php?rest_route=%2Fwp%2Fv2%2Fcategories&post=6118"},{"taxonomy":"post_tag","embeddable":true,"href":"https:\/\/blogdobispo.com.br\/index.php?rest_route=%2Fwp%2Fv2%2Ftags&post=6118"}],"curies":[{"name":"wp","href":"https:\/\/api.w.org\/{rel}","templated":true}]}}