{"id":6100,"date":"2025-07-25T23:13:34","date_gmt":"2025-07-25T23:13:34","guid":{"rendered":"https:\/\/blogdobispo.com.br\/?p=6100"},"modified":"2025-07-25T23:13:35","modified_gmt":"2025-07-25T23:13:35","slug":"prefeitura-e-exercito-assinam-termo-de-concessao-para-parque-linear-de-natal","status":"publish","type":"post","link":"https:\/\/blogdobispo.com.br\/?p=6100","title":{"rendered":"Prefeitura e Ex\u00e9rcito assinam termo de concess\u00e3o para Parque Linear de Natal"},"content":{"rendered":"\n<p>A Prefeitura do Natal e Ex\u00e9rcito Brasileiro assinaram o termo de concess\u00e3o que autoriza a utiliza\u00e7\u00e3o da \u00e1rea \u00e0s margens da avenida Engenheiro Roberto Freire para a proposta do Parque Linear de Natal. A solenidade ocorreu na tarde desta sexta-feira (25), no Pal\u00e1cio Felipe Camar\u00e3o. O novo espa\u00e7o urbano conta com uma \u00e1rea de 10 hectares em terreno cedido oficialmente pelo Ex\u00e9rcito Brasileiro ao munic\u00edpio.<\/p>\n\n\n\n<p>O prefeito Paulinho Freire destacou a import\u00e2ncia do novo parque urbano para a capital potiguar. \u201c\u00c9 uma grande conquista para Natal. Neste espa\u00e7o, vamos aliar a preserva\u00e7\u00e3o ambiental e oferecer um ambiente de lazer e entretenimento para as fam\u00edlias da nossa cidade. Agrade\u00e7o imensamente ao Ex\u00e9rcito Brasileiro pela cess\u00e3o do terreno e ao senador Styvenson Valentim pelo apoio integral ao projeto\u201d, afirmou.<\/p>\n\n\n\n<p>O evento tamb\u00e9m contou com a presen\u00e7a da vice-prefeita Joanna Guerra, de secret\u00e1rios municipais, do senador Styvenson Valentim e de representantes do Ex\u00e9rcito Brasileiro.<\/p>\n\n\n\n<p>O general de Brigada Alessandro da Silva ressaltou o papel da institui\u00e7\u00e3o na cess\u00e3o do espa\u00e7o: \u201cEstamos destinando o terreno para a constru\u00e7\u00e3o de um equipamento p\u00fablico voltado \u00e0 sociedade. Hoje, formalizamos essa a\u00e7\u00e3o com a certeza de que a Prefeitura desenvolver\u00e1 um excelente trabalho. Acreditamos que o parque impulsionar\u00e1 a qualidade de vida e o turismo da regi\u00e3o\u201d, explicou o general.<\/p>\n\n\n\n<p>O senador Styvenson Valentim refor\u00e7ou o compromisso com o desenvolvimento urbano de Natal. \u201cComo parlamentar, \u00e9 uma satisfa\u00e7\u00e3o apoiar esta iniciativa. Tenho certeza de que esse parque vai mudar a concep\u00e7\u00e3o de turismo e lazer em nossa cidade. \u00c9 um projeto que valoriza o munic\u00edpio e apoia a preserva\u00e7\u00e3o ambiental\u201d, destacou.<\/p>\n\n\n\n<p>O secret\u00e1rio municipal de Meio Ambiente e Urbanismo, Thiago Mesquita, frisou a relev\u00e2ncia do projeto. \u201cEsse parque representa um avan\u00e7o na pol\u00edtica ambiental e urbana da cidade. Ser\u00e1 um espa\u00e7o de preserva\u00e7\u00e3o ecol\u00f3gica, mas tamb\u00e9m de lazer e desenvolvimento para a popula\u00e7\u00e3o. \u00c9 um ganho em todos os sentidos para o munic\u00edpio\u201d, afirmou o titular da pasta.<\/p>\n\n\n\n<p>O projeto do Parque Linear de Natal ser\u00e1 discutido com a sociedade e Conselho Gestor do Parque das Dunas. A proposta \u00e9 que a estrutura inclua espa\u00e7os para educa\u00e7\u00e3o ambiental, pr\u00e1ticas esportivas, atividades de lazer e jardim sensorial.<\/p>\n\n\n\n<figure class=\"wp-block-image\"><img data-recalc-dims=\"1\" fetchpriority=\"high\" decoding=\"async\" width=\"750\" height=\"355\" src=\"https:\/\/i0.wp.com\/blogdobispo.com.br\/wp-content\/uploads\/2025\/07\/6d682ae50201cee35eda067290664db3.webp?resize=750%2C355\" alt=\"\" class=\"wp-image-6101\" srcset=\"https:\/\/i0.wp.com\/blogdobispo.com.br\/wp-content\/uploads\/2025\/07\/6d682ae50201cee35eda067290664db3.webp?w=750&amp;ssl=1 750w, https:\/\/i0.wp.com\/blogdobispo.com.br\/wp-content\/uploads\/2025\/07\/6d682ae50201cee35eda067290664db3.webp?resize=300%2C142&amp;ssl=1 300w\" sizes=\"(max-width: 750px) 100vw, 750px\" \/><\/figure>\n","protected":false},"excerpt":{"rendered":"<p>A Prefeitura do Natal e Ex\u00e9rcito Brasileiro assinaram o termo de concess\u00e3o que autoriza a utiliza\u00e7\u00e3o da \u00e1rea \u00e0s margens da avenida Engenheiro Roberto Freire para a proposta do Parque Linear de Natal. A solenidade ocorreu na tarde desta sexta-feira (25), no Pal\u00e1cio Felipe Camar\u00e3o. O novo espa\u00e7o urbano conta com uma \u00e1rea de 10 [&hellip;]<\/p>\n","protected":false},"author":1,"featured_media":0,"comment_status":"open","ping_status":"open","sticky":false,"template":"","format":"standard","meta":{"cybocfi_hide_featured_image":"","_jetpack_memberships_contains_paid_content":false,"footnotes":""},"categories":[1],"tags":[],"class_list":["post-6100","post","type-post","status-publish","format-standard","hentry","category-diversos"],"yoast_head":"<!-- This site is optimized with the Yoast SEO plugin v25.6 - https:\/\/yoast.com\/wordpress\/plugins\/seo\/ -->\n<title>Prefeitura e Ex\u00e9rcito assinam termo de concess\u00e3o para Parque Linear de Natal - Blog do Bispo<\/title>\n<meta name=\"robots\" content=\"index, follow, max-snippet:-1, max-image-preview:large, max-video-preview:-1\" \/>\n<link rel=\"canonical\" href=\"https:\/\/blogdobispo.com.br\/?p=6100\" \/>\n<meta property=\"og:locale\" content=\"pt_BR\" \/>\n<meta property=\"og:type\" content=\"article\" \/>\n<meta property=\"og:title\" content=\"Prefeitura e Ex\u00e9rcito assinam termo de concess\u00e3o para Parque Linear de Natal - Blog do Bispo\" \/>\n<meta property=\"og:description\" content=\"A Prefeitura do Natal e Ex\u00e9rcito Brasileiro assinaram o termo de concess\u00e3o que autoriza a utiliza\u00e7\u00e3o da \u00e1rea \u00e0s margens da avenida Engenheiro Roberto Freire para a proposta do Parque Linear de Natal. A solenidade ocorreu na tarde desta sexta-feira (25), no Pal\u00e1cio Felipe Camar\u00e3o. O novo espa\u00e7o urbano conta com uma \u00e1rea de 10 [&hellip;]\" \/>\n<meta property=\"og:url\" content=\"https:\/\/blogdobispo.com.br\/?p=6100\" \/>\n<meta property=\"og:site_name\" content=\"Blog do Bispo\" \/>\n<meta property=\"article:published_time\" content=\"2025-07-25T23:13:34+00:00\" \/>\n<meta property=\"article:modified_time\" content=\"2025-07-25T23:13:35+00:00\" \/>\n<meta property=\"og:image\" content=\"http:\/\/blogdobispo.com.br\/wp-content\/uploads\/2025\/07\/6d682ae50201cee35eda067290664db3.webp\" \/>\n<meta name=\"author\" content=\"Jefferson Sterfeno\" \/>\n<meta name=\"twitter:card\" content=\"summary_large_image\" \/>\n<meta name=\"twitter:label1\" content=\"Escrito por\" \/>\n\t<meta name=\"twitter:data1\" content=\"Jefferson Sterfeno\" \/>\n\t<meta name=\"twitter:label2\" content=\"Est. tempo de leitura\" \/>\n\t<meta name=\"twitter:data2\" content=\"3 minutos\" \/>\n<script type=\"application\/ld+json\" class=\"yoast-schema-graph\">{\"@context\":\"https:\/\/schema.org\",\"@graph\":[{\"@type\":\"Article\",\"@id\":\"https:\/\/blogdobispo.com.br\/?p=6100#article\",\"isPartOf\":{\"@id\":\"https:\/\/blogdobispo.com.br\/?p=6100\"},\"author\":{\"name\":\"Jefferson Sterfeno\",\"@id\":\"https:\/\/blogdobispo.com.br\/#\/schema\/person\/e2209cc0e6cea5c5233d033e997b373f\"},\"headline\":\"Prefeitura e Ex\u00e9rcito assinam termo de concess\u00e3o para Parque Linear de Natal\",\"datePublished\":\"2025-07-25T23:13:34+00:00\",\"dateModified\":\"2025-07-25T23:13:35+00:00\",\"mainEntityOfPage\":{\"@id\":\"https:\/\/blogdobispo.com.br\/?p=6100\"},\"wordCount\":409,\"commentCount\":0,\"publisher\":{\"@id\":\"https:\/\/blogdobispo.com.br\/#organization\"},\"image\":{\"@id\":\"https:\/\/blogdobispo.com.br\/?p=6100#primaryimage\"},\"thumbnailUrl\":\"http:\/\/blogdobispo.com.br\/wp-content\/uploads\/2025\/07\/6d682ae50201cee35eda067290664db3.webp\",\"articleSection\":[\"diversos\"],\"inLanguage\":\"pt-BR\",\"potentialAction\":[{\"@type\":\"CommentAction\",\"name\":\"Comment\",\"target\":[\"https:\/\/blogdobispo.com.br\/?p=6100#respond\"]}]},{\"@type\":\"WebPage\",\"@id\":\"https:\/\/blogdobispo.com.br\/?p=6100\",\"url\":\"https:\/\/blogdobispo.com.br\/?p=6100\",\"name\":\"Prefeitura e Ex\u00e9rcito assinam termo de concess\u00e3o para Parque Linear de Natal - Blog do Bispo\",\"isPartOf\":{\"@id\":\"https:\/\/blogdobispo.com.br\/#website\"},\"primaryImageOfPage\":{\"@id\":\"https:\/\/blogdobispo.com.br\/?p=6100#primaryimage\"},\"image\":{\"@id\":\"https:\/\/blogdobispo.com.br\/?p=6100#primaryimage\"},\"thumbnailUrl\":\"http:\/\/blogdobispo.com.br\/wp-content\/uploads\/2025\/07\/6d682ae50201cee35eda067290664db3.webp\",\"datePublished\":\"2025-07-25T23:13:34+00:00\",\"dateModified\":\"2025-07-25T23:13:35+00:00\",\"breadcrumb\":{\"@id\":\"https:\/\/blogdobispo.com.br\/?p=6100#breadcrumb\"},\"inLanguage\":\"pt-BR\",\"potentialAction\":[{\"@type\":\"ReadAction\",\"target\":[\"https:\/\/blogdobispo.com.br\/?p=6100\"]}]},{\"@type\":\"ImageObject\",\"inLanguage\":\"pt-BR\",\"@id\":\"https:\/\/blogdobispo.com.br\/?p=6100#primaryimage\",\"url\":\"https:\/\/i0.wp.com\/blogdobispo.com.br\/wp-content\/uploads\/2025\/07\/6d682ae50201cee35eda067290664db3.webp?fit=750%2C355&ssl=1\",\"contentUrl\":\"https:\/\/i0.wp.com\/blogdobispo.com.br\/wp-content\/uploads\/2025\/07\/6d682ae50201cee35eda067290664db3.webp?fit=750%2C355&ssl=1\",\"width\":750,\"height\":355},{\"@type\":\"BreadcrumbList\",\"@id\":\"https:\/\/blogdobispo.com.br\/?p=6100#breadcrumb\",\"itemListElement\":[{\"@type\":\"ListItem\",\"position\":1,\"name\":\"In\u00edcio\",\"item\":\"https:\/\/blogdobispo.com.br\/\"},{\"@type\":\"ListItem\",\"position\":2,\"name\":\"Prefeitura e Ex\u00e9rcito assinam termo de concess\u00e3o para Parque Linear de Natal\"}]},{\"@type\":\"WebSite\",\"@id\":\"https:\/\/blogdobispo.com.br\/#website\",\"url\":\"https:\/\/blogdobispo.com.br\/\",\"name\":\"Blog do Bispo\",\"description\":\"Comprometido apenas com o leitor\",\"publisher\":{\"@id\":\"https:\/\/blogdobispo.com.br\/#organization\"},\"potentialAction\":[{\"@type\":\"SearchAction\",\"target\":{\"@type\":\"EntryPoint\",\"urlTemplate\":\"https:\/\/blogdobispo.com.br\/?s={search_term_string}\"},\"query-input\":{\"@type\":\"PropertyValueSpecification\",\"valueRequired\":true,\"valueName\":\"search_term_string\"}}],\"inLanguage\":\"pt-BR\"},{\"@type\":\"Organization\",\"@id\":\"https:\/\/blogdobispo.com.br\/#organization\",\"name\":\"Blog do Bispo\",\"url\":\"https:\/\/blogdobispo.com.br\/\",\"logo\":{\"@type\":\"ImageObject\",\"inLanguage\":\"pt-BR\",\"@id\":\"https:\/\/blogdobispo.com.br\/#\/schema\/logo\/image\/\",\"url\":\"http:\/\/blogdobispo.com.br\/wp-content\/uploads\/2023\/05\/cropped-headear.png\",\"contentUrl\":\"http:\/\/blogdobispo.com.br\/wp-content\/uploads\/2023\/05\/cropped-headear.png\",\"width\":1500,\"height\":399,\"caption\":\"Blog do Bispo\"},\"image\":{\"@id\":\"https:\/\/blogdobispo.com.br\/#\/schema\/logo\/image\/\"}},{\"@type\":\"Person\",\"@id\":\"https:\/\/blogdobispo.com.br\/#\/schema\/person\/e2209cc0e6cea5c5233d033e997b373f\",\"name\":\"Jefferson Sterfeno\",\"image\":{\"@type\":\"ImageObject\",\"inLanguage\":\"pt-BR\",\"@id\":\"https:\/\/blogdobispo.com.br\/#\/schema\/person\/image\/\",\"url\":\"https:\/\/secure.gravatar.com\/avatar\/0534e84764641168a677026b6d57a3f51dc7ac4db0b4f6186d9cb330d4ee1160?s=96&d=mm&r=g\",\"contentUrl\":\"https:\/\/secure.gravatar.com\/avatar\/0534e84764641168a677026b6d57a3f51dc7ac4db0b4f6186d9cb330d4ee1160?s=96&d=mm&r=g\",\"caption\":\"Jefferson Sterfeno\"},\"sameAs\":[\"http:\/\/blogdobispo.com.br\"],\"url\":\"https:\/\/blogdobispo.com.br\/?author=1\"}]}<\/script>\n<!-- \/ Yoast SEO plugin. -->","yoast_head_json":{"title":"Prefeitura e Ex\u00e9rcito assinam termo de concess\u00e3o para Parque Linear de Natal - Blog do Bispo","robots":{"index":"index","follow":"follow","max-snippet":"max-snippet:-1","max-image-preview":"max-image-preview:large","max-video-preview":"max-video-preview:-1"},"canonical":"https:\/\/blogdobispo.com.br\/?p=6100","og_locale":"pt_BR","og_type":"article","og_title":"Prefeitura e Ex\u00e9rcito assinam termo de concess\u00e3o para Parque Linear de Natal - Blog do Bispo","og_description":"A Prefeitura do Natal e Ex\u00e9rcito Brasileiro assinaram o termo de concess\u00e3o que autoriza a utiliza\u00e7\u00e3o da \u00e1rea \u00e0s margens da avenida Engenheiro Roberto Freire para a proposta do Parque Linear de Natal. A solenidade ocorreu na tarde desta sexta-feira (25), no Pal\u00e1cio Felipe Camar\u00e3o. O novo espa\u00e7o urbano conta com uma \u00e1rea de 10 [&hellip;]","og_url":"https:\/\/blogdobispo.com.br\/?p=6100","og_site_name":"Blog do Bispo","article_published_time":"2025-07-25T23:13:34+00:00","article_modified_time":"2025-07-25T23:13:35+00:00","og_image":[{"url":"http:\/\/blogdobispo.com.br\/wp-content\/uploads\/2025\/07\/6d682ae50201cee35eda067290664db3.webp","type":"","width":"","height":""}],"author":"Jefferson Sterfeno","twitter_card":"summary_large_image","twitter_misc":{"Escrito por":"Jefferson Sterfeno","Est. tempo de leitura":"3 minutos"},"schema":{"@context":"https:\/\/schema.org","@graph":[{"@type":"Article","@id":"https:\/\/blogdobispo.com.br\/?p=6100#article","isPartOf":{"@id":"https:\/\/blogdobispo.com.br\/?p=6100"},"author":{"name":"Jefferson Sterfeno","@id":"https:\/\/blogdobispo.com.br\/#\/schema\/person\/e2209cc0e6cea5c5233d033e997b373f"},"headline":"Prefeitura e Ex\u00e9rcito assinam termo de concess\u00e3o para Parque Linear de Natal","datePublished":"2025-07-25T23:13:34+00:00","dateModified":"2025-07-25T23:13:35+00:00","mainEntityOfPage":{"@id":"https:\/\/blogdobispo.com.br\/?p=6100"},"wordCount":409,"commentCount":0,"publisher":{"@id":"https:\/\/blogdobispo.com.br\/#organization"},"image":{"@id":"https:\/\/blogdobispo.com.br\/?p=6100#primaryimage"},"thumbnailUrl":"http:\/\/blogdobispo.com.br\/wp-content\/uploads\/2025\/07\/6d682ae50201cee35eda067290664db3.webp","articleSection":["diversos"],"inLanguage":"pt-BR","potentialAction":[{"@type":"CommentAction","name":"Comment","target":["https:\/\/blogdobispo.com.br\/?p=6100#respond"]}]},{"@type":"WebPage","@id":"https:\/\/blogdobispo.com.br\/?p=6100","url":"https:\/\/blogdobispo.com.br\/?p=6100","name":"Prefeitura e Ex\u00e9rcito assinam termo de concess\u00e3o para Parque Linear de Natal - Blog do Bispo","isPartOf":{"@id":"https:\/\/blogdobispo.com.br\/#website"},"primaryImageOfPage":{"@id":"https:\/\/blogdobispo.com.br\/?p=6100#primaryimage"},"image":{"@id":"https:\/\/blogdobispo.com.br\/?p=6100#primaryimage"},"thumbnailUrl":"http:\/\/blogdobispo.com.br\/wp-content\/uploads\/2025\/07\/6d682ae50201cee35eda067290664db3.webp","datePublished":"2025-07-25T23:13:34+00:00","dateModified":"2025-07-25T23:13:35+00:00","breadcrumb":{"@id":"https:\/\/blogdobispo.com.br\/?p=6100#breadcrumb"},"inLanguage":"pt-BR","potentialAction":[{"@type":"ReadAction","target":["https:\/\/blogdobispo.com.br\/?p=6100"]}]},{"@type":"ImageObject","inLanguage":"pt-BR","@id":"https:\/\/blogdobispo.com.br\/?p=6100#primaryimage","url":"https:\/\/i0.wp.com\/blogdobispo.com.br\/wp-content\/uploads\/2025\/07\/6d682ae50201cee35eda067290664db3.webp?fit=750%2C355&ssl=1","contentUrl":"https:\/\/i0.wp.com\/blogdobispo.com.br\/wp-content\/uploads\/2025\/07\/6d682ae50201cee35eda067290664db3.webp?fit=750%2C355&ssl=1","width":750,"height":355},{"@type":"BreadcrumbList","@id":"https:\/\/blogdobispo.com.br\/?p=6100#breadcrumb","itemListElement":[{"@type":"ListItem","position":1,"name":"In\u00edcio","item":"https:\/\/blogdobispo.com.br\/"},{"@type":"ListItem","position":2,"name":"Prefeitura e Ex\u00e9rcito assinam termo de concess\u00e3o para Parque Linear de Natal"}]},{"@type":"WebSite","@id":"https:\/\/blogdobispo.com.br\/#website","url":"https:\/\/blogdobispo.com.br\/","name":"Blog do Bispo","description":"Comprometido apenas com o leitor","publisher":{"@id":"https:\/\/blogdobispo.com.br\/#organization"},"potentialAction":[{"@type":"SearchAction","target":{"@type":"EntryPoint","urlTemplate":"https:\/\/blogdobispo.com.br\/?s={search_term_string}"},"query-input":{"@type":"PropertyValueSpecification","valueRequired":true,"valueName":"search_term_string"}}],"inLanguage":"pt-BR"},{"@type":"Organization","@id":"https:\/\/blogdobispo.com.br\/#organization","name":"Blog do Bispo","url":"https:\/\/blogdobispo.com.br\/","logo":{"@type":"ImageObject","inLanguage":"pt-BR","@id":"https:\/\/blogdobispo.com.br\/#\/schema\/logo\/image\/","url":"http:\/\/blogdobispo.com.br\/wp-content\/uploads\/2023\/05\/cropped-headear.png","contentUrl":"http:\/\/blogdobispo.com.br\/wp-content\/uploads\/2023\/05\/cropped-headear.png","width":1500,"height":399,"caption":"Blog do Bispo"},"image":{"@id":"https:\/\/blogdobispo.com.br\/#\/schema\/logo\/image\/"}},{"@type":"Person","@id":"https:\/\/blogdobispo.com.br\/#\/schema\/person\/e2209cc0e6cea5c5233d033e997b373f","name":"Jefferson Sterfeno","image":{"@type":"ImageObject","inLanguage":"pt-BR","@id":"https:\/\/blogdobispo.com.br\/#\/schema\/person\/image\/","url":"https:\/\/secure.gravatar.com\/avatar\/0534e84764641168a677026b6d57a3f51dc7ac4db0b4f6186d9cb330d4ee1160?s=96&d=mm&r=g","contentUrl":"https:\/\/secure.gravatar.com\/avatar\/0534e84764641168a677026b6d57a3f51dc7ac4db0b4f6186d9cb330d4ee1160?s=96&d=mm&r=g","caption":"Jefferson Sterfeno"},"sameAs":["http:\/\/blogdobispo.com.br"],"url":"https:\/\/blogdobispo.com.br\/?author=1"}]}},"featured_image_urls":{"full":"","thumbnail":"","medium":"","medium_large":"","large":"","1536x1536":"","2048x2048":""},"author_info":{"display_name":"Jefferson Sterfeno","author_link":"https:\/\/blogdobispo.com.br\/?author=1"},"category_info":"<a href=\"https:\/\/blogdobispo.com.br\/?cat=1\" rel=\"category\">diversos<\/a>","tag_info":"diversos","comment_count":"0","jetpack_featured_media_url":"","jetpack_sharing_enabled":true,"_links":{"self":[{"href":"https:\/\/blogdobispo.com.br\/index.php?rest_route=\/wp\/v2\/posts\/6100","targetHints":{"allow":["GET"]}}],"collection":[{"href":"https:\/\/blogdobispo.com.br\/index.php?rest_route=\/wp\/v2\/posts"}],"about":[{"href":"https:\/\/blogdobispo.com.br\/index.php?rest_route=\/wp\/v2\/types\/post"}],"author":[{"embeddable":true,"href":"https:\/\/blogdobispo.com.br\/index.php?rest_route=\/wp\/v2\/users\/1"}],"replies":[{"embeddable":true,"href":"https:\/\/blogdobispo.com.br\/index.php?rest_route=%2Fwp%2Fv2%2Fcomments&post=6100"}],"version-history":[{"count":1,"href":"https:\/\/blogdobispo.com.br\/index.php?rest_route=\/wp\/v2\/posts\/6100\/revisions"}],"predecessor-version":[{"id":6102,"href":"https:\/\/blogdobispo.com.br\/index.php?rest_route=\/wp\/v2\/posts\/6100\/revisions\/6102"}],"wp:attachment":[{"href":"https:\/\/blogdobispo.com.br\/index.php?rest_route=%2Fwp%2Fv2%2Fmedia&parent=6100"}],"wp:term":[{"taxonomy":"category","embeddable":true,"href":"https:\/\/blogdobispo.com.br\/index.php?rest_route=%2Fwp%2Fv2%2Fcategories&post=6100"},{"taxonomy":"post_tag","embeddable":true,"href":"https:\/\/blogdobispo.com.br\/index.php?rest_route=%2Fwp%2Fv2%2Ftags&post=6100"}],"curies":[{"name":"wp","href":"https:\/\/api.w.org\/{rel}","templated":true}]}}