{"id":6096,"date":"2025-07-25T23:09:57","date_gmt":"2025-07-25T23:09:57","guid":{"rendered":"https:\/\/blogdobispo.com.br\/?p=6096"},"modified":"2025-07-25T23:09:58","modified_gmt":"2025-07-25T23:09:58","slug":"prefeitura-de-parnamirim-zera-fila-de-espera-por-kit-glicosimetro","status":"publish","type":"post","link":"https:\/\/blogdobispo.com.br\/?p=6096","title":{"rendered":"Prefeitura de Parnamirim zera fila de espera por kit glicos\u00edmetro"},"content":{"rendered":"\n<p>Ap\u00f3s zerar a fila de espera por fraldas descart\u00e1veis e outros insumos, a Prefeitura de Parnamirim tamb\u00e9m eliminou a demanda reprimida pelos kits glicos\u00edmetros, essenciais para pacientes diab\u00e9ticos que precisam monitorar constantemente os n\u00edveis de glicose. A iniciativa integra o conjunto de a\u00e7\u00f5es da atual gest\u00e3o para melhorar a qualidade dos servi\u00e7os e ampliar o acesso \u00e0 sa\u00fade e \u00e0 qualidade de vida da popula\u00e7\u00e3o.<\/p>\n\n\n\n<p>Mais de 600 pessoas aguardavam pelos kits, que incluem aparelho, fitas e lancetas. O fornecimento foi ampliado mensalmente nos primeiros seis meses do ano, permitindo atender com regularidade os pacientes cadastrados. Atualmente, quase 2 mil usu\u00e1rios utilizam esse servi\u00e7o de sa\u00fade no munic\u00edpio.<\/p>\n\n\n\n<p>A distribui\u00e7\u00e3o \u00e9 de responsabilidade da Secretaria Municipal de Sa\u00fade e acontece no Centro Integrado de Sa\u00fade (CIS), localizado no bairro de Santos Reis. Para ter acesso aos kits, fraldas e demais insumos, \u00e9 necess\u00e1rio apresentar c\u00f3pias dos seguintes documentos: RG, CPF, Cart\u00e3o SUS, comprovante de resid\u00eancia nominal (emitido nos \u00faltimos tr\u00eas meses) e laudo m\u00e9dico do SUS com CID (datado dos \u00faltimos seis meses).<\/p>\n\n\n\n<figure class=\"wp-block-image\"><img data-recalc-dims=\"1\" fetchpriority=\"high\" decoding=\"async\" width=\"800\" height=\"533\" src=\"https:\/\/i0.wp.com\/blogdobispo.com.br\/wp-content\/uploads\/2025\/07\/1367_33e7f9a8-40f1-4d7b-ba80-c752ca70cc8a-jpeg.jpeg?resize=800%2C533\" alt=\"\" class=\"wp-image-6097\" srcset=\"https:\/\/i0.wp.com\/blogdobispo.com.br\/wp-content\/uploads\/2025\/07\/1367_33e7f9a8-40f1-4d7b-ba80-c752ca70cc8a-jpeg.jpeg?w=1600&amp;ssl=1 1600w, https:\/\/i0.wp.com\/blogdobispo.com.br\/wp-content\/uploads\/2025\/07\/1367_33e7f9a8-40f1-4d7b-ba80-c752ca70cc8a-jpeg.jpeg?resize=300%2C200&amp;ssl=1 300w, https:\/\/i0.wp.com\/blogdobispo.com.br\/wp-content\/uploads\/2025\/07\/1367_33e7f9a8-40f1-4d7b-ba80-c752ca70cc8a-jpeg.jpeg?resize=1024%2C682&amp;ssl=1 1024w, https:\/\/i0.wp.com\/blogdobispo.com.br\/wp-content\/uploads\/2025\/07\/1367_33e7f9a8-40f1-4d7b-ba80-c752ca70cc8a-jpeg.jpeg?resize=768%2C512&amp;ssl=1 768w, https:\/\/i0.wp.com\/blogdobispo.com.br\/wp-content\/uploads\/2025\/07\/1367_33e7f9a8-40f1-4d7b-ba80-c752ca70cc8a-jpeg.jpeg?resize=1536%2C1023&amp;ssl=1 1536w\" sizes=\"(max-width: 800px) 100vw, 800px\" \/><\/figure>\n","protected":false},"excerpt":{"rendered":"<p>Ap\u00f3s zerar a fila de espera por fraldas descart\u00e1veis e outros insumos, a Prefeitura de Parnamirim tamb\u00e9m eliminou a demanda reprimida pelos kits glicos\u00edmetros, essenciais para pacientes diab\u00e9ticos que precisam monitorar constantemente os n\u00edveis de glicose. A iniciativa integra o conjunto de a\u00e7\u00f5es da atual gest\u00e3o para melhorar a qualidade dos servi\u00e7os e ampliar o [&hellip;]<\/p>\n","protected":false},"author":1,"featured_media":0,"comment_status":"open","ping_status":"open","sticky":false,"template":"","format":"standard","meta":{"cybocfi_hide_featured_image":"","_jetpack_memberships_contains_paid_content":false,"footnotes":""},"categories":[1],"tags":[],"class_list":["post-6096","post","type-post","status-publish","format-standard","hentry","category-diversos"],"yoast_head":"<!-- This site is optimized with the Yoast SEO plugin v25.6 - https:\/\/yoast.com\/wordpress\/plugins\/seo\/ -->\n<title>Prefeitura de Parnamirim zera fila de espera por kit glicos\u00edmetro - Blog do Bispo<\/title>\n<meta name=\"robots\" content=\"index, follow, max-snippet:-1, max-image-preview:large, max-video-preview:-1\" \/>\n<link rel=\"canonical\" href=\"https:\/\/blogdobispo.com.br\/?p=6096\" \/>\n<meta property=\"og:locale\" content=\"pt_BR\" \/>\n<meta property=\"og:type\" content=\"article\" \/>\n<meta property=\"og:title\" content=\"Prefeitura de Parnamirim zera fila de espera por kit glicos\u00edmetro - Blog do Bispo\" \/>\n<meta property=\"og:description\" content=\"Ap\u00f3s zerar a fila de espera por fraldas descart\u00e1veis e outros insumos, a Prefeitura de Parnamirim tamb\u00e9m eliminou a demanda reprimida pelos kits glicos\u00edmetros, essenciais para pacientes diab\u00e9ticos que precisam monitorar constantemente os n\u00edveis de glicose. A iniciativa integra o conjunto de a\u00e7\u00f5es da atual gest\u00e3o para melhorar a qualidade dos servi\u00e7os e ampliar o [&hellip;]\" \/>\n<meta property=\"og:url\" content=\"https:\/\/blogdobispo.com.br\/?p=6096\" \/>\n<meta property=\"og:site_name\" content=\"Blog do Bispo\" \/>\n<meta property=\"article:published_time\" content=\"2025-07-25T23:09:57+00:00\" \/>\n<meta property=\"article:modified_time\" content=\"2025-07-25T23:09:58+00:00\" \/>\n<meta property=\"og:image\" content=\"http:\/\/blogdobispo.com.br\/wp-content\/uploads\/2025\/07\/1367_33e7f9a8-40f1-4d7b-ba80-c752ca70cc8a-jpeg.jpeg\" \/>\n<meta name=\"author\" content=\"Jefferson Sterfeno\" \/>\n<meta name=\"twitter:card\" content=\"summary_large_image\" \/>\n<meta name=\"twitter:label1\" content=\"Escrito por\" \/>\n\t<meta name=\"twitter:data1\" content=\"Jefferson Sterfeno\" \/>\n\t<meta name=\"twitter:label2\" content=\"Est. tempo de leitura\" \/>\n\t<meta name=\"twitter:data2\" content=\"2 minutos\" \/>\n<script type=\"application\/ld+json\" class=\"yoast-schema-graph\">{\"@context\":\"https:\/\/schema.org\",\"@graph\":[{\"@type\":\"Article\",\"@id\":\"https:\/\/blogdobispo.com.br\/?p=6096#article\",\"isPartOf\":{\"@id\":\"https:\/\/blogdobispo.com.br\/?p=6096\"},\"author\":{\"name\":\"Jefferson Sterfeno\",\"@id\":\"https:\/\/blogdobispo.com.br\/#\/schema\/person\/e2209cc0e6cea5c5233d033e997b373f\"},\"headline\":\"Prefeitura de Parnamirim zera fila de espera por kit glicos\u00edmetro\",\"datePublished\":\"2025-07-25T23:09:57+00:00\",\"dateModified\":\"2025-07-25T23:09:58+00:00\",\"mainEntityOfPage\":{\"@id\":\"https:\/\/blogdobispo.com.br\/?p=6096\"},\"wordCount\":202,\"commentCount\":0,\"publisher\":{\"@id\":\"https:\/\/blogdobispo.com.br\/#organization\"},\"image\":{\"@id\":\"https:\/\/blogdobispo.com.br\/?p=6096#primaryimage\"},\"thumbnailUrl\":\"http:\/\/blogdobispo.com.br\/wp-content\/uploads\/2025\/07\/1367_33e7f9a8-40f1-4d7b-ba80-c752ca70cc8a-jpeg.jpeg\",\"articleSection\":[\"diversos\"],\"inLanguage\":\"pt-BR\",\"potentialAction\":[{\"@type\":\"CommentAction\",\"name\":\"Comment\",\"target\":[\"https:\/\/blogdobispo.com.br\/?p=6096#respond\"]}]},{\"@type\":\"WebPage\",\"@id\":\"https:\/\/blogdobispo.com.br\/?p=6096\",\"url\":\"https:\/\/blogdobispo.com.br\/?p=6096\",\"name\":\"Prefeitura de Parnamirim zera fila de espera por kit glicos\u00edmetro - Blog do Bispo\",\"isPartOf\":{\"@id\":\"https:\/\/blogdobispo.com.br\/#website\"},\"primaryImageOfPage\":{\"@id\":\"https:\/\/blogdobispo.com.br\/?p=6096#primaryimage\"},\"image\":{\"@id\":\"https:\/\/blogdobispo.com.br\/?p=6096#primaryimage\"},\"thumbnailUrl\":\"http:\/\/blogdobispo.com.br\/wp-content\/uploads\/2025\/07\/1367_33e7f9a8-40f1-4d7b-ba80-c752ca70cc8a-jpeg.jpeg\",\"datePublished\":\"2025-07-25T23:09:57+00:00\",\"dateModified\":\"2025-07-25T23:09:58+00:00\",\"breadcrumb\":{\"@id\":\"https:\/\/blogdobispo.com.br\/?p=6096#breadcrumb\"},\"inLanguage\":\"pt-BR\",\"potentialAction\":[{\"@type\":\"ReadAction\",\"target\":[\"https:\/\/blogdobispo.com.br\/?p=6096\"]}]},{\"@type\":\"ImageObject\",\"inLanguage\":\"pt-BR\",\"@id\":\"https:\/\/blogdobispo.com.br\/?p=6096#primaryimage\",\"url\":\"https:\/\/i0.wp.com\/blogdobispo.com.br\/wp-content\/uploads\/2025\/07\/1367_33e7f9a8-40f1-4d7b-ba80-c752ca70cc8a-jpeg.jpeg?fit=1600%2C1066&ssl=1\",\"contentUrl\":\"https:\/\/i0.wp.com\/blogdobispo.com.br\/wp-content\/uploads\/2025\/07\/1367_33e7f9a8-40f1-4d7b-ba80-c752ca70cc8a-jpeg.jpeg?fit=1600%2C1066&ssl=1\",\"width\":1600,\"height\":1066},{\"@type\":\"BreadcrumbList\",\"@id\":\"https:\/\/blogdobispo.com.br\/?p=6096#breadcrumb\",\"itemListElement\":[{\"@type\":\"ListItem\",\"position\":1,\"name\":\"In\u00edcio\",\"item\":\"https:\/\/blogdobispo.com.br\/\"},{\"@type\":\"ListItem\",\"position\":2,\"name\":\"Prefeitura de Parnamirim zera fila de espera por kit glicos\u00edmetro\"}]},{\"@type\":\"WebSite\",\"@id\":\"https:\/\/blogdobispo.com.br\/#website\",\"url\":\"https:\/\/blogdobispo.com.br\/\",\"name\":\"Blog do Bispo\",\"description\":\"Comprometido apenas com o leitor\",\"publisher\":{\"@id\":\"https:\/\/blogdobispo.com.br\/#organization\"},\"potentialAction\":[{\"@type\":\"SearchAction\",\"target\":{\"@type\":\"EntryPoint\",\"urlTemplate\":\"https:\/\/blogdobispo.com.br\/?s={search_term_string}\"},\"query-input\":{\"@type\":\"PropertyValueSpecification\",\"valueRequired\":true,\"valueName\":\"search_term_string\"}}],\"inLanguage\":\"pt-BR\"},{\"@type\":\"Organization\",\"@id\":\"https:\/\/blogdobispo.com.br\/#organization\",\"name\":\"Blog do Bispo\",\"url\":\"https:\/\/blogdobispo.com.br\/\",\"logo\":{\"@type\":\"ImageObject\",\"inLanguage\":\"pt-BR\",\"@id\":\"https:\/\/blogdobispo.com.br\/#\/schema\/logo\/image\/\",\"url\":\"http:\/\/blogdobispo.com.br\/wp-content\/uploads\/2023\/05\/cropped-headear.png\",\"contentUrl\":\"http:\/\/blogdobispo.com.br\/wp-content\/uploads\/2023\/05\/cropped-headear.png\",\"width\":1500,\"height\":399,\"caption\":\"Blog do Bispo\"},\"image\":{\"@id\":\"https:\/\/blogdobispo.com.br\/#\/schema\/logo\/image\/\"}},{\"@type\":\"Person\",\"@id\":\"https:\/\/blogdobispo.com.br\/#\/schema\/person\/e2209cc0e6cea5c5233d033e997b373f\",\"name\":\"Jefferson Sterfeno\",\"image\":{\"@type\":\"ImageObject\",\"inLanguage\":\"pt-BR\",\"@id\":\"https:\/\/blogdobispo.com.br\/#\/schema\/person\/image\/\",\"url\":\"https:\/\/secure.gravatar.com\/avatar\/0534e84764641168a677026b6d57a3f51dc7ac4db0b4f6186d9cb330d4ee1160?s=96&d=mm&r=g\",\"contentUrl\":\"https:\/\/secure.gravatar.com\/avatar\/0534e84764641168a677026b6d57a3f51dc7ac4db0b4f6186d9cb330d4ee1160?s=96&d=mm&r=g\",\"caption\":\"Jefferson Sterfeno\"},\"sameAs\":[\"http:\/\/blogdobispo.com.br\"],\"url\":\"https:\/\/blogdobispo.com.br\/?author=1\"}]}<\/script>\n<!-- \/ Yoast SEO plugin. -->","yoast_head_json":{"title":"Prefeitura de Parnamirim zera fila de espera por kit glicos\u00edmetro - Blog do Bispo","robots":{"index":"index","follow":"follow","max-snippet":"max-snippet:-1","max-image-preview":"max-image-preview:large","max-video-preview":"max-video-preview:-1"},"canonical":"https:\/\/blogdobispo.com.br\/?p=6096","og_locale":"pt_BR","og_type":"article","og_title":"Prefeitura de Parnamirim zera fila de espera por kit glicos\u00edmetro - Blog do Bispo","og_description":"Ap\u00f3s zerar a fila de espera por fraldas descart\u00e1veis e outros insumos, a Prefeitura de Parnamirim tamb\u00e9m eliminou a demanda reprimida pelos kits glicos\u00edmetros, essenciais para pacientes diab\u00e9ticos que precisam monitorar constantemente os n\u00edveis de glicose. A iniciativa integra o conjunto de a\u00e7\u00f5es da atual gest\u00e3o para melhorar a qualidade dos servi\u00e7os e ampliar o [&hellip;]","og_url":"https:\/\/blogdobispo.com.br\/?p=6096","og_site_name":"Blog do Bispo","article_published_time":"2025-07-25T23:09:57+00:00","article_modified_time":"2025-07-25T23:09:58+00:00","og_image":[{"url":"http:\/\/blogdobispo.com.br\/wp-content\/uploads\/2025\/07\/1367_33e7f9a8-40f1-4d7b-ba80-c752ca70cc8a-jpeg.jpeg","type":"","width":"","height":""}],"author":"Jefferson Sterfeno","twitter_card":"summary_large_image","twitter_misc":{"Escrito por":"Jefferson Sterfeno","Est. tempo de leitura":"2 minutos"},"schema":{"@context":"https:\/\/schema.org","@graph":[{"@type":"Article","@id":"https:\/\/blogdobispo.com.br\/?p=6096#article","isPartOf":{"@id":"https:\/\/blogdobispo.com.br\/?p=6096"},"author":{"name":"Jefferson Sterfeno","@id":"https:\/\/blogdobispo.com.br\/#\/schema\/person\/e2209cc0e6cea5c5233d033e997b373f"},"headline":"Prefeitura de Parnamirim zera fila de espera por kit glicos\u00edmetro","datePublished":"2025-07-25T23:09:57+00:00","dateModified":"2025-07-25T23:09:58+00:00","mainEntityOfPage":{"@id":"https:\/\/blogdobispo.com.br\/?p=6096"},"wordCount":202,"commentCount":0,"publisher":{"@id":"https:\/\/blogdobispo.com.br\/#organization"},"image":{"@id":"https:\/\/blogdobispo.com.br\/?p=6096#primaryimage"},"thumbnailUrl":"http:\/\/blogdobispo.com.br\/wp-content\/uploads\/2025\/07\/1367_33e7f9a8-40f1-4d7b-ba80-c752ca70cc8a-jpeg.jpeg","articleSection":["diversos"],"inLanguage":"pt-BR","potentialAction":[{"@type":"CommentAction","name":"Comment","target":["https:\/\/blogdobispo.com.br\/?p=6096#respond"]}]},{"@type":"WebPage","@id":"https:\/\/blogdobispo.com.br\/?p=6096","url":"https:\/\/blogdobispo.com.br\/?p=6096","name":"Prefeitura de Parnamirim zera fila de espera por kit glicos\u00edmetro - Blog do Bispo","isPartOf":{"@id":"https:\/\/blogdobispo.com.br\/#website"},"primaryImageOfPage":{"@id":"https:\/\/blogdobispo.com.br\/?p=6096#primaryimage"},"image":{"@id":"https:\/\/blogdobispo.com.br\/?p=6096#primaryimage"},"thumbnailUrl":"http:\/\/blogdobispo.com.br\/wp-content\/uploads\/2025\/07\/1367_33e7f9a8-40f1-4d7b-ba80-c752ca70cc8a-jpeg.jpeg","datePublished":"2025-07-25T23:09:57+00:00","dateModified":"2025-07-25T23:09:58+00:00","breadcrumb":{"@id":"https:\/\/blogdobispo.com.br\/?p=6096#breadcrumb"},"inLanguage":"pt-BR","potentialAction":[{"@type":"ReadAction","target":["https:\/\/blogdobispo.com.br\/?p=6096"]}]},{"@type":"ImageObject","inLanguage":"pt-BR","@id":"https:\/\/blogdobispo.com.br\/?p=6096#primaryimage","url":"https:\/\/i0.wp.com\/blogdobispo.com.br\/wp-content\/uploads\/2025\/07\/1367_33e7f9a8-40f1-4d7b-ba80-c752ca70cc8a-jpeg.jpeg?fit=1600%2C1066&ssl=1","contentUrl":"https:\/\/i0.wp.com\/blogdobispo.com.br\/wp-content\/uploads\/2025\/07\/1367_33e7f9a8-40f1-4d7b-ba80-c752ca70cc8a-jpeg.jpeg?fit=1600%2C1066&ssl=1","width":1600,"height":1066},{"@type":"BreadcrumbList","@id":"https:\/\/blogdobispo.com.br\/?p=6096#breadcrumb","itemListElement":[{"@type":"ListItem","position":1,"name":"In\u00edcio","item":"https:\/\/blogdobispo.com.br\/"},{"@type":"ListItem","position":2,"name":"Prefeitura de Parnamirim zera fila de espera por kit glicos\u00edmetro"}]},{"@type":"WebSite","@id":"https:\/\/blogdobispo.com.br\/#website","url":"https:\/\/blogdobispo.com.br\/","name":"Blog do Bispo","description":"Comprometido apenas com o leitor","publisher":{"@id":"https:\/\/blogdobispo.com.br\/#organization"},"potentialAction":[{"@type":"SearchAction","target":{"@type":"EntryPoint","urlTemplate":"https:\/\/blogdobispo.com.br\/?s={search_term_string}"},"query-input":{"@type":"PropertyValueSpecification","valueRequired":true,"valueName":"search_term_string"}}],"inLanguage":"pt-BR"},{"@type":"Organization","@id":"https:\/\/blogdobispo.com.br\/#organization","name":"Blog do Bispo","url":"https:\/\/blogdobispo.com.br\/","logo":{"@type":"ImageObject","inLanguage":"pt-BR","@id":"https:\/\/blogdobispo.com.br\/#\/schema\/logo\/image\/","url":"http:\/\/blogdobispo.com.br\/wp-content\/uploads\/2023\/05\/cropped-headear.png","contentUrl":"http:\/\/blogdobispo.com.br\/wp-content\/uploads\/2023\/05\/cropped-headear.png","width":1500,"height":399,"caption":"Blog do Bispo"},"image":{"@id":"https:\/\/blogdobispo.com.br\/#\/schema\/logo\/image\/"}},{"@type":"Person","@id":"https:\/\/blogdobispo.com.br\/#\/schema\/person\/e2209cc0e6cea5c5233d033e997b373f","name":"Jefferson Sterfeno","image":{"@type":"ImageObject","inLanguage":"pt-BR","@id":"https:\/\/blogdobispo.com.br\/#\/schema\/person\/image\/","url":"https:\/\/secure.gravatar.com\/avatar\/0534e84764641168a677026b6d57a3f51dc7ac4db0b4f6186d9cb330d4ee1160?s=96&d=mm&r=g","contentUrl":"https:\/\/secure.gravatar.com\/avatar\/0534e84764641168a677026b6d57a3f51dc7ac4db0b4f6186d9cb330d4ee1160?s=96&d=mm&r=g","caption":"Jefferson Sterfeno"},"sameAs":["http:\/\/blogdobispo.com.br"],"url":"https:\/\/blogdobispo.com.br\/?author=1"}]}},"featured_image_urls":{"full":"","thumbnail":"","medium":"","medium_large":"","large":"","1536x1536":"","2048x2048":""},"author_info":{"display_name":"Jefferson Sterfeno","author_link":"https:\/\/blogdobispo.com.br\/?author=1"},"category_info":"<a href=\"https:\/\/blogdobispo.com.br\/?cat=1\" rel=\"category\">diversos<\/a>","tag_info":"diversos","comment_count":"0","jetpack_featured_media_url":"","jetpack_sharing_enabled":true,"_links":{"self":[{"href":"https:\/\/blogdobispo.com.br\/index.php?rest_route=\/wp\/v2\/posts\/6096","targetHints":{"allow":["GET"]}}],"collection":[{"href":"https:\/\/blogdobispo.com.br\/index.php?rest_route=\/wp\/v2\/posts"}],"about":[{"href":"https:\/\/blogdobispo.com.br\/index.php?rest_route=\/wp\/v2\/types\/post"}],"author":[{"embeddable":true,"href":"https:\/\/blogdobispo.com.br\/index.php?rest_route=\/wp\/v2\/users\/1"}],"replies":[{"embeddable":true,"href":"https:\/\/blogdobispo.com.br\/index.php?rest_route=%2Fwp%2Fv2%2Fcomments&post=6096"}],"version-history":[{"count":1,"href":"https:\/\/blogdobispo.com.br\/index.php?rest_route=\/wp\/v2\/posts\/6096\/revisions"}],"predecessor-version":[{"id":6098,"href":"https:\/\/blogdobispo.com.br\/index.php?rest_route=\/wp\/v2\/posts\/6096\/revisions\/6098"}],"wp:attachment":[{"href":"https:\/\/blogdobispo.com.br\/index.php?rest_route=%2Fwp%2Fv2%2Fmedia&parent=6096"}],"wp:term":[{"taxonomy":"category","embeddable":true,"href":"https:\/\/blogdobispo.com.br\/index.php?rest_route=%2Fwp%2Fv2%2Fcategories&post=6096"},{"taxonomy":"post_tag","embeddable":true,"href":"https:\/\/blogdobispo.com.br\/index.php?rest_route=%2Fwp%2Fv2%2Ftags&post=6096"}],"curies":[{"name":"wp","href":"https:\/\/api.w.org\/{rel}","templated":true}]}}