{"id":6088,"date":"2025-07-24T14:12:49","date_gmt":"2025-07-24T14:12:49","guid":{"rendered":"https:\/\/blogdobispo.com.br\/?p=6088"},"modified":"2025-07-24T14:12:50","modified_gmt":"2025-07-24T14:12:50","slug":"governo-do-rn-anuncia-hospital-universitario-em-caico","status":"publish","type":"post","link":"https:\/\/blogdobispo.com.br\/?p=6088","title":{"rendered":"Governo do RN anuncia Hospital Universit\u00e1rio em Caic\u00f3"},"content":{"rendered":"\n<p>A regi\u00e3o do Serid\u00f3 est\u00e1 prestes a vivenciar um marco hist\u00f3rico na \u00e1rea da sa\u00fade com a instala\u00e7\u00e3o de um hospital universit\u00e1rio federal em Caic\u00f3, passo importante na interioriza\u00e7\u00e3o da forma\u00e7\u00e3o m\u00e9dica e fortalecimento o Sistema \u00danico de Sa\u00fade. A not\u00edcia foi confirmada nesta quarta-feira (23) pela governadora F\u00e1tima Bezerra, em Caic\u00f3, ao cumprir agenda em a\u00e7\u00e3o conjunta com a Universidade Federal do Rio Grande do Norte (UFRN) e a Empresa Brasileira de Servi\u00e7os Hospitalares (EBSERH).<\/p>\n\n\n\n<p>Em ato simb\u00f3lico, com a presen\u00e7a de autoridades estaduais, federais e municipais, a governadora assinou o documento que autoriza a ado\u00e7\u00e3o de provid\u00eancias administrativas e jur\u00eddicas para a doa\u00e7\u00e3o de uma \u00e1rea pertencente ao Estado \u00e0 UFRN com o objetivo de viabilizar a constru\u00e7\u00e3o da nova unidade hospitalar. O indicativo \u00e9 que o hospital seja constru\u00eddo na \u00e1rea onde hoje funciona o Parque de Exposi\u00e7\u00f5es.<\/p>\n\n\n\n<blockquote class=\"wp-block-quote is-layout-flow wp-block-quote-is-layout-flow\">\n<p>\u201cCom o Hospital Universit\u00e1rio do Serid\u00f3, seremos o quarto hospital universit\u00e1rio federal do RN e o primeiro instalado no Serid\u00f3. Isso representa mais acesso \u00e0 sa\u00fade especializada, mais vagas para forma\u00e7\u00e3o de m\u00e9dicos e profissionais da sa\u00fade, mais pesquisa, mais dignidade para o nosso povo. J\u00e1 temos garantido o apoio do Governo Federal para a elabora\u00e7\u00e3o do projeto executivo\u201d, comemorou a governadora.<\/p>\n<\/blockquote>\n\n\n\n<p>Ela disse que formalizou pedido ao presidente Lula da Silva para que o hospital seja inclu\u00eddo no PAC (Programa de Acelera\u00e7\u00e3o do Crescimento). Com investimentos em torno de R$ 150 milh\u00f5es, a nova unidade ser\u00e1 refer\u00eancia em servi\u00e7os de m\u00e9dia e alta complexidade, ampliar\u00e1 o acesso \u00e0 assist\u00eancia especializada, qualificar\u00e1 a forma\u00e7\u00e3o de profissionais da sa\u00fade e reduzir\u00e1 a necessidade de deslocamentos da popula\u00e7\u00e3o para outras regi\u00f5es do estado.<\/p>\n\n\n\n<p>Fruto de uma articula\u00e7\u00e3o ampla, que une o poder p\u00fablico estadual, a universidade e o Governo Federal, o Hospital Universit\u00e1rio do Serid\u00f3 ser\u00e1 vinculado \u00e0 Escola Multicampi de Ci\u00eancias M\u00e9dicas (EMCM), da UFRN, e tem como base um projeto que vem sendo discutido desde 2023, com apoio do Governo do Estado. Ser\u00e1 o quarto HU do Rio Grande do Norte, somando-se ao Hospital Universit\u00e1rio Onofre Lopes (HUOL) e Maternidade Janu\u00e1rio Cicco, em Natal, e Hospital Ana Bezerra, em Santa Cruz.<\/p>\n\n\n\n<p>\u201cSabemos que a implanta\u00e7\u00e3o de um hospital universit\u00e1rio exige n\u00e3o apenas ousadia, mas compromisso, consist\u00eancia t\u00e9cnica e vis\u00e3o estrat\u00e9gica. A decis\u00e3o da UFRN de apoiar esta proposta resulta de um processo criterioso, sustentado em dados, proje\u00e7\u00f5es e di\u00e1logo. Este projeto nasce legitimado por uma rigorosa an\u00e1lise t\u00e9cnica conduzida pela empresa brasileira de servi\u00e7os hospitalares. O Serid\u00f3 merece e ter\u00e1 seu hospital universit\u00e1rio\u201d, previu o diretor de Ci\u00eancias M\u00e9dicas da UFRN, George Dantas.<\/p>\n\n\n\n<p><strong>Fortalecimento do SUS no interior<\/strong><br>A implanta\u00e7\u00e3o do Hospital Universit\u00e1rio do Serid\u00f3 em Caic\u00f3 representa um avan\u00e7o estrat\u00e9gico na regionaliza\u00e7\u00e3o da sa\u00fade p\u00fablica no Rio Grande do Norte. Atualmente, o Serid\u00f3 conta com o Hospital Regional Telecila Freitas Fontes como principal refer\u00eancia em atendimentos de urg\u00eancia e emerg\u00eancia, com 67 leitos ativos e capacidade para at\u00e9 89. Com o novo hospital, o Telecila manter\u00e1 sua voca\u00e7\u00e3o para os servi\u00e7os emergenciais, enquanto a futura unidade universit\u00e1ria atender\u00e1 \u00e0 popula\u00e7\u00e3o com especialidades de m\u00e9dia e alta complexidade, ampliando significativamente a cobertura assistencial.<\/p>\n\n\n\n<p>Al\u00e9m de oferecer atendimento de qualidade \u00e0 popula\u00e7\u00e3o estimada em cerca de 300 mil habitantes da regi\u00e3o, o hospital universit\u00e1rio vai fortalecer a estrutura do Sistema \u00danico de Sa\u00fade (SUS) e criar um ambiente integrado para o ensino, a pesquisa e a extens\u00e3o em sa\u00fade. Ser\u00e3o formados, no pr\u00f3prio territ\u00f3rio, m\u00e9dicos, enfermeiros, fisioterapeutas e outros profissionais essenciais \u00e0 estrutura\u00e7\u00e3o dos servi\u00e7os.<\/p>\n\n\n\n<p>A nova unidade tamb\u00e9m atende a uma antiga luta da governadora F\u00e1tima Bezerra pela interioriza\u00e7\u00e3o do ensino superior. Em 2015, ainda como senadora, ela j\u00e1 havia sido acionada pela UFRN para buscar apoio junto ao Minist\u00e9rio da Educa\u00e7\u00e3o (MEC) para fortalecer a rede p\u00fablica de sa\u00fade no interior do estado. A Escola Multicampi de Ci\u00eancias M\u00e9dicas de Caic\u00f3, desde ent\u00e3o, tornou-se um polo de excel\u00eancia na forma\u00e7\u00e3o em sa\u00fade, agora fortalecido com a perspectiva da constru\u00e7\u00e3o do hospital universit\u00e1rio.<\/p>\n\n\n\n<p>Participaram da solenidade a deputada federal, Nat\u00e1lia Bonavides; o deputado estadual Francisco Medeiros; o secret\u00e1rio de Sa\u00fade, Alexandre Mota; os prefeitos Dr. Tadeu (Caic\u00f3), Genilson Maia (S\u00e3o Fernando), Iogo Queiroz (Jucurutu), Rog\u00e9rio Soaras (Jardim de Piranhas), Silvana Azevedo (Jardim do Serid\u00f3), Ac\u00e1cio Brito (Serra Negra do Norte), Maciel dos Santos Freire (Cerro Cor\u00e1), Ivanildo Ara\u00fajo (Timba\u00faba dos Batistas) e o superintendente do Minist\u00e9rio da Sa\u00fade no RN, Jalmir Sim\u00f5es.<\/p>\n\n\n\n<figure class=\"wp-block-image\"><img data-recalc-dims=\"1\" fetchpriority=\"high\" decoding=\"async\" width=\"800\" height=\"533\" src=\"https:\/\/i0.wp.com\/blogdobispo.com.br\/wp-content\/uploads\/2025\/07\/WhatsApp-Image-2025-07-23-at-20.16.30-scaled.jpeg?resize=800%2C533\" alt=\"\" class=\"wp-image-6089\" srcset=\"https:\/\/i0.wp.com\/blogdobispo.com.br\/wp-content\/uploads\/2025\/07\/WhatsApp-Image-2025-07-23-at-20.16.30-scaled.jpeg?w=2560&amp;ssl=1 2560w, https:\/\/i0.wp.com\/blogdobispo.com.br\/wp-content\/uploads\/2025\/07\/WhatsApp-Image-2025-07-23-at-20.16.30-scaled.jpeg?resize=300%2C200&amp;ssl=1 300w, https:\/\/i0.wp.com\/blogdobispo.com.br\/wp-content\/uploads\/2025\/07\/WhatsApp-Image-2025-07-23-at-20.16.30-scaled.jpeg?resize=1024%2C683&amp;ssl=1 1024w, https:\/\/i0.wp.com\/blogdobispo.com.br\/wp-content\/uploads\/2025\/07\/WhatsApp-Image-2025-07-23-at-20.16.30-scaled.jpeg?resize=768%2C512&amp;ssl=1 768w, https:\/\/i0.wp.com\/blogdobispo.com.br\/wp-content\/uploads\/2025\/07\/WhatsApp-Image-2025-07-23-at-20.16.30-scaled.jpeg?resize=1536%2C1024&amp;ssl=1 1536w, https:\/\/i0.wp.com\/blogdobispo.com.br\/wp-content\/uploads\/2025\/07\/WhatsApp-Image-2025-07-23-at-20.16.30-scaled.jpeg?resize=2048%2C1365&amp;ssl=1 2048w, https:\/\/i0.wp.com\/blogdobispo.com.br\/wp-content\/uploads\/2025\/07\/WhatsApp-Image-2025-07-23-at-20.16.30-scaled.jpeg?w=1600 1600w, https:\/\/i0.wp.com\/blogdobispo.com.br\/wp-content\/uploads\/2025\/07\/WhatsApp-Image-2025-07-23-at-20.16.30-scaled.jpeg?w=2400 2400w\" sizes=\"(max-width: 800px) 100vw, 800px\" \/><\/figure>\n","protected":false},"excerpt":{"rendered":"<p>A regi\u00e3o do Serid\u00f3 est\u00e1 prestes a vivenciar um marco hist\u00f3rico na \u00e1rea da sa\u00fade com a instala\u00e7\u00e3o de um hospital universit\u00e1rio federal em Caic\u00f3, passo importante na interioriza\u00e7\u00e3o da forma\u00e7\u00e3o m\u00e9dica e fortalecimento o Sistema \u00danico de Sa\u00fade. A not\u00edcia foi confirmada nesta quarta-feira (23) pela governadora F\u00e1tima Bezerra, em Caic\u00f3, ao cumprir agenda [&hellip;]<\/p>\n","protected":false},"author":1,"featured_media":0,"comment_status":"open","ping_status":"open","sticky":false,"template":"","format":"standard","meta":{"cybocfi_hide_featured_image":"","_jetpack_memberships_contains_paid_content":false,"footnotes":""},"categories":[1],"tags":[],"class_list":["post-6088","post","type-post","status-publish","format-standard","hentry","category-diversos"],"yoast_head":"<!-- This site is optimized with the Yoast SEO plugin v25.6 - https:\/\/yoast.com\/wordpress\/plugins\/seo\/ -->\n<title>Governo do RN anuncia Hospital Universit\u00e1rio em Caic\u00f3 - Blog do Bispo<\/title>\n<meta name=\"robots\" content=\"index, follow, max-snippet:-1, max-image-preview:large, max-video-preview:-1\" \/>\n<link rel=\"canonical\" href=\"https:\/\/blogdobispo.com.br\/?p=6088\" \/>\n<meta property=\"og:locale\" content=\"pt_BR\" \/>\n<meta property=\"og:type\" content=\"article\" \/>\n<meta property=\"og:title\" content=\"Governo do RN anuncia Hospital Universit\u00e1rio em Caic\u00f3 - Blog do Bispo\" \/>\n<meta property=\"og:description\" content=\"A regi\u00e3o do Serid\u00f3 est\u00e1 prestes a vivenciar um marco hist\u00f3rico na \u00e1rea da sa\u00fade com a instala\u00e7\u00e3o de um hospital universit\u00e1rio federal em Caic\u00f3, passo importante na interioriza\u00e7\u00e3o da forma\u00e7\u00e3o m\u00e9dica e fortalecimento o Sistema \u00danico de Sa\u00fade. A not\u00edcia foi confirmada nesta quarta-feira (23) pela governadora F\u00e1tima Bezerra, em Caic\u00f3, ao cumprir agenda [&hellip;]\" \/>\n<meta property=\"og:url\" content=\"https:\/\/blogdobispo.com.br\/?p=6088\" \/>\n<meta property=\"og:site_name\" content=\"Blog do Bispo\" \/>\n<meta property=\"article:published_time\" content=\"2025-07-24T14:12:49+00:00\" \/>\n<meta property=\"article:modified_time\" content=\"2025-07-24T14:12:50+00:00\" \/>\n<meta property=\"og:image\" content=\"http:\/\/blogdobispo.com.br\/wp-content\/uploads\/2025\/07\/WhatsApp-Image-2025-07-23-at-20.16.30-scaled.jpeg\" \/>\n<meta name=\"author\" content=\"Jefferson Sterfeno\" \/>\n<meta name=\"twitter:card\" content=\"summary_large_image\" \/>\n<meta name=\"twitter:label1\" content=\"Escrito por\" \/>\n\t<meta name=\"twitter:data1\" content=\"Jefferson Sterfeno\" \/>\n\t<meta name=\"twitter:label2\" content=\"Est. tempo de leitura\" \/>\n\t<meta name=\"twitter:data2\" content=\"5 minutos\" \/>\n<script type=\"application\/ld+json\" class=\"yoast-schema-graph\">{\"@context\":\"https:\/\/schema.org\",\"@graph\":[{\"@type\":\"Article\",\"@id\":\"https:\/\/blogdobispo.com.br\/?p=6088#article\",\"isPartOf\":{\"@id\":\"https:\/\/blogdobispo.com.br\/?p=6088\"},\"author\":{\"name\":\"Jefferson Sterfeno\",\"@id\":\"https:\/\/blogdobispo.com.br\/#\/schema\/person\/e2209cc0e6cea5c5233d033e997b373f\"},\"headline\":\"Governo do RN anuncia Hospital Universit\u00e1rio em Caic\u00f3\",\"datePublished\":\"2025-07-24T14:12:49+00:00\",\"dateModified\":\"2025-07-24T14:12:50+00:00\",\"mainEntityOfPage\":{\"@id\":\"https:\/\/blogdobispo.com.br\/?p=6088\"},\"wordCount\":834,\"commentCount\":0,\"publisher\":{\"@id\":\"https:\/\/blogdobispo.com.br\/#organization\"},\"image\":{\"@id\":\"https:\/\/blogdobispo.com.br\/?p=6088#primaryimage\"},\"thumbnailUrl\":\"http:\/\/blogdobispo.com.br\/wp-content\/uploads\/2025\/07\/WhatsApp-Image-2025-07-23-at-20.16.30-scaled.jpeg\",\"articleSection\":[\"diversos\"],\"inLanguage\":\"pt-BR\",\"potentialAction\":[{\"@type\":\"CommentAction\",\"name\":\"Comment\",\"target\":[\"https:\/\/blogdobispo.com.br\/?p=6088#respond\"]}]},{\"@type\":\"WebPage\",\"@id\":\"https:\/\/blogdobispo.com.br\/?p=6088\",\"url\":\"https:\/\/blogdobispo.com.br\/?p=6088\",\"name\":\"Governo do RN anuncia Hospital Universit\u00e1rio em Caic\u00f3 - Blog do Bispo\",\"isPartOf\":{\"@id\":\"https:\/\/blogdobispo.com.br\/#website\"},\"primaryImageOfPage\":{\"@id\":\"https:\/\/blogdobispo.com.br\/?p=6088#primaryimage\"},\"image\":{\"@id\":\"https:\/\/blogdobispo.com.br\/?p=6088#primaryimage\"},\"thumbnailUrl\":\"http:\/\/blogdobispo.com.br\/wp-content\/uploads\/2025\/07\/WhatsApp-Image-2025-07-23-at-20.16.30-scaled.jpeg\",\"datePublished\":\"2025-07-24T14:12:49+00:00\",\"dateModified\":\"2025-07-24T14:12:50+00:00\",\"breadcrumb\":{\"@id\":\"https:\/\/blogdobispo.com.br\/?p=6088#breadcrumb\"},\"inLanguage\":\"pt-BR\",\"potentialAction\":[{\"@type\":\"ReadAction\",\"target\":[\"https:\/\/blogdobispo.com.br\/?p=6088\"]}]},{\"@type\":\"ImageObject\",\"inLanguage\":\"pt-BR\",\"@id\":\"https:\/\/blogdobispo.com.br\/?p=6088#primaryimage\",\"url\":\"https:\/\/i0.wp.com\/blogdobispo.com.br\/wp-content\/uploads\/2025\/07\/WhatsApp-Image-2025-07-23-at-20.16.30-scaled.jpeg?fit=2560%2C1707&ssl=1\",\"contentUrl\":\"https:\/\/i0.wp.com\/blogdobispo.com.br\/wp-content\/uploads\/2025\/07\/WhatsApp-Image-2025-07-23-at-20.16.30-scaled.jpeg?fit=2560%2C1707&ssl=1\",\"width\":2560,\"height\":1707},{\"@type\":\"BreadcrumbList\",\"@id\":\"https:\/\/blogdobispo.com.br\/?p=6088#breadcrumb\",\"itemListElement\":[{\"@type\":\"ListItem\",\"position\":1,\"name\":\"In\u00edcio\",\"item\":\"https:\/\/blogdobispo.com.br\/\"},{\"@type\":\"ListItem\",\"position\":2,\"name\":\"Governo do RN anuncia Hospital Universit\u00e1rio em Caic\u00f3\"}]},{\"@type\":\"WebSite\",\"@id\":\"https:\/\/blogdobispo.com.br\/#website\",\"url\":\"https:\/\/blogdobispo.com.br\/\",\"name\":\"Blog do Bispo\",\"description\":\"Comprometido apenas com o leitor\",\"publisher\":{\"@id\":\"https:\/\/blogdobispo.com.br\/#organization\"},\"potentialAction\":[{\"@type\":\"SearchAction\",\"target\":{\"@type\":\"EntryPoint\",\"urlTemplate\":\"https:\/\/blogdobispo.com.br\/?s={search_term_string}\"},\"query-input\":{\"@type\":\"PropertyValueSpecification\",\"valueRequired\":true,\"valueName\":\"search_term_string\"}}],\"inLanguage\":\"pt-BR\"},{\"@type\":\"Organization\",\"@id\":\"https:\/\/blogdobispo.com.br\/#organization\",\"name\":\"Blog do Bispo\",\"url\":\"https:\/\/blogdobispo.com.br\/\",\"logo\":{\"@type\":\"ImageObject\",\"inLanguage\":\"pt-BR\",\"@id\":\"https:\/\/blogdobispo.com.br\/#\/schema\/logo\/image\/\",\"url\":\"http:\/\/blogdobispo.com.br\/wp-content\/uploads\/2023\/05\/cropped-headear.png\",\"contentUrl\":\"http:\/\/blogdobispo.com.br\/wp-content\/uploads\/2023\/05\/cropped-headear.png\",\"width\":1500,\"height\":399,\"caption\":\"Blog do Bispo\"},\"image\":{\"@id\":\"https:\/\/blogdobispo.com.br\/#\/schema\/logo\/image\/\"}},{\"@type\":\"Person\",\"@id\":\"https:\/\/blogdobispo.com.br\/#\/schema\/person\/e2209cc0e6cea5c5233d033e997b373f\",\"name\":\"Jefferson Sterfeno\",\"image\":{\"@type\":\"ImageObject\",\"inLanguage\":\"pt-BR\",\"@id\":\"https:\/\/blogdobispo.com.br\/#\/schema\/person\/image\/\",\"url\":\"https:\/\/secure.gravatar.com\/avatar\/0534e84764641168a677026b6d57a3f51dc7ac4db0b4f6186d9cb330d4ee1160?s=96&d=mm&r=g\",\"contentUrl\":\"https:\/\/secure.gravatar.com\/avatar\/0534e84764641168a677026b6d57a3f51dc7ac4db0b4f6186d9cb330d4ee1160?s=96&d=mm&r=g\",\"caption\":\"Jefferson Sterfeno\"},\"sameAs\":[\"http:\/\/blogdobispo.com.br\"],\"url\":\"https:\/\/blogdobispo.com.br\/?author=1\"}]}<\/script>\n<!-- \/ Yoast SEO plugin. -->","yoast_head_json":{"title":"Governo do RN anuncia Hospital Universit\u00e1rio em Caic\u00f3 - Blog do Bispo","robots":{"index":"index","follow":"follow","max-snippet":"max-snippet:-1","max-image-preview":"max-image-preview:large","max-video-preview":"max-video-preview:-1"},"canonical":"https:\/\/blogdobispo.com.br\/?p=6088","og_locale":"pt_BR","og_type":"article","og_title":"Governo do RN anuncia Hospital Universit\u00e1rio em Caic\u00f3 - Blog do Bispo","og_description":"A regi\u00e3o do Serid\u00f3 est\u00e1 prestes a vivenciar um marco hist\u00f3rico na \u00e1rea da sa\u00fade com a instala\u00e7\u00e3o de um hospital universit\u00e1rio federal em Caic\u00f3, passo importante na interioriza\u00e7\u00e3o da forma\u00e7\u00e3o m\u00e9dica e fortalecimento o Sistema \u00danico de Sa\u00fade. A not\u00edcia foi confirmada nesta quarta-feira (23) pela governadora F\u00e1tima Bezerra, em Caic\u00f3, ao cumprir agenda [&hellip;]","og_url":"https:\/\/blogdobispo.com.br\/?p=6088","og_site_name":"Blog do Bispo","article_published_time":"2025-07-24T14:12:49+00:00","article_modified_time":"2025-07-24T14:12:50+00:00","og_image":[{"url":"http:\/\/blogdobispo.com.br\/wp-content\/uploads\/2025\/07\/WhatsApp-Image-2025-07-23-at-20.16.30-scaled.jpeg","type":"","width":"","height":""}],"author":"Jefferson Sterfeno","twitter_card":"summary_large_image","twitter_misc":{"Escrito por":"Jefferson Sterfeno","Est. tempo de leitura":"5 minutos"},"schema":{"@context":"https:\/\/schema.org","@graph":[{"@type":"Article","@id":"https:\/\/blogdobispo.com.br\/?p=6088#article","isPartOf":{"@id":"https:\/\/blogdobispo.com.br\/?p=6088"},"author":{"name":"Jefferson Sterfeno","@id":"https:\/\/blogdobispo.com.br\/#\/schema\/person\/e2209cc0e6cea5c5233d033e997b373f"},"headline":"Governo do RN anuncia Hospital Universit\u00e1rio em Caic\u00f3","datePublished":"2025-07-24T14:12:49+00:00","dateModified":"2025-07-24T14:12:50+00:00","mainEntityOfPage":{"@id":"https:\/\/blogdobispo.com.br\/?p=6088"},"wordCount":834,"commentCount":0,"publisher":{"@id":"https:\/\/blogdobispo.com.br\/#organization"},"image":{"@id":"https:\/\/blogdobispo.com.br\/?p=6088#primaryimage"},"thumbnailUrl":"http:\/\/blogdobispo.com.br\/wp-content\/uploads\/2025\/07\/WhatsApp-Image-2025-07-23-at-20.16.30-scaled.jpeg","articleSection":["diversos"],"inLanguage":"pt-BR","potentialAction":[{"@type":"CommentAction","name":"Comment","target":["https:\/\/blogdobispo.com.br\/?p=6088#respond"]}]},{"@type":"WebPage","@id":"https:\/\/blogdobispo.com.br\/?p=6088","url":"https:\/\/blogdobispo.com.br\/?p=6088","name":"Governo do RN anuncia Hospital Universit\u00e1rio em Caic\u00f3 - Blog do Bispo","isPartOf":{"@id":"https:\/\/blogdobispo.com.br\/#website"},"primaryImageOfPage":{"@id":"https:\/\/blogdobispo.com.br\/?p=6088#primaryimage"},"image":{"@id":"https:\/\/blogdobispo.com.br\/?p=6088#primaryimage"},"thumbnailUrl":"http:\/\/blogdobispo.com.br\/wp-content\/uploads\/2025\/07\/WhatsApp-Image-2025-07-23-at-20.16.30-scaled.jpeg","datePublished":"2025-07-24T14:12:49+00:00","dateModified":"2025-07-24T14:12:50+00:00","breadcrumb":{"@id":"https:\/\/blogdobispo.com.br\/?p=6088#breadcrumb"},"inLanguage":"pt-BR","potentialAction":[{"@type":"ReadAction","target":["https:\/\/blogdobispo.com.br\/?p=6088"]}]},{"@type":"ImageObject","inLanguage":"pt-BR","@id":"https:\/\/blogdobispo.com.br\/?p=6088#primaryimage","url":"https:\/\/i0.wp.com\/blogdobispo.com.br\/wp-content\/uploads\/2025\/07\/WhatsApp-Image-2025-07-23-at-20.16.30-scaled.jpeg?fit=2560%2C1707&ssl=1","contentUrl":"https:\/\/i0.wp.com\/blogdobispo.com.br\/wp-content\/uploads\/2025\/07\/WhatsApp-Image-2025-07-23-at-20.16.30-scaled.jpeg?fit=2560%2C1707&ssl=1","width":2560,"height":1707},{"@type":"BreadcrumbList","@id":"https:\/\/blogdobispo.com.br\/?p=6088#breadcrumb","itemListElement":[{"@type":"ListItem","position":1,"name":"In\u00edcio","item":"https:\/\/blogdobispo.com.br\/"},{"@type":"ListItem","position":2,"name":"Governo do RN anuncia Hospital Universit\u00e1rio em Caic\u00f3"}]},{"@type":"WebSite","@id":"https:\/\/blogdobispo.com.br\/#website","url":"https:\/\/blogdobispo.com.br\/","name":"Blog do Bispo","description":"Comprometido apenas com o leitor","publisher":{"@id":"https:\/\/blogdobispo.com.br\/#organization"},"potentialAction":[{"@type":"SearchAction","target":{"@type":"EntryPoint","urlTemplate":"https:\/\/blogdobispo.com.br\/?s={search_term_string}"},"query-input":{"@type":"PropertyValueSpecification","valueRequired":true,"valueName":"search_term_string"}}],"inLanguage":"pt-BR"},{"@type":"Organization","@id":"https:\/\/blogdobispo.com.br\/#organization","name":"Blog do Bispo","url":"https:\/\/blogdobispo.com.br\/","logo":{"@type":"ImageObject","inLanguage":"pt-BR","@id":"https:\/\/blogdobispo.com.br\/#\/schema\/logo\/image\/","url":"http:\/\/blogdobispo.com.br\/wp-content\/uploads\/2023\/05\/cropped-headear.png","contentUrl":"http:\/\/blogdobispo.com.br\/wp-content\/uploads\/2023\/05\/cropped-headear.png","width":1500,"height":399,"caption":"Blog do Bispo"},"image":{"@id":"https:\/\/blogdobispo.com.br\/#\/schema\/logo\/image\/"}},{"@type":"Person","@id":"https:\/\/blogdobispo.com.br\/#\/schema\/person\/e2209cc0e6cea5c5233d033e997b373f","name":"Jefferson Sterfeno","image":{"@type":"ImageObject","inLanguage":"pt-BR","@id":"https:\/\/blogdobispo.com.br\/#\/schema\/person\/image\/","url":"https:\/\/secure.gravatar.com\/avatar\/0534e84764641168a677026b6d57a3f51dc7ac4db0b4f6186d9cb330d4ee1160?s=96&d=mm&r=g","contentUrl":"https:\/\/secure.gravatar.com\/avatar\/0534e84764641168a677026b6d57a3f51dc7ac4db0b4f6186d9cb330d4ee1160?s=96&d=mm&r=g","caption":"Jefferson Sterfeno"},"sameAs":["http:\/\/blogdobispo.com.br"],"url":"https:\/\/blogdobispo.com.br\/?author=1"}]}},"featured_image_urls":{"full":"","thumbnail":"","medium":"","medium_large":"","large":"","1536x1536":"","2048x2048":""},"author_info":{"display_name":"Jefferson Sterfeno","author_link":"https:\/\/blogdobispo.com.br\/?author=1"},"category_info":"<a href=\"https:\/\/blogdobispo.com.br\/?cat=1\" rel=\"category\">diversos<\/a>","tag_info":"diversos","comment_count":"0","jetpack_featured_media_url":"","jetpack_sharing_enabled":true,"_links":{"self":[{"href":"https:\/\/blogdobispo.com.br\/index.php?rest_route=\/wp\/v2\/posts\/6088","targetHints":{"allow":["GET"]}}],"collection":[{"href":"https:\/\/blogdobispo.com.br\/index.php?rest_route=\/wp\/v2\/posts"}],"about":[{"href":"https:\/\/blogdobispo.com.br\/index.php?rest_route=\/wp\/v2\/types\/post"}],"author":[{"embeddable":true,"href":"https:\/\/blogdobispo.com.br\/index.php?rest_route=\/wp\/v2\/users\/1"}],"replies":[{"embeddable":true,"href":"https:\/\/blogdobispo.com.br\/index.php?rest_route=%2Fwp%2Fv2%2Fcomments&post=6088"}],"version-history":[{"count":1,"href":"https:\/\/blogdobispo.com.br\/index.php?rest_route=\/wp\/v2\/posts\/6088\/revisions"}],"predecessor-version":[{"id":6090,"href":"https:\/\/blogdobispo.com.br\/index.php?rest_route=\/wp\/v2\/posts\/6088\/revisions\/6090"}],"wp:attachment":[{"href":"https:\/\/blogdobispo.com.br\/index.php?rest_route=%2Fwp%2Fv2%2Fmedia&parent=6088"}],"wp:term":[{"taxonomy":"category","embeddable":true,"href":"https:\/\/blogdobispo.com.br\/index.php?rest_route=%2Fwp%2Fv2%2Fcategories&post=6088"},{"taxonomy":"post_tag","embeddable":true,"href":"https:\/\/blogdobispo.com.br\/index.php?rest_route=%2Fwp%2Fv2%2Ftags&post=6088"}],"curies":[{"name":"wp","href":"https:\/\/api.w.org\/{rel}","templated":true}]}}