{"id":6084,"date":"2025-07-24T14:08:12","date_gmt":"2025-07-24T14:08:12","guid":{"rendered":"https:\/\/blogdobispo.com.br\/?p=6084"},"modified":"2025-07-24T14:08:14","modified_gmt":"2025-07-24T14:08:14","slug":"alvaro-dias-lidera-corrida-ao-governo-do-estado-aponta-pesquisa","status":"publish","type":"post","link":"https:\/\/blogdobispo.com.br\/?p=6084","title":{"rendered":"\u00c1lvaro Dias lidera corrida ao Governo do Estado, aponta pesquisa"},"content":{"rendered":"\n<p>Com 17,3% das inten\u00e7\u00f5es de voto estimuladas,&nbsp;<strong>\u00c1lvaro Dias<\/strong>&nbsp;aparece \u00e0 frente na prefer\u00eancia do eleitorado de Parelhas para o cargo de governador nas elei\u00e7\u00f5es de 2026. Em seguida est\u00e3o Thabatta Pimenta (9,0%), Rog\u00e9rio Marinho (7,5%) e Alysson Bezerra (6,8%). Um n\u00famero expressivo de eleitores ainda est\u00e1 indefinido: 39% disseram n\u00e3o saber em quem votar, e 18,5% afirmaram que n\u00e3o votariam em nenhum dos nomes apresentados.<\/p>\n\n\n\n<p>O levantamento foi realizado pela DataCensus com 400 eleitores do munic\u00edpio, seguindo a t\u00e9cnica de amostragem aleat\u00f3ria estratificada. A pesquisa tem margem de erro de 4,8 pontos percentuais e n\u00edvel de confian\u00e7a de 95%.<\/p>\n\n\n\n<figure class=\"wp-block-image\"><img data-recalc-dims=\"1\" fetchpriority=\"high\" decoding=\"async\" width=\"736\" height=\"732\" src=\"https:\/\/i0.wp.com\/blogdobispo.com.br\/wp-content\/uploads\/2025\/07\/marcosdantas.com-governo-fatima-bezerra-e-reprovado-por-quase-metade-da-populacao-de-parelhas-governo.jpg?resize=736%2C732\" alt=\"\" class=\"wp-image-6086\" srcset=\"https:\/\/i0.wp.com\/blogdobispo.com.br\/wp-content\/uploads\/2025\/07\/marcosdantas.com-governo-fatima-bezerra-e-reprovado-por-quase-metade-da-populacao-de-parelhas-governo.jpg?w=736&amp;ssl=1 736w, https:\/\/i0.wp.com\/blogdobispo.com.br\/wp-content\/uploads\/2025\/07\/marcosdantas.com-governo-fatima-bezerra-e-reprovado-por-quase-metade-da-populacao-de-parelhas-governo.jpg?resize=300%2C298&amp;ssl=1 300w, https:\/\/i0.wp.com\/blogdobispo.com.br\/wp-content\/uploads\/2025\/07\/marcosdantas.com-governo-fatima-bezerra-e-reprovado-por-quase-metade-da-populacao-de-parelhas-governo.jpg?resize=150%2C150&amp;ssl=1 150w\" sizes=\"(max-width: 736px) 100vw, 736px\" \/><\/figure>\n","protected":false},"excerpt":{"rendered":"<p>Com 17,3% das inten\u00e7\u00f5es de voto estimuladas,&nbsp;\u00c1lvaro Dias&nbsp;aparece \u00e0 frente na prefer\u00eancia do eleitorado de Parelhas para o cargo de governador nas elei\u00e7\u00f5es de 2026. Em seguida est\u00e3o Thabatta Pimenta (9,0%), Rog\u00e9rio Marinho (7,5%) e Alysson Bezerra (6,8%). Um n\u00famero expressivo de eleitores ainda est\u00e1 indefinido: 39% disseram n\u00e3o saber em quem votar, e 18,5% [&hellip;]<\/p>\n","protected":false},"author":1,"featured_media":0,"comment_status":"open","ping_status":"open","sticky":false,"template":"","format":"standard","meta":{"cybocfi_hide_featured_image":"","_jetpack_memberships_contains_paid_content":false,"footnotes":""},"categories":[1],"tags":[],"class_list":["post-6084","post","type-post","status-publish","format-standard","hentry","category-diversos"],"yoast_head":"<!-- This site is optimized with the Yoast SEO plugin v25.6 - https:\/\/yoast.com\/wordpress\/plugins\/seo\/ -->\n<title>\u00c1lvaro Dias lidera corrida ao Governo do Estado, aponta pesquisa - Blog do Bispo<\/title>\n<meta name=\"robots\" content=\"index, follow, max-snippet:-1, max-image-preview:large, max-video-preview:-1\" \/>\n<link rel=\"canonical\" href=\"https:\/\/blogdobispo.com.br\/?p=6084\" \/>\n<meta property=\"og:locale\" content=\"pt_BR\" \/>\n<meta property=\"og:type\" content=\"article\" \/>\n<meta property=\"og:title\" content=\"\u00c1lvaro Dias lidera corrida ao Governo do Estado, aponta pesquisa - Blog do Bispo\" \/>\n<meta property=\"og:description\" content=\"Com 17,3% das inten\u00e7\u00f5es de voto estimuladas,&nbsp;\u00c1lvaro Dias&nbsp;aparece \u00e0 frente na prefer\u00eancia do eleitorado de Parelhas para o cargo de governador nas elei\u00e7\u00f5es de 2026. Em seguida est\u00e3o Thabatta Pimenta (9,0%), Rog\u00e9rio Marinho (7,5%) e Alysson Bezerra (6,8%). Um n\u00famero expressivo de eleitores ainda est\u00e1 indefinido: 39% disseram n\u00e3o saber em quem votar, e 18,5% [&hellip;]\" \/>\n<meta property=\"og:url\" content=\"https:\/\/blogdobispo.com.br\/?p=6084\" \/>\n<meta property=\"og:site_name\" content=\"Blog do Bispo\" \/>\n<meta property=\"article:published_time\" content=\"2025-07-24T14:08:12+00:00\" \/>\n<meta property=\"article:modified_time\" content=\"2025-07-24T14:08:14+00:00\" \/>\n<meta property=\"og:image\" content=\"http:\/\/blogdobispo.com.br\/wp-content\/uploads\/2025\/07\/marcosdantas.com-governo-fatima-bezerra-e-reprovado-por-quase-metade-da-populacao-de-parelhas-governo.jpg\" \/>\n<meta name=\"author\" content=\"Jefferson Sterfeno\" \/>\n<meta name=\"twitter:card\" content=\"summary_large_image\" \/>\n<meta name=\"twitter:label1\" content=\"Escrito por\" \/>\n\t<meta name=\"twitter:data1\" content=\"Jefferson Sterfeno\" \/>\n\t<meta name=\"twitter:label2\" content=\"Est. tempo de leitura\" \/>\n\t<meta name=\"twitter:data2\" content=\"1 minuto\" \/>\n<script type=\"application\/ld+json\" class=\"yoast-schema-graph\">{\"@context\":\"https:\/\/schema.org\",\"@graph\":[{\"@type\":\"Article\",\"@id\":\"https:\/\/blogdobispo.com.br\/?p=6084#article\",\"isPartOf\":{\"@id\":\"https:\/\/blogdobispo.com.br\/?p=6084\"},\"author\":{\"name\":\"Jefferson Sterfeno\",\"@id\":\"https:\/\/blogdobispo.com.br\/#\/schema\/person\/e2209cc0e6cea5c5233d033e997b373f\"},\"headline\":\"\u00c1lvaro Dias lidera corrida ao Governo do Estado, aponta pesquisa\",\"datePublished\":\"2025-07-24T14:08:12+00:00\",\"dateModified\":\"2025-07-24T14:08:14+00:00\",\"mainEntityOfPage\":{\"@id\":\"https:\/\/blogdobispo.com.br\/?p=6084\"},\"wordCount\":114,\"commentCount\":0,\"publisher\":{\"@id\":\"https:\/\/blogdobispo.com.br\/#organization\"},\"image\":{\"@id\":\"https:\/\/blogdobispo.com.br\/?p=6084#primaryimage\"},\"thumbnailUrl\":\"http:\/\/blogdobispo.com.br\/wp-content\/uploads\/2025\/07\/marcosdantas.com-governo-fatima-bezerra-e-reprovado-por-quase-metade-da-populacao-de-parelhas-governo.jpg\",\"articleSection\":[\"diversos\"],\"inLanguage\":\"pt-BR\",\"potentialAction\":[{\"@type\":\"CommentAction\",\"name\":\"Comment\",\"target\":[\"https:\/\/blogdobispo.com.br\/?p=6084#respond\"]}]},{\"@type\":\"WebPage\",\"@id\":\"https:\/\/blogdobispo.com.br\/?p=6084\",\"url\":\"https:\/\/blogdobispo.com.br\/?p=6084\",\"name\":\"\u00c1lvaro Dias lidera corrida ao Governo do Estado, aponta pesquisa - Blog do Bispo\",\"isPartOf\":{\"@id\":\"https:\/\/blogdobispo.com.br\/#website\"},\"primaryImageOfPage\":{\"@id\":\"https:\/\/blogdobispo.com.br\/?p=6084#primaryimage\"},\"image\":{\"@id\":\"https:\/\/blogdobispo.com.br\/?p=6084#primaryimage\"},\"thumbnailUrl\":\"http:\/\/blogdobispo.com.br\/wp-content\/uploads\/2025\/07\/marcosdantas.com-governo-fatima-bezerra-e-reprovado-por-quase-metade-da-populacao-de-parelhas-governo.jpg\",\"datePublished\":\"2025-07-24T14:08:12+00:00\",\"dateModified\":\"2025-07-24T14:08:14+00:00\",\"breadcrumb\":{\"@id\":\"https:\/\/blogdobispo.com.br\/?p=6084#breadcrumb\"},\"inLanguage\":\"pt-BR\",\"potentialAction\":[{\"@type\":\"ReadAction\",\"target\":[\"https:\/\/blogdobispo.com.br\/?p=6084\"]}]},{\"@type\":\"ImageObject\",\"inLanguage\":\"pt-BR\",\"@id\":\"https:\/\/blogdobispo.com.br\/?p=6084#primaryimage\",\"url\":\"https:\/\/i0.wp.com\/blogdobispo.com.br\/wp-content\/uploads\/2025\/07\/marcosdantas.com-governo-fatima-bezerra-e-reprovado-por-quase-metade-da-populacao-de-parelhas-governo.jpg?fit=736%2C732&ssl=1\",\"contentUrl\":\"https:\/\/i0.wp.com\/blogdobispo.com.br\/wp-content\/uploads\/2025\/07\/marcosdantas.com-governo-fatima-bezerra-e-reprovado-por-quase-metade-da-populacao-de-parelhas-governo.jpg?fit=736%2C732&ssl=1\",\"width\":736,\"height\":732},{\"@type\":\"BreadcrumbList\",\"@id\":\"https:\/\/blogdobispo.com.br\/?p=6084#breadcrumb\",\"itemListElement\":[{\"@type\":\"ListItem\",\"position\":1,\"name\":\"In\u00edcio\",\"item\":\"https:\/\/blogdobispo.com.br\/\"},{\"@type\":\"ListItem\",\"position\":2,\"name\":\"\u00c1lvaro Dias lidera corrida ao Governo do Estado, aponta pesquisa\"}]},{\"@type\":\"WebSite\",\"@id\":\"https:\/\/blogdobispo.com.br\/#website\",\"url\":\"https:\/\/blogdobispo.com.br\/\",\"name\":\"Blog do Bispo\",\"description\":\"Comprometido apenas com o leitor\",\"publisher\":{\"@id\":\"https:\/\/blogdobispo.com.br\/#organization\"},\"potentialAction\":[{\"@type\":\"SearchAction\",\"target\":{\"@type\":\"EntryPoint\",\"urlTemplate\":\"https:\/\/blogdobispo.com.br\/?s={search_term_string}\"},\"query-input\":{\"@type\":\"PropertyValueSpecification\",\"valueRequired\":true,\"valueName\":\"search_term_string\"}}],\"inLanguage\":\"pt-BR\"},{\"@type\":\"Organization\",\"@id\":\"https:\/\/blogdobispo.com.br\/#organization\",\"name\":\"Blog do Bispo\",\"url\":\"https:\/\/blogdobispo.com.br\/\",\"logo\":{\"@type\":\"ImageObject\",\"inLanguage\":\"pt-BR\",\"@id\":\"https:\/\/blogdobispo.com.br\/#\/schema\/logo\/image\/\",\"url\":\"http:\/\/blogdobispo.com.br\/wp-content\/uploads\/2023\/05\/cropped-headear.png\",\"contentUrl\":\"http:\/\/blogdobispo.com.br\/wp-content\/uploads\/2023\/05\/cropped-headear.png\",\"width\":1500,\"height\":399,\"caption\":\"Blog do Bispo\"},\"image\":{\"@id\":\"https:\/\/blogdobispo.com.br\/#\/schema\/logo\/image\/\"}},{\"@type\":\"Person\",\"@id\":\"https:\/\/blogdobispo.com.br\/#\/schema\/person\/e2209cc0e6cea5c5233d033e997b373f\",\"name\":\"Jefferson Sterfeno\",\"image\":{\"@type\":\"ImageObject\",\"inLanguage\":\"pt-BR\",\"@id\":\"https:\/\/blogdobispo.com.br\/#\/schema\/person\/image\/\",\"url\":\"https:\/\/secure.gravatar.com\/avatar\/0534e84764641168a677026b6d57a3f51dc7ac4db0b4f6186d9cb330d4ee1160?s=96&d=mm&r=g\",\"contentUrl\":\"https:\/\/secure.gravatar.com\/avatar\/0534e84764641168a677026b6d57a3f51dc7ac4db0b4f6186d9cb330d4ee1160?s=96&d=mm&r=g\",\"caption\":\"Jefferson Sterfeno\"},\"sameAs\":[\"http:\/\/blogdobispo.com.br\"],\"url\":\"https:\/\/blogdobispo.com.br\/?author=1\"}]}<\/script>\n<!-- \/ Yoast SEO plugin. -->","yoast_head_json":{"title":"\u00c1lvaro Dias lidera corrida ao Governo do Estado, aponta pesquisa - Blog do Bispo","robots":{"index":"index","follow":"follow","max-snippet":"max-snippet:-1","max-image-preview":"max-image-preview:large","max-video-preview":"max-video-preview:-1"},"canonical":"https:\/\/blogdobispo.com.br\/?p=6084","og_locale":"pt_BR","og_type":"article","og_title":"\u00c1lvaro Dias lidera corrida ao Governo do Estado, aponta pesquisa - Blog do Bispo","og_description":"Com 17,3% das inten\u00e7\u00f5es de voto estimuladas,&nbsp;\u00c1lvaro Dias&nbsp;aparece \u00e0 frente na prefer\u00eancia do eleitorado de Parelhas para o cargo de governador nas elei\u00e7\u00f5es de 2026. Em seguida est\u00e3o Thabatta Pimenta (9,0%), Rog\u00e9rio Marinho (7,5%) e Alysson Bezerra (6,8%). Um n\u00famero expressivo de eleitores ainda est\u00e1 indefinido: 39% disseram n\u00e3o saber em quem votar, e 18,5% [&hellip;]","og_url":"https:\/\/blogdobispo.com.br\/?p=6084","og_site_name":"Blog do Bispo","article_published_time":"2025-07-24T14:08:12+00:00","article_modified_time":"2025-07-24T14:08:14+00:00","og_image":[{"url":"http:\/\/blogdobispo.com.br\/wp-content\/uploads\/2025\/07\/marcosdantas.com-governo-fatima-bezerra-e-reprovado-por-quase-metade-da-populacao-de-parelhas-governo.jpg","type":"","width":"","height":""}],"author":"Jefferson Sterfeno","twitter_card":"summary_large_image","twitter_misc":{"Escrito por":"Jefferson Sterfeno","Est. tempo de leitura":"1 minuto"},"schema":{"@context":"https:\/\/schema.org","@graph":[{"@type":"Article","@id":"https:\/\/blogdobispo.com.br\/?p=6084#article","isPartOf":{"@id":"https:\/\/blogdobispo.com.br\/?p=6084"},"author":{"name":"Jefferson Sterfeno","@id":"https:\/\/blogdobispo.com.br\/#\/schema\/person\/e2209cc0e6cea5c5233d033e997b373f"},"headline":"\u00c1lvaro Dias lidera corrida ao Governo do Estado, aponta pesquisa","datePublished":"2025-07-24T14:08:12+00:00","dateModified":"2025-07-24T14:08:14+00:00","mainEntityOfPage":{"@id":"https:\/\/blogdobispo.com.br\/?p=6084"},"wordCount":114,"commentCount":0,"publisher":{"@id":"https:\/\/blogdobispo.com.br\/#organization"},"image":{"@id":"https:\/\/blogdobispo.com.br\/?p=6084#primaryimage"},"thumbnailUrl":"http:\/\/blogdobispo.com.br\/wp-content\/uploads\/2025\/07\/marcosdantas.com-governo-fatima-bezerra-e-reprovado-por-quase-metade-da-populacao-de-parelhas-governo.jpg","articleSection":["diversos"],"inLanguage":"pt-BR","potentialAction":[{"@type":"CommentAction","name":"Comment","target":["https:\/\/blogdobispo.com.br\/?p=6084#respond"]}]},{"@type":"WebPage","@id":"https:\/\/blogdobispo.com.br\/?p=6084","url":"https:\/\/blogdobispo.com.br\/?p=6084","name":"\u00c1lvaro Dias lidera corrida ao Governo do Estado, aponta pesquisa - Blog do Bispo","isPartOf":{"@id":"https:\/\/blogdobispo.com.br\/#website"},"primaryImageOfPage":{"@id":"https:\/\/blogdobispo.com.br\/?p=6084#primaryimage"},"image":{"@id":"https:\/\/blogdobispo.com.br\/?p=6084#primaryimage"},"thumbnailUrl":"http:\/\/blogdobispo.com.br\/wp-content\/uploads\/2025\/07\/marcosdantas.com-governo-fatima-bezerra-e-reprovado-por-quase-metade-da-populacao-de-parelhas-governo.jpg","datePublished":"2025-07-24T14:08:12+00:00","dateModified":"2025-07-24T14:08:14+00:00","breadcrumb":{"@id":"https:\/\/blogdobispo.com.br\/?p=6084#breadcrumb"},"inLanguage":"pt-BR","potentialAction":[{"@type":"ReadAction","target":["https:\/\/blogdobispo.com.br\/?p=6084"]}]},{"@type":"ImageObject","inLanguage":"pt-BR","@id":"https:\/\/blogdobispo.com.br\/?p=6084#primaryimage","url":"https:\/\/i0.wp.com\/blogdobispo.com.br\/wp-content\/uploads\/2025\/07\/marcosdantas.com-governo-fatima-bezerra-e-reprovado-por-quase-metade-da-populacao-de-parelhas-governo.jpg?fit=736%2C732&ssl=1","contentUrl":"https:\/\/i0.wp.com\/blogdobispo.com.br\/wp-content\/uploads\/2025\/07\/marcosdantas.com-governo-fatima-bezerra-e-reprovado-por-quase-metade-da-populacao-de-parelhas-governo.jpg?fit=736%2C732&ssl=1","width":736,"height":732},{"@type":"BreadcrumbList","@id":"https:\/\/blogdobispo.com.br\/?p=6084#breadcrumb","itemListElement":[{"@type":"ListItem","position":1,"name":"In\u00edcio","item":"https:\/\/blogdobispo.com.br\/"},{"@type":"ListItem","position":2,"name":"\u00c1lvaro Dias lidera corrida ao Governo do Estado, aponta pesquisa"}]},{"@type":"WebSite","@id":"https:\/\/blogdobispo.com.br\/#website","url":"https:\/\/blogdobispo.com.br\/","name":"Blog do Bispo","description":"Comprometido apenas com o leitor","publisher":{"@id":"https:\/\/blogdobispo.com.br\/#organization"},"potentialAction":[{"@type":"SearchAction","target":{"@type":"EntryPoint","urlTemplate":"https:\/\/blogdobispo.com.br\/?s={search_term_string}"},"query-input":{"@type":"PropertyValueSpecification","valueRequired":true,"valueName":"search_term_string"}}],"inLanguage":"pt-BR"},{"@type":"Organization","@id":"https:\/\/blogdobispo.com.br\/#organization","name":"Blog do Bispo","url":"https:\/\/blogdobispo.com.br\/","logo":{"@type":"ImageObject","inLanguage":"pt-BR","@id":"https:\/\/blogdobispo.com.br\/#\/schema\/logo\/image\/","url":"http:\/\/blogdobispo.com.br\/wp-content\/uploads\/2023\/05\/cropped-headear.png","contentUrl":"http:\/\/blogdobispo.com.br\/wp-content\/uploads\/2023\/05\/cropped-headear.png","width":1500,"height":399,"caption":"Blog do Bispo"},"image":{"@id":"https:\/\/blogdobispo.com.br\/#\/schema\/logo\/image\/"}},{"@type":"Person","@id":"https:\/\/blogdobispo.com.br\/#\/schema\/person\/e2209cc0e6cea5c5233d033e997b373f","name":"Jefferson Sterfeno","image":{"@type":"ImageObject","inLanguage":"pt-BR","@id":"https:\/\/blogdobispo.com.br\/#\/schema\/person\/image\/","url":"https:\/\/secure.gravatar.com\/avatar\/0534e84764641168a677026b6d57a3f51dc7ac4db0b4f6186d9cb330d4ee1160?s=96&d=mm&r=g","contentUrl":"https:\/\/secure.gravatar.com\/avatar\/0534e84764641168a677026b6d57a3f51dc7ac4db0b4f6186d9cb330d4ee1160?s=96&d=mm&r=g","caption":"Jefferson Sterfeno"},"sameAs":["http:\/\/blogdobispo.com.br"],"url":"https:\/\/blogdobispo.com.br\/?author=1"}]}},"featured_image_urls":{"full":"","thumbnail":"","medium":"","medium_large":"","large":"","1536x1536":"","2048x2048":""},"author_info":{"display_name":"Jefferson Sterfeno","author_link":"https:\/\/blogdobispo.com.br\/?author=1"},"category_info":"<a href=\"https:\/\/blogdobispo.com.br\/?cat=1\" rel=\"category\">diversos<\/a>","tag_info":"diversos","comment_count":"0","jetpack_featured_media_url":"","jetpack_sharing_enabled":true,"_links":{"self":[{"href":"https:\/\/blogdobispo.com.br\/index.php?rest_route=\/wp\/v2\/posts\/6084","targetHints":{"allow":["GET"]}}],"collection":[{"href":"https:\/\/blogdobispo.com.br\/index.php?rest_route=\/wp\/v2\/posts"}],"about":[{"href":"https:\/\/blogdobispo.com.br\/index.php?rest_route=\/wp\/v2\/types\/post"}],"author":[{"embeddable":true,"href":"https:\/\/blogdobispo.com.br\/index.php?rest_route=\/wp\/v2\/users\/1"}],"replies":[{"embeddable":true,"href":"https:\/\/blogdobispo.com.br\/index.php?rest_route=%2Fwp%2Fv2%2Fcomments&post=6084"}],"version-history":[{"count":1,"href":"https:\/\/blogdobispo.com.br\/index.php?rest_route=\/wp\/v2\/posts\/6084\/revisions"}],"predecessor-version":[{"id":6087,"href":"https:\/\/blogdobispo.com.br\/index.php?rest_route=\/wp\/v2\/posts\/6084\/revisions\/6087"}],"wp:attachment":[{"href":"https:\/\/blogdobispo.com.br\/index.php?rest_route=%2Fwp%2Fv2%2Fmedia&parent=6084"}],"wp:term":[{"taxonomy":"category","embeddable":true,"href":"https:\/\/blogdobispo.com.br\/index.php?rest_route=%2Fwp%2Fv2%2Fcategories&post=6084"},{"taxonomy":"post_tag","embeddable":true,"href":"https:\/\/blogdobispo.com.br\/index.php?rest_route=%2Fwp%2Fv2%2Ftags&post=6084"}],"curies":[{"name":"wp","href":"https:\/\/api.w.org\/{rel}","templated":true}]}}