{"id":6078,"date":"2025-07-24T13:48:10","date_gmt":"2025-07-24T13:48:10","guid":{"rendered":"https:\/\/blogdobispo.com.br\/?p=6078"},"modified":"2025-07-24T13:48:12","modified_gmt":"2025-07-24T13:48:12","slug":"adjuto-dias-participa-da-abertura-da-expoeduc-e-reforca-compromisso-com-a-educacao","status":"publish","type":"post","link":"https:\/\/blogdobispo.com.br\/?p=6078","title":{"rendered":"Adjuto Dias participa da abertura da Expoeduc e refor\u00e7a compromisso com a educa\u00e7\u00e3o"},"content":{"rendered":"\n<p>O deputado estadual Adjuto Dias (MDB) participou, na \u00faltima ter\u00e7a-feira (22), da cerim\u00f4nia de abertura oficial da Expoeduc 2025, um dos eventos mais relevantes do calend\u00e1rio educacional do Rio Grande do Norte e da regi\u00e3o Norte e Nordeste. Representando a Assembleia Legislativa, o parlamentar destacou a import\u00e2ncia do evento para a forma\u00e7\u00e3o e valoriza\u00e7\u00e3o dos profissionais da educa\u00e7\u00e3o.<\/p>\n\n\n\n<p>\u201c\u00c9 uma alegria participar do lan\u00e7amento oficial da Expoeduc 2025, um evento que se consolida como um dos mais importantes do calend\u00e1rio educacional do nosso estado e do Norte e Nordeste. Destaco o apoio da Assembleia Legislativa \u00e0 iniciativa, por entender que investir em educa\u00e7\u00e3o \u00e9 fundamental para o desenvolvimento do Rio Grande do Norte\u201d, afirmou Adjuto Dias.<\/p>\n\n\n\n<p>Durante o evento, o deputado ressaltou ainda a destina\u00e7\u00e3o de uma emenda parlamentar para garantir a participa\u00e7\u00e3o gratuita de professores da rede municipal de ensino na feira. \u201cReafirmamos nosso compromisso com a valoriza\u00e7\u00e3o dos profissionais da educa\u00e7\u00e3o, possibilitando que eles tenham acesso \u00e0 forma\u00e7\u00e3o continuada e a um espa\u00e7o de troca de experi\u00eancias\u201d, completou.<\/p>\n\n\n\n<p>O congresso ExpoEduc \u00e9 o evento \u00e2ncora do projeto &#8220;Natal, Capital da Educa\u00e7\u00e3o&#8221; que acontece em Natal entre os dias 17 e 26 de julho e a Escola da Assembleia integrou a programa\u00e7\u00e3o com o curso para Elabora\u00e7\u00e3o de Projetos voltado a servidores da Casa e \u00e0 popula\u00e7\u00e3o em geral.<\/p>\n\n\n\n<figure class=\"wp-block-image\"><img data-recalc-dims=\"1\" fetchpriority=\"high\" decoding=\"async\" width=\"800\" height=\"532\" src=\"https:\/\/i0.wp.com\/blogdobispo.com.br\/wp-content\/uploads\/2025\/07\/qumjbzJGa35RkMs5L7NRFkt4V00JkKeeD2BGatPW-scaled.jpg?resize=800%2C532\" alt=\"\" class=\"wp-image-6079\" srcset=\"https:\/\/i0.wp.com\/blogdobispo.com.br\/wp-content\/uploads\/2025\/07\/qumjbzJGa35RkMs5L7NRFkt4V00JkKeeD2BGatPW-scaled.jpg?w=2560&amp;ssl=1 2560w, https:\/\/i0.wp.com\/blogdobispo.com.br\/wp-content\/uploads\/2025\/07\/qumjbzJGa35RkMs5L7NRFkt4V00JkKeeD2BGatPW-scaled.jpg?resize=300%2C200&amp;ssl=1 300w, https:\/\/i0.wp.com\/blogdobispo.com.br\/wp-content\/uploads\/2025\/07\/qumjbzJGa35RkMs5L7NRFkt4V00JkKeeD2BGatPW-scaled.jpg?resize=1024%2C681&amp;ssl=1 1024w, https:\/\/i0.wp.com\/blogdobispo.com.br\/wp-content\/uploads\/2025\/07\/qumjbzJGa35RkMs5L7NRFkt4V00JkKeeD2BGatPW-scaled.jpg?resize=768%2C511&amp;ssl=1 768w, https:\/\/i0.wp.com\/blogdobispo.com.br\/wp-content\/uploads\/2025\/07\/qumjbzJGa35RkMs5L7NRFkt4V00JkKeeD2BGatPW-scaled.jpg?resize=1536%2C1022&amp;ssl=1 1536w, https:\/\/i0.wp.com\/blogdobispo.com.br\/wp-content\/uploads\/2025\/07\/qumjbzJGa35RkMs5L7NRFkt4V00JkKeeD2BGatPW-scaled.jpg?resize=2048%2C1363&amp;ssl=1 2048w, https:\/\/i0.wp.com\/blogdobispo.com.br\/wp-content\/uploads\/2025\/07\/qumjbzJGa35RkMs5L7NRFkt4V00JkKeeD2BGatPW-scaled.jpg?w=1600 1600w, https:\/\/i0.wp.com\/blogdobispo.com.br\/wp-content\/uploads\/2025\/07\/qumjbzJGa35RkMs5L7NRFkt4V00JkKeeD2BGatPW-scaled.jpg?w=2400 2400w\" sizes=\"(max-width: 800px) 100vw, 800px\" \/><\/figure>\n","protected":false},"excerpt":{"rendered":"<p>O deputado estadual Adjuto Dias (MDB) participou, na \u00faltima ter\u00e7a-feira (22), da cerim\u00f4nia de abertura oficial da Expoeduc 2025, um dos eventos mais relevantes do calend\u00e1rio educacional do Rio Grande do Norte e da regi\u00e3o Norte e Nordeste. Representando a Assembleia Legislativa, o parlamentar destacou a import\u00e2ncia do evento para a forma\u00e7\u00e3o e valoriza\u00e7\u00e3o dos [&hellip;]<\/p>\n","protected":false},"author":1,"featured_media":0,"comment_status":"open","ping_status":"open","sticky":false,"template":"","format":"standard","meta":{"cybocfi_hide_featured_image":"","_jetpack_memberships_contains_paid_content":false,"footnotes":""},"categories":[1],"tags":[],"class_list":["post-6078","post","type-post","status-publish","format-standard","hentry","category-diversos"],"yoast_head":"<!-- This site is optimized with the Yoast SEO plugin v25.6 - https:\/\/yoast.com\/wordpress\/plugins\/seo\/ -->\n<title>Adjuto Dias participa da abertura da Expoeduc e refor\u00e7a compromisso com a educa\u00e7\u00e3o - Blog do Bispo<\/title>\n<meta name=\"robots\" content=\"index, follow, max-snippet:-1, max-image-preview:large, max-video-preview:-1\" \/>\n<link rel=\"canonical\" href=\"https:\/\/blogdobispo.com.br\/?p=6078\" \/>\n<meta property=\"og:locale\" content=\"pt_BR\" \/>\n<meta property=\"og:type\" content=\"article\" \/>\n<meta property=\"og:title\" content=\"Adjuto Dias participa da abertura da Expoeduc e refor\u00e7a compromisso com a educa\u00e7\u00e3o - Blog do Bispo\" \/>\n<meta property=\"og:description\" content=\"O deputado estadual Adjuto Dias (MDB) participou, na \u00faltima ter\u00e7a-feira (22), da cerim\u00f4nia de abertura oficial da Expoeduc 2025, um dos eventos mais relevantes do calend\u00e1rio educacional do Rio Grande do Norte e da regi\u00e3o Norte e Nordeste. Representando a Assembleia Legislativa, o parlamentar destacou a import\u00e2ncia do evento para a forma\u00e7\u00e3o e valoriza\u00e7\u00e3o dos [&hellip;]\" \/>\n<meta property=\"og:url\" content=\"https:\/\/blogdobispo.com.br\/?p=6078\" \/>\n<meta property=\"og:site_name\" content=\"Blog do Bispo\" \/>\n<meta property=\"article:published_time\" content=\"2025-07-24T13:48:10+00:00\" \/>\n<meta property=\"article:modified_time\" content=\"2025-07-24T13:48:12+00:00\" \/>\n<meta property=\"og:image\" content=\"http:\/\/blogdobispo.com.br\/wp-content\/uploads\/2025\/07\/qumjbzJGa35RkMs5L7NRFkt4V00JkKeeD2BGatPW-scaled.jpg\" \/>\n<meta name=\"author\" content=\"Jefferson Sterfeno\" \/>\n<meta name=\"twitter:card\" content=\"summary_large_image\" \/>\n<meta name=\"twitter:label1\" content=\"Escrito por\" \/>\n\t<meta name=\"twitter:data1\" content=\"Jefferson Sterfeno\" \/>\n\t<meta name=\"twitter:label2\" content=\"Est. tempo de leitura\" \/>\n\t<meta name=\"twitter:data2\" content=\"2 minutos\" \/>\n<script type=\"application\/ld+json\" class=\"yoast-schema-graph\">{\"@context\":\"https:\/\/schema.org\",\"@graph\":[{\"@type\":\"Article\",\"@id\":\"https:\/\/blogdobispo.com.br\/?p=6078#article\",\"isPartOf\":{\"@id\":\"https:\/\/blogdobispo.com.br\/?p=6078\"},\"author\":{\"name\":\"Jefferson Sterfeno\",\"@id\":\"https:\/\/blogdobispo.com.br\/#\/schema\/person\/e2209cc0e6cea5c5233d033e997b373f\"},\"headline\":\"Adjuto Dias participa da abertura da Expoeduc e refor\u00e7a compromisso com a educa\u00e7\u00e3o\",\"datePublished\":\"2025-07-24T13:48:10+00:00\",\"dateModified\":\"2025-07-24T13:48:12+00:00\",\"mainEntityOfPage\":{\"@id\":\"https:\/\/blogdobispo.com.br\/?p=6078\"},\"wordCount\":246,\"commentCount\":0,\"publisher\":{\"@id\":\"https:\/\/blogdobispo.com.br\/#organization\"},\"image\":{\"@id\":\"https:\/\/blogdobispo.com.br\/?p=6078#primaryimage\"},\"thumbnailUrl\":\"http:\/\/blogdobispo.com.br\/wp-content\/uploads\/2025\/07\/qumjbzJGa35RkMs5L7NRFkt4V00JkKeeD2BGatPW-scaled.jpg\",\"articleSection\":[\"diversos\"],\"inLanguage\":\"pt-BR\",\"potentialAction\":[{\"@type\":\"CommentAction\",\"name\":\"Comment\",\"target\":[\"https:\/\/blogdobispo.com.br\/?p=6078#respond\"]}]},{\"@type\":\"WebPage\",\"@id\":\"https:\/\/blogdobispo.com.br\/?p=6078\",\"url\":\"https:\/\/blogdobispo.com.br\/?p=6078\",\"name\":\"Adjuto Dias participa da abertura da Expoeduc e refor\u00e7a compromisso com a educa\u00e7\u00e3o - Blog do Bispo\",\"isPartOf\":{\"@id\":\"https:\/\/blogdobispo.com.br\/#website\"},\"primaryImageOfPage\":{\"@id\":\"https:\/\/blogdobispo.com.br\/?p=6078#primaryimage\"},\"image\":{\"@id\":\"https:\/\/blogdobispo.com.br\/?p=6078#primaryimage\"},\"thumbnailUrl\":\"http:\/\/blogdobispo.com.br\/wp-content\/uploads\/2025\/07\/qumjbzJGa35RkMs5L7NRFkt4V00JkKeeD2BGatPW-scaled.jpg\",\"datePublished\":\"2025-07-24T13:48:10+00:00\",\"dateModified\":\"2025-07-24T13:48:12+00:00\",\"breadcrumb\":{\"@id\":\"https:\/\/blogdobispo.com.br\/?p=6078#breadcrumb\"},\"inLanguage\":\"pt-BR\",\"potentialAction\":[{\"@type\":\"ReadAction\",\"target\":[\"https:\/\/blogdobispo.com.br\/?p=6078\"]}]},{\"@type\":\"ImageObject\",\"inLanguage\":\"pt-BR\",\"@id\":\"https:\/\/blogdobispo.com.br\/?p=6078#primaryimage\",\"url\":\"https:\/\/i0.wp.com\/blogdobispo.com.br\/wp-content\/uploads\/2025\/07\/qumjbzJGa35RkMs5L7NRFkt4V00JkKeeD2BGatPW-scaled.jpg?fit=2560%2C1703&ssl=1\",\"contentUrl\":\"https:\/\/i0.wp.com\/blogdobispo.com.br\/wp-content\/uploads\/2025\/07\/qumjbzJGa35RkMs5L7NRFkt4V00JkKeeD2BGatPW-scaled.jpg?fit=2560%2C1703&ssl=1\",\"width\":2560,\"height\":1703},{\"@type\":\"BreadcrumbList\",\"@id\":\"https:\/\/blogdobispo.com.br\/?p=6078#breadcrumb\",\"itemListElement\":[{\"@type\":\"ListItem\",\"position\":1,\"name\":\"In\u00edcio\",\"item\":\"https:\/\/blogdobispo.com.br\/\"},{\"@type\":\"ListItem\",\"position\":2,\"name\":\"Adjuto Dias participa da abertura da Expoeduc e refor\u00e7a compromisso com a educa\u00e7\u00e3o\"}]},{\"@type\":\"WebSite\",\"@id\":\"https:\/\/blogdobispo.com.br\/#website\",\"url\":\"https:\/\/blogdobispo.com.br\/\",\"name\":\"Blog do Bispo\",\"description\":\"Comprometido apenas com o leitor\",\"publisher\":{\"@id\":\"https:\/\/blogdobispo.com.br\/#organization\"},\"potentialAction\":[{\"@type\":\"SearchAction\",\"target\":{\"@type\":\"EntryPoint\",\"urlTemplate\":\"https:\/\/blogdobispo.com.br\/?s={search_term_string}\"},\"query-input\":{\"@type\":\"PropertyValueSpecification\",\"valueRequired\":true,\"valueName\":\"search_term_string\"}}],\"inLanguage\":\"pt-BR\"},{\"@type\":\"Organization\",\"@id\":\"https:\/\/blogdobispo.com.br\/#organization\",\"name\":\"Blog do Bispo\",\"url\":\"https:\/\/blogdobispo.com.br\/\",\"logo\":{\"@type\":\"ImageObject\",\"inLanguage\":\"pt-BR\",\"@id\":\"https:\/\/blogdobispo.com.br\/#\/schema\/logo\/image\/\",\"url\":\"http:\/\/blogdobispo.com.br\/wp-content\/uploads\/2023\/05\/cropped-headear.png\",\"contentUrl\":\"http:\/\/blogdobispo.com.br\/wp-content\/uploads\/2023\/05\/cropped-headear.png\",\"width\":1500,\"height\":399,\"caption\":\"Blog do Bispo\"},\"image\":{\"@id\":\"https:\/\/blogdobispo.com.br\/#\/schema\/logo\/image\/\"}},{\"@type\":\"Person\",\"@id\":\"https:\/\/blogdobispo.com.br\/#\/schema\/person\/e2209cc0e6cea5c5233d033e997b373f\",\"name\":\"Jefferson Sterfeno\",\"image\":{\"@type\":\"ImageObject\",\"inLanguage\":\"pt-BR\",\"@id\":\"https:\/\/blogdobispo.com.br\/#\/schema\/person\/image\/\",\"url\":\"https:\/\/secure.gravatar.com\/avatar\/0534e84764641168a677026b6d57a3f51dc7ac4db0b4f6186d9cb330d4ee1160?s=96&d=mm&r=g\",\"contentUrl\":\"https:\/\/secure.gravatar.com\/avatar\/0534e84764641168a677026b6d57a3f51dc7ac4db0b4f6186d9cb330d4ee1160?s=96&d=mm&r=g\",\"caption\":\"Jefferson Sterfeno\"},\"sameAs\":[\"http:\/\/blogdobispo.com.br\"],\"url\":\"https:\/\/blogdobispo.com.br\/?author=1\"}]}<\/script>\n<!-- \/ Yoast SEO plugin. -->","yoast_head_json":{"title":"Adjuto Dias participa da abertura da Expoeduc e refor\u00e7a compromisso com a educa\u00e7\u00e3o - Blog do Bispo","robots":{"index":"index","follow":"follow","max-snippet":"max-snippet:-1","max-image-preview":"max-image-preview:large","max-video-preview":"max-video-preview:-1"},"canonical":"https:\/\/blogdobispo.com.br\/?p=6078","og_locale":"pt_BR","og_type":"article","og_title":"Adjuto Dias participa da abertura da Expoeduc e refor\u00e7a compromisso com a educa\u00e7\u00e3o - Blog do Bispo","og_description":"O deputado estadual Adjuto Dias (MDB) participou, na \u00faltima ter\u00e7a-feira (22), da cerim\u00f4nia de abertura oficial da Expoeduc 2025, um dos eventos mais relevantes do calend\u00e1rio educacional do Rio Grande do Norte e da regi\u00e3o Norte e Nordeste. Representando a Assembleia Legislativa, o parlamentar destacou a import\u00e2ncia do evento para a forma\u00e7\u00e3o e valoriza\u00e7\u00e3o dos [&hellip;]","og_url":"https:\/\/blogdobispo.com.br\/?p=6078","og_site_name":"Blog do Bispo","article_published_time":"2025-07-24T13:48:10+00:00","article_modified_time":"2025-07-24T13:48:12+00:00","og_image":[{"url":"http:\/\/blogdobispo.com.br\/wp-content\/uploads\/2025\/07\/qumjbzJGa35RkMs5L7NRFkt4V00JkKeeD2BGatPW-scaled.jpg","type":"","width":"","height":""}],"author":"Jefferson Sterfeno","twitter_card":"summary_large_image","twitter_misc":{"Escrito por":"Jefferson Sterfeno","Est. tempo de leitura":"2 minutos"},"schema":{"@context":"https:\/\/schema.org","@graph":[{"@type":"Article","@id":"https:\/\/blogdobispo.com.br\/?p=6078#article","isPartOf":{"@id":"https:\/\/blogdobispo.com.br\/?p=6078"},"author":{"name":"Jefferson Sterfeno","@id":"https:\/\/blogdobispo.com.br\/#\/schema\/person\/e2209cc0e6cea5c5233d033e997b373f"},"headline":"Adjuto Dias participa da abertura da Expoeduc e refor\u00e7a compromisso com a educa\u00e7\u00e3o","datePublished":"2025-07-24T13:48:10+00:00","dateModified":"2025-07-24T13:48:12+00:00","mainEntityOfPage":{"@id":"https:\/\/blogdobispo.com.br\/?p=6078"},"wordCount":246,"commentCount":0,"publisher":{"@id":"https:\/\/blogdobispo.com.br\/#organization"},"image":{"@id":"https:\/\/blogdobispo.com.br\/?p=6078#primaryimage"},"thumbnailUrl":"http:\/\/blogdobispo.com.br\/wp-content\/uploads\/2025\/07\/qumjbzJGa35RkMs5L7NRFkt4V00JkKeeD2BGatPW-scaled.jpg","articleSection":["diversos"],"inLanguage":"pt-BR","potentialAction":[{"@type":"CommentAction","name":"Comment","target":["https:\/\/blogdobispo.com.br\/?p=6078#respond"]}]},{"@type":"WebPage","@id":"https:\/\/blogdobispo.com.br\/?p=6078","url":"https:\/\/blogdobispo.com.br\/?p=6078","name":"Adjuto Dias participa da abertura da Expoeduc e refor\u00e7a compromisso com a educa\u00e7\u00e3o - Blog do Bispo","isPartOf":{"@id":"https:\/\/blogdobispo.com.br\/#website"},"primaryImageOfPage":{"@id":"https:\/\/blogdobispo.com.br\/?p=6078#primaryimage"},"image":{"@id":"https:\/\/blogdobispo.com.br\/?p=6078#primaryimage"},"thumbnailUrl":"http:\/\/blogdobispo.com.br\/wp-content\/uploads\/2025\/07\/qumjbzJGa35RkMs5L7NRFkt4V00JkKeeD2BGatPW-scaled.jpg","datePublished":"2025-07-24T13:48:10+00:00","dateModified":"2025-07-24T13:48:12+00:00","breadcrumb":{"@id":"https:\/\/blogdobispo.com.br\/?p=6078#breadcrumb"},"inLanguage":"pt-BR","potentialAction":[{"@type":"ReadAction","target":["https:\/\/blogdobispo.com.br\/?p=6078"]}]},{"@type":"ImageObject","inLanguage":"pt-BR","@id":"https:\/\/blogdobispo.com.br\/?p=6078#primaryimage","url":"https:\/\/i0.wp.com\/blogdobispo.com.br\/wp-content\/uploads\/2025\/07\/qumjbzJGa35RkMs5L7NRFkt4V00JkKeeD2BGatPW-scaled.jpg?fit=2560%2C1703&ssl=1","contentUrl":"https:\/\/i0.wp.com\/blogdobispo.com.br\/wp-content\/uploads\/2025\/07\/qumjbzJGa35RkMs5L7NRFkt4V00JkKeeD2BGatPW-scaled.jpg?fit=2560%2C1703&ssl=1","width":2560,"height":1703},{"@type":"BreadcrumbList","@id":"https:\/\/blogdobispo.com.br\/?p=6078#breadcrumb","itemListElement":[{"@type":"ListItem","position":1,"name":"In\u00edcio","item":"https:\/\/blogdobispo.com.br\/"},{"@type":"ListItem","position":2,"name":"Adjuto Dias participa da abertura da Expoeduc e refor\u00e7a compromisso com a educa\u00e7\u00e3o"}]},{"@type":"WebSite","@id":"https:\/\/blogdobispo.com.br\/#website","url":"https:\/\/blogdobispo.com.br\/","name":"Blog do Bispo","description":"Comprometido apenas com o leitor","publisher":{"@id":"https:\/\/blogdobispo.com.br\/#organization"},"potentialAction":[{"@type":"SearchAction","target":{"@type":"EntryPoint","urlTemplate":"https:\/\/blogdobispo.com.br\/?s={search_term_string}"},"query-input":{"@type":"PropertyValueSpecification","valueRequired":true,"valueName":"search_term_string"}}],"inLanguage":"pt-BR"},{"@type":"Organization","@id":"https:\/\/blogdobispo.com.br\/#organization","name":"Blog do Bispo","url":"https:\/\/blogdobispo.com.br\/","logo":{"@type":"ImageObject","inLanguage":"pt-BR","@id":"https:\/\/blogdobispo.com.br\/#\/schema\/logo\/image\/","url":"http:\/\/blogdobispo.com.br\/wp-content\/uploads\/2023\/05\/cropped-headear.png","contentUrl":"http:\/\/blogdobispo.com.br\/wp-content\/uploads\/2023\/05\/cropped-headear.png","width":1500,"height":399,"caption":"Blog do Bispo"},"image":{"@id":"https:\/\/blogdobispo.com.br\/#\/schema\/logo\/image\/"}},{"@type":"Person","@id":"https:\/\/blogdobispo.com.br\/#\/schema\/person\/e2209cc0e6cea5c5233d033e997b373f","name":"Jefferson Sterfeno","image":{"@type":"ImageObject","inLanguage":"pt-BR","@id":"https:\/\/blogdobispo.com.br\/#\/schema\/person\/image\/","url":"https:\/\/secure.gravatar.com\/avatar\/0534e84764641168a677026b6d57a3f51dc7ac4db0b4f6186d9cb330d4ee1160?s=96&d=mm&r=g","contentUrl":"https:\/\/secure.gravatar.com\/avatar\/0534e84764641168a677026b6d57a3f51dc7ac4db0b4f6186d9cb330d4ee1160?s=96&d=mm&r=g","caption":"Jefferson Sterfeno"},"sameAs":["http:\/\/blogdobispo.com.br"],"url":"https:\/\/blogdobispo.com.br\/?author=1"}]}},"featured_image_urls":{"full":"","thumbnail":"","medium":"","medium_large":"","large":"","1536x1536":"","2048x2048":""},"author_info":{"display_name":"Jefferson Sterfeno","author_link":"https:\/\/blogdobispo.com.br\/?author=1"},"category_info":"<a href=\"https:\/\/blogdobispo.com.br\/?cat=1\" rel=\"category\">diversos<\/a>","tag_info":"diversos","comment_count":"0","jetpack_featured_media_url":"","jetpack_sharing_enabled":true,"_links":{"self":[{"href":"https:\/\/blogdobispo.com.br\/index.php?rest_route=\/wp\/v2\/posts\/6078","targetHints":{"allow":["GET"]}}],"collection":[{"href":"https:\/\/blogdobispo.com.br\/index.php?rest_route=\/wp\/v2\/posts"}],"about":[{"href":"https:\/\/blogdobispo.com.br\/index.php?rest_route=\/wp\/v2\/types\/post"}],"author":[{"embeddable":true,"href":"https:\/\/blogdobispo.com.br\/index.php?rest_route=\/wp\/v2\/users\/1"}],"replies":[{"embeddable":true,"href":"https:\/\/blogdobispo.com.br\/index.php?rest_route=%2Fwp%2Fv2%2Fcomments&post=6078"}],"version-history":[{"count":1,"href":"https:\/\/blogdobispo.com.br\/index.php?rest_route=\/wp\/v2\/posts\/6078\/revisions"}],"predecessor-version":[{"id":6080,"href":"https:\/\/blogdobispo.com.br\/index.php?rest_route=\/wp\/v2\/posts\/6078\/revisions\/6080"}],"wp:attachment":[{"href":"https:\/\/blogdobispo.com.br\/index.php?rest_route=%2Fwp%2Fv2%2Fmedia&parent=6078"}],"wp:term":[{"taxonomy":"category","embeddable":true,"href":"https:\/\/blogdobispo.com.br\/index.php?rest_route=%2Fwp%2Fv2%2Fcategories&post=6078"},{"taxonomy":"post_tag","embeddable":true,"href":"https:\/\/blogdobispo.com.br\/index.php?rest_route=%2Fwp%2Fv2%2Ftags&post=6078"}],"curies":[{"name":"wp","href":"https:\/\/api.w.org\/{rel}","templated":true}]}}