{"id":6073,"date":"2025-07-23T21:30:45","date_gmt":"2025-07-23T21:30:45","guid":{"rendered":"https:\/\/blogdobispo.com.br\/?p=6073"},"modified":"2025-07-23T21:30:45","modified_gmt":"2025-07-23T21:30:45","slug":"jose-batista-pode-ser-candidato-ao-conselho-comunitario-das-quintas-em-2026","status":"publish","type":"post","link":"https:\/\/blogdobispo.com.br\/?p=6073","title":{"rendered":"Jos\u00e9 Batista pode ser candidato ao Conselho Comunit\u00e1rio das Quintas em 2026"},"content":{"rendered":"\n<figure class=\"wp-block-image size-large\"><img data-recalc-dims=\"1\" fetchpriority=\"high\" decoding=\"async\" width=\"800\" height=\"745\" src=\"https:\/\/i0.wp.com\/blogdobispo.com.br\/wp-content\/uploads\/2025\/07\/a8675055-a905-42da-aa46-31acb26e9d8b-1024x954.jpg?resize=800%2C745&#038;ssl=1\" class=\"wp-image-6072\" srcset=\"https:\/\/i0.wp.com\/blogdobispo.com.br\/wp-content\/uploads\/2025\/07\/a8675055-a905-42da-aa46-31acb26e9d8b.jpg?resize=1024%2C954&amp;ssl=1 1024w, https:\/\/i0.wp.com\/blogdobispo.com.br\/wp-content\/uploads\/2025\/07\/a8675055-a905-42da-aa46-31acb26e9d8b.jpg?resize=300%2C280&amp;ssl=1 300w, https:\/\/i0.wp.com\/blogdobispo.com.br\/wp-content\/uploads\/2025\/07\/a8675055-a905-42da-aa46-31acb26e9d8b.jpg?resize=768%2C716&amp;ssl=1 768w, https:\/\/i0.wp.com\/blogdobispo.com.br\/wp-content\/uploads\/2025\/07\/a8675055-a905-42da-aa46-31acb26e9d8b.jpg?resize=1536%2C1431&amp;ssl=1 1536w, https:\/\/i0.wp.com\/blogdobispo.com.br\/wp-content\/uploads\/2025\/07\/a8675055-a905-42da-aa46-31acb26e9d8b.jpg?w=1600&amp;ssl=1 1600w\" sizes=\"(max-width: 800px) 100vw, 800px\" \/><\/figure>\n\n\n\n<p class=\"p1\"><\/p>\n\n\n\n<p class=\"p3\">O nome de Jos\u00e9 Batista come\u00e7a a ganhar for\u00e7a no Bairro das Quintas como poss\u00edvel candidato \u00e0 presid\u00eancia do Conselho Comunit\u00e1rio em 2026. Morador do bairro, evang\u00e9lico e bastante atuante nas comunidades, ele \u00e9 visto como algu\u00e9m que conhece de perto os problemas e que pode representar o povo de forma verdadeira.<\/p>\n\n\n\n<p class=\"p3\">Jos\u00e9 \u00e9 conhecido por estar sempre presente em a\u00e7\u00f5es sociais, eventos religiosos e no dia a dia das comunidades mais esquecidas das Quintas. Muitos moradores j\u00e1 falam que ele pode ser \u201co novo Jos\u00e9 do Egito\u201d \u2014 numa compara\u00e7\u00e3o com a hist\u00f3ria b\u00edblica do jovem que saiu da pris\u00e3o e chegou a governador, salvando seu povo da fome e do abandono.<\/p>\n\n\n\n<blockquote class=\"wp-block-quote is-layout-flow wp-block-quote-is-layout-flow\">\n<p>\u201cA hist\u00f3ria de Jos\u00e9 na B\u00edblia mostra que Deus levanta pessoas simples para cuidar de muita gente. E aqui nas Quintas, nosso Jos\u00e9 tamb\u00e9m vem de baixo, conhece a luta e pode fazer a diferen\u00e7a\u201d, disse um l\u00edder religioso do bairro.<\/p>\n<\/blockquote>\n\n\n\n<p class=\"p3\">A poss\u00edvel candidatura de Jos\u00e9 Batista surge como uma resposta ao cansa\u00e7o da popula\u00e7\u00e3o com promessas n\u00e3o cumpridas e lideran\u00e7as distantes. Ele representa a f\u00e9, a humildade e a coragem de quem quer ver o bairro respeitado e valorizado.<\/p>\n\n\n\n<p class=\"p3\">Mesmo sem ter anunciado oficialmente que ser\u00e1 candidato, Jos\u00e9 tem conversado com moradores, escutado demandas e participado de reuni\u00f5es. Para muita gente, ele j\u00e1 est\u00e1 em campanha \u2014 mesmo que ainda n\u00e3o tenha dito \u201csim\u201d.<\/p>\n\n\n\n<p class=\"p3\">Se decidir entrar na disputa, Jos\u00e9 Batista pode representar uma virada importante na hist\u00f3ria do Conselho Comunit\u00e1rio das Quintas. Um representante do povo, com os p\u00e9s no ch\u00e3o e o cora\u00e7\u00e3o nas comunidades. Assim como o Jos\u00e9 do Egito, ele pode sair da base e chegar ao topo \u2014 n\u00e3o por ambi\u00e7\u00e3o, mas por miss\u00e3o.<\/p>\n","protected":false},"excerpt":{"rendered":"<p>O nome de Jos\u00e9 Batista come\u00e7a a ganhar for\u00e7a no Bairro das Quintas como poss\u00edvel candidato \u00e0 presid\u00eancia do Conselho Comunit\u00e1rio em 2026. Morador do bairro, evang\u00e9lico e bastante atuante nas comunidades, ele \u00e9 visto como algu\u00e9m que conhece de perto os problemas e que pode representar o povo de forma verdadeira. Jos\u00e9 \u00e9 conhecido [&hellip;]<\/p>\n","protected":false},"author":1,"featured_media":0,"comment_status":"open","ping_status":"open","sticky":false,"template":"","format":"standard","meta":{"cybocfi_hide_featured_image":"","_jetpack_memberships_contains_paid_content":false,"footnotes":""},"categories":[1],"tags":[],"class_list":["post-6073","post","type-post","status-publish","format-standard","hentry","category-diversos"],"yoast_head":"<!-- This site is optimized with the Yoast SEO plugin v25.6 - https:\/\/yoast.com\/wordpress\/plugins\/seo\/ -->\n<title>Jos\u00e9 Batista pode ser candidato ao Conselho Comunit\u00e1rio das Quintas em 2026 - Blog do Bispo<\/title>\n<meta name=\"robots\" content=\"index, follow, max-snippet:-1, max-image-preview:large, max-video-preview:-1\" \/>\n<link rel=\"canonical\" href=\"https:\/\/blogdobispo.com.br\/?p=6073\" \/>\n<meta property=\"og:locale\" content=\"pt_BR\" \/>\n<meta property=\"og:type\" content=\"article\" \/>\n<meta property=\"og:title\" content=\"Jos\u00e9 Batista pode ser candidato ao Conselho Comunit\u00e1rio das Quintas em 2026 - Blog do Bispo\" \/>\n<meta property=\"og:description\" content=\"O nome de Jos\u00e9 Batista come\u00e7a a ganhar for\u00e7a no Bairro das Quintas como poss\u00edvel candidato \u00e0 presid\u00eancia do Conselho Comunit\u00e1rio em 2026. Morador do bairro, evang\u00e9lico e bastante atuante nas comunidades, ele \u00e9 visto como algu\u00e9m que conhece de perto os problemas e que pode representar o povo de forma verdadeira. Jos\u00e9 \u00e9 conhecido [&hellip;]\" \/>\n<meta property=\"og:url\" content=\"https:\/\/blogdobispo.com.br\/?p=6073\" \/>\n<meta property=\"og:site_name\" content=\"Blog do Bispo\" \/>\n<meta property=\"article:published_time\" content=\"2025-07-23T21:30:45+00:00\" \/>\n<meta property=\"og:image\" content=\"https:\/\/blogdobispo.com.br\/wp-content\/uploads\/2025\/07\/a8675055-a905-42da-aa46-31acb26e9d8b-1024x954.jpg\" \/>\n<meta name=\"author\" content=\"Jefferson Sterfeno\" \/>\n<meta name=\"twitter:card\" content=\"summary_large_image\" \/>\n<meta name=\"twitter:label1\" content=\"Escrito por\" \/>\n\t<meta name=\"twitter:data1\" content=\"Jefferson Sterfeno\" \/>\n\t<meta name=\"twitter:label2\" content=\"Est. tempo de leitura\" \/>\n\t<meta name=\"twitter:data2\" content=\"2 minutos\" \/>\n<script type=\"application\/ld+json\" class=\"yoast-schema-graph\">{\"@context\":\"https:\/\/schema.org\",\"@graph\":[{\"@type\":\"Article\",\"@id\":\"https:\/\/blogdobispo.com.br\/?p=6073#article\",\"isPartOf\":{\"@id\":\"https:\/\/blogdobispo.com.br\/?p=6073\"},\"author\":{\"name\":\"Jefferson Sterfeno\",\"@id\":\"https:\/\/blogdobispo.com.br\/#\/schema\/person\/e2209cc0e6cea5c5233d033e997b373f\"},\"headline\":\"Jos\u00e9 Batista pode ser candidato ao Conselho Comunit\u00e1rio das Quintas em 2026\",\"datePublished\":\"2025-07-23T21:30:45+00:00\",\"mainEntityOfPage\":{\"@id\":\"https:\/\/blogdobispo.com.br\/?p=6073\"},\"wordCount\":320,\"commentCount\":0,\"publisher\":{\"@id\":\"https:\/\/blogdobispo.com.br\/#organization\"},\"image\":{\"@id\":\"https:\/\/blogdobispo.com.br\/?p=6073#primaryimage\"},\"thumbnailUrl\":\"https:\/\/blogdobispo.com.br\/wp-content\/uploads\/2025\/07\/a8675055-a905-42da-aa46-31acb26e9d8b-1024x954.jpg\",\"articleSection\":[\"diversos\"],\"inLanguage\":\"pt-BR\",\"potentialAction\":[{\"@type\":\"CommentAction\",\"name\":\"Comment\",\"target\":[\"https:\/\/blogdobispo.com.br\/?p=6073#respond\"]}]},{\"@type\":\"WebPage\",\"@id\":\"https:\/\/blogdobispo.com.br\/?p=6073\",\"url\":\"https:\/\/blogdobispo.com.br\/?p=6073\",\"name\":\"Jos\u00e9 Batista pode ser candidato ao Conselho Comunit\u00e1rio das Quintas em 2026 - Blog do Bispo\",\"isPartOf\":{\"@id\":\"https:\/\/blogdobispo.com.br\/#website\"},\"primaryImageOfPage\":{\"@id\":\"https:\/\/blogdobispo.com.br\/?p=6073#primaryimage\"},\"image\":{\"@id\":\"https:\/\/blogdobispo.com.br\/?p=6073#primaryimage\"},\"thumbnailUrl\":\"https:\/\/blogdobispo.com.br\/wp-content\/uploads\/2025\/07\/a8675055-a905-42da-aa46-31acb26e9d8b-1024x954.jpg\",\"datePublished\":\"2025-07-23T21:30:45+00:00\",\"breadcrumb\":{\"@id\":\"https:\/\/blogdobispo.com.br\/?p=6073#breadcrumb\"},\"inLanguage\":\"pt-BR\",\"potentialAction\":[{\"@type\":\"ReadAction\",\"target\":[\"https:\/\/blogdobispo.com.br\/?p=6073\"]}]},{\"@type\":\"ImageObject\",\"inLanguage\":\"pt-BR\",\"@id\":\"https:\/\/blogdobispo.com.br\/?p=6073#primaryimage\",\"url\":\"https:\/\/blogdobispo.com.br\/wp-content\/uploads\/2025\/07\/a8675055-a905-42da-aa46-31acb26e9d8b-1024x954.jpg\",\"contentUrl\":\"https:\/\/blogdobispo.com.br\/wp-content\/uploads\/2025\/07\/a8675055-a905-42da-aa46-31acb26e9d8b-1024x954.jpg\"},{\"@type\":\"BreadcrumbList\",\"@id\":\"https:\/\/blogdobispo.com.br\/?p=6073#breadcrumb\",\"itemListElement\":[{\"@type\":\"ListItem\",\"position\":1,\"name\":\"In\u00edcio\",\"item\":\"https:\/\/blogdobispo.com.br\/\"},{\"@type\":\"ListItem\",\"position\":2,\"name\":\"Jos\u00e9 Batista pode ser candidato ao Conselho Comunit\u00e1rio das Quintas em 2026\"}]},{\"@type\":\"WebSite\",\"@id\":\"https:\/\/blogdobispo.com.br\/#website\",\"url\":\"https:\/\/blogdobispo.com.br\/\",\"name\":\"Blog do Bispo\",\"description\":\"Comprometido apenas com o leitor\",\"publisher\":{\"@id\":\"https:\/\/blogdobispo.com.br\/#organization\"},\"potentialAction\":[{\"@type\":\"SearchAction\",\"target\":{\"@type\":\"EntryPoint\",\"urlTemplate\":\"https:\/\/blogdobispo.com.br\/?s={search_term_string}\"},\"query-input\":{\"@type\":\"PropertyValueSpecification\",\"valueRequired\":true,\"valueName\":\"search_term_string\"}}],\"inLanguage\":\"pt-BR\"},{\"@type\":\"Organization\",\"@id\":\"https:\/\/blogdobispo.com.br\/#organization\",\"name\":\"Blog do Bispo\",\"url\":\"https:\/\/blogdobispo.com.br\/\",\"logo\":{\"@type\":\"ImageObject\",\"inLanguage\":\"pt-BR\",\"@id\":\"https:\/\/blogdobispo.com.br\/#\/schema\/logo\/image\/\",\"url\":\"http:\/\/blogdobispo.com.br\/wp-content\/uploads\/2023\/05\/cropped-headear.png\",\"contentUrl\":\"http:\/\/blogdobispo.com.br\/wp-content\/uploads\/2023\/05\/cropped-headear.png\",\"width\":1500,\"height\":399,\"caption\":\"Blog do Bispo\"},\"image\":{\"@id\":\"https:\/\/blogdobispo.com.br\/#\/schema\/logo\/image\/\"}},{\"@type\":\"Person\",\"@id\":\"https:\/\/blogdobispo.com.br\/#\/schema\/person\/e2209cc0e6cea5c5233d033e997b373f\",\"name\":\"Jefferson Sterfeno\",\"image\":{\"@type\":\"ImageObject\",\"inLanguage\":\"pt-BR\",\"@id\":\"https:\/\/blogdobispo.com.br\/#\/schema\/person\/image\/\",\"url\":\"https:\/\/secure.gravatar.com\/avatar\/0534e84764641168a677026b6d57a3f51dc7ac4db0b4f6186d9cb330d4ee1160?s=96&d=mm&r=g\",\"contentUrl\":\"https:\/\/secure.gravatar.com\/avatar\/0534e84764641168a677026b6d57a3f51dc7ac4db0b4f6186d9cb330d4ee1160?s=96&d=mm&r=g\",\"caption\":\"Jefferson Sterfeno\"},\"sameAs\":[\"http:\/\/blogdobispo.com.br\"],\"url\":\"https:\/\/blogdobispo.com.br\/?author=1\"}]}<\/script>\n<!-- \/ Yoast SEO plugin. -->","yoast_head_json":{"title":"Jos\u00e9 Batista pode ser candidato ao Conselho Comunit\u00e1rio das Quintas em 2026 - Blog do Bispo","robots":{"index":"index","follow":"follow","max-snippet":"max-snippet:-1","max-image-preview":"max-image-preview:large","max-video-preview":"max-video-preview:-1"},"canonical":"https:\/\/blogdobispo.com.br\/?p=6073","og_locale":"pt_BR","og_type":"article","og_title":"Jos\u00e9 Batista pode ser candidato ao Conselho Comunit\u00e1rio das Quintas em 2026 - Blog do Bispo","og_description":"O nome de Jos\u00e9 Batista come\u00e7a a ganhar for\u00e7a no Bairro das Quintas como poss\u00edvel candidato \u00e0 presid\u00eancia do Conselho Comunit\u00e1rio em 2026. Morador do bairro, evang\u00e9lico e bastante atuante nas comunidades, ele \u00e9 visto como algu\u00e9m que conhece de perto os problemas e que pode representar o povo de forma verdadeira. Jos\u00e9 \u00e9 conhecido [&hellip;]","og_url":"https:\/\/blogdobispo.com.br\/?p=6073","og_site_name":"Blog do Bispo","article_published_time":"2025-07-23T21:30:45+00:00","og_image":[{"url":"https:\/\/blogdobispo.com.br\/wp-content\/uploads\/2025\/07\/a8675055-a905-42da-aa46-31acb26e9d8b-1024x954.jpg","type":"","width":"","height":""}],"author":"Jefferson Sterfeno","twitter_card":"summary_large_image","twitter_misc":{"Escrito por":"Jefferson Sterfeno","Est. tempo de leitura":"2 minutos"},"schema":{"@context":"https:\/\/schema.org","@graph":[{"@type":"Article","@id":"https:\/\/blogdobispo.com.br\/?p=6073#article","isPartOf":{"@id":"https:\/\/blogdobispo.com.br\/?p=6073"},"author":{"name":"Jefferson Sterfeno","@id":"https:\/\/blogdobispo.com.br\/#\/schema\/person\/e2209cc0e6cea5c5233d033e997b373f"},"headline":"Jos\u00e9 Batista pode ser candidato ao Conselho Comunit\u00e1rio das Quintas em 2026","datePublished":"2025-07-23T21:30:45+00:00","mainEntityOfPage":{"@id":"https:\/\/blogdobispo.com.br\/?p=6073"},"wordCount":320,"commentCount":0,"publisher":{"@id":"https:\/\/blogdobispo.com.br\/#organization"},"image":{"@id":"https:\/\/blogdobispo.com.br\/?p=6073#primaryimage"},"thumbnailUrl":"https:\/\/blogdobispo.com.br\/wp-content\/uploads\/2025\/07\/a8675055-a905-42da-aa46-31acb26e9d8b-1024x954.jpg","articleSection":["diversos"],"inLanguage":"pt-BR","potentialAction":[{"@type":"CommentAction","name":"Comment","target":["https:\/\/blogdobispo.com.br\/?p=6073#respond"]}]},{"@type":"WebPage","@id":"https:\/\/blogdobispo.com.br\/?p=6073","url":"https:\/\/blogdobispo.com.br\/?p=6073","name":"Jos\u00e9 Batista pode ser candidato ao Conselho Comunit\u00e1rio das Quintas em 2026 - Blog do Bispo","isPartOf":{"@id":"https:\/\/blogdobispo.com.br\/#website"},"primaryImageOfPage":{"@id":"https:\/\/blogdobispo.com.br\/?p=6073#primaryimage"},"image":{"@id":"https:\/\/blogdobispo.com.br\/?p=6073#primaryimage"},"thumbnailUrl":"https:\/\/blogdobispo.com.br\/wp-content\/uploads\/2025\/07\/a8675055-a905-42da-aa46-31acb26e9d8b-1024x954.jpg","datePublished":"2025-07-23T21:30:45+00:00","breadcrumb":{"@id":"https:\/\/blogdobispo.com.br\/?p=6073#breadcrumb"},"inLanguage":"pt-BR","potentialAction":[{"@type":"ReadAction","target":["https:\/\/blogdobispo.com.br\/?p=6073"]}]},{"@type":"ImageObject","inLanguage":"pt-BR","@id":"https:\/\/blogdobispo.com.br\/?p=6073#primaryimage","url":"https:\/\/blogdobispo.com.br\/wp-content\/uploads\/2025\/07\/a8675055-a905-42da-aa46-31acb26e9d8b-1024x954.jpg","contentUrl":"https:\/\/blogdobispo.com.br\/wp-content\/uploads\/2025\/07\/a8675055-a905-42da-aa46-31acb26e9d8b-1024x954.jpg"},{"@type":"BreadcrumbList","@id":"https:\/\/blogdobispo.com.br\/?p=6073#breadcrumb","itemListElement":[{"@type":"ListItem","position":1,"name":"In\u00edcio","item":"https:\/\/blogdobispo.com.br\/"},{"@type":"ListItem","position":2,"name":"Jos\u00e9 Batista pode ser candidato ao Conselho Comunit\u00e1rio das Quintas em 2026"}]},{"@type":"WebSite","@id":"https:\/\/blogdobispo.com.br\/#website","url":"https:\/\/blogdobispo.com.br\/","name":"Blog do Bispo","description":"Comprometido apenas com o leitor","publisher":{"@id":"https:\/\/blogdobispo.com.br\/#organization"},"potentialAction":[{"@type":"SearchAction","target":{"@type":"EntryPoint","urlTemplate":"https:\/\/blogdobispo.com.br\/?s={search_term_string}"},"query-input":{"@type":"PropertyValueSpecification","valueRequired":true,"valueName":"search_term_string"}}],"inLanguage":"pt-BR"},{"@type":"Organization","@id":"https:\/\/blogdobispo.com.br\/#organization","name":"Blog do Bispo","url":"https:\/\/blogdobispo.com.br\/","logo":{"@type":"ImageObject","inLanguage":"pt-BR","@id":"https:\/\/blogdobispo.com.br\/#\/schema\/logo\/image\/","url":"http:\/\/blogdobispo.com.br\/wp-content\/uploads\/2023\/05\/cropped-headear.png","contentUrl":"http:\/\/blogdobispo.com.br\/wp-content\/uploads\/2023\/05\/cropped-headear.png","width":1500,"height":399,"caption":"Blog do Bispo"},"image":{"@id":"https:\/\/blogdobispo.com.br\/#\/schema\/logo\/image\/"}},{"@type":"Person","@id":"https:\/\/blogdobispo.com.br\/#\/schema\/person\/e2209cc0e6cea5c5233d033e997b373f","name":"Jefferson Sterfeno","image":{"@type":"ImageObject","inLanguage":"pt-BR","@id":"https:\/\/blogdobispo.com.br\/#\/schema\/person\/image\/","url":"https:\/\/secure.gravatar.com\/avatar\/0534e84764641168a677026b6d57a3f51dc7ac4db0b4f6186d9cb330d4ee1160?s=96&d=mm&r=g","contentUrl":"https:\/\/secure.gravatar.com\/avatar\/0534e84764641168a677026b6d57a3f51dc7ac4db0b4f6186d9cb330d4ee1160?s=96&d=mm&r=g","caption":"Jefferson Sterfeno"},"sameAs":["http:\/\/blogdobispo.com.br"],"url":"https:\/\/blogdobispo.com.br\/?author=1"}]}},"featured_image_urls":{"full":"","thumbnail":"","medium":"","medium_large":"","large":"","1536x1536":"","2048x2048":""},"author_info":{"display_name":"Jefferson Sterfeno","author_link":"https:\/\/blogdobispo.com.br\/?author=1"},"category_info":"<a href=\"https:\/\/blogdobispo.com.br\/?cat=1\" rel=\"category\">diversos<\/a>","tag_info":"diversos","comment_count":"0","jetpack_featured_media_url":"","jetpack_sharing_enabled":true,"_links":{"self":[{"href":"https:\/\/blogdobispo.com.br\/index.php?rest_route=\/wp\/v2\/posts\/6073","targetHints":{"allow":["GET"]}}],"collection":[{"href":"https:\/\/blogdobispo.com.br\/index.php?rest_route=\/wp\/v2\/posts"}],"about":[{"href":"https:\/\/blogdobispo.com.br\/index.php?rest_route=\/wp\/v2\/types\/post"}],"author":[{"embeddable":true,"href":"https:\/\/blogdobispo.com.br\/index.php?rest_route=\/wp\/v2\/users\/1"}],"replies":[{"embeddable":true,"href":"https:\/\/blogdobispo.com.br\/index.php?rest_route=%2Fwp%2Fv2%2Fcomments&post=6073"}],"version-history":[{"count":0,"href":"https:\/\/blogdobispo.com.br\/index.php?rest_route=\/wp\/v2\/posts\/6073\/revisions"}],"wp:attachment":[{"href":"https:\/\/blogdobispo.com.br\/index.php?rest_route=%2Fwp%2Fv2%2Fmedia&parent=6073"}],"wp:term":[{"taxonomy":"category","embeddable":true,"href":"https:\/\/blogdobispo.com.br\/index.php?rest_route=%2Fwp%2Fv2%2Fcategories&post=6073"},{"taxonomy":"post_tag","embeddable":true,"href":"https:\/\/blogdobispo.com.br\/index.php?rest_route=%2Fwp%2Fv2%2Ftags&post=6073"}],"curies":[{"name":"wp","href":"https:\/\/api.w.org\/{rel}","templated":true}]}}