{"id":6071,"date":"2025-07-23T21:08:40","date_gmt":"2025-07-23T21:08:40","guid":{"rendered":"https:\/\/blogdobispo.com.br\/?p=6071"},"modified":"2025-07-23T23:25:18","modified_gmt":"2025-07-23T23:25:18","slug":"hermano-moraes-deve-deixar-o-pv-e-retornar-ao-mdb-mirando-a-camara-federal-em-2026","status":"publish","type":"post","link":"https:\/\/blogdobispo.com.br\/?p=6071","title":{"rendered":"Hermano Moraes deve deixar o PV e retornar ao MDB mirando a reelei\u00e7\u00e3o em 2026"},"content":{"rendered":"\n<figure class=\"wp-block-image size-large\"><img data-recalc-dims=\"1\" fetchpriority=\"high\" decoding=\"async\" width=\"415\" height=\"739\" src=\"https:\/\/i0.wp.com\/blogdobispo.com.br\/wp-content\/uploads\/2025\/07\/img_5658.jpg?resize=415%2C739&#038;ssl=1\" alt=\"\" class=\"wp-image-6070\" srcset=\"https:\/\/i0.wp.com\/blogdobispo.com.br\/wp-content\/uploads\/2025\/07\/img_5658.jpg?w=415&amp;ssl=1 415w, https:\/\/i0.wp.com\/blogdobispo.com.br\/wp-content\/uploads\/2025\/07\/img_5658.jpg?resize=168%2C300&amp;ssl=1 168w\" sizes=\"(max-width: 415px) 100vw, 415px\" \/><\/figure>\n\n\n\n<p class=\"p1\"><\/p>\n\n\n\n<p class=\"p1\">O deputado estadual Hermano Moraes (PV), atualmente em seu quarto mandato consecutivo na Assembleia Legislativa do Rio Grande do Norte, est\u00e1 prestes a promover mais uma mudan\u00e7a partid\u00e1ria com potencial de impacto no cen\u00e1rio pol\u00edtico potiguar. Ap\u00f3s convite do presidente estadual do PV, Milkley Leite, para disputar uma vaga na C\u00e2mara dos Deputados em 2026, Hermano deve deixar a legenda nos pr\u00f3ximos dias e retornar ao MDB, partido onde construiu boa parte de sua trajet\u00f3ria pol\u00edtica.<\/p>\n\n\n\n<p class=\"p1\">Antes de ingressar no Partido Verde, Hermano passou pelo PSB, sigla pela qual foi reeleito deputado estadual e consolidou sua atua\u00e7\u00e3o parlamentar. No entanto, \u00e9 no MDB que Hermano tem sua origem pol\u00edtica e os marcos mais significativos de sua carreira: foi vereador de Natal, candidato a vice-prefeito em 1996 na chapa com Jo\u00e3o Faustino (PSDB) e, em 2012, disputou a Prefeitura da capital, chegando ao segundo turno contra Carlos Eduardo Alves.<\/p>\n\n\n\n<p class=\"p1\">O retorno ao MDB \u00e9 visto como um movimento de reencontro com suas bases e tamb\u00e9m de reaproxima\u00e7\u00e3o com figuras centrais da pol\u00edtica estadual, como o vice-governador e presidente estadual da legenda, Walter Alves, e o presidente da Assembleia Legislativa, Ezequiel Ferreira de Souza (PSDB), com quem Hermano mant\u00e9m boa rela\u00e7\u00e3o institucional e pol\u00edtica.<\/p>\n\n\n\n<p class=\"p1\">Com o MDB buscando refor\u00e7ar sua chapa para a disputa proporcional de 2026, a volta de Hermano \u00e9 tratada como estrat\u00e9gica. O partido quer nomes com densidade eleitoral, hist\u00f3rico de servi\u00e7os prestados e capilaridade no estado \u2014 atributos que Hermano re\u00fane com folga, especialmente entre eleitores da capital e da regi\u00e3o metropolitana.<\/p>\n\n\n\n<p class=\"p1\">No PV, o convite para ser candidato a deputado federal partiu de um esfor\u00e7o do presidente estadual da legenda, que tenta dar corpo a uma chapa competitiva. No entanto, a falta de estrutura partid\u00e1ria e a incerteza sobre alian\u00e7as pol\u00edticas devem ter pesado na avalia\u00e7\u00e3o do parlamentar, que opta por um retorno a um campo mais consolidado.<\/p>\n\n\n\n<p class=\"p1\">A expectativa \u00e9 de que o an\u00fancio da mudan\u00e7a aconte\u00e7a nos pr\u00f3ximos meses, conforme o calend\u00e1rio eleitoral se aproxime e os grupos pol\u00edticos intensifiquem suas articula\u00e7\u00f5es. Hermano Moraes, com hist\u00f3rico, experi\u00eancia e nome j\u00e1 conhecido do eleitorado, dever\u00e1 disputar uma vaga na ALRN em 2026 \u2014 desta vez, novamente com a bandeira do MDB.<\/p>\n","protected":false},"excerpt":{"rendered":"<p>O deputado estadual Hermano Moraes (PV), atualmente em seu quarto mandato consecutivo na Assembleia Legislativa do Rio Grande do Norte, est\u00e1 prestes a promover mais uma mudan\u00e7a partid\u00e1ria com potencial de impacto no cen\u00e1rio pol\u00edtico potiguar. Ap\u00f3s convite do presidente estadual do PV, Milkley Leite, para disputar uma vaga na C\u00e2mara dos Deputados em 2026, [&hellip;]<\/p>\n","protected":false},"author":1,"featured_media":0,"comment_status":"open","ping_status":"open","sticky":false,"template":"","format":"standard","meta":{"cybocfi_hide_featured_image":"","_jetpack_memberships_contains_paid_content":false,"footnotes":""},"categories":[1],"tags":[],"class_list":["post-6071","post","type-post","status-publish","format-standard","hentry","category-diversos"],"yoast_head":"<!-- This site is optimized with the Yoast SEO plugin v25.6 - https:\/\/yoast.com\/wordpress\/plugins\/seo\/ -->\n<title>Hermano Moraes deve deixar o PV e retornar ao MDB mirando a reelei\u00e7\u00e3o em 2026 - Blog do Bispo<\/title>\n<meta name=\"robots\" content=\"index, follow, max-snippet:-1, max-image-preview:large, max-video-preview:-1\" \/>\n<link rel=\"canonical\" href=\"https:\/\/blogdobispo.com.br\/?p=6071\" \/>\n<meta property=\"og:locale\" content=\"pt_BR\" \/>\n<meta property=\"og:type\" content=\"article\" \/>\n<meta property=\"og:title\" content=\"Hermano Moraes deve deixar o PV e retornar ao MDB mirando a reelei\u00e7\u00e3o em 2026 - Blog do Bispo\" \/>\n<meta property=\"og:description\" content=\"O deputado estadual Hermano Moraes (PV), atualmente em seu quarto mandato consecutivo na Assembleia Legislativa do Rio Grande do Norte, est\u00e1 prestes a promover mais uma mudan\u00e7a partid\u00e1ria com potencial de impacto no cen\u00e1rio pol\u00edtico potiguar. Ap\u00f3s convite do presidente estadual do PV, Milkley Leite, para disputar uma vaga na C\u00e2mara dos Deputados em 2026, [&hellip;]\" \/>\n<meta property=\"og:url\" content=\"https:\/\/blogdobispo.com.br\/?p=6071\" \/>\n<meta property=\"og:site_name\" content=\"Blog do Bispo\" \/>\n<meta property=\"article:published_time\" content=\"2025-07-23T21:08:40+00:00\" \/>\n<meta property=\"article:modified_time\" content=\"2025-07-23T23:25:18+00:00\" \/>\n<meta property=\"og:image\" content=\"https:\/\/blogdobispo.com.br\/wp-content\/uploads\/2025\/07\/img_5658.jpg\" \/>\n<meta name=\"author\" content=\"Jefferson Sterfeno\" \/>\n<meta name=\"twitter:card\" content=\"summary_large_image\" \/>\n<meta name=\"twitter:label1\" content=\"Escrito por\" \/>\n\t<meta name=\"twitter:data1\" content=\"Jefferson Sterfeno\" \/>\n\t<meta name=\"twitter:label2\" content=\"Est. tempo de leitura\" \/>\n\t<meta name=\"twitter:data2\" content=\"2 minutos\" \/>\n<script type=\"application\/ld+json\" class=\"yoast-schema-graph\">{\"@context\":\"https:\/\/schema.org\",\"@graph\":[{\"@type\":\"Article\",\"@id\":\"https:\/\/blogdobispo.com.br\/?p=6071#article\",\"isPartOf\":{\"@id\":\"https:\/\/blogdobispo.com.br\/?p=6071\"},\"author\":{\"name\":\"Jefferson Sterfeno\",\"@id\":\"https:\/\/blogdobispo.com.br\/#\/schema\/person\/e2209cc0e6cea5c5233d033e997b373f\"},\"headline\":\"Hermano Moraes deve deixar o PV e retornar ao MDB mirando a reelei\u00e7\u00e3o em 2026\",\"datePublished\":\"2025-07-23T21:08:40+00:00\",\"dateModified\":\"2025-07-23T23:25:18+00:00\",\"mainEntityOfPage\":{\"@id\":\"https:\/\/blogdobispo.com.br\/?p=6071\"},\"wordCount\":407,\"commentCount\":0,\"publisher\":{\"@id\":\"https:\/\/blogdobispo.com.br\/#organization\"},\"image\":{\"@id\":\"https:\/\/blogdobispo.com.br\/?p=6071#primaryimage\"},\"thumbnailUrl\":\"https:\/\/blogdobispo.com.br\/wp-content\/uploads\/2025\/07\/img_5658.jpg\",\"articleSection\":[\"diversos\"],\"inLanguage\":\"pt-BR\",\"potentialAction\":[{\"@type\":\"CommentAction\",\"name\":\"Comment\",\"target\":[\"https:\/\/blogdobispo.com.br\/?p=6071#respond\"]}]},{\"@type\":\"WebPage\",\"@id\":\"https:\/\/blogdobispo.com.br\/?p=6071\",\"url\":\"https:\/\/blogdobispo.com.br\/?p=6071\",\"name\":\"Hermano Moraes deve deixar o PV e retornar ao MDB mirando a reelei\u00e7\u00e3o em 2026 - Blog do Bispo\",\"isPartOf\":{\"@id\":\"https:\/\/blogdobispo.com.br\/#website\"},\"primaryImageOfPage\":{\"@id\":\"https:\/\/blogdobispo.com.br\/?p=6071#primaryimage\"},\"image\":{\"@id\":\"https:\/\/blogdobispo.com.br\/?p=6071#primaryimage\"},\"thumbnailUrl\":\"https:\/\/blogdobispo.com.br\/wp-content\/uploads\/2025\/07\/img_5658.jpg\",\"datePublished\":\"2025-07-23T21:08:40+00:00\",\"dateModified\":\"2025-07-23T23:25:18+00:00\",\"breadcrumb\":{\"@id\":\"https:\/\/blogdobispo.com.br\/?p=6071#breadcrumb\"},\"inLanguage\":\"pt-BR\",\"potentialAction\":[{\"@type\":\"ReadAction\",\"target\":[\"https:\/\/blogdobispo.com.br\/?p=6071\"]}]},{\"@type\":\"ImageObject\",\"inLanguage\":\"pt-BR\",\"@id\":\"https:\/\/blogdobispo.com.br\/?p=6071#primaryimage\",\"url\":\"https:\/\/blogdobispo.com.br\/wp-content\/uploads\/2025\/07\/img_5658.jpg\",\"contentUrl\":\"https:\/\/blogdobispo.com.br\/wp-content\/uploads\/2025\/07\/img_5658.jpg\"},{\"@type\":\"BreadcrumbList\",\"@id\":\"https:\/\/blogdobispo.com.br\/?p=6071#breadcrumb\",\"itemListElement\":[{\"@type\":\"ListItem\",\"position\":1,\"name\":\"In\u00edcio\",\"item\":\"https:\/\/blogdobispo.com.br\/\"},{\"@type\":\"ListItem\",\"position\":2,\"name\":\"Hermano Moraes deve deixar o PV e retornar ao MDB mirando a reelei\u00e7\u00e3o em 2026\"}]},{\"@type\":\"WebSite\",\"@id\":\"https:\/\/blogdobispo.com.br\/#website\",\"url\":\"https:\/\/blogdobispo.com.br\/\",\"name\":\"Blog do Bispo\",\"description\":\"Comprometido apenas com o leitor\",\"publisher\":{\"@id\":\"https:\/\/blogdobispo.com.br\/#organization\"},\"potentialAction\":[{\"@type\":\"SearchAction\",\"target\":{\"@type\":\"EntryPoint\",\"urlTemplate\":\"https:\/\/blogdobispo.com.br\/?s={search_term_string}\"},\"query-input\":{\"@type\":\"PropertyValueSpecification\",\"valueRequired\":true,\"valueName\":\"search_term_string\"}}],\"inLanguage\":\"pt-BR\"},{\"@type\":\"Organization\",\"@id\":\"https:\/\/blogdobispo.com.br\/#organization\",\"name\":\"Blog do Bispo\",\"url\":\"https:\/\/blogdobispo.com.br\/\",\"logo\":{\"@type\":\"ImageObject\",\"inLanguage\":\"pt-BR\",\"@id\":\"https:\/\/blogdobispo.com.br\/#\/schema\/logo\/image\/\",\"url\":\"http:\/\/blogdobispo.com.br\/wp-content\/uploads\/2023\/05\/cropped-headear.png\",\"contentUrl\":\"http:\/\/blogdobispo.com.br\/wp-content\/uploads\/2023\/05\/cropped-headear.png\",\"width\":1500,\"height\":399,\"caption\":\"Blog do Bispo\"},\"image\":{\"@id\":\"https:\/\/blogdobispo.com.br\/#\/schema\/logo\/image\/\"}},{\"@type\":\"Person\",\"@id\":\"https:\/\/blogdobispo.com.br\/#\/schema\/person\/e2209cc0e6cea5c5233d033e997b373f\",\"name\":\"Jefferson Sterfeno\",\"image\":{\"@type\":\"ImageObject\",\"inLanguage\":\"pt-BR\",\"@id\":\"https:\/\/blogdobispo.com.br\/#\/schema\/person\/image\/\",\"url\":\"https:\/\/secure.gravatar.com\/avatar\/0534e84764641168a677026b6d57a3f51dc7ac4db0b4f6186d9cb330d4ee1160?s=96&d=mm&r=g\",\"contentUrl\":\"https:\/\/secure.gravatar.com\/avatar\/0534e84764641168a677026b6d57a3f51dc7ac4db0b4f6186d9cb330d4ee1160?s=96&d=mm&r=g\",\"caption\":\"Jefferson Sterfeno\"},\"sameAs\":[\"http:\/\/blogdobispo.com.br\"],\"url\":\"https:\/\/blogdobispo.com.br\/?author=1\"}]}<\/script>\n<!-- \/ Yoast SEO plugin. -->","yoast_head_json":{"title":"Hermano Moraes deve deixar o PV e retornar ao MDB mirando a reelei\u00e7\u00e3o em 2026 - Blog do Bispo","robots":{"index":"index","follow":"follow","max-snippet":"max-snippet:-1","max-image-preview":"max-image-preview:large","max-video-preview":"max-video-preview:-1"},"canonical":"https:\/\/blogdobispo.com.br\/?p=6071","og_locale":"pt_BR","og_type":"article","og_title":"Hermano Moraes deve deixar o PV e retornar ao MDB mirando a reelei\u00e7\u00e3o em 2026 - Blog do Bispo","og_description":"O deputado estadual Hermano Moraes (PV), atualmente em seu quarto mandato consecutivo na Assembleia Legislativa do Rio Grande do Norte, est\u00e1 prestes a promover mais uma mudan\u00e7a partid\u00e1ria com potencial de impacto no cen\u00e1rio pol\u00edtico potiguar. Ap\u00f3s convite do presidente estadual do PV, Milkley Leite, para disputar uma vaga na C\u00e2mara dos Deputados em 2026, [&hellip;]","og_url":"https:\/\/blogdobispo.com.br\/?p=6071","og_site_name":"Blog do Bispo","article_published_time":"2025-07-23T21:08:40+00:00","article_modified_time":"2025-07-23T23:25:18+00:00","og_image":[{"url":"https:\/\/blogdobispo.com.br\/wp-content\/uploads\/2025\/07\/img_5658.jpg","type":"","width":"","height":""}],"author":"Jefferson Sterfeno","twitter_card":"summary_large_image","twitter_misc":{"Escrito por":"Jefferson Sterfeno","Est. tempo de leitura":"2 minutos"},"schema":{"@context":"https:\/\/schema.org","@graph":[{"@type":"Article","@id":"https:\/\/blogdobispo.com.br\/?p=6071#article","isPartOf":{"@id":"https:\/\/blogdobispo.com.br\/?p=6071"},"author":{"name":"Jefferson Sterfeno","@id":"https:\/\/blogdobispo.com.br\/#\/schema\/person\/e2209cc0e6cea5c5233d033e997b373f"},"headline":"Hermano Moraes deve deixar o PV e retornar ao MDB mirando a reelei\u00e7\u00e3o em 2026","datePublished":"2025-07-23T21:08:40+00:00","dateModified":"2025-07-23T23:25:18+00:00","mainEntityOfPage":{"@id":"https:\/\/blogdobispo.com.br\/?p=6071"},"wordCount":407,"commentCount":0,"publisher":{"@id":"https:\/\/blogdobispo.com.br\/#organization"},"image":{"@id":"https:\/\/blogdobispo.com.br\/?p=6071#primaryimage"},"thumbnailUrl":"https:\/\/blogdobispo.com.br\/wp-content\/uploads\/2025\/07\/img_5658.jpg","articleSection":["diversos"],"inLanguage":"pt-BR","potentialAction":[{"@type":"CommentAction","name":"Comment","target":["https:\/\/blogdobispo.com.br\/?p=6071#respond"]}]},{"@type":"WebPage","@id":"https:\/\/blogdobispo.com.br\/?p=6071","url":"https:\/\/blogdobispo.com.br\/?p=6071","name":"Hermano Moraes deve deixar o PV e retornar ao MDB mirando a reelei\u00e7\u00e3o em 2026 - Blog do Bispo","isPartOf":{"@id":"https:\/\/blogdobispo.com.br\/#website"},"primaryImageOfPage":{"@id":"https:\/\/blogdobispo.com.br\/?p=6071#primaryimage"},"image":{"@id":"https:\/\/blogdobispo.com.br\/?p=6071#primaryimage"},"thumbnailUrl":"https:\/\/blogdobispo.com.br\/wp-content\/uploads\/2025\/07\/img_5658.jpg","datePublished":"2025-07-23T21:08:40+00:00","dateModified":"2025-07-23T23:25:18+00:00","breadcrumb":{"@id":"https:\/\/blogdobispo.com.br\/?p=6071#breadcrumb"},"inLanguage":"pt-BR","potentialAction":[{"@type":"ReadAction","target":["https:\/\/blogdobispo.com.br\/?p=6071"]}]},{"@type":"ImageObject","inLanguage":"pt-BR","@id":"https:\/\/blogdobispo.com.br\/?p=6071#primaryimage","url":"https:\/\/blogdobispo.com.br\/wp-content\/uploads\/2025\/07\/img_5658.jpg","contentUrl":"https:\/\/blogdobispo.com.br\/wp-content\/uploads\/2025\/07\/img_5658.jpg"},{"@type":"BreadcrumbList","@id":"https:\/\/blogdobispo.com.br\/?p=6071#breadcrumb","itemListElement":[{"@type":"ListItem","position":1,"name":"In\u00edcio","item":"https:\/\/blogdobispo.com.br\/"},{"@type":"ListItem","position":2,"name":"Hermano Moraes deve deixar o PV e retornar ao MDB mirando a reelei\u00e7\u00e3o em 2026"}]},{"@type":"WebSite","@id":"https:\/\/blogdobispo.com.br\/#website","url":"https:\/\/blogdobispo.com.br\/","name":"Blog do Bispo","description":"Comprometido apenas com o leitor","publisher":{"@id":"https:\/\/blogdobispo.com.br\/#organization"},"potentialAction":[{"@type":"SearchAction","target":{"@type":"EntryPoint","urlTemplate":"https:\/\/blogdobispo.com.br\/?s={search_term_string}"},"query-input":{"@type":"PropertyValueSpecification","valueRequired":true,"valueName":"search_term_string"}}],"inLanguage":"pt-BR"},{"@type":"Organization","@id":"https:\/\/blogdobispo.com.br\/#organization","name":"Blog do Bispo","url":"https:\/\/blogdobispo.com.br\/","logo":{"@type":"ImageObject","inLanguage":"pt-BR","@id":"https:\/\/blogdobispo.com.br\/#\/schema\/logo\/image\/","url":"http:\/\/blogdobispo.com.br\/wp-content\/uploads\/2023\/05\/cropped-headear.png","contentUrl":"http:\/\/blogdobispo.com.br\/wp-content\/uploads\/2023\/05\/cropped-headear.png","width":1500,"height":399,"caption":"Blog do Bispo"},"image":{"@id":"https:\/\/blogdobispo.com.br\/#\/schema\/logo\/image\/"}},{"@type":"Person","@id":"https:\/\/blogdobispo.com.br\/#\/schema\/person\/e2209cc0e6cea5c5233d033e997b373f","name":"Jefferson Sterfeno","image":{"@type":"ImageObject","inLanguage":"pt-BR","@id":"https:\/\/blogdobispo.com.br\/#\/schema\/person\/image\/","url":"https:\/\/secure.gravatar.com\/avatar\/0534e84764641168a677026b6d57a3f51dc7ac4db0b4f6186d9cb330d4ee1160?s=96&d=mm&r=g","contentUrl":"https:\/\/secure.gravatar.com\/avatar\/0534e84764641168a677026b6d57a3f51dc7ac4db0b4f6186d9cb330d4ee1160?s=96&d=mm&r=g","caption":"Jefferson Sterfeno"},"sameAs":["http:\/\/blogdobispo.com.br"],"url":"https:\/\/blogdobispo.com.br\/?author=1"}]}},"featured_image_urls":{"full":"","thumbnail":"","medium":"","medium_large":"","large":"","1536x1536":"","2048x2048":""},"author_info":{"display_name":"Jefferson Sterfeno","author_link":"https:\/\/blogdobispo.com.br\/?author=1"},"category_info":"<a href=\"https:\/\/blogdobispo.com.br\/?cat=1\" rel=\"category\">diversos<\/a>","tag_info":"diversos","comment_count":"0","jetpack_featured_media_url":"","jetpack_sharing_enabled":true,"_links":{"self":[{"href":"https:\/\/blogdobispo.com.br\/index.php?rest_route=\/wp\/v2\/posts\/6071","targetHints":{"allow":["GET"]}}],"collection":[{"href":"https:\/\/blogdobispo.com.br\/index.php?rest_route=\/wp\/v2\/posts"}],"about":[{"href":"https:\/\/blogdobispo.com.br\/index.php?rest_route=\/wp\/v2\/types\/post"}],"author":[{"embeddable":true,"href":"https:\/\/blogdobispo.com.br\/index.php?rest_route=\/wp\/v2\/users\/1"}],"replies":[{"embeddable":true,"href":"https:\/\/blogdobispo.com.br\/index.php?rest_route=%2Fwp%2Fv2%2Fcomments&post=6071"}],"version-history":[{"count":2,"href":"https:\/\/blogdobispo.com.br\/index.php?rest_route=\/wp\/v2\/posts\/6071\/revisions"}],"predecessor-version":[{"id":6077,"href":"https:\/\/blogdobispo.com.br\/index.php?rest_route=\/wp\/v2\/posts\/6071\/revisions\/6077"}],"wp:attachment":[{"href":"https:\/\/blogdobispo.com.br\/index.php?rest_route=%2Fwp%2Fv2%2Fmedia&parent=6071"}],"wp:term":[{"taxonomy":"category","embeddable":true,"href":"https:\/\/blogdobispo.com.br\/index.php?rest_route=%2Fwp%2Fv2%2Fcategories&post=6071"},{"taxonomy":"post_tag","embeddable":true,"href":"https:\/\/blogdobispo.com.br\/index.php?rest_route=%2Fwp%2Fv2%2Ftags&post=6071"}],"curies":[{"name":"wp","href":"https:\/\/api.w.org\/{rel}","templated":true}]}}