{"id":6069,"date":"2025-07-23T20:57:17","date_gmt":"2025-07-23T20:57:17","guid":{"rendered":"https:\/\/blogdobispo.com.br\/?p=6069"},"modified":"2025-07-23T20:57:17","modified_gmt":"2025-07-23T20:57:17","slug":"vereador-kleber-fernandes-lanca-livro-os-segredos-da-produtividade-com-palestra-no-centro-de-convencoes-de-natal","status":"publish","type":"post","link":"https:\/\/blogdobispo.com.br\/?p=6069","title":{"rendered":"Vereador Kleber Fernandes lan\u00e7a livro \u201cOs Segredos da Produtividade\u201d com palestra no Centro de Conven\u00e7\u00f5es de Natal"},"content":{"rendered":"\n<figure class=\"wp-block-image size-large\"><img data-recalc-dims=\"1\" fetchpriority=\"high\" decoding=\"async\" width=\"800\" height=\"1000\" src=\"https:\/\/i0.wp.com\/blogdobispo.com.br\/wp-content\/uploads\/2025\/07\/82549ea9-aecb-4000-9831-e34f73e1c169-819x1024.jpg?resize=800%2C1000&#038;ssl=1\" class=\"wp-image-6068\" srcset=\"https:\/\/i0.wp.com\/blogdobispo.com.br\/wp-content\/uploads\/2025\/07\/82549ea9-aecb-4000-9831-e34f73e1c169.jpg?resize=819%2C1024&amp;ssl=1 819w, https:\/\/i0.wp.com\/blogdobispo.com.br\/wp-content\/uploads\/2025\/07\/82549ea9-aecb-4000-9831-e34f73e1c169.jpg?resize=240%2C300&amp;ssl=1 240w, https:\/\/i0.wp.com\/blogdobispo.com.br\/wp-content\/uploads\/2025\/07\/82549ea9-aecb-4000-9831-e34f73e1c169.jpg?resize=768%2C960&amp;ssl=1 768w, https:\/\/i0.wp.com\/blogdobispo.com.br\/wp-content\/uploads\/2025\/07\/82549ea9-aecb-4000-9831-e34f73e1c169.jpg?resize=1024%2C1280&amp;ssl=1 1024w, https:\/\/i0.wp.com\/blogdobispo.com.br\/wp-content\/uploads\/2025\/07\/82549ea9-aecb-4000-9831-e34f73e1c169.jpg?w=1181&amp;ssl=1 1181w\" sizes=\"(max-width: 800px) 100vw, 800px\" \/><\/figure>\n\n\n\n<p><\/p>\n\n\n\n<p>O vereador, advogado e escritor Kleber Fernandes lan\u00e7a no pr\u00f3ximo dia 24 de julho, \u00e0s 15h, no Centro de Conven\u00e7\u00f5es de Natal, seu mais novo livro: \u201cOs Segredos da Produtividade \u2013 Como transformar seus h\u00e1bitos e alcan\u00e7ar seus objetivos\u201d. O evento ser\u00e1 marcado por uma palestra especial, aberta ao p\u00fablico, com conte\u00fado transformador sobre foco, disciplina, organiza\u00e7\u00e3o e equil\u00edbrio emocional.<\/p>\n\n\n\n<p>O momento far\u00e1 parte da programa\u00e7\u00e3o da ExpoEduc, maior Congresso de Educa\u00e7\u00e3o do Norte e Nordeste. A entrada ser\u00e1 mediante a doa\u00e7\u00e3o de 2 kg de alimento n\u00e3o perec\u00edvel, que ser\u00e3o destinados a institui\u00e7\u00f5es de apoio a fam\u00edlias em situa\u00e7\u00e3o de vulnerabilidade.<\/p>\n\n\n\n<p>Com uma trajet\u00f3ria que une a vida p\u00fablica, o empreendedorismo e o desenvolvimento pessoal, Kleber Fernandes apresenta na obra um m\u00e9todo pr\u00e1tico e inspirador baseado em sua viv\u00eancia conciliando m\u00faltiplas fun\u00e7\u00f5es. O livro traz reflex\u00f5es, exemplos e ferramentas para quem busca alta performance sem abrir m\u00e3o da sa\u00fade e da qualidade de vida.<\/p>\n\n\n\n<p>\u201cEssa obra nasce do meu desejo de ajudar outras pessoas a romperem o ciclo da procrastina\u00e7\u00e3o, da sobrecarga e da ansiedade, para constru\u00edrem uma rotina produtiva e com prop\u00f3sito\u201d, destaca o autor.<\/p>\n\n\n\n<p>Durante o evento, o p\u00fablico ter\u00e1 acesso a condi\u00e7\u00f5es especiais de compra do livro. A palestra tem dura\u00e7\u00e3o prevista de 30 minutos e logo em seguida ser\u00e1 lan\u00e7ado o livro que ser\u00e1 vendido e autografado no local.<\/p>\n\n\n\n<p>Servi\u00e7o:<br>\ud83d\udcd8 Lan\u00e7amento do livro e palestra \u201cOs Segredos da Produtividade\u201d<br>\ud83d\udc64 Autor: Kleber Fernandes<br>\ud83d\udccd Local: Centro de Conven\u00e7\u00f5es de Natal \u2013 Arena v\u00f3rtex<br>\ud83d\udcc5 Data: 24 de julho de 2025 (quarta-feira)<br>\ud83d\udd52 Hor\u00e1rio: 15h<br>\ud83c\udf9f\ufe0f Entrada: 2 kg de alimento n\u00e3o perec\u00edvel<br>\ud83d\udcf2 Informa\u00e7\u00f5es: @kleberfernandesvereador<\/p>\n","protected":false},"excerpt":{"rendered":"<p>O vereador, advogado e escritor Kleber Fernandes lan\u00e7a no pr\u00f3ximo dia 24 de julho, \u00e0s 15h, no Centro de Conven\u00e7\u00f5es de Natal, seu mais novo livro: \u201cOs Segredos da Produtividade \u2013 Como transformar seus h\u00e1bitos e alcan\u00e7ar seus objetivos\u201d. O evento ser\u00e1 marcado por uma palestra especial, aberta ao p\u00fablico, com conte\u00fado transformador sobre foco, [&hellip;]<\/p>\n","protected":false},"author":1,"featured_media":0,"comment_status":"open","ping_status":"open","sticky":false,"template":"","format":"standard","meta":{"cybocfi_hide_featured_image":"","_jetpack_memberships_contains_paid_content":false,"footnotes":""},"categories":[1],"tags":[],"class_list":["post-6069","post","type-post","status-publish","format-standard","hentry","category-diversos"],"yoast_head":"<!-- This site is optimized with the Yoast SEO plugin v25.6 - https:\/\/yoast.com\/wordpress\/plugins\/seo\/ -->\n<title>Vereador Kleber Fernandes lan\u00e7a livro \u201cOs Segredos da Produtividade\u201d com palestra no Centro de Conven\u00e7\u00f5es de Natal - Blog do Bispo<\/title>\n<meta name=\"robots\" content=\"index, follow, max-snippet:-1, max-image-preview:large, max-video-preview:-1\" \/>\n<link rel=\"canonical\" href=\"https:\/\/blogdobispo.com.br\/?p=6069\" \/>\n<meta property=\"og:locale\" content=\"pt_BR\" \/>\n<meta property=\"og:type\" content=\"article\" \/>\n<meta property=\"og:title\" content=\"Vereador Kleber Fernandes lan\u00e7a livro \u201cOs Segredos da Produtividade\u201d com palestra no Centro de Conven\u00e7\u00f5es de Natal - Blog do Bispo\" \/>\n<meta property=\"og:description\" content=\"O vereador, advogado e escritor Kleber Fernandes lan\u00e7a no pr\u00f3ximo dia 24 de julho, \u00e0s 15h, no Centro de Conven\u00e7\u00f5es de Natal, seu mais novo livro: \u201cOs Segredos da Produtividade \u2013 Como transformar seus h\u00e1bitos e alcan\u00e7ar seus objetivos\u201d. O evento ser\u00e1 marcado por uma palestra especial, aberta ao p\u00fablico, com conte\u00fado transformador sobre foco, [&hellip;]\" \/>\n<meta property=\"og:url\" content=\"https:\/\/blogdobispo.com.br\/?p=6069\" \/>\n<meta property=\"og:site_name\" content=\"Blog do Bispo\" \/>\n<meta property=\"article:published_time\" content=\"2025-07-23T20:57:17+00:00\" \/>\n<meta property=\"og:image\" content=\"https:\/\/blogdobispo.com.br\/wp-content\/uploads\/2025\/07\/82549ea9-aecb-4000-9831-e34f73e1c169-819x1024.jpg\" \/>\n<meta name=\"author\" content=\"Jefferson Sterfeno\" \/>\n<meta name=\"twitter:card\" content=\"summary_large_image\" \/>\n<meta name=\"twitter:label1\" content=\"Escrito por\" \/>\n\t<meta name=\"twitter:data1\" content=\"Jefferson Sterfeno\" \/>\n\t<meta name=\"twitter:label2\" content=\"Est. tempo de leitura\" \/>\n\t<meta name=\"twitter:data2\" content=\"1 minuto\" \/>\n<script type=\"application\/ld+json\" class=\"yoast-schema-graph\">{\"@context\":\"https:\/\/schema.org\",\"@graph\":[{\"@type\":\"Article\",\"@id\":\"https:\/\/blogdobispo.com.br\/?p=6069#article\",\"isPartOf\":{\"@id\":\"https:\/\/blogdobispo.com.br\/?p=6069\"},\"author\":{\"name\":\"Jefferson Sterfeno\",\"@id\":\"https:\/\/blogdobispo.com.br\/#\/schema\/person\/e2209cc0e6cea5c5233d033e997b373f\"},\"headline\":\"Vereador Kleber Fernandes lan\u00e7a livro \u201cOs Segredos da Produtividade\u201d com palestra no Centro de Conven\u00e7\u00f5es de Natal\",\"datePublished\":\"2025-07-23T20:57:17+00:00\",\"mainEntityOfPage\":{\"@id\":\"https:\/\/blogdobispo.com.br\/?p=6069\"},\"wordCount\":318,\"commentCount\":0,\"publisher\":{\"@id\":\"https:\/\/blogdobispo.com.br\/#organization\"},\"image\":{\"@id\":\"https:\/\/blogdobispo.com.br\/?p=6069#primaryimage\"},\"thumbnailUrl\":\"https:\/\/blogdobispo.com.br\/wp-content\/uploads\/2025\/07\/82549ea9-aecb-4000-9831-e34f73e1c169-819x1024.jpg\",\"articleSection\":[\"diversos\"],\"inLanguage\":\"pt-BR\",\"potentialAction\":[{\"@type\":\"CommentAction\",\"name\":\"Comment\",\"target\":[\"https:\/\/blogdobispo.com.br\/?p=6069#respond\"]}]},{\"@type\":\"WebPage\",\"@id\":\"https:\/\/blogdobispo.com.br\/?p=6069\",\"url\":\"https:\/\/blogdobispo.com.br\/?p=6069\",\"name\":\"Vereador Kleber Fernandes lan\u00e7a livro \u201cOs Segredos da Produtividade\u201d com palestra no Centro de Conven\u00e7\u00f5es de Natal - Blog do Bispo\",\"isPartOf\":{\"@id\":\"https:\/\/blogdobispo.com.br\/#website\"},\"primaryImageOfPage\":{\"@id\":\"https:\/\/blogdobispo.com.br\/?p=6069#primaryimage\"},\"image\":{\"@id\":\"https:\/\/blogdobispo.com.br\/?p=6069#primaryimage\"},\"thumbnailUrl\":\"https:\/\/blogdobispo.com.br\/wp-content\/uploads\/2025\/07\/82549ea9-aecb-4000-9831-e34f73e1c169-819x1024.jpg\",\"datePublished\":\"2025-07-23T20:57:17+00:00\",\"breadcrumb\":{\"@id\":\"https:\/\/blogdobispo.com.br\/?p=6069#breadcrumb\"},\"inLanguage\":\"pt-BR\",\"potentialAction\":[{\"@type\":\"ReadAction\",\"target\":[\"https:\/\/blogdobispo.com.br\/?p=6069\"]}]},{\"@type\":\"ImageObject\",\"inLanguage\":\"pt-BR\",\"@id\":\"https:\/\/blogdobispo.com.br\/?p=6069#primaryimage\",\"url\":\"https:\/\/blogdobispo.com.br\/wp-content\/uploads\/2025\/07\/82549ea9-aecb-4000-9831-e34f73e1c169-819x1024.jpg\",\"contentUrl\":\"https:\/\/blogdobispo.com.br\/wp-content\/uploads\/2025\/07\/82549ea9-aecb-4000-9831-e34f73e1c169-819x1024.jpg\"},{\"@type\":\"BreadcrumbList\",\"@id\":\"https:\/\/blogdobispo.com.br\/?p=6069#breadcrumb\",\"itemListElement\":[{\"@type\":\"ListItem\",\"position\":1,\"name\":\"In\u00edcio\",\"item\":\"https:\/\/blogdobispo.com.br\/\"},{\"@type\":\"ListItem\",\"position\":2,\"name\":\"Vereador Kleber Fernandes lan\u00e7a livro \u201cOs Segredos da Produtividade\u201d com palestra no Centro de Conven\u00e7\u00f5es de Natal\"}]},{\"@type\":\"WebSite\",\"@id\":\"https:\/\/blogdobispo.com.br\/#website\",\"url\":\"https:\/\/blogdobispo.com.br\/\",\"name\":\"Blog do Bispo\",\"description\":\"Comprometido apenas com o leitor\",\"publisher\":{\"@id\":\"https:\/\/blogdobispo.com.br\/#organization\"},\"potentialAction\":[{\"@type\":\"SearchAction\",\"target\":{\"@type\":\"EntryPoint\",\"urlTemplate\":\"https:\/\/blogdobispo.com.br\/?s={search_term_string}\"},\"query-input\":{\"@type\":\"PropertyValueSpecification\",\"valueRequired\":true,\"valueName\":\"search_term_string\"}}],\"inLanguage\":\"pt-BR\"},{\"@type\":\"Organization\",\"@id\":\"https:\/\/blogdobispo.com.br\/#organization\",\"name\":\"Blog do Bispo\",\"url\":\"https:\/\/blogdobispo.com.br\/\",\"logo\":{\"@type\":\"ImageObject\",\"inLanguage\":\"pt-BR\",\"@id\":\"https:\/\/blogdobispo.com.br\/#\/schema\/logo\/image\/\",\"url\":\"http:\/\/blogdobispo.com.br\/wp-content\/uploads\/2023\/05\/cropped-headear.png\",\"contentUrl\":\"http:\/\/blogdobispo.com.br\/wp-content\/uploads\/2023\/05\/cropped-headear.png\",\"width\":1500,\"height\":399,\"caption\":\"Blog do Bispo\"},\"image\":{\"@id\":\"https:\/\/blogdobispo.com.br\/#\/schema\/logo\/image\/\"}},{\"@type\":\"Person\",\"@id\":\"https:\/\/blogdobispo.com.br\/#\/schema\/person\/e2209cc0e6cea5c5233d033e997b373f\",\"name\":\"Jefferson Sterfeno\",\"image\":{\"@type\":\"ImageObject\",\"inLanguage\":\"pt-BR\",\"@id\":\"https:\/\/blogdobispo.com.br\/#\/schema\/person\/image\/\",\"url\":\"https:\/\/secure.gravatar.com\/avatar\/0534e84764641168a677026b6d57a3f51dc7ac4db0b4f6186d9cb330d4ee1160?s=96&d=mm&r=g\",\"contentUrl\":\"https:\/\/secure.gravatar.com\/avatar\/0534e84764641168a677026b6d57a3f51dc7ac4db0b4f6186d9cb330d4ee1160?s=96&d=mm&r=g\",\"caption\":\"Jefferson Sterfeno\"},\"sameAs\":[\"http:\/\/blogdobispo.com.br\"],\"url\":\"https:\/\/blogdobispo.com.br\/?author=1\"}]}<\/script>\n<!-- \/ Yoast SEO plugin. -->","yoast_head_json":{"title":"Vereador Kleber Fernandes lan\u00e7a livro \u201cOs Segredos da Produtividade\u201d com palestra no Centro de Conven\u00e7\u00f5es de Natal - Blog do Bispo","robots":{"index":"index","follow":"follow","max-snippet":"max-snippet:-1","max-image-preview":"max-image-preview:large","max-video-preview":"max-video-preview:-1"},"canonical":"https:\/\/blogdobispo.com.br\/?p=6069","og_locale":"pt_BR","og_type":"article","og_title":"Vereador Kleber Fernandes lan\u00e7a livro \u201cOs Segredos da Produtividade\u201d com palestra no Centro de Conven\u00e7\u00f5es de Natal - Blog do Bispo","og_description":"O vereador, advogado e escritor Kleber Fernandes lan\u00e7a no pr\u00f3ximo dia 24 de julho, \u00e0s 15h, no Centro de Conven\u00e7\u00f5es de Natal, seu mais novo livro: \u201cOs Segredos da Produtividade \u2013 Como transformar seus h\u00e1bitos e alcan\u00e7ar seus objetivos\u201d. O evento ser\u00e1 marcado por uma palestra especial, aberta ao p\u00fablico, com conte\u00fado transformador sobre foco, [&hellip;]","og_url":"https:\/\/blogdobispo.com.br\/?p=6069","og_site_name":"Blog do Bispo","article_published_time":"2025-07-23T20:57:17+00:00","og_image":[{"url":"https:\/\/blogdobispo.com.br\/wp-content\/uploads\/2025\/07\/82549ea9-aecb-4000-9831-e34f73e1c169-819x1024.jpg","type":"","width":"","height":""}],"author":"Jefferson Sterfeno","twitter_card":"summary_large_image","twitter_misc":{"Escrito por":"Jefferson Sterfeno","Est. tempo de leitura":"1 minuto"},"schema":{"@context":"https:\/\/schema.org","@graph":[{"@type":"Article","@id":"https:\/\/blogdobispo.com.br\/?p=6069#article","isPartOf":{"@id":"https:\/\/blogdobispo.com.br\/?p=6069"},"author":{"name":"Jefferson Sterfeno","@id":"https:\/\/blogdobispo.com.br\/#\/schema\/person\/e2209cc0e6cea5c5233d033e997b373f"},"headline":"Vereador Kleber Fernandes lan\u00e7a livro \u201cOs Segredos da Produtividade\u201d com palestra no Centro de Conven\u00e7\u00f5es de Natal","datePublished":"2025-07-23T20:57:17+00:00","mainEntityOfPage":{"@id":"https:\/\/blogdobispo.com.br\/?p=6069"},"wordCount":318,"commentCount":0,"publisher":{"@id":"https:\/\/blogdobispo.com.br\/#organization"},"image":{"@id":"https:\/\/blogdobispo.com.br\/?p=6069#primaryimage"},"thumbnailUrl":"https:\/\/blogdobispo.com.br\/wp-content\/uploads\/2025\/07\/82549ea9-aecb-4000-9831-e34f73e1c169-819x1024.jpg","articleSection":["diversos"],"inLanguage":"pt-BR","potentialAction":[{"@type":"CommentAction","name":"Comment","target":["https:\/\/blogdobispo.com.br\/?p=6069#respond"]}]},{"@type":"WebPage","@id":"https:\/\/blogdobispo.com.br\/?p=6069","url":"https:\/\/blogdobispo.com.br\/?p=6069","name":"Vereador Kleber Fernandes lan\u00e7a livro \u201cOs Segredos da Produtividade\u201d com palestra no Centro de Conven\u00e7\u00f5es de Natal - Blog do Bispo","isPartOf":{"@id":"https:\/\/blogdobispo.com.br\/#website"},"primaryImageOfPage":{"@id":"https:\/\/blogdobispo.com.br\/?p=6069#primaryimage"},"image":{"@id":"https:\/\/blogdobispo.com.br\/?p=6069#primaryimage"},"thumbnailUrl":"https:\/\/blogdobispo.com.br\/wp-content\/uploads\/2025\/07\/82549ea9-aecb-4000-9831-e34f73e1c169-819x1024.jpg","datePublished":"2025-07-23T20:57:17+00:00","breadcrumb":{"@id":"https:\/\/blogdobispo.com.br\/?p=6069#breadcrumb"},"inLanguage":"pt-BR","potentialAction":[{"@type":"ReadAction","target":["https:\/\/blogdobispo.com.br\/?p=6069"]}]},{"@type":"ImageObject","inLanguage":"pt-BR","@id":"https:\/\/blogdobispo.com.br\/?p=6069#primaryimage","url":"https:\/\/blogdobispo.com.br\/wp-content\/uploads\/2025\/07\/82549ea9-aecb-4000-9831-e34f73e1c169-819x1024.jpg","contentUrl":"https:\/\/blogdobispo.com.br\/wp-content\/uploads\/2025\/07\/82549ea9-aecb-4000-9831-e34f73e1c169-819x1024.jpg"},{"@type":"BreadcrumbList","@id":"https:\/\/blogdobispo.com.br\/?p=6069#breadcrumb","itemListElement":[{"@type":"ListItem","position":1,"name":"In\u00edcio","item":"https:\/\/blogdobispo.com.br\/"},{"@type":"ListItem","position":2,"name":"Vereador Kleber Fernandes lan\u00e7a livro \u201cOs Segredos da Produtividade\u201d com palestra no Centro de Conven\u00e7\u00f5es de Natal"}]},{"@type":"WebSite","@id":"https:\/\/blogdobispo.com.br\/#website","url":"https:\/\/blogdobispo.com.br\/","name":"Blog do Bispo","description":"Comprometido apenas com o leitor","publisher":{"@id":"https:\/\/blogdobispo.com.br\/#organization"},"potentialAction":[{"@type":"SearchAction","target":{"@type":"EntryPoint","urlTemplate":"https:\/\/blogdobispo.com.br\/?s={search_term_string}"},"query-input":{"@type":"PropertyValueSpecification","valueRequired":true,"valueName":"search_term_string"}}],"inLanguage":"pt-BR"},{"@type":"Organization","@id":"https:\/\/blogdobispo.com.br\/#organization","name":"Blog do Bispo","url":"https:\/\/blogdobispo.com.br\/","logo":{"@type":"ImageObject","inLanguage":"pt-BR","@id":"https:\/\/blogdobispo.com.br\/#\/schema\/logo\/image\/","url":"http:\/\/blogdobispo.com.br\/wp-content\/uploads\/2023\/05\/cropped-headear.png","contentUrl":"http:\/\/blogdobispo.com.br\/wp-content\/uploads\/2023\/05\/cropped-headear.png","width":1500,"height":399,"caption":"Blog do Bispo"},"image":{"@id":"https:\/\/blogdobispo.com.br\/#\/schema\/logo\/image\/"}},{"@type":"Person","@id":"https:\/\/blogdobispo.com.br\/#\/schema\/person\/e2209cc0e6cea5c5233d033e997b373f","name":"Jefferson Sterfeno","image":{"@type":"ImageObject","inLanguage":"pt-BR","@id":"https:\/\/blogdobispo.com.br\/#\/schema\/person\/image\/","url":"https:\/\/secure.gravatar.com\/avatar\/0534e84764641168a677026b6d57a3f51dc7ac4db0b4f6186d9cb330d4ee1160?s=96&d=mm&r=g","contentUrl":"https:\/\/secure.gravatar.com\/avatar\/0534e84764641168a677026b6d57a3f51dc7ac4db0b4f6186d9cb330d4ee1160?s=96&d=mm&r=g","caption":"Jefferson Sterfeno"},"sameAs":["http:\/\/blogdobispo.com.br"],"url":"https:\/\/blogdobispo.com.br\/?author=1"}]}},"featured_image_urls":{"full":"","thumbnail":"","medium":"","medium_large":"","large":"","1536x1536":"","2048x2048":""},"author_info":{"display_name":"Jefferson Sterfeno","author_link":"https:\/\/blogdobispo.com.br\/?author=1"},"category_info":"<a href=\"https:\/\/blogdobispo.com.br\/?cat=1\" rel=\"category\">diversos<\/a>","tag_info":"diversos","comment_count":"0","jetpack_featured_media_url":"","jetpack_sharing_enabled":true,"_links":{"self":[{"href":"https:\/\/blogdobispo.com.br\/index.php?rest_route=\/wp\/v2\/posts\/6069","targetHints":{"allow":["GET"]}}],"collection":[{"href":"https:\/\/blogdobispo.com.br\/index.php?rest_route=\/wp\/v2\/posts"}],"about":[{"href":"https:\/\/blogdobispo.com.br\/index.php?rest_route=\/wp\/v2\/types\/post"}],"author":[{"embeddable":true,"href":"https:\/\/blogdobispo.com.br\/index.php?rest_route=\/wp\/v2\/users\/1"}],"replies":[{"embeddable":true,"href":"https:\/\/blogdobispo.com.br\/index.php?rest_route=%2Fwp%2Fv2%2Fcomments&post=6069"}],"version-history":[{"count":0,"href":"https:\/\/blogdobispo.com.br\/index.php?rest_route=\/wp\/v2\/posts\/6069\/revisions"}],"wp:attachment":[{"href":"https:\/\/blogdobispo.com.br\/index.php?rest_route=%2Fwp%2Fv2%2Fmedia&parent=6069"}],"wp:term":[{"taxonomy":"category","embeddable":true,"href":"https:\/\/blogdobispo.com.br\/index.php?rest_route=%2Fwp%2Fv2%2Fcategories&post=6069"},{"taxonomy":"post_tag","embeddable":true,"href":"https:\/\/blogdobispo.com.br\/index.php?rest_route=%2Fwp%2Fv2%2Ftags&post=6069"}],"curies":[{"name":"wp","href":"https:\/\/api.w.org\/{rel}","templated":true}]}}