{"id":6060,"date":"2025-07-23T13:54:31","date_gmt":"2025-07-23T13:54:31","guid":{"rendered":"https:\/\/blogdobispo.com.br\/?p=6060"},"modified":"2025-07-23T13:54:31","modified_gmt":"2025-07-23T13:54:31","slug":"paulinho-freire-destaca-lideranca-de-naelson-borja-em-ordem-de-servico-de-reforma-do-mercado","status":"publish","type":"post","link":"https:\/\/blogdobispo.com.br\/?p=6060","title":{"rendered":"Paulinho Freire destaca lideran\u00e7a de Naelson Borja em ordem de servi\u00e7o de reforma do Mercado"},"content":{"rendered":"\n<p>O prefeito de Natal, Paulinho Freire (Uni\u00e3o Brasil), assinou nesta ter\u00e7a-feira (22) a ordem de servi\u00e7o para o in\u00edcio de tr\u00eas importantes obras estruturantes que contemplam duas regi\u00f5es simb\u00f3licas da capital: Mirassol e o bairro das Quintas. A solenidade aconteceu no sal\u00e3o nobre do Pal\u00e1cio Felipe Camar\u00e3o e contou com a presen\u00e7a de lideran\u00e7as comunit\u00e1rias, secret\u00e1rios municipais e vereadores.<\/p>\n\n\n\n<p>As interven\u00e7\u00f5es incluem a constru\u00e7\u00e3o de um novo pavilh\u00e3o ao lado da loja Natal Original, na Pra\u00e7a da \u00c1rvore de Mirassol, com investimento de R$ 1.184.432,38; a reestrutura\u00e7\u00e3o e manuten\u00e7\u00e3o da pr\u00f3pria \u00c1rvore de Mirassol, um dos maiores s\u00edmbolos tur\u00edsticos da cidade, or\u00e7ada em R$ 880.326,37; e a reforma e requalifica\u00e7\u00e3o do Mercado P\u00fablico das Quintas, com investimento de R$ 98.000,00.<\/p>\n\n\n\n<p>Durante o evento, o prefeito destacou a relev\u00e2ncia das obras para o fortalecimento da infraestrutura urbana e do com\u00e9rcio local, e fez quest\u00e3o de reconhecer a atua\u00e7\u00e3o do l\u00edder comunit\u00e1rio Naelson Borja, respons\u00e1vel por articular, junto ao deputado federal General Gir\u00e3o, a libera\u00e7\u00e3o dos recursos para a reforma do mercado das Quintas.<\/p>\n\n\n\n<p>\u2014 <em>\u201cO Mercado das Quintas \u00e9 um espa\u00e7o tradicional que precisava desse olhar do poder p\u00fablico. Quero destacar o trabalho do l\u00edder comunit\u00e1rio Naelson Borja, que articulou junto ao deputado General Gir\u00e3o a libera\u00e7\u00e3o dos recursos para essa reforma. Esse gesto mostra a for\u00e7a da comunidade organizada\u201d<\/em>, afirmou Paulinho.<\/p>\n\n\n\n<p>As melhorias no mercado se somam a outras conquistas obtidas por Naelson para o bairro das Quintas, como a pavimenta\u00e7\u00e3o de cinco ruas e a reforma da quadra poliesportiva local \u2014 interven\u00e7\u00f5es que ampliam a qualidade de vida e fortalecem os espa\u00e7os de lazer e conviv\u00eancia na regi\u00e3o.<\/p>\n\n\n\n<p>As obras devem come\u00e7ar nos pr\u00f3ximos dias e fazem parte do esfor\u00e7o da Prefeitura de Natal para levar melhorias estruturais a diversas \u00e1reas da cidade, com foco na valoriza\u00e7\u00e3o de equipamentos p\u00fablicos, turismo e desenvolvimento comunit\u00e1rio.<\/p>\n\n\n\n<figure class=\"wp-block-image\"><img data-recalc-dims=\"1\" fetchpriority=\"high\" decoding=\"async\" width=\"800\" height=\"1067\" src=\"https:\/\/i0.wp.com\/blogdobispo.com.br\/wp-content\/uploads\/2025\/07\/WhatsApp-Image-2025-07-23-at-09.18.43-scaled.jpeg?resize=800%2C1067\" alt=\"\" class=\"wp-image-6061\" srcset=\"https:\/\/i0.wp.com\/blogdobispo.com.br\/wp-content\/uploads\/2025\/07\/WhatsApp-Image-2025-07-23-at-09.18.43-scaled.jpeg?w=1920&amp;ssl=1 1920w, https:\/\/i0.wp.com\/blogdobispo.com.br\/wp-content\/uploads\/2025\/07\/WhatsApp-Image-2025-07-23-at-09.18.43-scaled.jpeg?resize=225%2C300&amp;ssl=1 225w, https:\/\/i0.wp.com\/blogdobispo.com.br\/wp-content\/uploads\/2025\/07\/WhatsApp-Image-2025-07-23-at-09.18.43-scaled.jpeg?resize=768%2C1024&amp;ssl=1 768w, https:\/\/i0.wp.com\/blogdobispo.com.br\/wp-content\/uploads\/2025\/07\/WhatsApp-Image-2025-07-23-at-09.18.43-scaled.jpeg?resize=1152%2C1536&amp;ssl=1 1152w, https:\/\/i0.wp.com\/blogdobispo.com.br\/wp-content\/uploads\/2025\/07\/WhatsApp-Image-2025-07-23-at-09.18.43-scaled.jpeg?resize=1536%2C2048&amp;ssl=1 1536w, https:\/\/i0.wp.com\/blogdobispo.com.br\/wp-content\/uploads\/2025\/07\/WhatsApp-Image-2025-07-23-at-09.18.43-scaled.jpeg?resize=1024%2C1365&amp;ssl=1 1024w, https:\/\/i0.wp.com\/blogdobispo.com.br\/wp-content\/uploads\/2025\/07\/WhatsApp-Image-2025-07-23-at-09.18.43-scaled.jpeg?w=1600 1600w\" sizes=\"(max-width: 800px) 100vw, 800px\" \/><\/figure>\n","protected":false},"excerpt":{"rendered":"<p>O prefeito de Natal, Paulinho Freire (Uni\u00e3o Brasil), assinou nesta ter\u00e7a-feira (22) a ordem de servi\u00e7o para o in\u00edcio de tr\u00eas importantes obras estruturantes que contemplam duas regi\u00f5es simb\u00f3licas da capital: Mirassol e o bairro das Quintas. A solenidade aconteceu no sal\u00e3o nobre do Pal\u00e1cio Felipe Camar\u00e3o e contou com a presen\u00e7a de lideran\u00e7as comunit\u00e1rias, [&hellip;]<\/p>\n","protected":false},"author":1,"featured_media":0,"comment_status":"open","ping_status":"open","sticky":false,"template":"","format":"standard","meta":{"cybocfi_hide_featured_image":"","_jetpack_memberships_contains_paid_content":false,"footnotes":""},"categories":[1],"tags":[],"class_list":["post-6060","post","type-post","status-publish","format-standard","hentry","category-diversos"],"yoast_head":"<!-- This site is optimized with the Yoast SEO plugin v25.6 - https:\/\/yoast.com\/wordpress\/plugins\/seo\/ -->\n<title>Paulinho Freire destaca lideran\u00e7a de Naelson Borja em ordem de servi\u00e7o de reforma do Mercado - Blog do Bispo<\/title>\n<meta name=\"robots\" content=\"index, follow, max-snippet:-1, max-image-preview:large, max-video-preview:-1\" \/>\n<link rel=\"canonical\" href=\"https:\/\/blogdobispo.com.br\/?p=6060\" \/>\n<meta property=\"og:locale\" content=\"pt_BR\" \/>\n<meta property=\"og:type\" content=\"article\" \/>\n<meta property=\"og:title\" content=\"Paulinho Freire destaca lideran\u00e7a de Naelson Borja em ordem de servi\u00e7o de reforma do Mercado - Blog do Bispo\" \/>\n<meta property=\"og:description\" content=\"O prefeito de Natal, Paulinho Freire (Uni\u00e3o Brasil), assinou nesta ter\u00e7a-feira (22) a ordem de servi\u00e7o para o in\u00edcio de tr\u00eas importantes obras estruturantes que contemplam duas regi\u00f5es simb\u00f3licas da capital: Mirassol e o bairro das Quintas. A solenidade aconteceu no sal\u00e3o nobre do Pal\u00e1cio Felipe Camar\u00e3o e contou com a presen\u00e7a de lideran\u00e7as comunit\u00e1rias, [&hellip;]\" \/>\n<meta property=\"og:url\" content=\"https:\/\/blogdobispo.com.br\/?p=6060\" \/>\n<meta property=\"og:site_name\" content=\"Blog do Bispo\" \/>\n<meta property=\"article:published_time\" content=\"2025-07-23T13:54:31+00:00\" \/>\n<meta property=\"og:image\" content=\"http:\/\/blogdobispo.com.br\/wp-content\/uploads\/2025\/07\/WhatsApp-Image-2025-07-23-at-09.18.43-scaled.jpeg\" \/>\n<meta name=\"author\" content=\"Jefferson Sterfeno\" \/>\n<meta name=\"twitter:card\" content=\"summary_large_image\" \/>\n<meta name=\"twitter:label1\" content=\"Escrito por\" \/>\n\t<meta name=\"twitter:data1\" content=\"Jefferson Sterfeno\" \/>\n\t<meta name=\"twitter:label2\" content=\"Est. tempo de leitura\" \/>\n\t<meta name=\"twitter:data2\" content=\"2 minutos\" \/>\n<script type=\"application\/ld+json\" class=\"yoast-schema-graph\">{\"@context\":\"https:\/\/schema.org\",\"@graph\":[{\"@type\":\"Article\",\"@id\":\"https:\/\/blogdobispo.com.br\/?p=6060#article\",\"isPartOf\":{\"@id\":\"https:\/\/blogdobispo.com.br\/?p=6060\"},\"author\":{\"name\":\"Jefferson Sterfeno\",\"@id\":\"https:\/\/blogdobispo.com.br\/#\/schema\/person\/e2209cc0e6cea5c5233d033e997b373f\"},\"headline\":\"Paulinho Freire destaca lideran\u00e7a de Naelson Borja em ordem de servi\u00e7o de reforma do Mercado\",\"datePublished\":\"2025-07-23T13:54:31+00:00\",\"mainEntityOfPage\":{\"@id\":\"https:\/\/blogdobispo.com.br\/?p=6060\"},\"wordCount\":368,\"commentCount\":0,\"publisher\":{\"@id\":\"https:\/\/blogdobispo.com.br\/#organization\"},\"image\":{\"@id\":\"https:\/\/blogdobispo.com.br\/?p=6060#primaryimage\"},\"thumbnailUrl\":\"http:\/\/blogdobispo.com.br\/wp-content\/uploads\/2025\/07\/WhatsApp-Image-2025-07-23-at-09.18.43-scaled.jpeg\",\"articleSection\":[\"diversos\"],\"inLanguage\":\"pt-BR\",\"potentialAction\":[{\"@type\":\"CommentAction\",\"name\":\"Comment\",\"target\":[\"https:\/\/blogdobispo.com.br\/?p=6060#respond\"]}]},{\"@type\":\"WebPage\",\"@id\":\"https:\/\/blogdobispo.com.br\/?p=6060\",\"url\":\"https:\/\/blogdobispo.com.br\/?p=6060\",\"name\":\"Paulinho Freire destaca lideran\u00e7a de Naelson Borja em ordem de servi\u00e7o de reforma do Mercado - Blog do Bispo\",\"isPartOf\":{\"@id\":\"https:\/\/blogdobispo.com.br\/#website\"},\"primaryImageOfPage\":{\"@id\":\"https:\/\/blogdobispo.com.br\/?p=6060#primaryimage\"},\"image\":{\"@id\":\"https:\/\/blogdobispo.com.br\/?p=6060#primaryimage\"},\"thumbnailUrl\":\"http:\/\/blogdobispo.com.br\/wp-content\/uploads\/2025\/07\/WhatsApp-Image-2025-07-23-at-09.18.43-scaled.jpeg\",\"datePublished\":\"2025-07-23T13:54:31+00:00\",\"breadcrumb\":{\"@id\":\"https:\/\/blogdobispo.com.br\/?p=6060#breadcrumb\"},\"inLanguage\":\"pt-BR\",\"potentialAction\":[{\"@type\":\"ReadAction\",\"target\":[\"https:\/\/blogdobispo.com.br\/?p=6060\"]}]},{\"@type\":\"ImageObject\",\"inLanguage\":\"pt-BR\",\"@id\":\"https:\/\/blogdobispo.com.br\/?p=6060#primaryimage\",\"url\":\"https:\/\/i0.wp.com\/blogdobispo.com.br\/wp-content\/uploads\/2025\/07\/WhatsApp-Image-2025-07-23-at-09.18.43-scaled.jpeg?fit=1920%2C2560&ssl=1\",\"contentUrl\":\"https:\/\/i0.wp.com\/blogdobispo.com.br\/wp-content\/uploads\/2025\/07\/WhatsApp-Image-2025-07-23-at-09.18.43-scaled.jpeg?fit=1920%2C2560&ssl=1\",\"width\":1920,\"height\":2560},{\"@type\":\"BreadcrumbList\",\"@id\":\"https:\/\/blogdobispo.com.br\/?p=6060#breadcrumb\",\"itemListElement\":[{\"@type\":\"ListItem\",\"position\":1,\"name\":\"In\u00edcio\",\"item\":\"https:\/\/blogdobispo.com.br\/\"},{\"@type\":\"ListItem\",\"position\":2,\"name\":\"Paulinho Freire destaca lideran\u00e7a de Naelson Borja em ordem de servi\u00e7o de reforma do Mercado\"}]},{\"@type\":\"WebSite\",\"@id\":\"https:\/\/blogdobispo.com.br\/#website\",\"url\":\"https:\/\/blogdobispo.com.br\/\",\"name\":\"Blog do Bispo\",\"description\":\"Comprometido apenas com o leitor\",\"publisher\":{\"@id\":\"https:\/\/blogdobispo.com.br\/#organization\"},\"potentialAction\":[{\"@type\":\"SearchAction\",\"target\":{\"@type\":\"EntryPoint\",\"urlTemplate\":\"https:\/\/blogdobispo.com.br\/?s={search_term_string}\"},\"query-input\":{\"@type\":\"PropertyValueSpecification\",\"valueRequired\":true,\"valueName\":\"search_term_string\"}}],\"inLanguage\":\"pt-BR\"},{\"@type\":\"Organization\",\"@id\":\"https:\/\/blogdobispo.com.br\/#organization\",\"name\":\"Blog do Bispo\",\"url\":\"https:\/\/blogdobispo.com.br\/\",\"logo\":{\"@type\":\"ImageObject\",\"inLanguage\":\"pt-BR\",\"@id\":\"https:\/\/blogdobispo.com.br\/#\/schema\/logo\/image\/\",\"url\":\"http:\/\/blogdobispo.com.br\/wp-content\/uploads\/2023\/05\/cropped-headear.png\",\"contentUrl\":\"http:\/\/blogdobispo.com.br\/wp-content\/uploads\/2023\/05\/cropped-headear.png\",\"width\":1500,\"height\":399,\"caption\":\"Blog do Bispo\"},\"image\":{\"@id\":\"https:\/\/blogdobispo.com.br\/#\/schema\/logo\/image\/\"}},{\"@type\":\"Person\",\"@id\":\"https:\/\/blogdobispo.com.br\/#\/schema\/person\/e2209cc0e6cea5c5233d033e997b373f\",\"name\":\"Jefferson Sterfeno\",\"image\":{\"@type\":\"ImageObject\",\"inLanguage\":\"pt-BR\",\"@id\":\"https:\/\/blogdobispo.com.br\/#\/schema\/person\/image\/\",\"url\":\"https:\/\/secure.gravatar.com\/avatar\/0534e84764641168a677026b6d57a3f51dc7ac4db0b4f6186d9cb330d4ee1160?s=96&d=mm&r=g\",\"contentUrl\":\"https:\/\/secure.gravatar.com\/avatar\/0534e84764641168a677026b6d57a3f51dc7ac4db0b4f6186d9cb330d4ee1160?s=96&d=mm&r=g\",\"caption\":\"Jefferson Sterfeno\"},\"sameAs\":[\"http:\/\/blogdobispo.com.br\"],\"url\":\"https:\/\/blogdobispo.com.br\/?author=1\"}]}<\/script>\n<!-- \/ Yoast SEO plugin. -->","yoast_head_json":{"title":"Paulinho Freire destaca lideran\u00e7a de Naelson Borja em ordem de servi\u00e7o de reforma do Mercado - Blog do Bispo","robots":{"index":"index","follow":"follow","max-snippet":"max-snippet:-1","max-image-preview":"max-image-preview:large","max-video-preview":"max-video-preview:-1"},"canonical":"https:\/\/blogdobispo.com.br\/?p=6060","og_locale":"pt_BR","og_type":"article","og_title":"Paulinho Freire destaca lideran\u00e7a de Naelson Borja em ordem de servi\u00e7o de reforma do Mercado - Blog do Bispo","og_description":"O prefeito de Natal, Paulinho Freire (Uni\u00e3o Brasil), assinou nesta ter\u00e7a-feira (22) a ordem de servi\u00e7o para o in\u00edcio de tr\u00eas importantes obras estruturantes que contemplam duas regi\u00f5es simb\u00f3licas da capital: Mirassol e o bairro das Quintas. A solenidade aconteceu no sal\u00e3o nobre do Pal\u00e1cio Felipe Camar\u00e3o e contou com a presen\u00e7a de lideran\u00e7as comunit\u00e1rias, [&hellip;]","og_url":"https:\/\/blogdobispo.com.br\/?p=6060","og_site_name":"Blog do Bispo","article_published_time":"2025-07-23T13:54:31+00:00","og_image":[{"url":"http:\/\/blogdobispo.com.br\/wp-content\/uploads\/2025\/07\/WhatsApp-Image-2025-07-23-at-09.18.43-scaled.jpeg","type":"","width":"","height":""}],"author":"Jefferson Sterfeno","twitter_card":"summary_large_image","twitter_misc":{"Escrito por":"Jefferson Sterfeno","Est. tempo de leitura":"2 minutos"},"schema":{"@context":"https:\/\/schema.org","@graph":[{"@type":"Article","@id":"https:\/\/blogdobispo.com.br\/?p=6060#article","isPartOf":{"@id":"https:\/\/blogdobispo.com.br\/?p=6060"},"author":{"name":"Jefferson Sterfeno","@id":"https:\/\/blogdobispo.com.br\/#\/schema\/person\/e2209cc0e6cea5c5233d033e997b373f"},"headline":"Paulinho Freire destaca lideran\u00e7a de Naelson Borja em ordem de servi\u00e7o de reforma do Mercado","datePublished":"2025-07-23T13:54:31+00:00","mainEntityOfPage":{"@id":"https:\/\/blogdobispo.com.br\/?p=6060"},"wordCount":368,"commentCount":0,"publisher":{"@id":"https:\/\/blogdobispo.com.br\/#organization"},"image":{"@id":"https:\/\/blogdobispo.com.br\/?p=6060#primaryimage"},"thumbnailUrl":"http:\/\/blogdobispo.com.br\/wp-content\/uploads\/2025\/07\/WhatsApp-Image-2025-07-23-at-09.18.43-scaled.jpeg","articleSection":["diversos"],"inLanguage":"pt-BR","potentialAction":[{"@type":"CommentAction","name":"Comment","target":["https:\/\/blogdobispo.com.br\/?p=6060#respond"]}]},{"@type":"WebPage","@id":"https:\/\/blogdobispo.com.br\/?p=6060","url":"https:\/\/blogdobispo.com.br\/?p=6060","name":"Paulinho Freire destaca lideran\u00e7a de Naelson Borja em ordem de servi\u00e7o de reforma do Mercado - Blog do Bispo","isPartOf":{"@id":"https:\/\/blogdobispo.com.br\/#website"},"primaryImageOfPage":{"@id":"https:\/\/blogdobispo.com.br\/?p=6060#primaryimage"},"image":{"@id":"https:\/\/blogdobispo.com.br\/?p=6060#primaryimage"},"thumbnailUrl":"http:\/\/blogdobispo.com.br\/wp-content\/uploads\/2025\/07\/WhatsApp-Image-2025-07-23-at-09.18.43-scaled.jpeg","datePublished":"2025-07-23T13:54:31+00:00","breadcrumb":{"@id":"https:\/\/blogdobispo.com.br\/?p=6060#breadcrumb"},"inLanguage":"pt-BR","potentialAction":[{"@type":"ReadAction","target":["https:\/\/blogdobispo.com.br\/?p=6060"]}]},{"@type":"ImageObject","inLanguage":"pt-BR","@id":"https:\/\/blogdobispo.com.br\/?p=6060#primaryimage","url":"https:\/\/i0.wp.com\/blogdobispo.com.br\/wp-content\/uploads\/2025\/07\/WhatsApp-Image-2025-07-23-at-09.18.43-scaled.jpeg?fit=1920%2C2560&ssl=1","contentUrl":"https:\/\/i0.wp.com\/blogdobispo.com.br\/wp-content\/uploads\/2025\/07\/WhatsApp-Image-2025-07-23-at-09.18.43-scaled.jpeg?fit=1920%2C2560&ssl=1","width":1920,"height":2560},{"@type":"BreadcrumbList","@id":"https:\/\/blogdobispo.com.br\/?p=6060#breadcrumb","itemListElement":[{"@type":"ListItem","position":1,"name":"In\u00edcio","item":"https:\/\/blogdobispo.com.br\/"},{"@type":"ListItem","position":2,"name":"Paulinho Freire destaca lideran\u00e7a de Naelson Borja em ordem de servi\u00e7o de reforma do Mercado"}]},{"@type":"WebSite","@id":"https:\/\/blogdobispo.com.br\/#website","url":"https:\/\/blogdobispo.com.br\/","name":"Blog do Bispo","description":"Comprometido apenas com o leitor","publisher":{"@id":"https:\/\/blogdobispo.com.br\/#organization"},"potentialAction":[{"@type":"SearchAction","target":{"@type":"EntryPoint","urlTemplate":"https:\/\/blogdobispo.com.br\/?s={search_term_string}"},"query-input":{"@type":"PropertyValueSpecification","valueRequired":true,"valueName":"search_term_string"}}],"inLanguage":"pt-BR"},{"@type":"Organization","@id":"https:\/\/blogdobispo.com.br\/#organization","name":"Blog do Bispo","url":"https:\/\/blogdobispo.com.br\/","logo":{"@type":"ImageObject","inLanguage":"pt-BR","@id":"https:\/\/blogdobispo.com.br\/#\/schema\/logo\/image\/","url":"http:\/\/blogdobispo.com.br\/wp-content\/uploads\/2023\/05\/cropped-headear.png","contentUrl":"http:\/\/blogdobispo.com.br\/wp-content\/uploads\/2023\/05\/cropped-headear.png","width":1500,"height":399,"caption":"Blog do Bispo"},"image":{"@id":"https:\/\/blogdobispo.com.br\/#\/schema\/logo\/image\/"}},{"@type":"Person","@id":"https:\/\/blogdobispo.com.br\/#\/schema\/person\/e2209cc0e6cea5c5233d033e997b373f","name":"Jefferson Sterfeno","image":{"@type":"ImageObject","inLanguage":"pt-BR","@id":"https:\/\/blogdobispo.com.br\/#\/schema\/person\/image\/","url":"https:\/\/secure.gravatar.com\/avatar\/0534e84764641168a677026b6d57a3f51dc7ac4db0b4f6186d9cb330d4ee1160?s=96&d=mm&r=g","contentUrl":"https:\/\/secure.gravatar.com\/avatar\/0534e84764641168a677026b6d57a3f51dc7ac4db0b4f6186d9cb330d4ee1160?s=96&d=mm&r=g","caption":"Jefferson Sterfeno"},"sameAs":["http:\/\/blogdobispo.com.br"],"url":"https:\/\/blogdobispo.com.br\/?author=1"}]}},"featured_image_urls":{"full":"","thumbnail":"","medium":"","medium_large":"","large":"","1536x1536":"","2048x2048":""},"author_info":{"display_name":"Jefferson Sterfeno","author_link":"https:\/\/blogdobispo.com.br\/?author=1"},"category_info":"<a href=\"https:\/\/blogdobispo.com.br\/?cat=1\" rel=\"category\">diversos<\/a>","tag_info":"diversos","comment_count":"0","jetpack_featured_media_url":"","jetpack_sharing_enabled":true,"_links":{"self":[{"href":"https:\/\/blogdobispo.com.br\/index.php?rest_route=\/wp\/v2\/posts\/6060","targetHints":{"allow":["GET"]}}],"collection":[{"href":"https:\/\/blogdobispo.com.br\/index.php?rest_route=\/wp\/v2\/posts"}],"about":[{"href":"https:\/\/blogdobispo.com.br\/index.php?rest_route=\/wp\/v2\/types\/post"}],"author":[{"embeddable":true,"href":"https:\/\/blogdobispo.com.br\/index.php?rest_route=\/wp\/v2\/users\/1"}],"replies":[{"embeddable":true,"href":"https:\/\/blogdobispo.com.br\/index.php?rest_route=%2Fwp%2Fv2%2Fcomments&post=6060"}],"version-history":[{"count":1,"href":"https:\/\/blogdobispo.com.br\/index.php?rest_route=\/wp\/v2\/posts\/6060\/revisions"}],"predecessor-version":[{"id":6062,"href":"https:\/\/blogdobispo.com.br\/index.php?rest_route=\/wp\/v2\/posts\/6060\/revisions\/6062"}],"wp:attachment":[{"href":"https:\/\/blogdobispo.com.br\/index.php?rest_route=%2Fwp%2Fv2%2Fmedia&parent=6060"}],"wp:term":[{"taxonomy":"category","embeddable":true,"href":"https:\/\/blogdobispo.com.br\/index.php?rest_route=%2Fwp%2Fv2%2Fcategories&post=6060"},{"taxonomy":"post_tag","embeddable":true,"href":"https:\/\/blogdobispo.com.br\/index.php?rest_route=%2Fwp%2Fv2%2Ftags&post=6060"}],"curies":[{"name":"wp","href":"https:\/\/api.w.org\/{rel}","templated":true}]}}