{"id":6057,"date":"2025-07-23T13:32:00","date_gmt":"2025-07-23T13:32:00","guid":{"rendered":"https:\/\/blogdobispo.com.br\/?p=6057"},"modified":"2025-07-23T13:32:01","modified_gmt":"2025-07-23T13:32:01","slug":"dr-tiago-sera-candidato-a-estadual-pelo-mdb-e-comeca-a-criar-grupo-em-natal","status":"publish","type":"post","link":"https:\/\/blogdobispo.com.br\/?p=6057","title":{"rendered":"Dr. Tiago ser\u00e1 candidato a estadual pelo MDB e come\u00e7a a criar grupo em Natal"},"content":{"rendered":"\n<p><\/p>\n\n\n\n<p>O vice-governador do Rio Grande do Norte e presidente estadual do MDB, Walter Alves, recebeu nesta ter\u00e7a-feira (22) o prefeito de Parelhas, Dr. Tiago Almeida (PSDB), para tratar de sua filia\u00e7\u00e3o ao partido e da pr\u00e9-candidatura a deputado estadual pela nominata emedebista nas elei\u00e7\u00f5es de 2026.<\/p>\n\n\n\n<p>O convite foi feito pelo pr\u00f3prio Walter Alves, que destacou a import\u00e2ncia da chegada do m\u00e9dico e prefeito seridoense ao projeto pol\u00edtico que o MDB est\u00e1 estruturando para o pr\u00f3ximo pleito. Walter, que deve assumir o Governo do Estado em 2026 com a ren\u00fancia da governadora F\u00e1tima Bezerra (PT), para disputar o Senado, afirmou que Dr. Tiago ser\u00e1 um dos nomes de destaque da legenda.<\/p>\n\n\n\n<p>\u2014 <em>\u201cDr. Tiago Almeida orgulha qualquer partido e o MDB vai receber essa filia\u00e7\u00e3o com muito entusiasmo. Faremos a maior nominata para Assembleia Legislativa e tamb\u00e9m, em breve, vamos divulgar novos nomes para concorrer a deputado federal. Estamos em sintonia com o nosso amigo Ezequiel Ferreira e os deputados que v\u00e3o vir refor\u00e7ar o nosso partido\u201d<\/em>, declarou Walter.<\/p>\n\n\n\n<p>Dr. Tiago \u00e9 aliado do presidente da Assembleia Legislativa, Ezequiel Ferreira (PSDB), que tamb\u00e9m articula sua ida para o MDB, com possibilidade de assumir a presid\u00eancia estadual da sigla.<\/p>\n\n\n\n<p>M\u00e9dico ortopedista e cirurgi\u00e3o de joelho, Dr. Tiago atuou at\u00e9 2017 no Hospital Walfredo Gurgel, maior unidade de urg\u00eancia e emerg\u00eancia do estado. Em 2024, foi reeleito prefeito de Parelhas com 10.388 votos \u2014 o equivalente a 75,35% dos votos v\u00e1lidos \u2014, consolidando a maior vit\u00f3ria da hist\u00f3ria pol\u00edtica do munic\u00edpio, um dos principais polos do Serid\u00f3.<\/p>\n\n\n\n<p>Al\u00e9m de sua base na regi\u00e3o Serid\u00f3, o grupo pol\u00edtico de Dr. Tiago j\u00e1 est\u00e1 em forma\u00e7\u00e3o na capital. Em Natal, a articula\u00e7\u00e3o ser\u00e1 coordenada por Franklin Vasconcelos, lideran\u00e7a jovem que tem experi\u00eancia em mandatos legislativos, tendo atuado com os ex-deputados Eriko J\u00e1come, T\u00e9rcio Tin\u00f4co e Carla Dickson.<\/p>\n\n\n\n<figure class=\"wp-block-image\"><img data-recalc-dims=\"1\" fetchpriority=\"high\" decoding=\"async\" width=\"800\" height=\"598\" src=\"https:\/\/i0.wp.com\/blogdobispo.com.br\/wp-content\/uploads\/2025\/07\/img-20250723-wa0272.jpg?resize=800%2C598\" alt=\"\" class=\"wp-image-6058\" srcset=\"https:\/\/i0.wp.com\/blogdobispo.com.br\/wp-content\/uploads\/2025\/07\/img-20250723-wa0272.jpg?w=1080&amp;ssl=1 1080w, https:\/\/i0.wp.com\/blogdobispo.com.br\/wp-content\/uploads\/2025\/07\/img-20250723-wa0272.jpg?resize=300%2C224&amp;ssl=1 300w, https:\/\/i0.wp.com\/blogdobispo.com.br\/wp-content\/uploads\/2025\/07\/img-20250723-wa0272.jpg?resize=1024%2C765&amp;ssl=1 1024w, https:\/\/i0.wp.com\/blogdobispo.com.br\/wp-content\/uploads\/2025\/07\/img-20250723-wa0272.jpg?resize=768%2C574&amp;ssl=1 768w\" sizes=\"(max-width: 800px) 100vw, 800px\" \/><\/figure>\n","protected":false},"excerpt":{"rendered":"<p>O vice-governador do Rio Grande do Norte e presidente estadual do MDB, Walter Alves, recebeu nesta ter\u00e7a-feira (22) o prefeito de Parelhas, Dr. Tiago Almeida (PSDB), para tratar de sua filia\u00e7\u00e3o ao partido e da pr\u00e9-candidatura a deputado estadual pela nominata emedebista nas elei\u00e7\u00f5es de 2026. O convite foi feito pelo pr\u00f3prio Walter Alves, que [&hellip;]<\/p>\n","protected":false},"author":1,"featured_media":0,"comment_status":"open","ping_status":"open","sticky":false,"template":"","format":"standard","meta":{"cybocfi_hide_featured_image":"","_jetpack_memberships_contains_paid_content":false,"footnotes":""},"categories":[1],"tags":[],"class_list":["post-6057","post","type-post","status-publish","format-standard","hentry","category-diversos"],"yoast_head":"<!-- This site is optimized with the Yoast SEO plugin v25.6 - https:\/\/yoast.com\/wordpress\/plugins\/seo\/ -->\n<title>Dr. Tiago ser\u00e1 candidato a estadual pelo MDB e come\u00e7a a criar grupo em Natal - Blog do Bispo<\/title>\n<meta name=\"robots\" content=\"index, follow, max-snippet:-1, max-image-preview:large, max-video-preview:-1\" \/>\n<link rel=\"canonical\" href=\"https:\/\/blogdobispo.com.br\/?p=6057\" \/>\n<meta property=\"og:locale\" content=\"pt_BR\" \/>\n<meta property=\"og:type\" content=\"article\" \/>\n<meta property=\"og:title\" content=\"Dr. Tiago ser\u00e1 candidato a estadual pelo MDB e come\u00e7a a criar grupo em Natal - Blog do Bispo\" \/>\n<meta property=\"og:description\" content=\"O vice-governador do Rio Grande do Norte e presidente estadual do MDB, Walter Alves, recebeu nesta ter\u00e7a-feira (22) o prefeito de Parelhas, Dr. Tiago Almeida (PSDB), para tratar de sua filia\u00e7\u00e3o ao partido e da pr\u00e9-candidatura a deputado estadual pela nominata emedebista nas elei\u00e7\u00f5es de 2026. O convite foi feito pelo pr\u00f3prio Walter Alves, que [&hellip;]\" \/>\n<meta property=\"og:url\" content=\"https:\/\/blogdobispo.com.br\/?p=6057\" \/>\n<meta property=\"og:site_name\" content=\"Blog do Bispo\" \/>\n<meta property=\"article:published_time\" content=\"2025-07-23T13:32:00+00:00\" \/>\n<meta property=\"article:modified_time\" content=\"2025-07-23T13:32:01+00:00\" \/>\n<meta property=\"og:image\" content=\"http:\/\/blogdobispo.com.br\/wp-content\/uploads\/2025\/07\/img-20250723-wa0272.jpg\" \/>\n<meta name=\"author\" content=\"Jefferson Sterfeno\" \/>\n<meta name=\"twitter:card\" content=\"summary_large_image\" \/>\n<meta name=\"twitter:label1\" content=\"Escrito por\" \/>\n\t<meta name=\"twitter:data1\" content=\"Jefferson Sterfeno\" \/>\n\t<meta name=\"twitter:label2\" content=\"Est. tempo de leitura\" \/>\n\t<meta name=\"twitter:data2\" content=\"2 minutos\" \/>\n<script type=\"application\/ld+json\" class=\"yoast-schema-graph\">{\"@context\":\"https:\/\/schema.org\",\"@graph\":[{\"@type\":\"Article\",\"@id\":\"https:\/\/blogdobispo.com.br\/?p=6057#article\",\"isPartOf\":{\"@id\":\"https:\/\/blogdobispo.com.br\/?p=6057\"},\"author\":{\"name\":\"Jefferson Sterfeno\",\"@id\":\"https:\/\/blogdobispo.com.br\/#\/schema\/person\/e2209cc0e6cea5c5233d033e997b373f\"},\"headline\":\"Dr. Tiago ser\u00e1 candidato a estadual pelo MDB e come\u00e7a a criar grupo em Natal\",\"datePublished\":\"2025-07-23T13:32:00+00:00\",\"dateModified\":\"2025-07-23T13:32:01+00:00\",\"mainEntityOfPage\":{\"@id\":\"https:\/\/blogdobispo.com.br\/?p=6057\"},\"wordCount\":344,\"commentCount\":0,\"publisher\":{\"@id\":\"https:\/\/blogdobispo.com.br\/#organization\"},\"image\":{\"@id\":\"https:\/\/blogdobispo.com.br\/?p=6057#primaryimage\"},\"thumbnailUrl\":\"http:\/\/blogdobispo.com.br\/wp-content\/uploads\/2025\/07\/img-20250723-wa0272.jpg\",\"articleSection\":[\"diversos\"],\"inLanguage\":\"pt-BR\",\"potentialAction\":[{\"@type\":\"CommentAction\",\"name\":\"Comment\",\"target\":[\"https:\/\/blogdobispo.com.br\/?p=6057#respond\"]}]},{\"@type\":\"WebPage\",\"@id\":\"https:\/\/blogdobispo.com.br\/?p=6057\",\"url\":\"https:\/\/blogdobispo.com.br\/?p=6057\",\"name\":\"Dr. Tiago ser\u00e1 candidato a estadual pelo MDB e come\u00e7a a criar grupo em Natal - Blog do Bispo\",\"isPartOf\":{\"@id\":\"https:\/\/blogdobispo.com.br\/#website\"},\"primaryImageOfPage\":{\"@id\":\"https:\/\/blogdobispo.com.br\/?p=6057#primaryimage\"},\"image\":{\"@id\":\"https:\/\/blogdobispo.com.br\/?p=6057#primaryimage\"},\"thumbnailUrl\":\"http:\/\/blogdobispo.com.br\/wp-content\/uploads\/2025\/07\/img-20250723-wa0272.jpg\",\"datePublished\":\"2025-07-23T13:32:00+00:00\",\"dateModified\":\"2025-07-23T13:32:01+00:00\",\"breadcrumb\":{\"@id\":\"https:\/\/blogdobispo.com.br\/?p=6057#breadcrumb\"},\"inLanguage\":\"pt-BR\",\"potentialAction\":[{\"@type\":\"ReadAction\",\"target\":[\"https:\/\/blogdobispo.com.br\/?p=6057\"]}]},{\"@type\":\"ImageObject\",\"inLanguage\":\"pt-BR\",\"@id\":\"https:\/\/blogdobispo.com.br\/?p=6057#primaryimage\",\"url\":\"https:\/\/i0.wp.com\/blogdobispo.com.br\/wp-content\/uploads\/2025\/07\/img-20250723-wa0272.jpg?fit=1080%2C807&ssl=1\",\"contentUrl\":\"https:\/\/i0.wp.com\/blogdobispo.com.br\/wp-content\/uploads\/2025\/07\/img-20250723-wa0272.jpg?fit=1080%2C807&ssl=1\",\"width\":1080,\"height\":807},{\"@type\":\"BreadcrumbList\",\"@id\":\"https:\/\/blogdobispo.com.br\/?p=6057#breadcrumb\",\"itemListElement\":[{\"@type\":\"ListItem\",\"position\":1,\"name\":\"In\u00edcio\",\"item\":\"https:\/\/blogdobispo.com.br\/\"},{\"@type\":\"ListItem\",\"position\":2,\"name\":\"Dr. Tiago ser\u00e1 candidato a estadual pelo MDB e come\u00e7a a criar grupo em Natal\"}]},{\"@type\":\"WebSite\",\"@id\":\"https:\/\/blogdobispo.com.br\/#website\",\"url\":\"https:\/\/blogdobispo.com.br\/\",\"name\":\"Blog do Bispo\",\"description\":\"Comprometido apenas com o leitor\",\"publisher\":{\"@id\":\"https:\/\/blogdobispo.com.br\/#organization\"},\"potentialAction\":[{\"@type\":\"SearchAction\",\"target\":{\"@type\":\"EntryPoint\",\"urlTemplate\":\"https:\/\/blogdobispo.com.br\/?s={search_term_string}\"},\"query-input\":{\"@type\":\"PropertyValueSpecification\",\"valueRequired\":true,\"valueName\":\"search_term_string\"}}],\"inLanguage\":\"pt-BR\"},{\"@type\":\"Organization\",\"@id\":\"https:\/\/blogdobispo.com.br\/#organization\",\"name\":\"Blog do Bispo\",\"url\":\"https:\/\/blogdobispo.com.br\/\",\"logo\":{\"@type\":\"ImageObject\",\"inLanguage\":\"pt-BR\",\"@id\":\"https:\/\/blogdobispo.com.br\/#\/schema\/logo\/image\/\",\"url\":\"http:\/\/blogdobispo.com.br\/wp-content\/uploads\/2023\/05\/cropped-headear.png\",\"contentUrl\":\"http:\/\/blogdobispo.com.br\/wp-content\/uploads\/2023\/05\/cropped-headear.png\",\"width\":1500,\"height\":399,\"caption\":\"Blog do Bispo\"},\"image\":{\"@id\":\"https:\/\/blogdobispo.com.br\/#\/schema\/logo\/image\/\"}},{\"@type\":\"Person\",\"@id\":\"https:\/\/blogdobispo.com.br\/#\/schema\/person\/e2209cc0e6cea5c5233d033e997b373f\",\"name\":\"Jefferson Sterfeno\",\"image\":{\"@type\":\"ImageObject\",\"inLanguage\":\"pt-BR\",\"@id\":\"https:\/\/blogdobispo.com.br\/#\/schema\/person\/image\/\",\"url\":\"https:\/\/secure.gravatar.com\/avatar\/0534e84764641168a677026b6d57a3f51dc7ac4db0b4f6186d9cb330d4ee1160?s=96&d=mm&r=g\",\"contentUrl\":\"https:\/\/secure.gravatar.com\/avatar\/0534e84764641168a677026b6d57a3f51dc7ac4db0b4f6186d9cb330d4ee1160?s=96&d=mm&r=g\",\"caption\":\"Jefferson Sterfeno\"},\"sameAs\":[\"http:\/\/blogdobispo.com.br\"],\"url\":\"https:\/\/blogdobispo.com.br\/?author=1\"}]}<\/script>\n<!-- \/ Yoast SEO plugin. -->","yoast_head_json":{"title":"Dr. Tiago ser\u00e1 candidato a estadual pelo MDB e come\u00e7a a criar grupo em Natal - Blog do Bispo","robots":{"index":"index","follow":"follow","max-snippet":"max-snippet:-1","max-image-preview":"max-image-preview:large","max-video-preview":"max-video-preview:-1"},"canonical":"https:\/\/blogdobispo.com.br\/?p=6057","og_locale":"pt_BR","og_type":"article","og_title":"Dr. Tiago ser\u00e1 candidato a estadual pelo MDB e come\u00e7a a criar grupo em Natal - Blog do Bispo","og_description":"O vice-governador do Rio Grande do Norte e presidente estadual do MDB, Walter Alves, recebeu nesta ter\u00e7a-feira (22) o prefeito de Parelhas, Dr. Tiago Almeida (PSDB), para tratar de sua filia\u00e7\u00e3o ao partido e da pr\u00e9-candidatura a deputado estadual pela nominata emedebista nas elei\u00e7\u00f5es de 2026. O convite foi feito pelo pr\u00f3prio Walter Alves, que [&hellip;]","og_url":"https:\/\/blogdobispo.com.br\/?p=6057","og_site_name":"Blog do Bispo","article_published_time":"2025-07-23T13:32:00+00:00","article_modified_time":"2025-07-23T13:32:01+00:00","og_image":[{"url":"http:\/\/blogdobispo.com.br\/wp-content\/uploads\/2025\/07\/img-20250723-wa0272.jpg","type":"","width":"","height":""}],"author":"Jefferson Sterfeno","twitter_card":"summary_large_image","twitter_misc":{"Escrito por":"Jefferson Sterfeno","Est. tempo de leitura":"2 minutos"},"schema":{"@context":"https:\/\/schema.org","@graph":[{"@type":"Article","@id":"https:\/\/blogdobispo.com.br\/?p=6057#article","isPartOf":{"@id":"https:\/\/blogdobispo.com.br\/?p=6057"},"author":{"name":"Jefferson Sterfeno","@id":"https:\/\/blogdobispo.com.br\/#\/schema\/person\/e2209cc0e6cea5c5233d033e997b373f"},"headline":"Dr. Tiago ser\u00e1 candidato a estadual pelo MDB e come\u00e7a a criar grupo em Natal","datePublished":"2025-07-23T13:32:00+00:00","dateModified":"2025-07-23T13:32:01+00:00","mainEntityOfPage":{"@id":"https:\/\/blogdobispo.com.br\/?p=6057"},"wordCount":344,"commentCount":0,"publisher":{"@id":"https:\/\/blogdobispo.com.br\/#organization"},"image":{"@id":"https:\/\/blogdobispo.com.br\/?p=6057#primaryimage"},"thumbnailUrl":"http:\/\/blogdobispo.com.br\/wp-content\/uploads\/2025\/07\/img-20250723-wa0272.jpg","articleSection":["diversos"],"inLanguage":"pt-BR","potentialAction":[{"@type":"CommentAction","name":"Comment","target":["https:\/\/blogdobispo.com.br\/?p=6057#respond"]}]},{"@type":"WebPage","@id":"https:\/\/blogdobispo.com.br\/?p=6057","url":"https:\/\/blogdobispo.com.br\/?p=6057","name":"Dr. Tiago ser\u00e1 candidato a estadual pelo MDB e come\u00e7a a criar grupo em Natal - Blog do Bispo","isPartOf":{"@id":"https:\/\/blogdobispo.com.br\/#website"},"primaryImageOfPage":{"@id":"https:\/\/blogdobispo.com.br\/?p=6057#primaryimage"},"image":{"@id":"https:\/\/blogdobispo.com.br\/?p=6057#primaryimage"},"thumbnailUrl":"http:\/\/blogdobispo.com.br\/wp-content\/uploads\/2025\/07\/img-20250723-wa0272.jpg","datePublished":"2025-07-23T13:32:00+00:00","dateModified":"2025-07-23T13:32:01+00:00","breadcrumb":{"@id":"https:\/\/blogdobispo.com.br\/?p=6057#breadcrumb"},"inLanguage":"pt-BR","potentialAction":[{"@type":"ReadAction","target":["https:\/\/blogdobispo.com.br\/?p=6057"]}]},{"@type":"ImageObject","inLanguage":"pt-BR","@id":"https:\/\/blogdobispo.com.br\/?p=6057#primaryimage","url":"https:\/\/i0.wp.com\/blogdobispo.com.br\/wp-content\/uploads\/2025\/07\/img-20250723-wa0272.jpg?fit=1080%2C807&ssl=1","contentUrl":"https:\/\/i0.wp.com\/blogdobispo.com.br\/wp-content\/uploads\/2025\/07\/img-20250723-wa0272.jpg?fit=1080%2C807&ssl=1","width":1080,"height":807},{"@type":"BreadcrumbList","@id":"https:\/\/blogdobispo.com.br\/?p=6057#breadcrumb","itemListElement":[{"@type":"ListItem","position":1,"name":"In\u00edcio","item":"https:\/\/blogdobispo.com.br\/"},{"@type":"ListItem","position":2,"name":"Dr. Tiago ser\u00e1 candidato a estadual pelo MDB e come\u00e7a a criar grupo em Natal"}]},{"@type":"WebSite","@id":"https:\/\/blogdobispo.com.br\/#website","url":"https:\/\/blogdobispo.com.br\/","name":"Blog do Bispo","description":"Comprometido apenas com o leitor","publisher":{"@id":"https:\/\/blogdobispo.com.br\/#organization"},"potentialAction":[{"@type":"SearchAction","target":{"@type":"EntryPoint","urlTemplate":"https:\/\/blogdobispo.com.br\/?s={search_term_string}"},"query-input":{"@type":"PropertyValueSpecification","valueRequired":true,"valueName":"search_term_string"}}],"inLanguage":"pt-BR"},{"@type":"Organization","@id":"https:\/\/blogdobispo.com.br\/#organization","name":"Blog do Bispo","url":"https:\/\/blogdobispo.com.br\/","logo":{"@type":"ImageObject","inLanguage":"pt-BR","@id":"https:\/\/blogdobispo.com.br\/#\/schema\/logo\/image\/","url":"http:\/\/blogdobispo.com.br\/wp-content\/uploads\/2023\/05\/cropped-headear.png","contentUrl":"http:\/\/blogdobispo.com.br\/wp-content\/uploads\/2023\/05\/cropped-headear.png","width":1500,"height":399,"caption":"Blog do Bispo"},"image":{"@id":"https:\/\/blogdobispo.com.br\/#\/schema\/logo\/image\/"}},{"@type":"Person","@id":"https:\/\/blogdobispo.com.br\/#\/schema\/person\/e2209cc0e6cea5c5233d033e997b373f","name":"Jefferson Sterfeno","image":{"@type":"ImageObject","inLanguage":"pt-BR","@id":"https:\/\/blogdobispo.com.br\/#\/schema\/person\/image\/","url":"https:\/\/secure.gravatar.com\/avatar\/0534e84764641168a677026b6d57a3f51dc7ac4db0b4f6186d9cb330d4ee1160?s=96&d=mm&r=g","contentUrl":"https:\/\/secure.gravatar.com\/avatar\/0534e84764641168a677026b6d57a3f51dc7ac4db0b4f6186d9cb330d4ee1160?s=96&d=mm&r=g","caption":"Jefferson Sterfeno"},"sameAs":["http:\/\/blogdobispo.com.br"],"url":"https:\/\/blogdobispo.com.br\/?author=1"}]}},"featured_image_urls":{"full":"","thumbnail":"","medium":"","medium_large":"","large":"","1536x1536":"","2048x2048":""},"author_info":{"display_name":"Jefferson Sterfeno","author_link":"https:\/\/blogdobispo.com.br\/?author=1"},"category_info":"<a href=\"https:\/\/blogdobispo.com.br\/?cat=1\" rel=\"category\">diversos<\/a>","tag_info":"diversos","comment_count":"0","jetpack_featured_media_url":"","jetpack_sharing_enabled":true,"_links":{"self":[{"href":"https:\/\/blogdobispo.com.br\/index.php?rest_route=\/wp\/v2\/posts\/6057","targetHints":{"allow":["GET"]}}],"collection":[{"href":"https:\/\/blogdobispo.com.br\/index.php?rest_route=\/wp\/v2\/posts"}],"about":[{"href":"https:\/\/blogdobispo.com.br\/index.php?rest_route=\/wp\/v2\/types\/post"}],"author":[{"embeddable":true,"href":"https:\/\/blogdobispo.com.br\/index.php?rest_route=\/wp\/v2\/users\/1"}],"replies":[{"embeddable":true,"href":"https:\/\/blogdobispo.com.br\/index.php?rest_route=%2Fwp%2Fv2%2Fcomments&post=6057"}],"version-history":[{"count":1,"href":"https:\/\/blogdobispo.com.br\/index.php?rest_route=\/wp\/v2\/posts\/6057\/revisions"}],"predecessor-version":[{"id":6059,"href":"https:\/\/blogdobispo.com.br\/index.php?rest_route=\/wp\/v2\/posts\/6057\/revisions\/6059"}],"wp:attachment":[{"href":"https:\/\/blogdobispo.com.br\/index.php?rest_route=%2Fwp%2Fv2%2Fmedia&parent=6057"}],"wp:term":[{"taxonomy":"category","embeddable":true,"href":"https:\/\/blogdobispo.com.br\/index.php?rest_route=%2Fwp%2Fv2%2Fcategories&post=6057"},{"taxonomy":"post_tag","embeddable":true,"href":"https:\/\/blogdobispo.com.br\/index.php?rest_route=%2Fwp%2Fv2%2Ftags&post=6057"}],"curies":[{"name":"wp","href":"https:\/\/api.w.org\/{rel}","templated":true}]}}