{"id":6048,"date":"2025-07-22T15:42:22","date_gmt":"2025-07-22T15:42:22","guid":{"rendered":"https:\/\/blogdobispo.com.br\/?p=6048"},"modified":"2025-07-22T15:42:23","modified_gmt":"2025-07-22T15:42:23","slug":"deputado-ubaldo-articula-qualificacao-para-servidores-de-camaras-municipais-do-rn","status":"publish","type":"post","link":"https:\/\/blogdobispo.com.br\/?p=6048","title":{"rendered":"Deputado Ubaldo articula qualifica\u00e7\u00e3o para servidores de C\u00e2maras Municipais do RN"},"content":{"rendered":"\n<p>O deputado estadual Ubaldo Fernandes articulou uma importante reuni\u00e3o na Escola da Assembleia Legislativa do RN, na manh\u00e3 desta ter\u00e7a-feira (22) com o objetivo de promover qualifica\u00e7\u00e3o para os servidores de C\u00e2maras Municipais do interior do estado. O encontro contou com a presen\u00e7a do presidente da Escola do Legislativo, Jos\u00e9 Bezerra, e dos presidentes das C\u00e2maras de Jardim do Serid\u00f3, Ozires Villar, e de Pedra Preta, Bartolomeu, al\u00e9m do vereador Brenno de Marlene, representando o munic\u00edpio de Tangar\u00e1.<\/p>\n\n\n\n<figure class=\"wp-block-image\"><img data-recalc-dims=\"1\" fetchpriority=\"high\" decoding=\"async\" width=\"800\" height=\"600\" src=\"https:\/\/i0.wp.com\/blogdobispo.com.br\/wp-content\/uploads\/2025\/07\/WhatsApp-Image-2025-07-22-at-12.39.45-scaled.jpeg?resize=800%2C600\" alt=\"\" class=\"wp-image-6049\" srcset=\"https:\/\/i0.wp.com\/blogdobispo.com.br\/wp-content\/uploads\/2025\/07\/WhatsApp-Image-2025-07-22-at-12.39.45-scaled.jpeg?w=2560&amp;ssl=1 2560w, https:\/\/i0.wp.com\/blogdobispo.com.br\/wp-content\/uploads\/2025\/07\/WhatsApp-Image-2025-07-22-at-12.39.45-scaled.jpeg?resize=300%2C225&amp;ssl=1 300w, https:\/\/i0.wp.com\/blogdobispo.com.br\/wp-content\/uploads\/2025\/07\/WhatsApp-Image-2025-07-22-at-12.39.45-scaled.jpeg?resize=1024%2C768&amp;ssl=1 1024w, https:\/\/i0.wp.com\/blogdobispo.com.br\/wp-content\/uploads\/2025\/07\/WhatsApp-Image-2025-07-22-at-12.39.45-scaled.jpeg?resize=768%2C576&amp;ssl=1 768w, https:\/\/i0.wp.com\/blogdobispo.com.br\/wp-content\/uploads\/2025\/07\/WhatsApp-Image-2025-07-22-at-12.39.45-scaled.jpeg?resize=1536%2C1152&amp;ssl=1 1536w, https:\/\/i0.wp.com\/blogdobispo.com.br\/wp-content\/uploads\/2025\/07\/WhatsApp-Image-2025-07-22-at-12.39.45-scaled.jpeg?resize=2048%2C1536&amp;ssl=1 2048w, https:\/\/i0.wp.com\/blogdobispo.com.br\/wp-content\/uploads\/2025\/07\/WhatsApp-Image-2025-07-22-at-12.39.45-scaled.jpeg?w=1600 1600w, https:\/\/i0.wp.com\/blogdobispo.com.br\/wp-content\/uploads\/2025\/07\/WhatsApp-Image-2025-07-22-at-12.39.45-scaled.jpeg?w=2400 2400w\" sizes=\"(max-width: 800px) 100vw, 800px\" \/><\/figure>\n\n\n\n<p>Na pauta, foi discutida a viabilidade de levar cursos de capacita\u00e7\u00e3o para os servidores das respectivas casas legislativas, fortalecendo a atua\u00e7\u00e3o do poder legislativo municipal. A proposta foi bem recebida pelo presidente Jos\u00e9 Bezerra, que acenou positivamente e garantiu o atendimento \u00e0 solicita\u00e7\u00e3o.<\/p>\n\n\n\n<p>\u201cCapacitar os servidores \u00e9 garantir um servi\u00e7o p\u00fablico mais eficiente e qualificado para a popula\u00e7\u00e3o. Nosso mandato est\u00e1 empenhado em aproximar o interior das oportunidades oferecidas pela Assembleia Legislativa, promovendo desenvolvimento e valoriza\u00e7\u00e3o do funcionalismo\u201d, destacou o deputado Ubaldo Fernandes.<\/p>\n\n\n\n<p>A a\u00e7\u00e3o faz parte do compromisso do parlamentar com o fortalecimento institucional das C\u00e2maras Municipais, contribuindo para uma gest\u00e3o mais preparada e conectada com as demandas da sociedade potiguar.<\/p>\n","protected":false},"excerpt":{"rendered":"<p>O deputado estadual Ubaldo Fernandes articulou uma importante reuni\u00e3o na Escola da Assembleia Legislativa do RN, na manh\u00e3 desta ter\u00e7a-feira (22) com o objetivo de promover qualifica\u00e7\u00e3o para os servidores de C\u00e2maras Municipais do interior do estado. O encontro contou com a presen\u00e7a do presidente da Escola do Legislativo, Jos\u00e9 Bezerra, e dos presidentes das [&hellip;]<\/p>\n","protected":false},"author":1,"featured_media":0,"comment_status":"open","ping_status":"open","sticky":false,"template":"","format":"standard","meta":{"cybocfi_hide_featured_image":"","_jetpack_memberships_contains_paid_content":false,"footnotes":""},"categories":[1],"tags":[],"class_list":["post-6048","post","type-post","status-publish","format-standard","hentry","category-diversos"],"yoast_head":"<!-- This site is optimized with the Yoast SEO plugin v25.6 - https:\/\/yoast.com\/wordpress\/plugins\/seo\/ -->\n<title>Deputado Ubaldo articula qualifica\u00e7\u00e3o para servidores de C\u00e2maras Municipais do RN - Blog do Bispo<\/title>\n<meta name=\"robots\" content=\"index, follow, max-snippet:-1, max-image-preview:large, max-video-preview:-1\" \/>\n<link rel=\"canonical\" href=\"https:\/\/blogdobispo.com.br\/?p=6048\" \/>\n<meta property=\"og:locale\" content=\"pt_BR\" \/>\n<meta property=\"og:type\" content=\"article\" \/>\n<meta property=\"og:title\" content=\"Deputado Ubaldo articula qualifica\u00e7\u00e3o para servidores de C\u00e2maras Municipais do RN - Blog do Bispo\" \/>\n<meta property=\"og:description\" content=\"O deputado estadual Ubaldo Fernandes articulou uma importante reuni\u00e3o na Escola da Assembleia Legislativa do RN, na manh\u00e3 desta ter\u00e7a-feira (22) com o objetivo de promover qualifica\u00e7\u00e3o para os servidores de C\u00e2maras Municipais do interior do estado. O encontro contou com a presen\u00e7a do presidente da Escola do Legislativo, Jos\u00e9 Bezerra, e dos presidentes das [&hellip;]\" \/>\n<meta property=\"og:url\" content=\"https:\/\/blogdobispo.com.br\/?p=6048\" \/>\n<meta property=\"og:site_name\" content=\"Blog do Bispo\" \/>\n<meta property=\"article:published_time\" content=\"2025-07-22T15:42:22+00:00\" \/>\n<meta property=\"article:modified_time\" content=\"2025-07-22T15:42:23+00:00\" \/>\n<meta property=\"og:image\" content=\"http:\/\/blogdobispo.com.br\/wp-content\/uploads\/2025\/07\/WhatsApp-Image-2025-07-22-at-12.39.45-scaled.jpeg\" \/>\n<meta name=\"author\" content=\"Jefferson Sterfeno\" \/>\n<meta name=\"twitter:card\" content=\"summary_large_image\" \/>\n<meta name=\"twitter:label1\" content=\"Escrito por\" \/>\n\t<meta name=\"twitter:data1\" content=\"Jefferson Sterfeno\" \/>\n\t<meta name=\"twitter:label2\" content=\"Est. tempo de leitura\" \/>\n\t<meta name=\"twitter:data2\" content=\"2 minutos\" \/>\n<script type=\"application\/ld+json\" class=\"yoast-schema-graph\">{\"@context\":\"https:\/\/schema.org\",\"@graph\":[{\"@type\":\"Article\",\"@id\":\"https:\/\/blogdobispo.com.br\/?p=6048#article\",\"isPartOf\":{\"@id\":\"https:\/\/blogdobispo.com.br\/?p=6048\"},\"author\":{\"name\":\"Jefferson Sterfeno\",\"@id\":\"https:\/\/blogdobispo.com.br\/#\/schema\/person\/e2209cc0e6cea5c5233d033e997b373f\"},\"headline\":\"Deputado Ubaldo articula qualifica\u00e7\u00e3o para servidores de C\u00e2maras Municipais do RN\",\"datePublished\":\"2025-07-22T15:42:22+00:00\",\"dateModified\":\"2025-07-22T15:42:23+00:00\",\"mainEntityOfPage\":{\"@id\":\"https:\/\/blogdobispo.com.br\/?p=6048\"},\"wordCount\":218,\"commentCount\":0,\"publisher\":{\"@id\":\"https:\/\/blogdobispo.com.br\/#organization\"},\"image\":{\"@id\":\"https:\/\/blogdobispo.com.br\/?p=6048#primaryimage\"},\"thumbnailUrl\":\"http:\/\/blogdobispo.com.br\/wp-content\/uploads\/2025\/07\/WhatsApp-Image-2025-07-22-at-12.39.45-scaled.jpeg\",\"articleSection\":[\"diversos\"],\"inLanguage\":\"pt-BR\",\"potentialAction\":[{\"@type\":\"CommentAction\",\"name\":\"Comment\",\"target\":[\"https:\/\/blogdobispo.com.br\/?p=6048#respond\"]}]},{\"@type\":\"WebPage\",\"@id\":\"https:\/\/blogdobispo.com.br\/?p=6048\",\"url\":\"https:\/\/blogdobispo.com.br\/?p=6048\",\"name\":\"Deputado Ubaldo articula qualifica\u00e7\u00e3o para servidores de C\u00e2maras Municipais do RN - Blog do Bispo\",\"isPartOf\":{\"@id\":\"https:\/\/blogdobispo.com.br\/#website\"},\"primaryImageOfPage\":{\"@id\":\"https:\/\/blogdobispo.com.br\/?p=6048#primaryimage\"},\"image\":{\"@id\":\"https:\/\/blogdobispo.com.br\/?p=6048#primaryimage\"},\"thumbnailUrl\":\"http:\/\/blogdobispo.com.br\/wp-content\/uploads\/2025\/07\/WhatsApp-Image-2025-07-22-at-12.39.45-scaled.jpeg\",\"datePublished\":\"2025-07-22T15:42:22+00:00\",\"dateModified\":\"2025-07-22T15:42:23+00:00\",\"breadcrumb\":{\"@id\":\"https:\/\/blogdobispo.com.br\/?p=6048#breadcrumb\"},\"inLanguage\":\"pt-BR\",\"potentialAction\":[{\"@type\":\"ReadAction\",\"target\":[\"https:\/\/blogdobispo.com.br\/?p=6048\"]}]},{\"@type\":\"ImageObject\",\"inLanguage\":\"pt-BR\",\"@id\":\"https:\/\/blogdobispo.com.br\/?p=6048#primaryimage\",\"url\":\"https:\/\/i0.wp.com\/blogdobispo.com.br\/wp-content\/uploads\/2025\/07\/WhatsApp-Image-2025-07-22-at-12.39.45-scaled.jpeg?fit=2560%2C1920&ssl=1\",\"contentUrl\":\"https:\/\/i0.wp.com\/blogdobispo.com.br\/wp-content\/uploads\/2025\/07\/WhatsApp-Image-2025-07-22-at-12.39.45-scaled.jpeg?fit=2560%2C1920&ssl=1\",\"width\":2560,\"height\":1920},{\"@type\":\"BreadcrumbList\",\"@id\":\"https:\/\/blogdobispo.com.br\/?p=6048#breadcrumb\",\"itemListElement\":[{\"@type\":\"ListItem\",\"position\":1,\"name\":\"In\u00edcio\",\"item\":\"https:\/\/blogdobispo.com.br\/\"},{\"@type\":\"ListItem\",\"position\":2,\"name\":\"Deputado Ubaldo articula qualifica\u00e7\u00e3o para servidores de C\u00e2maras Municipais do RN\"}]},{\"@type\":\"WebSite\",\"@id\":\"https:\/\/blogdobispo.com.br\/#website\",\"url\":\"https:\/\/blogdobispo.com.br\/\",\"name\":\"Blog do Bispo\",\"description\":\"Comprometido apenas com o leitor\",\"publisher\":{\"@id\":\"https:\/\/blogdobispo.com.br\/#organization\"},\"potentialAction\":[{\"@type\":\"SearchAction\",\"target\":{\"@type\":\"EntryPoint\",\"urlTemplate\":\"https:\/\/blogdobispo.com.br\/?s={search_term_string}\"},\"query-input\":{\"@type\":\"PropertyValueSpecification\",\"valueRequired\":true,\"valueName\":\"search_term_string\"}}],\"inLanguage\":\"pt-BR\"},{\"@type\":\"Organization\",\"@id\":\"https:\/\/blogdobispo.com.br\/#organization\",\"name\":\"Blog do Bispo\",\"url\":\"https:\/\/blogdobispo.com.br\/\",\"logo\":{\"@type\":\"ImageObject\",\"inLanguage\":\"pt-BR\",\"@id\":\"https:\/\/blogdobispo.com.br\/#\/schema\/logo\/image\/\",\"url\":\"http:\/\/blogdobispo.com.br\/wp-content\/uploads\/2023\/05\/cropped-headear.png\",\"contentUrl\":\"http:\/\/blogdobispo.com.br\/wp-content\/uploads\/2023\/05\/cropped-headear.png\",\"width\":1500,\"height\":399,\"caption\":\"Blog do Bispo\"},\"image\":{\"@id\":\"https:\/\/blogdobispo.com.br\/#\/schema\/logo\/image\/\"}},{\"@type\":\"Person\",\"@id\":\"https:\/\/blogdobispo.com.br\/#\/schema\/person\/e2209cc0e6cea5c5233d033e997b373f\",\"name\":\"Jefferson Sterfeno\",\"image\":{\"@type\":\"ImageObject\",\"inLanguage\":\"pt-BR\",\"@id\":\"https:\/\/blogdobispo.com.br\/#\/schema\/person\/image\/\",\"url\":\"https:\/\/secure.gravatar.com\/avatar\/0534e84764641168a677026b6d57a3f51dc7ac4db0b4f6186d9cb330d4ee1160?s=96&d=mm&r=g\",\"contentUrl\":\"https:\/\/secure.gravatar.com\/avatar\/0534e84764641168a677026b6d57a3f51dc7ac4db0b4f6186d9cb330d4ee1160?s=96&d=mm&r=g\",\"caption\":\"Jefferson Sterfeno\"},\"sameAs\":[\"http:\/\/blogdobispo.com.br\"],\"url\":\"https:\/\/blogdobispo.com.br\/?author=1\"}]}<\/script>\n<!-- \/ Yoast SEO plugin. -->","yoast_head_json":{"title":"Deputado Ubaldo articula qualifica\u00e7\u00e3o para servidores de C\u00e2maras Municipais do RN - Blog do Bispo","robots":{"index":"index","follow":"follow","max-snippet":"max-snippet:-1","max-image-preview":"max-image-preview:large","max-video-preview":"max-video-preview:-1"},"canonical":"https:\/\/blogdobispo.com.br\/?p=6048","og_locale":"pt_BR","og_type":"article","og_title":"Deputado Ubaldo articula qualifica\u00e7\u00e3o para servidores de C\u00e2maras Municipais do RN - Blog do Bispo","og_description":"O deputado estadual Ubaldo Fernandes articulou uma importante reuni\u00e3o na Escola da Assembleia Legislativa do RN, na manh\u00e3 desta ter\u00e7a-feira (22) com o objetivo de promover qualifica\u00e7\u00e3o para os servidores de C\u00e2maras Municipais do interior do estado. O encontro contou com a presen\u00e7a do presidente da Escola do Legislativo, Jos\u00e9 Bezerra, e dos presidentes das [&hellip;]","og_url":"https:\/\/blogdobispo.com.br\/?p=6048","og_site_name":"Blog do Bispo","article_published_time":"2025-07-22T15:42:22+00:00","article_modified_time":"2025-07-22T15:42:23+00:00","og_image":[{"url":"http:\/\/blogdobispo.com.br\/wp-content\/uploads\/2025\/07\/WhatsApp-Image-2025-07-22-at-12.39.45-scaled.jpeg","type":"","width":"","height":""}],"author":"Jefferson Sterfeno","twitter_card":"summary_large_image","twitter_misc":{"Escrito por":"Jefferson Sterfeno","Est. tempo de leitura":"2 minutos"},"schema":{"@context":"https:\/\/schema.org","@graph":[{"@type":"Article","@id":"https:\/\/blogdobispo.com.br\/?p=6048#article","isPartOf":{"@id":"https:\/\/blogdobispo.com.br\/?p=6048"},"author":{"name":"Jefferson Sterfeno","@id":"https:\/\/blogdobispo.com.br\/#\/schema\/person\/e2209cc0e6cea5c5233d033e997b373f"},"headline":"Deputado Ubaldo articula qualifica\u00e7\u00e3o para servidores de C\u00e2maras Municipais do RN","datePublished":"2025-07-22T15:42:22+00:00","dateModified":"2025-07-22T15:42:23+00:00","mainEntityOfPage":{"@id":"https:\/\/blogdobispo.com.br\/?p=6048"},"wordCount":218,"commentCount":0,"publisher":{"@id":"https:\/\/blogdobispo.com.br\/#organization"},"image":{"@id":"https:\/\/blogdobispo.com.br\/?p=6048#primaryimage"},"thumbnailUrl":"http:\/\/blogdobispo.com.br\/wp-content\/uploads\/2025\/07\/WhatsApp-Image-2025-07-22-at-12.39.45-scaled.jpeg","articleSection":["diversos"],"inLanguage":"pt-BR","potentialAction":[{"@type":"CommentAction","name":"Comment","target":["https:\/\/blogdobispo.com.br\/?p=6048#respond"]}]},{"@type":"WebPage","@id":"https:\/\/blogdobispo.com.br\/?p=6048","url":"https:\/\/blogdobispo.com.br\/?p=6048","name":"Deputado Ubaldo articula qualifica\u00e7\u00e3o para servidores de C\u00e2maras Municipais do RN - Blog do Bispo","isPartOf":{"@id":"https:\/\/blogdobispo.com.br\/#website"},"primaryImageOfPage":{"@id":"https:\/\/blogdobispo.com.br\/?p=6048#primaryimage"},"image":{"@id":"https:\/\/blogdobispo.com.br\/?p=6048#primaryimage"},"thumbnailUrl":"http:\/\/blogdobispo.com.br\/wp-content\/uploads\/2025\/07\/WhatsApp-Image-2025-07-22-at-12.39.45-scaled.jpeg","datePublished":"2025-07-22T15:42:22+00:00","dateModified":"2025-07-22T15:42:23+00:00","breadcrumb":{"@id":"https:\/\/blogdobispo.com.br\/?p=6048#breadcrumb"},"inLanguage":"pt-BR","potentialAction":[{"@type":"ReadAction","target":["https:\/\/blogdobispo.com.br\/?p=6048"]}]},{"@type":"ImageObject","inLanguage":"pt-BR","@id":"https:\/\/blogdobispo.com.br\/?p=6048#primaryimage","url":"https:\/\/i0.wp.com\/blogdobispo.com.br\/wp-content\/uploads\/2025\/07\/WhatsApp-Image-2025-07-22-at-12.39.45-scaled.jpeg?fit=2560%2C1920&ssl=1","contentUrl":"https:\/\/i0.wp.com\/blogdobispo.com.br\/wp-content\/uploads\/2025\/07\/WhatsApp-Image-2025-07-22-at-12.39.45-scaled.jpeg?fit=2560%2C1920&ssl=1","width":2560,"height":1920},{"@type":"BreadcrumbList","@id":"https:\/\/blogdobispo.com.br\/?p=6048#breadcrumb","itemListElement":[{"@type":"ListItem","position":1,"name":"In\u00edcio","item":"https:\/\/blogdobispo.com.br\/"},{"@type":"ListItem","position":2,"name":"Deputado Ubaldo articula qualifica\u00e7\u00e3o para servidores de C\u00e2maras Municipais do RN"}]},{"@type":"WebSite","@id":"https:\/\/blogdobispo.com.br\/#website","url":"https:\/\/blogdobispo.com.br\/","name":"Blog do Bispo","description":"Comprometido apenas com o leitor","publisher":{"@id":"https:\/\/blogdobispo.com.br\/#organization"},"potentialAction":[{"@type":"SearchAction","target":{"@type":"EntryPoint","urlTemplate":"https:\/\/blogdobispo.com.br\/?s={search_term_string}"},"query-input":{"@type":"PropertyValueSpecification","valueRequired":true,"valueName":"search_term_string"}}],"inLanguage":"pt-BR"},{"@type":"Organization","@id":"https:\/\/blogdobispo.com.br\/#organization","name":"Blog do Bispo","url":"https:\/\/blogdobispo.com.br\/","logo":{"@type":"ImageObject","inLanguage":"pt-BR","@id":"https:\/\/blogdobispo.com.br\/#\/schema\/logo\/image\/","url":"http:\/\/blogdobispo.com.br\/wp-content\/uploads\/2023\/05\/cropped-headear.png","contentUrl":"http:\/\/blogdobispo.com.br\/wp-content\/uploads\/2023\/05\/cropped-headear.png","width":1500,"height":399,"caption":"Blog do Bispo"},"image":{"@id":"https:\/\/blogdobispo.com.br\/#\/schema\/logo\/image\/"}},{"@type":"Person","@id":"https:\/\/blogdobispo.com.br\/#\/schema\/person\/e2209cc0e6cea5c5233d033e997b373f","name":"Jefferson Sterfeno","image":{"@type":"ImageObject","inLanguage":"pt-BR","@id":"https:\/\/blogdobispo.com.br\/#\/schema\/person\/image\/","url":"https:\/\/secure.gravatar.com\/avatar\/0534e84764641168a677026b6d57a3f51dc7ac4db0b4f6186d9cb330d4ee1160?s=96&d=mm&r=g","contentUrl":"https:\/\/secure.gravatar.com\/avatar\/0534e84764641168a677026b6d57a3f51dc7ac4db0b4f6186d9cb330d4ee1160?s=96&d=mm&r=g","caption":"Jefferson Sterfeno"},"sameAs":["http:\/\/blogdobispo.com.br"],"url":"https:\/\/blogdobispo.com.br\/?author=1"}]}},"featured_image_urls":{"full":"","thumbnail":"","medium":"","medium_large":"","large":"","1536x1536":"","2048x2048":""},"author_info":{"display_name":"Jefferson Sterfeno","author_link":"https:\/\/blogdobispo.com.br\/?author=1"},"category_info":"<a href=\"https:\/\/blogdobispo.com.br\/?cat=1\" rel=\"category\">diversos<\/a>","tag_info":"diversos","comment_count":"0","jetpack_featured_media_url":"","jetpack_sharing_enabled":true,"_links":{"self":[{"href":"https:\/\/blogdobispo.com.br\/index.php?rest_route=\/wp\/v2\/posts\/6048","targetHints":{"allow":["GET"]}}],"collection":[{"href":"https:\/\/blogdobispo.com.br\/index.php?rest_route=\/wp\/v2\/posts"}],"about":[{"href":"https:\/\/blogdobispo.com.br\/index.php?rest_route=\/wp\/v2\/types\/post"}],"author":[{"embeddable":true,"href":"https:\/\/blogdobispo.com.br\/index.php?rest_route=\/wp\/v2\/users\/1"}],"replies":[{"embeddable":true,"href":"https:\/\/blogdobispo.com.br\/index.php?rest_route=%2Fwp%2Fv2%2Fcomments&post=6048"}],"version-history":[{"count":1,"href":"https:\/\/blogdobispo.com.br\/index.php?rest_route=\/wp\/v2\/posts\/6048\/revisions"}],"predecessor-version":[{"id":6050,"href":"https:\/\/blogdobispo.com.br\/index.php?rest_route=\/wp\/v2\/posts\/6048\/revisions\/6050"}],"wp:attachment":[{"href":"https:\/\/blogdobispo.com.br\/index.php?rest_route=%2Fwp%2Fv2%2Fmedia&parent=6048"}],"wp:term":[{"taxonomy":"category","embeddable":true,"href":"https:\/\/blogdobispo.com.br\/index.php?rest_route=%2Fwp%2Fv2%2Fcategories&post=6048"},{"taxonomy":"post_tag","embeddable":true,"href":"https:\/\/blogdobispo.com.br\/index.php?rest_route=%2Fwp%2Fv2%2Ftags&post=6048"}],"curies":[{"name":"wp","href":"https:\/\/api.w.org\/{rel}","templated":true}]}}