{"id":6044,"date":"2025-07-22T15:03:54","date_gmt":"2025-07-22T15:03:54","guid":{"rendered":"https:\/\/blogdobispo.com.br\/?p=6044"},"modified":"2025-07-22T15:03:55","modified_gmt":"2025-07-22T15:03:55","slug":"assembleia-e-voce-leva-cidadania-a-quase-65-mil-pessoas-no-primeiro-semestre-de-2025","status":"publish","type":"post","link":"https:\/\/blogdobispo.com.br\/?p=6044","title":{"rendered":"Assembleia e Voc\u00ea leva cidadania a quase 65 mil pessoas no primeiro semestre de 2025"},"content":{"rendered":"\n<p>Nos seis primeiros meses de 2025, o projeto Assembleia e Voc\u00ea percorreu cinco munic\u00edpios do interior potiguar, levando servi\u00e7os essenciais e promovendo cidadania. Ao todo, foram realizados 64.849 atendimentos nas \u00e1reas de Sa\u00fade, Educa\u00e7\u00e3o, Assist\u00eancia Social, Lazer e Direitos da Mulher e do Consumidor. A iniciativa da Assembleia Legislativa do Rio Grande do Norte beneficiou diretamente as popula\u00e7\u00f5es de Tenente Ananias, Jo\u00e3o C\u00e2mara, Currais Novos, Touros e Lagoa Salgada.<\/p>\n\n\n\n<p>A jornada come\u00e7ou por Tenente Ananias, nos dias 6 e 7 de fevereiro. Em dois dias, a cidade recebeu 7.748 atendimentos, com destaque para a emiss\u00e3o de documentos, consultas m\u00e9dicas e atividades educativas. S\u00f3 na \u00e1rea de Educa\u00e7\u00e3o, foram mais de 4 mil participa\u00e7\u00f5es, com doa\u00e7\u00e3o de jogos e a\u00e7\u00f5es em parceria com a Pol\u00edcia Rodovi\u00e1ria Federal (PRF). J\u00e1 na Sa\u00fade, a popula\u00e7\u00e3o contou com atendimentos em diversas especialidades e palestras de conscientiza\u00e7\u00e3o.<\/p>\n\n\n\n<p>Para o diretor de Pol\u00edticas Complementares da Assembleia, Ricardo Fonseca, que coordena o projeto, os n\u00fameros deste ano v\u00eam superando as expectativas. \u201cAntes de cada edi\u00e7\u00e3o, fazemos uma visita t\u00e9cnica para entender as principais necessidades da popula\u00e7\u00e3o. Est\u00e1vamos com uma estimativa de atendimentos, mas temos sido surpreendidos positivamente em todas as cidades. Isso mostra que o projeto est\u00e1 chegando onde mais precisa: nas pessoas em situa\u00e7\u00e3o de vulnerabilidade\u201d, afirmou.<\/p>\n\n\n\n<p>Em Jo\u00e3o C\u00e2mara, nos dias 7 e 8 de abril, mais de 15 mil atendimentos foram realizados. A\u00e7\u00f5es como o Varal Liter\u00e1rio, rodas de conversa sobre sa\u00fade e sess\u00f5es educativas da Escola da Assembleia movimentaram o p\u00fablico, que tamb\u00e9m teve acesso a servi\u00e7os do Procon e da Procuradoria Especial da Mulher.<\/p>\n\n\n\n<p>Mas foi em Currais Novos, nos dias 23, 24 e 25 de abril, que o Assembleia e Voc\u00ea bateu recorde: 18.134 atendimentos em uma \u00fanica edi\u00e7\u00e3o. O destaque ficou por conta das a\u00e7\u00f5es de Sa\u00fade e Cidadania, com exames de mamografia, casamentos comunit\u00e1rios e minicursos como o de Educa\u00e7\u00e3o Financeira. \u201c\u00c9 muito gratificante ver o impacto positivo que esses servi\u00e7os causam na vida das pessoas. Emitir um documento, aprender algo novo, receber uma orienta\u00e7\u00e3o m\u00e9dica&#8230; tudo isso transforma realidades\u201d, comentou Ricardo.<\/p>\n\n\n\n<p>No m\u00eas seguinte, Touros recebeu o projeto com entusiasmo. Entre os 16.554 atendimentos realizados nos dias 26 e 27 de maio, sobressa\u00edram-se as a\u00e7\u00f5es educativas, apresenta\u00e7\u00f5es culturais e oficinas de sustentabilidade. J\u00e1 em Lagoa Salgada, nos dias 17 e 18 de junho, foram 7.168 atendimentos, demonstrando que mesmo nos munic\u00edpios de menor porte, a busca pelos servi\u00e7os oferecidos segue intensa.<\/p>\n\n\n\n<p>\u201cEm cidades pequenas, \u00e0s vezes \u00e9 dif\u00edcil acomodar toda a nossa estrutura e os parceiros. Mas seguimos com o compromisso de ofertar o maior n\u00famero poss\u00edvel de atendimentos. Porque o mais importante \u00e9 isso: levar dignidade, acolhimento e oportunidades onde quer que estejam os potiguares\u201d, concluiu Ricardo Fonseca.<\/p>\n\n\n\n<p>A pr\u00f3xima parada do Assembleia e Voc\u00ea j\u00e1 tem data marcada: ser\u00e1 nos dias 6 e 7 de agosto, no munic\u00edpio de Guamar\u00e9. A participa\u00e7\u00e3o \u00e9 gratuita, e os atendimentos ocorrem das 8h \u00e0s 17h. Com mais uma edi\u00e7\u00e3o a caminho, o projeto segue cumprindo sua miss\u00e3o de ser um elo entre o Parlamento e a popula\u00e7\u00e3o, levando servi\u00e7os que fazem a diferen\u00e7a na vida de milhares de fam\u00edlias potiguares.<\/p>\n\n\n\n<figure class=\"wp-block-image\"><img data-recalc-dims=\"1\" fetchpriority=\"high\" decoding=\"async\" width=\"800\" height=\"532\" src=\"https:\/\/i0.wp.com\/blogdobispo.com.br\/wp-content\/uploads\/2025\/07\/LKP8ExnbAuXsBDZXmyLAYiueQOp1EUIThrp3qrCF-scaled.jpg?resize=800%2C532\" alt=\"\" class=\"wp-image-6045\" srcset=\"https:\/\/i0.wp.com\/blogdobispo.com.br\/wp-content\/uploads\/2025\/07\/LKP8ExnbAuXsBDZXmyLAYiueQOp1EUIThrp3qrCF-scaled.jpg?w=2560&amp;ssl=1 2560w, https:\/\/i0.wp.com\/blogdobispo.com.br\/wp-content\/uploads\/2025\/07\/LKP8ExnbAuXsBDZXmyLAYiueQOp1EUIThrp3qrCF-scaled.jpg?resize=300%2C200&amp;ssl=1 300w, https:\/\/i0.wp.com\/blogdobispo.com.br\/wp-content\/uploads\/2025\/07\/LKP8ExnbAuXsBDZXmyLAYiueQOp1EUIThrp3qrCF-scaled.jpg?resize=1024%2C681&amp;ssl=1 1024w, https:\/\/i0.wp.com\/blogdobispo.com.br\/wp-content\/uploads\/2025\/07\/LKP8ExnbAuXsBDZXmyLAYiueQOp1EUIThrp3qrCF-scaled.jpg?resize=768%2C511&amp;ssl=1 768w, https:\/\/i0.wp.com\/blogdobispo.com.br\/wp-content\/uploads\/2025\/07\/LKP8ExnbAuXsBDZXmyLAYiueQOp1EUIThrp3qrCF-scaled.jpg?resize=1536%2C1022&amp;ssl=1 1536w, https:\/\/i0.wp.com\/blogdobispo.com.br\/wp-content\/uploads\/2025\/07\/LKP8ExnbAuXsBDZXmyLAYiueQOp1EUIThrp3qrCF-scaled.jpg?resize=2048%2C1363&amp;ssl=1 2048w, https:\/\/i0.wp.com\/blogdobispo.com.br\/wp-content\/uploads\/2025\/07\/LKP8ExnbAuXsBDZXmyLAYiueQOp1EUIThrp3qrCF-scaled.jpg?w=1600 1600w, https:\/\/i0.wp.com\/blogdobispo.com.br\/wp-content\/uploads\/2025\/07\/LKP8ExnbAuXsBDZXmyLAYiueQOp1EUIThrp3qrCF-scaled.jpg?w=2400 2400w\" sizes=\"(max-width: 800px) 100vw, 800px\" \/><\/figure>\n","protected":false},"excerpt":{"rendered":"<p>Nos seis primeiros meses de 2025, o projeto Assembleia e Voc\u00ea percorreu cinco munic\u00edpios do interior potiguar, levando servi\u00e7os essenciais e promovendo cidadania. Ao todo, foram realizados 64.849 atendimentos nas \u00e1reas de Sa\u00fade, Educa\u00e7\u00e3o, Assist\u00eancia Social, Lazer e Direitos da Mulher e do Consumidor. A iniciativa da Assembleia Legislativa do Rio Grande do Norte beneficiou [&hellip;]<\/p>\n","protected":false},"author":1,"featured_media":0,"comment_status":"open","ping_status":"open","sticky":false,"template":"","format":"standard","meta":{"cybocfi_hide_featured_image":"","_jetpack_memberships_contains_paid_content":false,"footnotes":""},"categories":[1],"tags":[],"class_list":["post-6044","post","type-post","status-publish","format-standard","hentry","category-diversos"],"yoast_head":"<!-- This site is optimized with the Yoast SEO plugin v25.6 - https:\/\/yoast.com\/wordpress\/plugins\/seo\/ -->\n<title>Assembleia e Voc\u00ea leva cidadania a quase 65 mil pessoas no primeiro semestre de 2025 - Blog do Bispo<\/title>\n<meta name=\"robots\" content=\"index, follow, max-snippet:-1, max-image-preview:large, max-video-preview:-1\" \/>\n<link rel=\"canonical\" href=\"https:\/\/blogdobispo.com.br\/?p=6044\" \/>\n<meta property=\"og:locale\" content=\"pt_BR\" \/>\n<meta property=\"og:type\" content=\"article\" \/>\n<meta property=\"og:title\" content=\"Assembleia e Voc\u00ea leva cidadania a quase 65 mil pessoas no primeiro semestre de 2025 - Blog do Bispo\" \/>\n<meta property=\"og:description\" content=\"Nos seis primeiros meses de 2025, o projeto Assembleia e Voc\u00ea percorreu cinco munic\u00edpios do interior potiguar, levando servi\u00e7os essenciais e promovendo cidadania. Ao todo, foram realizados 64.849 atendimentos nas \u00e1reas de Sa\u00fade, Educa\u00e7\u00e3o, Assist\u00eancia Social, Lazer e Direitos da Mulher e do Consumidor. A iniciativa da Assembleia Legislativa do Rio Grande do Norte beneficiou [&hellip;]\" \/>\n<meta property=\"og:url\" content=\"https:\/\/blogdobispo.com.br\/?p=6044\" \/>\n<meta property=\"og:site_name\" content=\"Blog do Bispo\" \/>\n<meta property=\"article:published_time\" content=\"2025-07-22T15:03:54+00:00\" \/>\n<meta property=\"article:modified_time\" content=\"2025-07-22T15:03:55+00:00\" \/>\n<meta property=\"og:image\" content=\"http:\/\/blogdobispo.com.br\/wp-content\/uploads\/2025\/07\/LKP8ExnbAuXsBDZXmyLAYiueQOp1EUIThrp3qrCF-scaled.jpg\" \/>\n<meta name=\"author\" content=\"Jefferson Sterfeno\" \/>\n<meta name=\"twitter:card\" content=\"summary_large_image\" \/>\n<meta name=\"twitter:label1\" content=\"Escrito por\" \/>\n\t<meta name=\"twitter:data1\" content=\"Jefferson Sterfeno\" \/>\n\t<meta name=\"twitter:label2\" content=\"Est. tempo de leitura\" \/>\n\t<meta name=\"twitter:data2\" content=\"4 minutos\" \/>\n<script type=\"application\/ld+json\" class=\"yoast-schema-graph\">{\"@context\":\"https:\/\/schema.org\",\"@graph\":[{\"@type\":\"Article\",\"@id\":\"https:\/\/blogdobispo.com.br\/?p=6044#article\",\"isPartOf\":{\"@id\":\"https:\/\/blogdobispo.com.br\/?p=6044\"},\"author\":{\"name\":\"Jefferson Sterfeno\",\"@id\":\"https:\/\/blogdobispo.com.br\/#\/schema\/person\/e2209cc0e6cea5c5233d033e997b373f\"},\"headline\":\"Assembleia e Voc\u00ea leva cidadania a quase 65 mil pessoas no primeiro semestre de 2025\",\"datePublished\":\"2025-07-22T15:03:54+00:00\",\"dateModified\":\"2025-07-22T15:03:55+00:00\",\"mainEntityOfPage\":{\"@id\":\"https:\/\/blogdobispo.com.br\/?p=6044\"},\"wordCount\":572,\"commentCount\":0,\"publisher\":{\"@id\":\"https:\/\/blogdobispo.com.br\/#organization\"},\"image\":{\"@id\":\"https:\/\/blogdobispo.com.br\/?p=6044#primaryimage\"},\"thumbnailUrl\":\"http:\/\/blogdobispo.com.br\/wp-content\/uploads\/2025\/07\/LKP8ExnbAuXsBDZXmyLAYiueQOp1EUIThrp3qrCF-scaled.jpg\",\"articleSection\":[\"diversos\"],\"inLanguage\":\"pt-BR\",\"potentialAction\":[{\"@type\":\"CommentAction\",\"name\":\"Comment\",\"target\":[\"https:\/\/blogdobispo.com.br\/?p=6044#respond\"]}]},{\"@type\":\"WebPage\",\"@id\":\"https:\/\/blogdobispo.com.br\/?p=6044\",\"url\":\"https:\/\/blogdobispo.com.br\/?p=6044\",\"name\":\"Assembleia e Voc\u00ea leva cidadania a quase 65 mil pessoas no primeiro semestre de 2025 - Blog do Bispo\",\"isPartOf\":{\"@id\":\"https:\/\/blogdobispo.com.br\/#website\"},\"primaryImageOfPage\":{\"@id\":\"https:\/\/blogdobispo.com.br\/?p=6044#primaryimage\"},\"image\":{\"@id\":\"https:\/\/blogdobispo.com.br\/?p=6044#primaryimage\"},\"thumbnailUrl\":\"http:\/\/blogdobispo.com.br\/wp-content\/uploads\/2025\/07\/LKP8ExnbAuXsBDZXmyLAYiueQOp1EUIThrp3qrCF-scaled.jpg\",\"datePublished\":\"2025-07-22T15:03:54+00:00\",\"dateModified\":\"2025-07-22T15:03:55+00:00\",\"breadcrumb\":{\"@id\":\"https:\/\/blogdobispo.com.br\/?p=6044#breadcrumb\"},\"inLanguage\":\"pt-BR\",\"potentialAction\":[{\"@type\":\"ReadAction\",\"target\":[\"https:\/\/blogdobispo.com.br\/?p=6044\"]}]},{\"@type\":\"ImageObject\",\"inLanguage\":\"pt-BR\",\"@id\":\"https:\/\/blogdobispo.com.br\/?p=6044#primaryimage\",\"url\":\"https:\/\/i0.wp.com\/blogdobispo.com.br\/wp-content\/uploads\/2025\/07\/LKP8ExnbAuXsBDZXmyLAYiueQOp1EUIThrp3qrCF-scaled.jpg?fit=2560%2C1703&ssl=1\",\"contentUrl\":\"https:\/\/i0.wp.com\/blogdobispo.com.br\/wp-content\/uploads\/2025\/07\/LKP8ExnbAuXsBDZXmyLAYiueQOp1EUIThrp3qrCF-scaled.jpg?fit=2560%2C1703&ssl=1\",\"width\":2560,\"height\":1703},{\"@type\":\"BreadcrumbList\",\"@id\":\"https:\/\/blogdobispo.com.br\/?p=6044#breadcrumb\",\"itemListElement\":[{\"@type\":\"ListItem\",\"position\":1,\"name\":\"In\u00edcio\",\"item\":\"https:\/\/blogdobispo.com.br\/\"},{\"@type\":\"ListItem\",\"position\":2,\"name\":\"Assembleia e Voc\u00ea leva cidadania a quase 65 mil pessoas no primeiro semestre de 2025\"}]},{\"@type\":\"WebSite\",\"@id\":\"https:\/\/blogdobispo.com.br\/#website\",\"url\":\"https:\/\/blogdobispo.com.br\/\",\"name\":\"Blog do Bispo\",\"description\":\"Comprometido apenas com o leitor\",\"publisher\":{\"@id\":\"https:\/\/blogdobispo.com.br\/#organization\"},\"potentialAction\":[{\"@type\":\"SearchAction\",\"target\":{\"@type\":\"EntryPoint\",\"urlTemplate\":\"https:\/\/blogdobispo.com.br\/?s={search_term_string}\"},\"query-input\":{\"@type\":\"PropertyValueSpecification\",\"valueRequired\":true,\"valueName\":\"search_term_string\"}}],\"inLanguage\":\"pt-BR\"},{\"@type\":\"Organization\",\"@id\":\"https:\/\/blogdobispo.com.br\/#organization\",\"name\":\"Blog do Bispo\",\"url\":\"https:\/\/blogdobispo.com.br\/\",\"logo\":{\"@type\":\"ImageObject\",\"inLanguage\":\"pt-BR\",\"@id\":\"https:\/\/blogdobispo.com.br\/#\/schema\/logo\/image\/\",\"url\":\"http:\/\/blogdobispo.com.br\/wp-content\/uploads\/2023\/05\/cropped-headear.png\",\"contentUrl\":\"http:\/\/blogdobispo.com.br\/wp-content\/uploads\/2023\/05\/cropped-headear.png\",\"width\":1500,\"height\":399,\"caption\":\"Blog do Bispo\"},\"image\":{\"@id\":\"https:\/\/blogdobispo.com.br\/#\/schema\/logo\/image\/\"}},{\"@type\":\"Person\",\"@id\":\"https:\/\/blogdobispo.com.br\/#\/schema\/person\/e2209cc0e6cea5c5233d033e997b373f\",\"name\":\"Jefferson Sterfeno\",\"image\":{\"@type\":\"ImageObject\",\"inLanguage\":\"pt-BR\",\"@id\":\"https:\/\/blogdobispo.com.br\/#\/schema\/person\/image\/\",\"url\":\"https:\/\/secure.gravatar.com\/avatar\/0534e84764641168a677026b6d57a3f51dc7ac4db0b4f6186d9cb330d4ee1160?s=96&d=mm&r=g\",\"contentUrl\":\"https:\/\/secure.gravatar.com\/avatar\/0534e84764641168a677026b6d57a3f51dc7ac4db0b4f6186d9cb330d4ee1160?s=96&d=mm&r=g\",\"caption\":\"Jefferson Sterfeno\"},\"sameAs\":[\"http:\/\/blogdobispo.com.br\"],\"url\":\"https:\/\/blogdobispo.com.br\/?author=1\"}]}<\/script>\n<!-- \/ Yoast SEO plugin. -->","yoast_head_json":{"title":"Assembleia e Voc\u00ea leva cidadania a quase 65 mil pessoas no primeiro semestre de 2025 - Blog do Bispo","robots":{"index":"index","follow":"follow","max-snippet":"max-snippet:-1","max-image-preview":"max-image-preview:large","max-video-preview":"max-video-preview:-1"},"canonical":"https:\/\/blogdobispo.com.br\/?p=6044","og_locale":"pt_BR","og_type":"article","og_title":"Assembleia e Voc\u00ea leva cidadania a quase 65 mil pessoas no primeiro semestre de 2025 - Blog do Bispo","og_description":"Nos seis primeiros meses de 2025, o projeto Assembleia e Voc\u00ea percorreu cinco munic\u00edpios do interior potiguar, levando servi\u00e7os essenciais e promovendo cidadania. Ao todo, foram realizados 64.849 atendimentos nas \u00e1reas de Sa\u00fade, Educa\u00e7\u00e3o, Assist\u00eancia Social, Lazer e Direitos da Mulher e do Consumidor. A iniciativa da Assembleia Legislativa do Rio Grande do Norte beneficiou [&hellip;]","og_url":"https:\/\/blogdobispo.com.br\/?p=6044","og_site_name":"Blog do Bispo","article_published_time":"2025-07-22T15:03:54+00:00","article_modified_time":"2025-07-22T15:03:55+00:00","og_image":[{"url":"http:\/\/blogdobispo.com.br\/wp-content\/uploads\/2025\/07\/LKP8ExnbAuXsBDZXmyLAYiueQOp1EUIThrp3qrCF-scaled.jpg","type":"","width":"","height":""}],"author":"Jefferson Sterfeno","twitter_card":"summary_large_image","twitter_misc":{"Escrito por":"Jefferson Sterfeno","Est. tempo de leitura":"4 minutos"},"schema":{"@context":"https:\/\/schema.org","@graph":[{"@type":"Article","@id":"https:\/\/blogdobispo.com.br\/?p=6044#article","isPartOf":{"@id":"https:\/\/blogdobispo.com.br\/?p=6044"},"author":{"name":"Jefferson Sterfeno","@id":"https:\/\/blogdobispo.com.br\/#\/schema\/person\/e2209cc0e6cea5c5233d033e997b373f"},"headline":"Assembleia e Voc\u00ea leva cidadania a quase 65 mil pessoas no primeiro semestre de 2025","datePublished":"2025-07-22T15:03:54+00:00","dateModified":"2025-07-22T15:03:55+00:00","mainEntityOfPage":{"@id":"https:\/\/blogdobispo.com.br\/?p=6044"},"wordCount":572,"commentCount":0,"publisher":{"@id":"https:\/\/blogdobispo.com.br\/#organization"},"image":{"@id":"https:\/\/blogdobispo.com.br\/?p=6044#primaryimage"},"thumbnailUrl":"http:\/\/blogdobispo.com.br\/wp-content\/uploads\/2025\/07\/LKP8ExnbAuXsBDZXmyLAYiueQOp1EUIThrp3qrCF-scaled.jpg","articleSection":["diversos"],"inLanguage":"pt-BR","potentialAction":[{"@type":"CommentAction","name":"Comment","target":["https:\/\/blogdobispo.com.br\/?p=6044#respond"]}]},{"@type":"WebPage","@id":"https:\/\/blogdobispo.com.br\/?p=6044","url":"https:\/\/blogdobispo.com.br\/?p=6044","name":"Assembleia e Voc\u00ea leva cidadania a quase 65 mil pessoas no primeiro semestre de 2025 - Blog do Bispo","isPartOf":{"@id":"https:\/\/blogdobispo.com.br\/#website"},"primaryImageOfPage":{"@id":"https:\/\/blogdobispo.com.br\/?p=6044#primaryimage"},"image":{"@id":"https:\/\/blogdobispo.com.br\/?p=6044#primaryimage"},"thumbnailUrl":"http:\/\/blogdobispo.com.br\/wp-content\/uploads\/2025\/07\/LKP8ExnbAuXsBDZXmyLAYiueQOp1EUIThrp3qrCF-scaled.jpg","datePublished":"2025-07-22T15:03:54+00:00","dateModified":"2025-07-22T15:03:55+00:00","breadcrumb":{"@id":"https:\/\/blogdobispo.com.br\/?p=6044#breadcrumb"},"inLanguage":"pt-BR","potentialAction":[{"@type":"ReadAction","target":["https:\/\/blogdobispo.com.br\/?p=6044"]}]},{"@type":"ImageObject","inLanguage":"pt-BR","@id":"https:\/\/blogdobispo.com.br\/?p=6044#primaryimage","url":"https:\/\/i0.wp.com\/blogdobispo.com.br\/wp-content\/uploads\/2025\/07\/LKP8ExnbAuXsBDZXmyLAYiueQOp1EUIThrp3qrCF-scaled.jpg?fit=2560%2C1703&ssl=1","contentUrl":"https:\/\/i0.wp.com\/blogdobispo.com.br\/wp-content\/uploads\/2025\/07\/LKP8ExnbAuXsBDZXmyLAYiueQOp1EUIThrp3qrCF-scaled.jpg?fit=2560%2C1703&ssl=1","width":2560,"height":1703},{"@type":"BreadcrumbList","@id":"https:\/\/blogdobispo.com.br\/?p=6044#breadcrumb","itemListElement":[{"@type":"ListItem","position":1,"name":"In\u00edcio","item":"https:\/\/blogdobispo.com.br\/"},{"@type":"ListItem","position":2,"name":"Assembleia e Voc\u00ea leva cidadania a quase 65 mil pessoas no primeiro semestre de 2025"}]},{"@type":"WebSite","@id":"https:\/\/blogdobispo.com.br\/#website","url":"https:\/\/blogdobispo.com.br\/","name":"Blog do Bispo","description":"Comprometido apenas com o leitor","publisher":{"@id":"https:\/\/blogdobispo.com.br\/#organization"},"potentialAction":[{"@type":"SearchAction","target":{"@type":"EntryPoint","urlTemplate":"https:\/\/blogdobispo.com.br\/?s={search_term_string}"},"query-input":{"@type":"PropertyValueSpecification","valueRequired":true,"valueName":"search_term_string"}}],"inLanguage":"pt-BR"},{"@type":"Organization","@id":"https:\/\/blogdobispo.com.br\/#organization","name":"Blog do Bispo","url":"https:\/\/blogdobispo.com.br\/","logo":{"@type":"ImageObject","inLanguage":"pt-BR","@id":"https:\/\/blogdobispo.com.br\/#\/schema\/logo\/image\/","url":"http:\/\/blogdobispo.com.br\/wp-content\/uploads\/2023\/05\/cropped-headear.png","contentUrl":"http:\/\/blogdobispo.com.br\/wp-content\/uploads\/2023\/05\/cropped-headear.png","width":1500,"height":399,"caption":"Blog do Bispo"},"image":{"@id":"https:\/\/blogdobispo.com.br\/#\/schema\/logo\/image\/"}},{"@type":"Person","@id":"https:\/\/blogdobispo.com.br\/#\/schema\/person\/e2209cc0e6cea5c5233d033e997b373f","name":"Jefferson Sterfeno","image":{"@type":"ImageObject","inLanguage":"pt-BR","@id":"https:\/\/blogdobispo.com.br\/#\/schema\/person\/image\/","url":"https:\/\/secure.gravatar.com\/avatar\/0534e84764641168a677026b6d57a3f51dc7ac4db0b4f6186d9cb330d4ee1160?s=96&d=mm&r=g","contentUrl":"https:\/\/secure.gravatar.com\/avatar\/0534e84764641168a677026b6d57a3f51dc7ac4db0b4f6186d9cb330d4ee1160?s=96&d=mm&r=g","caption":"Jefferson Sterfeno"},"sameAs":["http:\/\/blogdobispo.com.br"],"url":"https:\/\/blogdobispo.com.br\/?author=1"}]}},"featured_image_urls":{"full":"","thumbnail":"","medium":"","medium_large":"","large":"","1536x1536":"","2048x2048":""},"author_info":{"display_name":"Jefferson Sterfeno","author_link":"https:\/\/blogdobispo.com.br\/?author=1"},"category_info":"<a href=\"https:\/\/blogdobispo.com.br\/?cat=1\" rel=\"category\">diversos<\/a>","tag_info":"diversos","comment_count":"0","jetpack_featured_media_url":"","jetpack_sharing_enabled":true,"_links":{"self":[{"href":"https:\/\/blogdobispo.com.br\/index.php?rest_route=\/wp\/v2\/posts\/6044","targetHints":{"allow":["GET"]}}],"collection":[{"href":"https:\/\/blogdobispo.com.br\/index.php?rest_route=\/wp\/v2\/posts"}],"about":[{"href":"https:\/\/blogdobispo.com.br\/index.php?rest_route=\/wp\/v2\/types\/post"}],"author":[{"embeddable":true,"href":"https:\/\/blogdobispo.com.br\/index.php?rest_route=\/wp\/v2\/users\/1"}],"replies":[{"embeddable":true,"href":"https:\/\/blogdobispo.com.br\/index.php?rest_route=%2Fwp%2Fv2%2Fcomments&post=6044"}],"version-history":[{"count":1,"href":"https:\/\/blogdobispo.com.br\/index.php?rest_route=\/wp\/v2\/posts\/6044\/revisions"}],"predecessor-version":[{"id":6046,"href":"https:\/\/blogdobispo.com.br\/index.php?rest_route=\/wp\/v2\/posts\/6044\/revisions\/6046"}],"wp:attachment":[{"href":"https:\/\/blogdobispo.com.br\/index.php?rest_route=%2Fwp%2Fv2%2Fmedia&parent=6044"}],"wp:term":[{"taxonomy":"category","embeddable":true,"href":"https:\/\/blogdobispo.com.br\/index.php?rest_route=%2Fwp%2Fv2%2Fcategories&post=6044"},{"taxonomy":"post_tag","embeddable":true,"href":"https:\/\/blogdobispo.com.br\/index.php?rest_route=%2Fwp%2Fv2%2Ftags&post=6044"}],"curies":[{"name":"wp","href":"https:\/\/api.w.org\/{rel}","templated":true}]}}