{"id":6040,"date":"2025-07-22T15:01:28","date_gmt":"2025-07-22T15:01:28","guid":{"rendered":"https:\/\/blogdobispo.com.br\/?p=6040"},"modified":"2025-07-22T15:40:38","modified_gmt":"2025-07-22T15:40:38","slug":"com-trabalho-vivaldo-costa-complexo-turistico-e-caminhos-de-fe-ganham-reconhecimento-oficial-em-caico","status":"publish","type":"post","link":"https:\/\/blogdobispo.com.br\/?p=6040","title":{"rendered":"Com trabalho de Vivaldo Costa: Complexo Tur\u00edstico e Caminhos de F\u00e9 ganham reconhecimento oficial em Caic\u00f3"},"content":{"rendered":"\n<p>De autoria dos deputados estaduais Vivaldo Costa (PV) e Adjuto Dias (MDB), o Governo do Estado sancionou duas novas leis que refor\u00e7am a import\u00e2ncia cultural e tur\u00edstica de tradi\u00e7\u00f5es centen\u00e1rias do Serid\u00f3 potiguar. Os projetos agora transformados em lei reconhecem, respectivamente, o Complexo Tur\u00edstico Ilha de Santana como Patrim\u00f4nio Cultural, Hist\u00f3rico, Paisag\u00edstico e Tur\u00edstico do Rio Grande do Norte (Lei n\u00ba 12.255) e instituem a &#8220;Rota Caminhos de Sant\u2019Ana&#8221; no Calend\u00e1rio Oficial de Eventos do Estado (Lei n\u00ba 12.256).<\/p>\n\n\n\n<p>A san\u00e7\u00e3o acontece \u00e0s v\u00e9speras da abertura oficial da tradicional Festa de Sant\u2019Ana de Caic\u00f3, que come\u00e7a nesta quarta-feira (16) e segue at\u00e9 o dia 27 de julho. Celebrada h\u00e1 mais de 270 anos, a festividade \u00e9 considerada uma das maiores manifesta\u00e7\u00f5es religiosas e culturais do Nordeste e re\u00fane milhares de fi\u00e9is e turistas todos os anos.<\/p>\n\n\n\n<p><strong>Complexo Ilha de Santana: patrim\u00f4nio do povo seridoense<\/strong><\/p>\n\n\n\n<p>Localizado \u00e0s margens do Rio Serid\u00f3, em Caic\u00f3, o Complexo Ilha de Santana \u00e9 o principal palco dos grandes eventos culturais e shows da festa. O espa\u00e7o, que une devo\u00e7\u00e3o, lazer e identidade regional, agora conta com prote\u00e7\u00e3o oficial como patrim\u00f4nio estadual, garantindo a\u00e7\u00f5es futuras de preserva\u00e7\u00e3o e valoriza\u00e7\u00e3o. A proposta do deputado Vivaldo Costa reconhece que a Ilha \u00e9 muito mais do que um local de eventos: \u00e9 ponto de encontro, espa\u00e7o de f\u00e9, conviv\u00eancia popular e dinamizador da economia criativa do Serid\u00f3.<\/p>\n\n\n\n<p>\u201cO reconhecimento \u00e9 uma conquista para o povo seridoense e potiguar. A Ilha de Santana representa nossa cultura viva, a for\u00e7a da nossa f\u00e9 e a beleza do nosso territ\u00f3rio\u201d, destaca Vivaldo. Al\u00e9m dos festejos religiosos, o Complexo recebe durante o ano diversas atividades esportivas, gastron\u00f4micas, feiras de artesanato e atra\u00e7\u00f5es tur\u00edsticas que movimentam a economia local.<\/p>\n\n\n\n<p><strong>Peregrina\u00e7\u00e3o e f\u00e9: a Caminhada Ilton Pacheco<\/strong><\/p>\n\n\n\n<p>A lei proposta por Adjuto Dias tamb\u00e9m reconhece&nbsp;a tradicional \u201cCaminhada Ilton Pacheco \u2013 Peregrinos de Sant\u2019Ana de Caic\u00f3\u201d como Patrim\u00f4nio Cultural, Hist\u00f3rico, Paisag\u00edstico e Tur\u00edstico do Rio Grande do Norte. A caminhada chega \u00e0 26\u00aa edi\u00e7\u00e3o em 2025. A peregrina\u00e7\u00e3o re\u00fane fi\u00e9is que percorrem cerca de 85 km a p\u00e9, saindo de Currais Novos em dire\u00e7\u00e3o a Caic\u00f3, como gesto de f\u00e9, promessas e devo\u00e7\u00e3o. A chegada costuma acontecer na v\u00e9spera da abertura da festa, marcando um dos momentos mais emocionantes da programa\u00e7\u00e3o religiosa.<\/p>\n\n\n\n<p>A lei reconhece n\u00e3o apenas o simbolismo religioso do percurso, mas tamb\u00e9m o impacto cultural e econ\u00f4mico que a mobiliza\u00e7\u00e3o gera na regi\u00e3o. \u201cTrata-se de uma tradi\u00e7\u00e3o que une espiritualidade, sa\u00fade, turismo e identidade regional. \u00c9 um legado que merece ser valorizado pelo Poder P\u00fablico\u201d, justifica Adjuto Dias.<\/p>\n\n\n\n<p><strong>F\u00e9, cultura e economia de m\u00e3os dadas<\/strong><\/p>\n\n\n\n<p>A inclus\u00e3o da Caminhada e o reconhecimento da Ilha de Santana como patrim\u00f4nio refor\u00e7am o papel da Festa de Sant\u2019Ana como um dos maiores vetores de integra\u00e7\u00e3o cultural, religiosa e econ\u00f4mica do estado. Al\u00e9m de atrair milhares de pessoas, o evento movimenta setores como com\u00e9rcio, hotelaria, gastronomia e servi\u00e7os, gerando emprego e renda para a popula\u00e7\u00e3o local.<\/p>\n\n\n\n<p>Com as novas leis, o Legislativo potiguar reafirma seu compromisso com a preserva\u00e7\u00e3o da mem\u00f3ria, da religiosidade e da cultura popular do Rio Grande do Norte \u2014 elementos que fazem da Festa de Sant\u2019Ana de Caic\u00f3 uma celebra\u00e7\u00e3o singular no calend\u00e1rio cultural do RN.<\/p>\n\n\n\n<figure class=\"wp-block-image size-full\"><img data-recalc-dims=\"1\" fetchpriority=\"high\" decoding=\"async\" width=\"800\" height=\"532\" src=\"https:\/\/i0.wp.com\/blogdobispo.com.br\/wp-content\/uploads\/2025\/07\/7Miq6TZ2mZvcPab8WyuFg5FEBaYEmFNskNlNd6Tg-1.jpg?resize=800%2C532\" alt=\"\" class=\"wp-image-6042\" srcset=\"https:\/\/i0.wp.com\/blogdobispo.com.br\/wp-content\/uploads\/2025\/07\/7Miq6TZ2mZvcPab8WyuFg5FEBaYEmFNskNlNd6Tg-1.jpg?w=1000&amp;ssl=1 1000w, https:\/\/i0.wp.com\/blogdobispo.com.br\/wp-content\/uploads\/2025\/07\/7Miq6TZ2mZvcPab8WyuFg5FEBaYEmFNskNlNd6Tg-1.jpg?resize=300%2C200&amp;ssl=1 300w, https:\/\/i0.wp.com\/blogdobispo.com.br\/wp-content\/uploads\/2025\/07\/7Miq6TZ2mZvcPab8WyuFg5FEBaYEmFNskNlNd6Tg-1.jpg?resize=768%2C511&amp;ssl=1 768w\" sizes=\"(max-width: 800px) 100vw, 800px\" \/><\/figure>\n","protected":false},"excerpt":{"rendered":"<p>De autoria dos deputados estaduais Vivaldo Costa (PV) e Adjuto Dias (MDB), o Governo do Estado sancionou duas novas leis que refor\u00e7am a import\u00e2ncia cultural e tur\u00edstica de tradi\u00e7\u00f5es centen\u00e1rias do Serid\u00f3 potiguar. Os projetos agora transformados em lei reconhecem, respectivamente, o Complexo Tur\u00edstico Ilha de Santana como Patrim\u00f4nio Cultural, Hist\u00f3rico, Paisag\u00edstico e Tur\u00edstico do [&hellip;]<\/p>\n","protected":false},"author":1,"featured_media":0,"comment_status":"open","ping_status":"open","sticky":false,"template":"","format":"standard","meta":{"cybocfi_hide_featured_image":"","_jetpack_memberships_contains_paid_content":false,"footnotes":""},"categories":[1],"tags":[],"class_list":["post-6040","post","type-post","status-publish","format-standard","hentry","category-diversos"],"yoast_head":"<!-- This site is optimized with the Yoast SEO plugin v25.6 - https:\/\/yoast.com\/wordpress\/plugins\/seo\/ -->\n<title>Com trabalho de Vivaldo Costa: Complexo Tur\u00edstico e Caminhos de F\u00e9 ganham reconhecimento oficial em Caic\u00f3 - Blog do Bispo<\/title>\n<meta name=\"robots\" content=\"index, follow, max-snippet:-1, max-image-preview:large, max-video-preview:-1\" \/>\n<link rel=\"canonical\" href=\"https:\/\/blogdobispo.com.br\/?p=6040\" \/>\n<meta property=\"og:locale\" content=\"pt_BR\" \/>\n<meta property=\"og:type\" content=\"article\" \/>\n<meta property=\"og:title\" content=\"Com trabalho de Vivaldo Costa: Complexo Tur\u00edstico e Caminhos de F\u00e9 ganham reconhecimento oficial em Caic\u00f3 - Blog do Bispo\" \/>\n<meta property=\"og:description\" content=\"De autoria dos deputados estaduais Vivaldo Costa (PV) e Adjuto Dias (MDB), o Governo do Estado sancionou duas novas leis que refor\u00e7am a import\u00e2ncia cultural e tur\u00edstica de tradi\u00e7\u00f5es centen\u00e1rias do Serid\u00f3 potiguar. Os projetos agora transformados em lei reconhecem, respectivamente, o Complexo Tur\u00edstico Ilha de Santana como Patrim\u00f4nio Cultural, Hist\u00f3rico, Paisag\u00edstico e Tur\u00edstico do [&hellip;]\" \/>\n<meta property=\"og:url\" content=\"https:\/\/blogdobispo.com.br\/?p=6040\" \/>\n<meta property=\"og:site_name\" content=\"Blog do Bispo\" \/>\n<meta property=\"article:published_time\" content=\"2025-07-22T15:01:28+00:00\" \/>\n<meta property=\"article:modified_time\" content=\"2025-07-22T15:40:38+00:00\" \/>\n<meta property=\"og:image\" content=\"http:\/\/blogdobispo.com.br\/wp-content\/uploads\/2025\/07\/7Miq6TZ2mZvcPab8WyuFg5FEBaYEmFNskNlNd6Tg-1.jpg\" \/>\n<meta name=\"author\" content=\"Jefferson Sterfeno\" \/>\n<meta name=\"twitter:card\" content=\"summary_large_image\" \/>\n<meta name=\"twitter:label1\" content=\"Escrito por\" \/>\n\t<meta name=\"twitter:data1\" content=\"Jefferson Sterfeno\" \/>\n\t<meta name=\"twitter:label2\" content=\"Est. tempo de leitura\" \/>\n\t<meta name=\"twitter:data2\" content=\"4 minutos\" \/>\n<script type=\"application\/ld+json\" class=\"yoast-schema-graph\">{\"@context\":\"https:\/\/schema.org\",\"@graph\":[{\"@type\":\"Article\",\"@id\":\"https:\/\/blogdobispo.com.br\/?p=6040#article\",\"isPartOf\":{\"@id\":\"https:\/\/blogdobispo.com.br\/?p=6040\"},\"author\":{\"name\":\"Jefferson Sterfeno\",\"@id\":\"https:\/\/blogdobispo.com.br\/#\/schema\/person\/e2209cc0e6cea5c5233d033e997b373f\"},\"headline\":\"Com trabalho de Vivaldo Costa: Complexo Tur\u00edstico e Caminhos de F\u00e9 ganham reconhecimento oficial em Caic\u00f3\",\"datePublished\":\"2025-07-22T15:01:28+00:00\",\"dateModified\":\"2025-07-22T15:40:38+00:00\",\"mainEntityOfPage\":{\"@id\":\"https:\/\/blogdobispo.com.br\/?p=6040\"},\"wordCount\":608,\"commentCount\":0,\"publisher\":{\"@id\":\"https:\/\/blogdobispo.com.br\/#organization\"},\"image\":{\"@id\":\"https:\/\/blogdobispo.com.br\/?p=6040#primaryimage\"},\"thumbnailUrl\":\"http:\/\/blogdobispo.com.br\/wp-content\/uploads\/2025\/07\/7Miq6TZ2mZvcPab8WyuFg5FEBaYEmFNskNlNd6Tg-1.jpg\",\"articleSection\":[\"diversos\"],\"inLanguage\":\"pt-BR\",\"potentialAction\":[{\"@type\":\"CommentAction\",\"name\":\"Comment\",\"target\":[\"https:\/\/blogdobispo.com.br\/?p=6040#respond\"]}]},{\"@type\":\"WebPage\",\"@id\":\"https:\/\/blogdobispo.com.br\/?p=6040\",\"url\":\"https:\/\/blogdobispo.com.br\/?p=6040\",\"name\":\"Com trabalho de Vivaldo Costa: Complexo Tur\u00edstico e Caminhos de F\u00e9 ganham reconhecimento oficial em Caic\u00f3 - Blog do Bispo\",\"isPartOf\":{\"@id\":\"https:\/\/blogdobispo.com.br\/#website\"},\"primaryImageOfPage\":{\"@id\":\"https:\/\/blogdobispo.com.br\/?p=6040#primaryimage\"},\"image\":{\"@id\":\"https:\/\/blogdobispo.com.br\/?p=6040#primaryimage\"},\"thumbnailUrl\":\"http:\/\/blogdobispo.com.br\/wp-content\/uploads\/2025\/07\/7Miq6TZ2mZvcPab8WyuFg5FEBaYEmFNskNlNd6Tg-1.jpg\",\"datePublished\":\"2025-07-22T15:01:28+00:00\",\"dateModified\":\"2025-07-22T15:40:38+00:00\",\"breadcrumb\":{\"@id\":\"https:\/\/blogdobispo.com.br\/?p=6040#breadcrumb\"},\"inLanguage\":\"pt-BR\",\"potentialAction\":[{\"@type\":\"ReadAction\",\"target\":[\"https:\/\/blogdobispo.com.br\/?p=6040\"]}]},{\"@type\":\"ImageObject\",\"inLanguage\":\"pt-BR\",\"@id\":\"https:\/\/blogdobispo.com.br\/?p=6040#primaryimage\",\"url\":\"https:\/\/i0.wp.com\/blogdobispo.com.br\/wp-content\/uploads\/2025\/07\/7Miq6TZ2mZvcPab8WyuFg5FEBaYEmFNskNlNd6Tg-1.jpg?fit=1000%2C665&ssl=1\",\"contentUrl\":\"https:\/\/i0.wp.com\/blogdobispo.com.br\/wp-content\/uploads\/2025\/07\/7Miq6TZ2mZvcPab8WyuFg5FEBaYEmFNskNlNd6Tg-1.jpg?fit=1000%2C665&ssl=1\",\"width\":1000,\"height\":665},{\"@type\":\"BreadcrumbList\",\"@id\":\"https:\/\/blogdobispo.com.br\/?p=6040#breadcrumb\",\"itemListElement\":[{\"@type\":\"ListItem\",\"position\":1,\"name\":\"In\u00edcio\",\"item\":\"https:\/\/blogdobispo.com.br\/\"},{\"@type\":\"ListItem\",\"position\":2,\"name\":\"Com trabalho de Vivaldo Costa: Complexo Tur\u00edstico e Caminhos de F\u00e9 ganham reconhecimento oficial em Caic\u00f3\"}]},{\"@type\":\"WebSite\",\"@id\":\"https:\/\/blogdobispo.com.br\/#website\",\"url\":\"https:\/\/blogdobispo.com.br\/\",\"name\":\"Blog do Bispo\",\"description\":\"Comprometido apenas com o leitor\",\"publisher\":{\"@id\":\"https:\/\/blogdobispo.com.br\/#organization\"},\"potentialAction\":[{\"@type\":\"SearchAction\",\"target\":{\"@type\":\"EntryPoint\",\"urlTemplate\":\"https:\/\/blogdobispo.com.br\/?s={search_term_string}\"},\"query-input\":{\"@type\":\"PropertyValueSpecification\",\"valueRequired\":true,\"valueName\":\"search_term_string\"}}],\"inLanguage\":\"pt-BR\"},{\"@type\":\"Organization\",\"@id\":\"https:\/\/blogdobispo.com.br\/#organization\",\"name\":\"Blog do Bispo\",\"url\":\"https:\/\/blogdobispo.com.br\/\",\"logo\":{\"@type\":\"ImageObject\",\"inLanguage\":\"pt-BR\",\"@id\":\"https:\/\/blogdobispo.com.br\/#\/schema\/logo\/image\/\",\"url\":\"http:\/\/blogdobispo.com.br\/wp-content\/uploads\/2023\/05\/cropped-headear.png\",\"contentUrl\":\"http:\/\/blogdobispo.com.br\/wp-content\/uploads\/2023\/05\/cropped-headear.png\",\"width\":1500,\"height\":399,\"caption\":\"Blog do Bispo\"},\"image\":{\"@id\":\"https:\/\/blogdobispo.com.br\/#\/schema\/logo\/image\/\"}},{\"@type\":\"Person\",\"@id\":\"https:\/\/blogdobispo.com.br\/#\/schema\/person\/e2209cc0e6cea5c5233d033e997b373f\",\"name\":\"Jefferson Sterfeno\",\"image\":{\"@type\":\"ImageObject\",\"inLanguage\":\"pt-BR\",\"@id\":\"https:\/\/blogdobispo.com.br\/#\/schema\/person\/image\/\",\"url\":\"https:\/\/secure.gravatar.com\/avatar\/0534e84764641168a677026b6d57a3f51dc7ac4db0b4f6186d9cb330d4ee1160?s=96&d=mm&r=g\",\"contentUrl\":\"https:\/\/secure.gravatar.com\/avatar\/0534e84764641168a677026b6d57a3f51dc7ac4db0b4f6186d9cb330d4ee1160?s=96&d=mm&r=g\",\"caption\":\"Jefferson Sterfeno\"},\"sameAs\":[\"http:\/\/blogdobispo.com.br\"],\"url\":\"https:\/\/blogdobispo.com.br\/?author=1\"}]}<\/script>\n<!-- \/ Yoast SEO plugin. -->","yoast_head_json":{"title":"Com trabalho de Vivaldo Costa: Complexo Tur\u00edstico e Caminhos de F\u00e9 ganham reconhecimento oficial em Caic\u00f3 - Blog do Bispo","robots":{"index":"index","follow":"follow","max-snippet":"max-snippet:-1","max-image-preview":"max-image-preview:large","max-video-preview":"max-video-preview:-1"},"canonical":"https:\/\/blogdobispo.com.br\/?p=6040","og_locale":"pt_BR","og_type":"article","og_title":"Com trabalho de Vivaldo Costa: Complexo Tur\u00edstico e Caminhos de F\u00e9 ganham reconhecimento oficial em Caic\u00f3 - Blog do Bispo","og_description":"De autoria dos deputados estaduais Vivaldo Costa (PV) e Adjuto Dias (MDB), o Governo do Estado sancionou duas novas leis que refor\u00e7am a import\u00e2ncia cultural e tur\u00edstica de tradi\u00e7\u00f5es centen\u00e1rias do Serid\u00f3 potiguar. Os projetos agora transformados em lei reconhecem, respectivamente, o Complexo Tur\u00edstico Ilha de Santana como Patrim\u00f4nio Cultural, Hist\u00f3rico, Paisag\u00edstico e Tur\u00edstico do [&hellip;]","og_url":"https:\/\/blogdobispo.com.br\/?p=6040","og_site_name":"Blog do Bispo","article_published_time":"2025-07-22T15:01:28+00:00","article_modified_time":"2025-07-22T15:40:38+00:00","og_image":[{"url":"http:\/\/blogdobispo.com.br\/wp-content\/uploads\/2025\/07\/7Miq6TZ2mZvcPab8WyuFg5FEBaYEmFNskNlNd6Tg-1.jpg","type":"","width":"","height":""}],"author":"Jefferson Sterfeno","twitter_card":"summary_large_image","twitter_misc":{"Escrito por":"Jefferson Sterfeno","Est. tempo de leitura":"4 minutos"},"schema":{"@context":"https:\/\/schema.org","@graph":[{"@type":"Article","@id":"https:\/\/blogdobispo.com.br\/?p=6040#article","isPartOf":{"@id":"https:\/\/blogdobispo.com.br\/?p=6040"},"author":{"name":"Jefferson Sterfeno","@id":"https:\/\/blogdobispo.com.br\/#\/schema\/person\/e2209cc0e6cea5c5233d033e997b373f"},"headline":"Com trabalho de Vivaldo Costa: Complexo Tur\u00edstico e Caminhos de F\u00e9 ganham reconhecimento oficial em Caic\u00f3","datePublished":"2025-07-22T15:01:28+00:00","dateModified":"2025-07-22T15:40:38+00:00","mainEntityOfPage":{"@id":"https:\/\/blogdobispo.com.br\/?p=6040"},"wordCount":608,"commentCount":0,"publisher":{"@id":"https:\/\/blogdobispo.com.br\/#organization"},"image":{"@id":"https:\/\/blogdobispo.com.br\/?p=6040#primaryimage"},"thumbnailUrl":"http:\/\/blogdobispo.com.br\/wp-content\/uploads\/2025\/07\/7Miq6TZ2mZvcPab8WyuFg5FEBaYEmFNskNlNd6Tg-1.jpg","articleSection":["diversos"],"inLanguage":"pt-BR","potentialAction":[{"@type":"CommentAction","name":"Comment","target":["https:\/\/blogdobispo.com.br\/?p=6040#respond"]}]},{"@type":"WebPage","@id":"https:\/\/blogdobispo.com.br\/?p=6040","url":"https:\/\/blogdobispo.com.br\/?p=6040","name":"Com trabalho de Vivaldo Costa: Complexo Tur\u00edstico e Caminhos de F\u00e9 ganham reconhecimento oficial em Caic\u00f3 - Blog do Bispo","isPartOf":{"@id":"https:\/\/blogdobispo.com.br\/#website"},"primaryImageOfPage":{"@id":"https:\/\/blogdobispo.com.br\/?p=6040#primaryimage"},"image":{"@id":"https:\/\/blogdobispo.com.br\/?p=6040#primaryimage"},"thumbnailUrl":"http:\/\/blogdobispo.com.br\/wp-content\/uploads\/2025\/07\/7Miq6TZ2mZvcPab8WyuFg5FEBaYEmFNskNlNd6Tg-1.jpg","datePublished":"2025-07-22T15:01:28+00:00","dateModified":"2025-07-22T15:40:38+00:00","breadcrumb":{"@id":"https:\/\/blogdobispo.com.br\/?p=6040#breadcrumb"},"inLanguage":"pt-BR","potentialAction":[{"@type":"ReadAction","target":["https:\/\/blogdobispo.com.br\/?p=6040"]}]},{"@type":"ImageObject","inLanguage":"pt-BR","@id":"https:\/\/blogdobispo.com.br\/?p=6040#primaryimage","url":"https:\/\/i0.wp.com\/blogdobispo.com.br\/wp-content\/uploads\/2025\/07\/7Miq6TZ2mZvcPab8WyuFg5FEBaYEmFNskNlNd6Tg-1.jpg?fit=1000%2C665&ssl=1","contentUrl":"https:\/\/i0.wp.com\/blogdobispo.com.br\/wp-content\/uploads\/2025\/07\/7Miq6TZ2mZvcPab8WyuFg5FEBaYEmFNskNlNd6Tg-1.jpg?fit=1000%2C665&ssl=1","width":1000,"height":665},{"@type":"BreadcrumbList","@id":"https:\/\/blogdobispo.com.br\/?p=6040#breadcrumb","itemListElement":[{"@type":"ListItem","position":1,"name":"In\u00edcio","item":"https:\/\/blogdobispo.com.br\/"},{"@type":"ListItem","position":2,"name":"Com trabalho de Vivaldo Costa: Complexo Tur\u00edstico e Caminhos de F\u00e9 ganham reconhecimento oficial em Caic\u00f3"}]},{"@type":"WebSite","@id":"https:\/\/blogdobispo.com.br\/#website","url":"https:\/\/blogdobispo.com.br\/","name":"Blog do Bispo","description":"Comprometido apenas com o leitor","publisher":{"@id":"https:\/\/blogdobispo.com.br\/#organization"},"potentialAction":[{"@type":"SearchAction","target":{"@type":"EntryPoint","urlTemplate":"https:\/\/blogdobispo.com.br\/?s={search_term_string}"},"query-input":{"@type":"PropertyValueSpecification","valueRequired":true,"valueName":"search_term_string"}}],"inLanguage":"pt-BR"},{"@type":"Organization","@id":"https:\/\/blogdobispo.com.br\/#organization","name":"Blog do Bispo","url":"https:\/\/blogdobispo.com.br\/","logo":{"@type":"ImageObject","inLanguage":"pt-BR","@id":"https:\/\/blogdobispo.com.br\/#\/schema\/logo\/image\/","url":"http:\/\/blogdobispo.com.br\/wp-content\/uploads\/2023\/05\/cropped-headear.png","contentUrl":"http:\/\/blogdobispo.com.br\/wp-content\/uploads\/2023\/05\/cropped-headear.png","width":1500,"height":399,"caption":"Blog do Bispo"},"image":{"@id":"https:\/\/blogdobispo.com.br\/#\/schema\/logo\/image\/"}},{"@type":"Person","@id":"https:\/\/blogdobispo.com.br\/#\/schema\/person\/e2209cc0e6cea5c5233d033e997b373f","name":"Jefferson Sterfeno","image":{"@type":"ImageObject","inLanguage":"pt-BR","@id":"https:\/\/blogdobispo.com.br\/#\/schema\/person\/image\/","url":"https:\/\/secure.gravatar.com\/avatar\/0534e84764641168a677026b6d57a3f51dc7ac4db0b4f6186d9cb330d4ee1160?s=96&d=mm&r=g","contentUrl":"https:\/\/secure.gravatar.com\/avatar\/0534e84764641168a677026b6d57a3f51dc7ac4db0b4f6186d9cb330d4ee1160?s=96&d=mm&r=g","caption":"Jefferson Sterfeno"},"sameAs":["http:\/\/blogdobispo.com.br"],"url":"https:\/\/blogdobispo.com.br\/?author=1"}]}},"featured_image_urls":{"full":"","thumbnail":"","medium":"","medium_large":"","large":"","1536x1536":"","2048x2048":""},"author_info":{"display_name":"Jefferson Sterfeno","author_link":"https:\/\/blogdobispo.com.br\/?author=1"},"category_info":"<a href=\"https:\/\/blogdobispo.com.br\/?cat=1\" rel=\"category\">diversos<\/a>","tag_info":"diversos","comment_count":"0","jetpack_featured_media_url":"","jetpack_sharing_enabled":true,"_links":{"self":[{"href":"https:\/\/blogdobispo.com.br\/index.php?rest_route=\/wp\/v2\/posts\/6040","targetHints":{"allow":["GET"]}}],"collection":[{"href":"https:\/\/blogdobispo.com.br\/index.php?rest_route=\/wp\/v2\/posts"}],"about":[{"href":"https:\/\/blogdobispo.com.br\/index.php?rest_route=\/wp\/v2\/types\/post"}],"author":[{"embeddable":true,"href":"https:\/\/blogdobispo.com.br\/index.php?rest_route=\/wp\/v2\/users\/1"}],"replies":[{"embeddable":true,"href":"https:\/\/blogdobispo.com.br\/index.php?rest_route=%2Fwp%2Fv2%2Fcomments&post=6040"}],"version-history":[{"count":2,"href":"https:\/\/blogdobispo.com.br\/index.php?rest_route=\/wp\/v2\/posts\/6040\/revisions"}],"predecessor-version":[{"id":6047,"href":"https:\/\/blogdobispo.com.br\/index.php?rest_route=\/wp\/v2\/posts\/6040\/revisions\/6047"}],"wp:attachment":[{"href":"https:\/\/blogdobispo.com.br\/index.php?rest_route=%2Fwp%2Fv2%2Fmedia&parent=6040"}],"wp:term":[{"taxonomy":"category","embeddable":true,"href":"https:\/\/blogdobispo.com.br\/index.php?rest_route=%2Fwp%2Fv2%2Fcategories&post=6040"},{"taxonomy":"post_tag","embeddable":true,"href":"https:\/\/blogdobispo.com.br\/index.php?rest_route=%2Fwp%2Fv2%2Ftags&post=6040"}],"curies":[{"name":"wp","href":"https:\/\/api.w.org\/{rel}","templated":true}]}}