{"id":6024,"date":"2025-07-18T21:52:32","date_gmt":"2025-07-18T21:52:32","guid":{"rendered":"https:\/\/blogdobispo.com.br\/?p=6024"},"modified":"2025-07-18T21:55:50","modified_gmt":"2025-07-18T21:55:50","slug":"ezequiel-ferreira-prepara-a-campanha-da-irma-milena-galvao-para-deputada-federal","status":"publish","type":"post","link":"https:\/\/blogdobispo.com.br\/?p=6024","title":{"rendered":"&nbsp;Ezequiel Ferreira prepara a campanha da irm\u00e3 Milena Galv\u00e3o para deputada federal"},"content":{"rendered":"\n<figure class=\"wp-block-image size-large\"><img data-recalc-dims=\"1\" fetchpriority=\"high\" decoding=\"async\" width=\"559\" height=\"480\" src=\"https:\/\/i0.wp.com\/blogdobispo.com.br\/wp-content\/uploads\/2025\/07\/image-1.jpg?resize=559%2C480&#038;ssl=1\" alt=\"\" class=\"wp-image-6023\" srcset=\"https:\/\/i0.wp.com\/blogdobispo.com.br\/wp-content\/uploads\/2025\/07\/image-1.jpg?w=559&amp;ssl=1 559w, https:\/\/i0.wp.com\/blogdobispo.com.br\/wp-content\/uploads\/2025\/07\/image-1.jpg?resize=300%2C258&amp;ssl=1 300w\" sizes=\"(max-width: 559px) 100vw, 559px\" \/><\/figure>\n\n\n\n<p class=\"p1\"><\/p>\n\n\n\n<p class=\"p1\">O presidente da Assembleia Legislativa do Rio Grande do Norte, Ezequiel Ferreira (PSDB), j\u00e1 d\u00e1 sinais claros de que pretende ampliar sua influ\u00eancia pol\u00edtica al\u00e9m da esfera estadual. Para isso, aposta em um nome de confian\u00e7a: sua irm\u00e3 e atual vice-prefeita de Currais Novos, Milena Galv\u00e3o, que deve disputar uma vaga na C\u00e2mara dos Deputados em 2026. O partido j\u00e1 foi escolhido: MDB. <\/p>\n\n\n\n<p class=\"p1\">Embora ainda n\u00e3o haja an\u00fancio oficial, a movimenta\u00e7\u00e3o de Milena em eventos regionais, sua crescente presen\u00e7a em agendas sociais e a articula\u00e7\u00e3o silenciosa do grupo de Ezequiel nos bastidores sinalizam que sua pr\u00e9-candidatura est\u00e1 em constru\u00e7\u00e3o. A expectativa \u00e9 que ela herde parte do capital pol\u00edtico acumulado pelo irm\u00e3o ao longo dos anos, sobretudo no Serid\u00f3.<\/p>\n\n\n\n<p class=\"p1\">Milena tem refor\u00e7ado sua imagem p\u00fablica desde que assumiu a vice-prefeitura ao lado do atual prefeito Lucas Galv\u00e3o, em janeiro de 2025. A dupla foi eleita com forte apoio do ent\u00e3o prefeito Odon J\u00fanior (PT), que agora tamb\u00e9m \u00e9 apontado como poss\u00edvel candidato a deputado federal, o que adiciona um elemento de tens\u00e3o e indefini\u00e7\u00e3o ao cen\u00e1rio pol\u00edtico local.<\/p>\n\n\n\n<p class=\"p1\">A grande interroga\u00e7\u00e3o \u00e9: com quem ficar\u00e1 Lucas Galv\u00e3o em 2026?<\/p>\n\n\n\n<p class=\"p1\">De um lado, Milena representa o grupo hoje mais influente da pol\u00edtica potiguar, liderado por Ezequiel, que pode disputar o Governo do Estado ou o Senado. De outro, Odon J\u00fanior, que governou Currais Novos por dois mandatos, ainda goza de prest\u00edgio popular e j\u00e1 articula apoios dentro do PT e do Serid\u00f3 para sua poss\u00edvel candidatura federal.<\/p>\n","protected":false},"excerpt":{"rendered":"<p>O presidente da Assembleia Legislativa do Rio Grande do Norte, Ezequiel Ferreira (PSDB), j\u00e1 d\u00e1 sinais claros de que pretende ampliar sua influ\u00eancia pol\u00edtica al\u00e9m da esfera estadual. Para isso, aposta em um nome de confian\u00e7a: sua irm\u00e3 e atual vice-prefeita de Currais Novos, Milena Galv\u00e3o, que deve disputar uma vaga na C\u00e2mara dos Deputados [&hellip;]<\/p>\n","protected":false},"author":1,"featured_media":0,"comment_status":"open","ping_status":"open","sticky":false,"template":"","format":"standard","meta":{"cybocfi_hide_featured_image":"","_jetpack_memberships_contains_paid_content":false,"footnotes":""},"categories":[1],"tags":[],"class_list":["post-6024","post","type-post","status-publish","format-standard","hentry","category-diversos"],"yoast_head":"<!-- This site is optimized with the Yoast SEO plugin v25.6 - https:\/\/yoast.com\/wordpress\/plugins\/seo\/ -->\n<title>&nbsp;Ezequiel Ferreira prepara a campanha da irm\u00e3 Milena Galv\u00e3o para deputada federal - Blog do Bispo<\/title>\n<meta name=\"robots\" content=\"index, follow, max-snippet:-1, max-image-preview:large, max-video-preview:-1\" \/>\n<link rel=\"canonical\" href=\"https:\/\/blogdobispo.com.br\/?p=6024\" \/>\n<meta property=\"og:locale\" content=\"pt_BR\" \/>\n<meta property=\"og:type\" content=\"article\" \/>\n<meta property=\"og:title\" content=\"&nbsp;Ezequiel Ferreira prepara a campanha da irm\u00e3 Milena Galv\u00e3o para deputada federal - Blog do Bispo\" \/>\n<meta property=\"og:description\" content=\"O presidente da Assembleia Legislativa do Rio Grande do Norte, Ezequiel Ferreira (PSDB), j\u00e1 d\u00e1 sinais claros de que pretende ampliar sua influ\u00eancia pol\u00edtica al\u00e9m da esfera estadual. Para isso, aposta em um nome de confian\u00e7a: sua irm\u00e3 e atual vice-prefeita de Currais Novos, Milena Galv\u00e3o, que deve disputar uma vaga na C\u00e2mara dos Deputados [&hellip;]\" \/>\n<meta property=\"og:url\" content=\"https:\/\/blogdobispo.com.br\/?p=6024\" \/>\n<meta property=\"og:site_name\" content=\"Blog do Bispo\" \/>\n<meta property=\"article:published_time\" content=\"2025-07-18T21:52:32+00:00\" \/>\n<meta property=\"article:modified_time\" content=\"2025-07-18T21:55:50+00:00\" \/>\n<meta property=\"og:image\" content=\"https:\/\/blogdobispo.com.br\/wp-content\/uploads\/2025\/07\/image-1.jpg\" \/>\n<meta name=\"author\" content=\"Jefferson Sterfeno\" \/>\n<meta name=\"twitter:card\" content=\"summary_large_image\" \/>\n<meta name=\"twitter:label1\" content=\"Escrito por\" \/>\n\t<meta name=\"twitter:data1\" content=\"Jefferson Sterfeno\" \/>\n\t<meta name=\"twitter:label2\" content=\"Est. tempo de leitura\" \/>\n\t<meta name=\"twitter:data2\" content=\"1 minuto\" \/>\n<script type=\"application\/ld+json\" class=\"yoast-schema-graph\">{\"@context\":\"https:\/\/schema.org\",\"@graph\":[{\"@type\":\"Article\",\"@id\":\"https:\/\/blogdobispo.com.br\/?p=6024#article\",\"isPartOf\":{\"@id\":\"https:\/\/blogdobispo.com.br\/?p=6024\"},\"author\":{\"name\":\"Jefferson Sterfeno\",\"@id\":\"https:\/\/blogdobispo.com.br\/#\/schema\/person\/e2209cc0e6cea5c5233d033e997b373f\"},\"headline\":\"&nbsp;Ezequiel Ferreira prepara a campanha da irm\u00e3 Milena Galv\u00e3o para deputada federal\",\"datePublished\":\"2025-07-18T21:52:32+00:00\",\"dateModified\":\"2025-07-18T21:55:50+00:00\",\"mainEntityOfPage\":{\"@id\":\"https:\/\/blogdobispo.com.br\/?p=6024\"},\"wordCount\":286,\"commentCount\":0,\"publisher\":{\"@id\":\"https:\/\/blogdobispo.com.br\/#organization\"},\"image\":{\"@id\":\"https:\/\/blogdobispo.com.br\/?p=6024#primaryimage\"},\"thumbnailUrl\":\"https:\/\/blogdobispo.com.br\/wp-content\/uploads\/2025\/07\/image-1.jpg\",\"articleSection\":[\"diversos\"],\"inLanguage\":\"pt-BR\",\"potentialAction\":[{\"@type\":\"CommentAction\",\"name\":\"Comment\",\"target\":[\"https:\/\/blogdobispo.com.br\/?p=6024#respond\"]}]},{\"@type\":\"WebPage\",\"@id\":\"https:\/\/blogdobispo.com.br\/?p=6024\",\"url\":\"https:\/\/blogdobispo.com.br\/?p=6024\",\"name\":\"&nbsp;Ezequiel Ferreira prepara a campanha da irm\u00e3 Milena Galv\u00e3o para deputada federal - Blog do Bispo\",\"isPartOf\":{\"@id\":\"https:\/\/blogdobispo.com.br\/#website\"},\"primaryImageOfPage\":{\"@id\":\"https:\/\/blogdobispo.com.br\/?p=6024#primaryimage\"},\"image\":{\"@id\":\"https:\/\/blogdobispo.com.br\/?p=6024#primaryimage\"},\"thumbnailUrl\":\"https:\/\/blogdobispo.com.br\/wp-content\/uploads\/2025\/07\/image-1.jpg\",\"datePublished\":\"2025-07-18T21:52:32+00:00\",\"dateModified\":\"2025-07-18T21:55:50+00:00\",\"breadcrumb\":{\"@id\":\"https:\/\/blogdobispo.com.br\/?p=6024#breadcrumb\"},\"inLanguage\":\"pt-BR\",\"potentialAction\":[{\"@type\":\"ReadAction\",\"target\":[\"https:\/\/blogdobispo.com.br\/?p=6024\"]}]},{\"@type\":\"ImageObject\",\"inLanguage\":\"pt-BR\",\"@id\":\"https:\/\/blogdobispo.com.br\/?p=6024#primaryimage\",\"url\":\"https:\/\/blogdobispo.com.br\/wp-content\/uploads\/2025\/07\/image-1.jpg\",\"contentUrl\":\"https:\/\/blogdobispo.com.br\/wp-content\/uploads\/2025\/07\/image-1.jpg\"},{\"@type\":\"BreadcrumbList\",\"@id\":\"https:\/\/blogdobispo.com.br\/?p=6024#breadcrumb\",\"itemListElement\":[{\"@type\":\"ListItem\",\"position\":1,\"name\":\"In\u00edcio\",\"item\":\"https:\/\/blogdobispo.com.br\/\"},{\"@type\":\"ListItem\",\"position\":2,\"name\":\"&nbsp;Ezequiel Ferreira prepara a campanha da irm\u00e3 Milena Galv\u00e3o para deputada federal\"}]},{\"@type\":\"WebSite\",\"@id\":\"https:\/\/blogdobispo.com.br\/#website\",\"url\":\"https:\/\/blogdobispo.com.br\/\",\"name\":\"Blog do Bispo\",\"description\":\"Comprometido apenas com o leitor\",\"publisher\":{\"@id\":\"https:\/\/blogdobispo.com.br\/#organization\"},\"potentialAction\":[{\"@type\":\"SearchAction\",\"target\":{\"@type\":\"EntryPoint\",\"urlTemplate\":\"https:\/\/blogdobispo.com.br\/?s={search_term_string}\"},\"query-input\":{\"@type\":\"PropertyValueSpecification\",\"valueRequired\":true,\"valueName\":\"search_term_string\"}}],\"inLanguage\":\"pt-BR\"},{\"@type\":\"Organization\",\"@id\":\"https:\/\/blogdobispo.com.br\/#organization\",\"name\":\"Blog do Bispo\",\"url\":\"https:\/\/blogdobispo.com.br\/\",\"logo\":{\"@type\":\"ImageObject\",\"inLanguage\":\"pt-BR\",\"@id\":\"https:\/\/blogdobispo.com.br\/#\/schema\/logo\/image\/\",\"url\":\"http:\/\/blogdobispo.com.br\/wp-content\/uploads\/2023\/05\/cropped-headear.png\",\"contentUrl\":\"http:\/\/blogdobispo.com.br\/wp-content\/uploads\/2023\/05\/cropped-headear.png\",\"width\":1500,\"height\":399,\"caption\":\"Blog do Bispo\"},\"image\":{\"@id\":\"https:\/\/blogdobispo.com.br\/#\/schema\/logo\/image\/\"}},{\"@type\":\"Person\",\"@id\":\"https:\/\/blogdobispo.com.br\/#\/schema\/person\/e2209cc0e6cea5c5233d033e997b373f\",\"name\":\"Jefferson Sterfeno\",\"image\":{\"@type\":\"ImageObject\",\"inLanguage\":\"pt-BR\",\"@id\":\"https:\/\/blogdobispo.com.br\/#\/schema\/person\/image\/\",\"url\":\"https:\/\/secure.gravatar.com\/avatar\/0534e84764641168a677026b6d57a3f51dc7ac4db0b4f6186d9cb330d4ee1160?s=96&d=mm&r=g\",\"contentUrl\":\"https:\/\/secure.gravatar.com\/avatar\/0534e84764641168a677026b6d57a3f51dc7ac4db0b4f6186d9cb330d4ee1160?s=96&d=mm&r=g\",\"caption\":\"Jefferson Sterfeno\"},\"sameAs\":[\"http:\/\/blogdobispo.com.br\"],\"url\":\"https:\/\/blogdobispo.com.br\/?author=1\"}]}<\/script>\n<!-- \/ Yoast SEO plugin. -->","yoast_head_json":{"title":"&nbsp;Ezequiel Ferreira prepara a campanha da irm\u00e3 Milena Galv\u00e3o para deputada federal - Blog do Bispo","robots":{"index":"index","follow":"follow","max-snippet":"max-snippet:-1","max-image-preview":"max-image-preview:large","max-video-preview":"max-video-preview:-1"},"canonical":"https:\/\/blogdobispo.com.br\/?p=6024","og_locale":"pt_BR","og_type":"article","og_title":"&nbsp;Ezequiel Ferreira prepara a campanha da irm\u00e3 Milena Galv\u00e3o para deputada federal - Blog do Bispo","og_description":"O presidente da Assembleia Legislativa do Rio Grande do Norte, Ezequiel Ferreira (PSDB), j\u00e1 d\u00e1 sinais claros de que pretende ampliar sua influ\u00eancia pol\u00edtica al\u00e9m da esfera estadual. Para isso, aposta em um nome de confian\u00e7a: sua irm\u00e3 e atual vice-prefeita de Currais Novos, Milena Galv\u00e3o, que deve disputar uma vaga na C\u00e2mara dos Deputados [&hellip;]","og_url":"https:\/\/blogdobispo.com.br\/?p=6024","og_site_name":"Blog do Bispo","article_published_time":"2025-07-18T21:52:32+00:00","article_modified_time":"2025-07-18T21:55:50+00:00","og_image":[{"url":"https:\/\/blogdobispo.com.br\/wp-content\/uploads\/2025\/07\/image-1.jpg","type":"","width":"","height":""}],"author":"Jefferson Sterfeno","twitter_card":"summary_large_image","twitter_misc":{"Escrito por":"Jefferson Sterfeno","Est. tempo de leitura":"1 minuto"},"schema":{"@context":"https:\/\/schema.org","@graph":[{"@type":"Article","@id":"https:\/\/blogdobispo.com.br\/?p=6024#article","isPartOf":{"@id":"https:\/\/blogdobispo.com.br\/?p=6024"},"author":{"name":"Jefferson Sterfeno","@id":"https:\/\/blogdobispo.com.br\/#\/schema\/person\/e2209cc0e6cea5c5233d033e997b373f"},"headline":"&nbsp;Ezequiel Ferreira prepara a campanha da irm\u00e3 Milena Galv\u00e3o para deputada federal","datePublished":"2025-07-18T21:52:32+00:00","dateModified":"2025-07-18T21:55:50+00:00","mainEntityOfPage":{"@id":"https:\/\/blogdobispo.com.br\/?p=6024"},"wordCount":286,"commentCount":0,"publisher":{"@id":"https:\/\/blogdobispo.com.br\/#organization"},"image":{"@id":"https:\/\/blogdobispo.com.br\/?p=6024#primaryimage"},"thumbnailUrl":"https:\/\/blogdobispo.com.br\/wp-content\/uploads\/2025\/07\/image-1.jpg","articleSection":["diversos"],"inLanguage":"pt-BR","potentialAction":[{"@type":"CommentAction","name":"Comment","target":["https:\/\/blogdobispo.com.br\/?p=6024#respond"]}]},{"@type":"WebPage","@id":"https:\/\/blogdobispo.com.br\/?p=6024","url":"https:\/\/blogdobispo.com.br\/?p=6024","name":"&nbsp;Ezequiel Ferreira prepara a campanha da irm\u00e3 Milena Galv\u00e3o para deputada federal - Blog do Bispo","isPartOf":{"@id":"https:\/\/blogdobispo.com.br\/#website"},"primaryImageOfPage":{"@id":"https:\/\/blogdobispo.com.br\/?p=6024#primaryimage"},"image":{"@id":"https:\/\/blogdobispo.com.br\/?p=6024#primaryimage"},"thumbnailUrl":"https:\/\/blogdobispo.com.br\/wp-content\/uploads\/2025\/07\/image-1.jpg","datePublished":"2025-07-18T21:52:32+00:00","dateModified":"2025-07-18T21:55:50+00:00","breadcrumb":{"@id":"https:\/\/blogdobispo.com.br\/?p=6024#breadcrumb"},"inLanguage":"pt-BR","potentialAction":[{"@type":"ReadAction","target":["https:\/\/blogdobispo.com.br\/?p=6024"]}]},{"@type":"ImageObject","inLanguage":"pt-BR","@id":"https:\/\/blogdobispo.com.br\/?p=6024#primaryimage","url":"https:\/\/blogdobispo.com.br\/wp-content\/uploads\/2025\/07\/image-1.jpg","contentUrl":"https:\/\/blogdobispo.com.br\/wp-content\/uploads\/2025\/07\/image-1.jpg"},{"@type":"BreadcrumbList","@id":"https:\/\/blogdobispo.com.br\/?p=6024#breadcrumb","itemListElement":[{"@type":"ListItem","position":1,"name":"In\u00edcio","item":"https:\/\/blogdobispo.com.br\/"},{"@type":"ListItem","position":2,"name":"&nbsp;Ezequiel Ferreira prepara a campanha da irm\u00e3 Milena Galv\u00e3o para deputada federal"}]},{"@type":"WebSite","@id":"https:\/\/blogdobispo.com.br\/#website","url":"https:\/\/blogdobispo.com.br\/","name":"Blog do Bispo","description":"Comprometido apenas com o leitor","publisher":{"@id":"https:\/\/blogdobispo.com.br\/#organization"},"potentialAction":[{"@type":"SearchAction","target":{"@type":"EntryPoint","urlTemplate":"https:\/\/blogdobispo.com.br\/?s={search_term_string}"},"query-input":{"@type":"PropertyValueSpecification","valueRequired":true,"valueName":"search_term_string"}}],"inLanguage":"pt-BR"},{"@type":"Organization","@id":"https:\/\/blogdobispo.com.br\/#organization","name":"Blog do Bispo","url":"https:\/\/blogdobispo.com.br\/","logo":{"@type":"ImageObject","inLanguage":"pt-BR","@id":"https:\/\/blogdobispo.com.br\/#\/schema\/logo\/image\/","url":"http:\/\/blogdobispo.com.br\/wp-content\/uploads\/2023\/05\/cropped-headear.png","contentUrl":"http:\/\/blogdobispo.com.br\/wp-content\/uploads\/2023\/05\/cropped-headear.png","width":1500,"height":399,"caption":"Blog do Bispo"},"image":{"@id":"https:\/\/blogdobispo.com.br\/#\/schema\/logo\/image\/"}},{"@type":"Person","@id":"https:\/\/blogdobispo.com.br\/#\/schema\/person\/e2209cc0e6cea5c5233d033e997b373f","name":"Jefferson Sterfeno","image":{"@type":"ImageObject","inLanguage":"pt-BR","@id":"https:\/\/blogdobispo.com.br\/#\/schema\/person\/image\/","url":"https:\/\/secure.gravatar.com\/avatar\/0534e84764641168a677026b6d57a3f51dc7ac4db0b4f6186d9cb330d4ee1160?s=96&d=mm&r=g","contentUrl":"https:\/\/secure.gravatar.com\/avatar\/0534e84764641168a677026b6d57a3f51dc7ac4db0b4f6186d9cb330d4ee1160?s=96&d=mm&r=g","caption":"Jefferson Sterfeno"},"sameAs":["http:\/\/blogdobispo.com.br"],"url":"https:\/\/blogdobispo.com.br\/?author=1"}]}},"featured_image_urls":{"full":"","thumbnail":"","medium":"","medium_large":"","large":"","1536x1536":"","2048x2048":""},"author_info":{"display_name":"Jefferson Sterfeno","author_link":"https:\/\/blogdobispo.com.br\/?author=1"},"category_info":"<a href=\"https:\/\/blogdobispo.com.br\/?cat=1\" rel=\"category\">diversos<\/a>","tag_info":"diversos","comment_count":"0","jetpack_featured_media_url":"","jetpack_sharing_enabled":true,"_links":{"self":[{"href":"https:\/\/blogdobispo.com.br\/index.php?rest_route=\/wp\/v2\/posts\/6024","targetHints":{"allow":["GET"]}}],"collection":[{"href":"https:\/\/blogdobispo.com.br\/index.php?rest_route=\/wp\/v2\/posts"}],"about":[{"href":"https:\/\/blogdobispo.com.br\/index.php?rest_route=\/wp\/v2\/types\/post"}],"author":[{"embeddable":true,"href":"https:\/\/blogdobispo.com.br\/index.php?rest_route=\/wp\/v2\/users\/1"}],"replies":[{"embeddable":true,"href":"https:\/\/blogdobispo.com.br\/index.php?rest_route=%2Fwp%2Fv2%2Fcomments&post=6024"}],"version-history":[{"count":1,"href":"https:\/\/blogdobispo.com.br\/index.php?rest_route=\/wp\/v2\/posts\/6024\/revisions"}],"predecessor-version":[{"id":6025,"href":"https:\/\/blogdobispo.com.br\/index.php?rest_route=\/wp\/v2\/posts\/6024\/revisions\/6025"}],"wp:attachment":[{"href":"https:\/\/blogdobispo.com.br\/index.php?rest_route=%2Fwp%2Fv2%2Fmedia&parent=6024"}],"wp:term":[{"taxonomy":"category","embeddable":true,"href":"https:\/\/blogdobispo.com.br\/index.php?rest_route=%2Fwp%2Fv2%2Fcategories&post=6024"},{"taxonomy":"post_tag","embeddable":true,"href":"https:\/\/blogdobispo.com.br\/index.php?rest_route=%2Fwp%2Fv2%2Ftags&post=6024"}],"curies":[{"name":"wp","href":"https:\/\/api.w.org\/{rel}","templated":true}]}}