{"id":6006,"date":"2025-07-18T13:04:44","date_gmt":"2025-07-18T13:04:44","guid":{"rendered":"https:\/\/blogdobispo.com.br\/?p=6006"},"modified":"2025-07-18T13:04:45","modified_gmt":"2025-07-18T13:04:45","slug":"escola-da-assembleia-promove-capacitacao-em-projetos-para-servidores","status":"publish","type":"post","link":"https:\/\/blogdobispo.com.br\/?p=6006","title":{"rendered":"Escola da Assembleia promove capacita\u00e7\u00e3o em projetos para servidores"},"content":{"rendered":"\n<p>A Escola da Assembleia Legislativa do Rio Grande do Norte iniciou, na tarde desta quinta-feira (17), um curso para Elabora\u00e7\u00e3o de Projetos voltado a servidores da Casa e \u00e0 popula\u00e7\u00e3o em geral. Ministrado pela professora e doutora Carolina Montenegro, o foco do curso ser\u00e1 colaborar para o aprimoramento de todos os tipos de projetos que ser\u00e3o confeccionados pelos profissionais que atuam no Parlamento.<\/p>\n\n\n\n<p>O diretor da Escola da Assembleia, Jos\u00e9 Bezerra Marinho, fez a abertura oficial do curso e enalteceu o curr\u00edculo da professora Carolina Montenegro, que \u00e9 graduada, p\u00f3s-graduada, mestre e doutora em administra\u00e7\u00e3o, com atua\u00e7\u00e3o em estrat\u00e9gias de neg\u00f3cios e gest\u00e3o de projetos. De acordo com Marinho, o momento da sociedade imp\u00f5e que o parlamento esteja aberto \u00e0 escuta popular, e a Assembleia Legislativa do Rio Grande do Norte tem dado exemplo nesse sentido, seja com a realiza\u00e7\u00e3o de diversas audi\u00eancias p\u00fablicas, assim como a busca ativa por contribui\u00e7\u00f5es da sociedade e pesquisas que direcionam o trabalho dos parlamentares.<\/p>\n\n\n\n<p>&#8220;Isso n\u00e3o existia no passado. Hoje, as pessoas est\u00e3o informando os parlamentares sobre suas demandas em tempo real. O recado n\u00e3o \u00e9 mais a cada quatro anos. \u00c9 importante que discutamos todos os pontos, tenhamos uma sociedade inclu\u00edda nessa discuss\u00e3o. Diante disso, a educa\u00e7\u00e3o Legislativa prepara, forma cada vez melhor o parlamentar, suas equipes e os servidores&#8221;, explicou o diretor da Escola da Assembleia.<\/p>\n\n\n\n<p>Jos\u00e9 Bezerra Marinho enalteceu, ainda, o papel do presidente da Assembleia Legislativa, deputado Ezequiel Ferreira (PSDB), na cobran\u00e7a pela qualifica\u00e7\u00e3o dos servidores da Casa e direcionamento das a\u00e7\u00f5es da Escola. O curso, inclusive, tamb\u00e9m faz parte do conjunto de a\u00e7\u00f5es do &#8220;Natal Capital da Educa\u00e7\u00e3o&#8221;, que re\u00fane a\u00e7\u00f5es em prol da educa\u00e7\u00e3o na cidade promovidas por diversos entes.&nbsp;<\/p>\n\n\n\n<p>&#8220;O presidente deixou claro que queria que a escola fizesse cada vez mais a capacita\u00e7\u00e3o dos servidores, mas que tamb\u00e9m \u00e9 preciso considerar que a escola e a ALRN est\u00e3o inseridas em uma sociedade com muitas car\u00eancias e t\u00eam que ser agentes promotores da oferta de caminhos para diminuir essas desigualdades&#8221;.<\/p>\n\n\n\n<p>A professora Carolina Montenegro fez quest\u00e3o de enaltecer o papel da Escola da Assembleia e parabenizou os servidores que t\u00eam aproveitado as oportunidades para a capacita\u00e7\u00e3o. Segundo ela, nas 12 horas de curso, que ser\u00e3o dividas em tr\u00eas dias, os profissionais ter\u00e3o o real entendimento sobre o conceito de projetos e ser\u00e3o capacitados para a elabora\u00e7\u00e3o, independe da \u00e1rea em que estiverem atuando.<\/p>\n\n\n\n<p>&#8220;Vamos fazer uma trajet\u00f3ria breve para falar sobre projetos. Em 12 horas, teremos um panorama que vai ajudar bastante voc\u00eas. Vamos falar sobre fundamentos e, em seguida, voc\u00eas v\u00e3o montar os projetos, utilizando ferramentas que possam aplicar no dia a dia de voc\u00eas. Um projeto n\u00e3o \u00e9 apenas algo que eu quero entregar \u00e0 empresa. Projeto pode ser projeto de vida, viagem, maternidade, casamento&#8230; Vamos mostrar o que s\u00e3o caracter\u00edsticas de um projeto e voc\u00eas sair\u00e3o daqui com a mente extremamente aberta \u00e0s possibilidades&#8221;, disse a professora.<strong><\/strong><\/p>\n\n\n\n<figure class=\"wp-block-image\"><img data-recalc-dims=\"1\" fetchpriority=\"high\" decoding=\"async\" width=\"800\" height=\"532\" src=\"https:\/\/i0.wp.com\/blogdobispo.com.br\/wp-content\/uploads\/2025\/07\/1gRdd8kQfWBslgnhTt59KwEx3p0q5S6Pz831IkYl-1-scaled.jpg?resize=800%2C532\" alt=\"\" class=\"wp-image-6007\" srcset=\"https:\/\/i0.wp.com\/blogdobispo.com.br\/wp-content\/uploads\/2025\/07\/1gRdd8kQfWBslgnhTt59KwEx3p0q5S6Pz831IkYl-1-scaled.jpg?w=2560&amp;ssl=1 2560w, https:\/\/i0.wp.com\/blogdobispo.com.br\/wp-content\/uploads\/2025\/07\/1gRdd8kQfWBslgnhTt59KwEx3p0q5S6Pz831IkYl-1-scaled.jpg?resize=300%2C200&amp;ssl=1 300w, https:\/\/i0.wp.com\/blogdobispo.com.br\/wp-content\/uploads\/2025\/07\/1gRdd8kQfWBslgnhTt59KwEx3p0q5S6Pz831IkYl-1-scaled.jpg?resize=1024%2C681&amp;ssl=1 1024w, https:\/\/i0.wp.com\/blogdobispo.com.br\/wp-content\/uploads\/2025\/07\/1gRdd8kQfWBslgnhTt59KwEx3p0q5S6Pz831IkYl-1-scaled.jpg?resize=768%2C511&amp;ssl=1 768w, https:\/\/i0.wp.com\/blogdobispo.com.br\/wp-content\/uploads\/2025\/07\/1gRdd8kQfWBslgnhTt59KwEx3p0q5S6Pz831IkYl-1-scaled.jpg?resize=1536%2C1022&amp;ssl=1 1536w, https:\/\/i0.wp.com\/blogdobispo.com.br\/wp-content\/uploads\/2025\/07\/1gRdd8kQfWBslgnhTt59KwEx3p0q5S6Pz831IkYl-1-scaled.jpg?resize=2048%2C1363&amp;ssl=1 2048w, https:\/\/i0.wp.com\/blogdobispo.com.br\/wp-content\/uploads\/2025\/07\/1gRdd8kQfWBslgnhTt59KwEx3p0q5S6Pz831IkYl-1-scaled.jpg?w=1600 1600w, https:\/\/i0.wp.com\/blogdobispo.com.br\/wp-content\/uploads\/2025\/07\/1gRdd8kQfWBslgnhTt59KwEx3p0q5S6Pz831IkYl-1-scaled.jpg?w=2400 2400w\" sizes=\"(max-width: 800px) 100vw, 800px\" \/><\/figure>\n","protected":false},"excerpt":{"rendered":"<p>A Escola da Assembleia Legislativa do Rio Grande do Norte iniciou, na tarde desta quinta-feira (17), um curso para Elabora\u00e7\u00e3o de Projetos voltado a servidores da Casa e \u00e0 popula\u00e7\u00e3o em geral. Ministrado pela professora e doutora Carolina Montenegro, o foco do curso ser\u00e1 colaborar para o aprimoramento de todos os tipos de projetos que [&hellip;]<\/p>\n","protected":false},"author":1,"featured_media":0,"comment_status":"open","ping_status":"open","sticky":false,"template":"","format":"standard","meta":{"cybocfi_hide_featured_image":"","_jetpack_memberships_contains_paid_content":false,"footnotes":""},"categories":[1],"tags":[],"class_list":["post-6006","post","type-post","status-publish","format-standard","hentry","category-diversos"],"yoast_head":"<!-- This site is optimized with the Yoast SEO plugin v25.6 - https:\/\/yoast.com\/wordpress\/plugins\/seo\/ -->\n<title>Escola da Assembleia promove capacita\u00e7\u00e3o em projetos para servidores - Blog do Bispo<\/title>\n<meta name=\"robots\" content=\"index, follow, max-snippet:-1, max-image-preview:large, max-video-preview:-1\" \/>\n<link rel=\"canonical\" href=\"https:\/\/blogdobispo.com.br\/?p=6006\" \/>\n<meta property=\"og:locale\" content=\"pt_BR\" \/>\n<meta property=\"og:type\" content=\"article\" \/>\n<meta property=\"og:title\" content=\"Escola da Assembleia promove capacita\u00e7\u00e3o em projetos para servidores - Blog do Bispo\" \/>\n<meta property=\"og:description\" content=\"A Escola da Assembleia Legislativa do Rio Grande do Norte iniciou, na tarde desta quinta-feira (17), um curso para Elabora\u00e7\u00e3o de Projetos voltado a servidores da Casa e \u00e0 popula\u00e7\u00e3o em geral. Ministrado pela professora e doutora Carolina Montenegro, o foco do curso ser\u00e1 colaborar para o aprimoramento de todos os tipos de projetos que [&hellip;]\" \/>\n<meta property=\"og:url\" content=\"https:\/\/blogdobispo.com.br\/?p=6006\" \/>\n<meta property=\"og:site_name\" content=\"Blog do Bispo\" \/>\n<meta property=\"article:published_time\" content=\"2025-07-18T13:04:44+00:00\" \/>\n<meta property=\"article:modified_time\" content=\"2025-07-18T13:04:45+00:00\" \/>\n<meta property=\"og:image\" content=\"http:\/\/blogdobispo.com.br\/wp-content\/uploads\/2025\/07\/1gRdd8kQfWBslgnhTt59KwEx3p0q5S6Pz831IkYl-1-scaled.jpg\" \/>\n<meta name=\"author\" content=\"Jefferson Sterfeno\" \/>\n<meta name=\"twitter:card\" content=\"summary_large_image\" \/>\n<meta name=\"twitter:label1\" content=\"Escrito por\" \/>\n\t<meta name=\"twitter:data1\" content=\"Jefferson Sterfeno\" \/>\n\t<meta name=\"twitter:label2\" content=\"Est. tempo de leitura\" \/>\n\t<meta name=\"twitter:data2\" content=\"3 minutos\" \/>\n<script type=\"application\/ld+json\" class=\"yoast-schema-graph\">{\"@context\":\"https:\/\/schema.org\",\"@graph\":[{\"@type\":\"Article\",\"@id\":\"https:\/\/blogdobispo.com.br\/?p=6006#article\",\"isPartOf\":{\"@id\":\"https:\/\/blogdobispo.com.br\/?p=6006\"},\"author\":{\"name\":\"Jefferson Sterfeno\",\"@id\":\"https:\/\/blogdobispo.com.br\/#\/schema\/person\/e2209cc0e6cea5c5233d033e997b373f\"},\"headline\":\"Escola da Assembleia promove capacita\u00e7\u00e3o em projetos para servidores\",\"datePublished\":\"2025-07-18T13:04:44+00:00\",\"dateModified\":\"2025-07-18T13:04:45+00:00\",\"mainEntityOfPage\":{\"@id\":\"https:\/\/blogdobispo.com.br\/?p=6006\"},\"wordCount\":537,\"commentCount\":0,\"publisher\":{\"@id\":\"https:\/\/blogdobispo.com.br\/#organization\"},\"image\":{\"@id\":\"https:\/\/blogdobispo.com.br\/?p=6006#primaryimage\"},\"thumbnailUrl\":\"http:\/\/blogdobispo.com.br\/wp-content\/uploads\/2025\/07\/1gRdd8kQfWBslgnhTt59KwEx3p0q5S6Pz831IkYl-1-scaled.jpg\",\"articleSection\":[\"diversos\"],\"inLanguage\":\"pt-BR\",\"potentialAction\":[{\"@type\":\"CommentAction\",\"name\":\"Comment\",\"target\":[\"https:\/\/blogdobispo.com.br\/?p=6006#respond\"]}]},{\"@type\":\"WebPage\",\"@id\":\"https:\/\/blogdobispo.com.br\/?p=6006\",\"url\":\"https:\/\/blogdobispo.com.br\/?p=6006\",\"name\":\"Escola da Assembleia promove capacita\u00e7\u00e3o em projetos para servidores - Blog do Bispo\",\"isPartOf\":{\"@id\":\"https:\/\/blogdobispo.com.br\/#website\"},\"primaryImageOfPage\":{\"@id\":\"https:\/\/blogdobispo.com.br\/?p=6006#primaryimage\"},\"image\":{\"@id\":\"https:\/\/blogdobispo.com.br\/?p=6006#primaryimage\"},\"thumbnailUrl\":\"http:\/\/blogdobispo.com.br\/wp-content\/uploads\/2025\/07\/1gRdd8kQfWBslgnhTt59KwEx3p0q5S6Pz831IkYl-1-scaled.jpg\",\"datePublished\":\"2025-07-18T13:04:44+00:00\",\"dateModified\":\"2025-07-18T13:04:45+00:00\",\"breadcrumb\":{\"@id\":\"https:\/\/blogdobispo.com.br\/?p=6006#breadcrumb\"},\"inLanguage\":\"pt-BR\",\"potentialAction\":[{\"@type\":\"ReadAction\",\"target\":[\"https:\/\/blogdobispo.com.br\/?p=6006\"]}]},{\"@type\":\"ImageObject\",\"inLanguage\":\"pt-BR\",\"@id\":\"https:\/\/blogdobispo.com.br\/?p=6006#primaryimage\",\"url\":\"http:\/\/blogdobispo.com.br\/wp-content\/uploads\/2025\/07\/1gRdd8kQfWBslgnhTt59KwEx3p0q5S6Pz831IkYl-1-scaled.jpg\",\"contentUrl\":\"http:\/\/blogdobispo.com.br\/wp-content\/uploads\/2025\/07\/1gRdd8kQfWBslgnhTt59KwEx3p0q5S6Pz831IkYl-1-scaled.jpg\"},{\"@type\":\"BreadcrumbList\",\"@id\":\"https:\/\/blogdobispo.com.br\/?p=6006#breadcrumb\",\"itemListElement\":[{\"@type\":\"ListItem\",\"position\":1,\"name\":\"In\u00edcio\",\"item\":\"https:\/\/blogdobispo.com.br\/\"},{\"@type\":\"ListItem\",\"position\":2,\"name\":\"Escola da Assembleia promove capacita\u00e7\u00e3o em projetos para servidores\"}]},{\"@type\":\"WebSite\",\"@id\":\"https:\/\/blogdobispo.com.br\/#website\",\"url\":\"https:\/\/blogdobispo.com.br\/\",\"name\":\"Blog do Bispo\",\"description\":\"Comprometido apenas com o leitor\",\"publisher\":{\"@id\":\"https:\/\/blogdobispo.com.br\/#organization\"},\"potentialAction\":[{\"@type\":\"SearchAction\",\"target\":{\"@type\":\"EntryPoint\",\"urlTemplate\":\"https:\/\/blogdobispo.com.br\/?s={search_term_string}\"},\"query-input\":{\"@type\":\"PropertyValueSpecification\",\"valueRequired\":true,\"valueName\":\"search_term_string\"}}],\"inLanguage\":\"pt-BR\"},{\"@type\":\"Organization\",\"@id\":\"https:\/\/blogdobispo.com.br\/#organization\",\"name\":\"Blog do Bispo\",\"url\":\"https:\/\/blogdobispo.com.br\/\",\"logo\":{\"@type\":\"ImageObject\",\"inLanguage\":\"pt-BR\",\"@id\":\"https:\/\/blogdobispo.com.br\/#\/schema\/logo\/image\/\",\"url\":\"http:\/\/blogdobispo.com.br\/wp-content\/uploads\/2023\/05\/cropped-headear.png\",\"contentUrl\":\"http:\/\/blogdobispo.com.br\/wp-content\/uploads\/2023\/05\/cropped-headear.png\",\"width\":1500,\"height\":399,\"caption\":\"Blog do Bispo\"},\"image\":{\"@id\":\"https:\/\/blogdobispo.com.br\/#\/schema\/logo\/image\/\"}},{\"@type\":\"Person\",\"@id\":\"https:\/\/blogdobispo.com.br\/#\/schema\/person\/e2209cc0e6cea5c5233d033e997b373f\",\"name\":\"Jefferson Sterfeno\",\"image\":{\"@type\":\"ImageObject\",\"inLanguage\":\"pt-BR\",\"@id\":\"https:\/\/blogdobispo.com.br\/#\/schema\/person\/image\/\",\"url\":\"https:\/\/secure.gravatar.com\/avatar\/0534e84764641168a677026b6d57a3f51dc7ac4db0b4f6186d9cb330d4ee1160?s=96&d=mm&r=g\",\"contentUrl\":\"https:\/\/secure.gravatar.com\/avatar\/0534e84764641168a677026b6d57a3f51dc7ac4db0b4f6186d9cb330d4ee1160?s=96&d=mm&r=g\",\"caption\":\"Jefferson Sterfeno\"},\"sameAs\":[\"http:\/\/blogdobispo.com.br\"],\"url\":\"https:\/\/blogdobispo.com.br\/?author=1\"}]}<\/script>\n<!-- \/ Yoast SEO plugin. -->","yoast_head_json":{"title":"Escola da Assembleia promove capacita\u00e7\u00e3o em projetos para servidores - Blog do Bispo","robots":{"index":"index","follow":"follow","max-snippet":"max-snippet:-1","max-image-preview":"max-image-preview:large","max-video-preview":"max-video-preview:-1"},"canonical":"https:\/\/blogdobispo.com.br\/?p=6006","og_locale":"pt_BR","og_type":"article","og_title":"Escola da Assembleia promove capacita\u00e7\u00e3o em projetos para servidores - Blog do Bispo","og_description":"A Escola da Assembleia Legislativa do Rio Grande do Norte iniciou, na tarde desta quinta-feira (17), um curso para Elabora\u00e7\u00e3o de Projetos voltado a servidores da Casa e \u00e0 popula\u00e7\u00e3o em geral. Ministrado pela professora e doutora Carolina Montenegro, o foco do curso ser\u00e1 colaborar para o aprimoramento de todos os tipos de projetos que [&hellip;]","og_url":"https:\/\/blogdobispo.com.br\/?p=6006","og_site_name":"Blog do Bispo","article_published_time":"2025-07-18T13:04:44+00:00","article_modified_time":"2025-07-18T13:04:45+00:00","og_image":[{"url":"http:\/\/blogdobispo.com.br\/wp-content\/uploads\/2025\/07\/1gRdd8kQfWBslgnhTt59KwEx3p0q5S6Pz831IkYl-1-scaled.jpg","type":"","width":"","height":""}],"author":"Jefferson Sterfeno","twitter_card":"summary_large_image","twitter_misc":{"Escrito por":"Jefferson Sterfeno","Est. tempo de leitura":"3 minutos"},"schema":{"@context":"https:\/\/schema.org","@graph":[{"@type":"Article","@id":"https:\/\/blogdobispo.com.br\/?p=6006#article","isPartOf":{"@id":"https:\/\/blogdobispo.com.br\/?p=6006"},"author":{"name":"Jefferson Sterfeno","@id":"https:\/\/blogdobispo.com.br\/#\/schema\/person\/e2209cc0e6cea5c5233d033e997b373f"},"headline":"Escola da Assembleia promove capacita\u00e7\u00e3o em projetos para servidores","datePublished":"2025-07-18T13:04:44+00:00","dateModified":"2025-07-18T13:04:45+00:00","mainEntityOfPage":{"@id":"https:\/\/blogdobispo.com.br\/?p=6006"},"wordCount":537,"commentCount":0,"publisher":{"@id":"https:\/\/blogdobispo.com.br\/#organization"},"image":{"@id":"https:\/\/blogdobispo.com.br\/?p=6006#primaryimage"},"thumbnailUrl":"http:\/\/blogdobispo.com.br\/wp-content\/uploads\/2025\/07\/1gRdd8kQfWBslgnhTt59KwEx3p0q5S6Pz831IkYl-1-scaled.jpg","articleSection":["diversos"],"inLanguage":"pt-BR","potentialAction":[{"@type":"CommentAction","name":"Comment","target":["https:\/\/blogdobispo.com.br\/?p=6006#respond"]}]},{"@type":"WebPage","@id":"https:\/\/blogdobispo.com.br\/?p=6006","url":"https:\/\/blogdobispo.com.br\/?p=6006","name":"Escola da Assembleia promove capacita\u00e7\u00e3o em projetos para servidores - Blog do Bispo","isPartOf":{"@id":"https:\/\/blogdobispo.com.br\/#website"},"primaryImageOfPage":{"@id":"https:\/\/blogdobispo.com.br\/?p=6006#primaryimage"},"image":{"@id":"https:\/\/blogdobispo.com.br\/?p=6006#primaryimage"},"thumbnailUrl":"http:\/\/blogdobispo.com.br\/wp-content\/uploads\/2025\/07\/1gRdd8kQfWBslgnhTt59KwEx3p0q5S6Pz831IkYl-1-scaled.jpg","datePublished":"2025-07-18T13:04:44+00:00","dateModified":"2025-07-18T13:04:45+00:00","breadcrumb":{"@id":"https:\/\/blogdobispo.com.br\/?p=6006#breadcrumb"},"inLanguage":"pt-BR","potentialAction":[{"@type":"ReadAction","target":["https:\/\/blogdobispo.com.br\/?p=6006"]}]},{"@type":"ImageObject","inLanguage":"pt-BR","@id":"https:\/\/blogdobispo.com.br\/?p=6006#primaryimage","url":"http:\/\/blogdobispo.com.br\/wp-content\/uploads\/2025\/07\/1gRdd8kQfWBslgnhTt59KwEx3p0q5S6Pz831IkYl-1-scaled.jpg","contentUrl":"http:\/\/blogdobispo.com.br\/wp-content\/uploads\/2025\/07\/1gRdd8kQfWBslgnhTt59KwEx3p0q5S6Pz831IkYl-1-scaled.jpg"},{"@type":"BreadcrumbList","@id":"https:\/\/blogdobispo.com.br\/?p=6006#breadcrumb","itemListElement":[{"@type":"ListItem","position":1,"name":"In\u00edcio","item":"https:\/\/blogdobispo.com.br\/"},{"@type":"ListItem","position":2,"name":"Escola da Assembleia promove capacita\u00e7\u00e3o em projetos para servidores"}]},{"@type":"WebSite","@id":"https:\/\/blogdobispo.com.br\/#website","url":"https:\/\/blogdobispo.com.br\/","name":"Blog do Bispo","description":"Comprometido apenas com o leitor","publisher":{"@id":"https:\/\/blogdobispo.com.br\/#organization"},"potentialAction":[{"@type":"SearchAction","target":{"@type":"EntryPoint","urlTemplate":"https:\/\/blogdobispo.com.br\/?s={search_term_string}"},"query-input":{"@type":"PropertyValueSpecification","valueRequired":true,"valueName":"search_term_string"}}],"inLanguage":"pt-BR"},{"@type":"Organization","@id":"https:\/\/blogdobispo.com.br\/#organization","name":"Blog do Bispo","url":"https:\/\/blogdobispo.com.br\/","logo":{"@type":"ImageObject","inLanguage":"pt-BR","@id":"https:\/\/blogdobispo.com.br\/#\/schema\/logo\/image\/","url":"http:\/\/blogdobispo.com.br\/wp-content\/uploads\/2023\/05\/cropped-headear.png","contentUrl":"http:\/\/blogdobispo.com.br\/wp-content\/uploads\/2023\/05\/cropped-headear.png","width":1500,"height":399,"caption":"Blog do Bispo"},"image":{"@id":"https:\/\/blogdobispo.com.br\/#\/schema\/logo\/image\/"}},{"@type":"Person","@id":"https:\/\/blogdobispo.com.br\/#\/schema\/person\/e2209cc0e6cea5c5233d033e997b373f","name":"Jefferson Sterfeno","image":{"@type":"ImageObject","inLanguage":"pt-BR","@id":"https:\/\/blogdobispo.com.br\/#\/schema\/person\/image\/","url":"https:\/\/secure.gravatar.com\/avatar\/0534e84764641168a677026b6d57a3f51dc7ac4db0b4f6186d9cb330d4ee1160?s=96&d=mm&r=g","contentUrl":"https:\/\/secure.gravatar.com\/avatar\/0534e84764641168a677026b6d57a3f51dc7ac4db0b4f6186d9cb330d4ee1160?s=96&d=mm&r=g","caption":"Jefferson Sterfeno"},"sameAs":["http:\/\/blogdobispo.com.br"],"url":"https:\/\/blogdobispo.com.br\/?author=1"}]}},"featured_image_urls":{"full":"","thumbnail":"","medium":"","medium_large":"","large":"","1536x1536":"","2048x2048":""},"author_info":{"display_name":"Jefferson Sterfeno","author_link":"https:\/\/blogdobispo.com.br\/?author=1"},"category_info":"<a href=\"https:\/\/blogdobispo.com.br\/?cat=1\" rel=\"category\">diversos<\/a>","tag_info":"diversos","comment_count":"0","jetpack_featured_media_url":"","jetpack_sharing_enabled":true,"_links":{"self":[{"href":"https:\/\/blogdobispo.com.br\/index.php?rest_route=\/wp\/v2\/posts\/6006","targetHints":{"allow":["GET"]}}],"collection":[{"href":"https:\/\/blogdobispo.com.br\/index.php?rest_route=\/wp\/v2\/posts"}],"about":[{"href":"https:\/\/blogdobispo.com.br\/index.php?rest_route=\/wp\/v2\/types\/post"}],"author":[{"embeddable":true,"href":"https:\/\/blogdobispo.com.br\/index.php?rest_route=\/wp\/v2\/users\/1"}],"replies":[{"embeddable":true,"href":"https:\/\/blogdobispo.com.br\/index.php?rest_route=%2Fwp%2Fv2%2Fcomments&post=6006"}],"version-history":[{"count":1,"href":"https:\/\/blogdobispo.com.br\/index.php?rest_route=\/wp\/v2\/posts\/6006\/revisions"}],"predecessor-version":[{"id":6008,"href":"https:\/\/blogdobispo.com.br\/index.php?rest_route=\/wp\/v2\/posts\/6006\/revisions\/6008"}],"wp:attachment":[{"href":"https:\/\/blogdobispo.com.br\/index.php?rest_route=%2Fwp%2Fv2%2Fmedia&parent=6006"}],"wp:term":[{"taxonomy":"category","embeddable":true,"href":"https:\/\/blogdobispo.com.br\/index.php?rest_route=%2Fwp%2Fv2%2Fcategories&post=6006"},{"taxonomy":"post_tag","embeddable":true,"href":"https:\/\/blogdobispo.com.br\/index.php?rest_route=%2Fwp%2Fv2%2Ftags&post=6006"}],"curies":[{"name":"wp","href":"https:\/\/api.w.org\/{rel}","templated":true}]}}