{"id":6003,"date":"2025-07-18T12:59:51","date_gmt":"2025-07-18T12:59:51","guid":{"rendered":"https:\/\/blogdobispo.com.br\/?p=6003"},"modified":"2025-07-18T12:59:52","modified_gmt":"2025-07-18T12:59:52","slug":"prefeitura-do-natal-ja-modernizou-85-da-iluminacao-publica-com-tecnologia-led","status":"publish","type":"post","link":"https:\/\/blogdobispo.com.br\/?p=6003","title":{"rendered":"Prefeitura do Natal j\u00e1 modernizou 85% da ilumina\u00e7\u00e3o p\u00fablica com tecnologia LED"},"content":{"rendered":"\n<p>A Prefeitura do Natal&nbsp;alcan\u00e7ou um marco expressivo na moderniza\u00e7\u00e3o da infraestrutura urbana: 85% do parque de ilumina\u00e7\u00e3o p\u00fablica da capital potiguar j\u00e1 conta com tecnologia LED, proporcionando mais seguran\u00e7a, economia e efici\u00eancia energ\u00e9tica para a popula\u00e7\u00e3o.<\/p>\n\n\n\n<p>Coordenada pela Secretaria Municipal de Servi\u00e7os Urbanos (Semsur), a moderniza\u00e7\u00e3o da rede resultou na instala\u00e7\u00e3o de 34.640 novas lumin\u00e1rias apenas no primeiro semestre de 2025, totalizando 52.489 equipamentos desde o in\u00edcio do projeto. A iniciativa integra o plano estrat\u00e9gico da Prefeitura e j\u00e1 se consolida como uma das mais abrangentes a\u00e7\u00f5es de requalifica\u00e7\u00e3o urbana em curso na cidade.<br><br>O prefeito Paulinho Freire ressaltou&nbsp;que o investimento em ilumina\u00e7\u00e3o&nbsp;\u00e9 uma das&nbsp;prioridades da sua gest\u00e3o. \u201cNossa miss\u00e3o \u00e9 entregar \u00e0 popula\u00e7\u00e3o uma cidade mais moderna e segura. Esse \u00e9 apenas o come\u00e7o de um esfor\u00e7o amplo para garantir que Natal tenha a melhor infraestrutura\u201d, afirmou.<\/p>\n\n\n\n<p>Para o secret\u00e1rio municipal de Servi\u00e7os Urbanos, Felipe Alves, a renova\u00e7\u00e3o do parque de ilumina\u00e7\u00e3o potiguar \u00e9 uma pol\u00edtica p\u00fablica essencial para o desenvolvimento urbano e sustent\u00e1vel. &#8220;Ao ampliar a sensa\u00e7\u00e3o de seguran\u00e7a e valorizar os espa\u00e7os urbanos, melhoramos a qualidade de vida dos natalenses. Al\u00e9m disso, reduzimos o consumo de energia, a necessidade de manuten\u00e7\u00e3o e aumentamos a durabilidade. Nosso trabalho segue em ritmo acelerado. A meta \u00e9 alcan\u00e7ar 100% de cobertura em toda a cidade\u201d, enfatizou&nbsp;o gestor.<\/p>\n\n\n\n<p>A distribui\u00e7\u00e3o das lumin\u00e1rias tem alcan\u00e7ado todas as zonas administrativas da cidade de forma planejada e equilibrada. A Zona Norte recebeu os maiores volumes de instala\u00e7\u00e3o:&nbsp;Nossa Senhora da Apresenta\u00e7\u00e3o, com 4.105 lumin\u00e1rias, seguido por Paju\u00e7ara (3.662), Lagoa Azul (3.010) e Potengi (2.684). Na Zona Sul, os bairros Ponta Negra (1.761), Lagoa Nova (1.757) e Ne\u00f3polis (1.121) receberam as maiores quantidades.&nbsp;<\/p>\n\n\n\n<p>J\u00e1 na Zona Oeste, o maior n\u00famero de lumin\u00e1rias foi registrado no Planalto, com 1.756 pontos de luz, al\u00e9m de Felipe Camar\u00e3o (1.373) e Guarapes (726). Na Zona Leste, os bairros contemplados com maior n\u00famero de instala\u00e7\u00f5es foram Alecrim (903), Tirol (474) e Cidade Alta (325).<\/p>\n\n\n\n<p>Al\u00e9m dos bairros, a moderniza\u00e7\u00e3o abrange corredores vi\u00e1rios estrat\u00e9gicos, como as avenidas Roberto Freire, Ayrton Senna, Jo\u00e3o Medeiros Filho, Moema Tinoco e Rota do Sol, garantindo visibilidade e seguran\u00e7a tamb\u00e9m nos principais eixos de mobilidade urbana.<\/p>\n\n\n\n<p>A maior parte das novas lumin\u00e1rias implantadas tem pot\u00eancia de 80W (21.536 unidades), seguidas por modelos de 150W (12.174) e 200W (920), dimensionadas conforme o porte da via e a necessidade de ilumina\u00e7\u00e3o.<\/p>\n\n\n\n<p>O avan\u00e7o demonstra o compromisso da Prefeitura com o desenvolvimento urbano sustent\u00e1vel, a redu\u00e7\u00e3o de custos p\u00fablicos, a efici\u00eancia energ\u00e9tica e a melhoria da qualidade de vida da popula\u00e7\u00e3o.<\/p>\n\n\n\n<figure class=\"wp-block-image\"><img data-recalc-dims=\"1\" fetchpriority=\"high\" decoding=\"async\" width=\"800\" height=\"533\" src=\"https:\/\/i0.wp.com\/blogdobispo.com.br\/wp-content\/uploads\/2025\/07\/42865_Original.jpeg?resize=800%2C533\" alt=\"\" class=\"wp-image-6004\" srcset=\"https:\/\/i0.wp.com\/blogdobispo.com.br\/wp-content\/uploads\/2025\/07\/42865_Original.jpeg?w=2560&amp;ssl=1 2560w, https:\/\/i0.wp.com\/blogdobispo.com.br\/wp-content\/uploads\/2025\/07\/42865_Original.jpeg?resize=300%2C200&amp;ssl=1 300w, https:\/\/i0.wp.com\/blogdobispo.com.br\/wp-content\/uploads\/2025\/07\/42865_Original.jpeg?resize=1024%2C682&amp;ssl=1 1024w, https:\/\/i0.wp.com\/blogdobispo.com.br\/wp-content\/uploads\/2025\/07\/42865_Original.jpeg?resize=768%2C512&amp;ssl=1 768w, https:\/\/i0.wp.com\/blogdobispo.com.br\/wp-content\/uploads\/2025\/07\/42865_Original.jpeg?resize=1536%2C1024&amp;ssl=1 1536w, https:\/\/i0.wp.com\/blogdobispo.com.br\/wp-content\/uploads\/2025\/07\/42865_Original.jpeg?resize=2048%2C1365&amp;ssl=1 2048w, https:\/\/i0.wp.com\/blogdobispo.com.br\/wp-content\/uploads\/2025\/07\/42865_Original.jpeg?w=1600 1600w, https:\/\/i0.wp.com\/blogdobispo.com.br\/wp-content\/uploads\/2025\/07\/42865_Original.jpeg?w=2400 2400w\" sizes=\"(max-width: 800px) 100vw, 800px\" \/><\/figure>\n","protected":false},"excerpt":{"rendered":"<p>A Prefeitura do Natal&nbsp;alcan\u00e7ou um marco expressivo na moderniza\u00e7\u00e3o da infraestrutura urbana: 85% do parque de ilumina\u00e7\u00e3o p\u00fablica da capital potiguar j\u00e1 conta com tecnologia LED, proporcionando mais seguran\u00e7a, economia e efici\u00eancia energ\u00e9tica para a popula\u00e7\u00e3o. Coordenada pela Secretaria Municipal de Servi\u00e7os Urbanos (Semsur), a moderniza\u00e7\u00e3o da rede resultou na instala\u00e7\u00e3o de 34.640 novas lumin\u00e1rias [&hellip;]<\/p>\n","protected":false},"author":1,"featured_media":0,"comment_status":"open","ping_status":"open","sticky":false,"template":"","format":"standard","meta":{"cybocfi_hide_featured_image":"","_jetpack_memberships_contains_paid_content":false,"footnotes":""},"categories":[1],"tags":[],"class_list":["post-6003","post","type-post","status-publish","format-standard","hentry","category-diversos"],"yoast_head":"<!-- This site is optimized with the Yoast SEO plugin v25.6 - https:\/\/yoast.com\/wordpress\/plugins\/seo\/ -->\n<title>Prefeitura do Natal j\u00e1 modernizou 85% da ilumina\u00e7\u00e3o p\u00fablica com tecnologia LED - Blog do Bispo<\/title>\n<meta name=\"robots\" content=\"index, follow, max-snippet:-1, max-image-preview:large, max-video-preview:-1\" \/>\n<link rel=\"canonical\" href=\"https:\/\/blogdobispo.com.br\/?p=6003\" \/>\n<meta property=\"og:locale\" content=\"pt_BR\" \/>\n<meta property=\"og:type\" content=\"article\" \/>\n<meta property=\"og:title\" content=\"Prefeitura do Natal j\u00e1 modernizou 85% da ilumina\u00e7\u00e3o p\u00fablica com tecnologia LED - Blog do Bispo\" \/>\n<meta property=\"og:description\" content=\"A Prefeitura do Natal&nbsp;alcan\u00e7ou um marco expressivo na moderniza\u00e7\u00e3o da infraestrutura urbana: 85% do parque de ilumina\u00e7\u00e3o p\u00fablica da capital potiguar j\u00e1 conta com tecnologia LED, proporcionando mais seguran\u00e7a, economia e efici\u00eancia energ\u00e9tica para a popula\u00e7\u00e3o. Coordenada pela Secretaria Municipal de Servi\u00e7os Urbanos (Semsur), a moderniza\u00e7\u00e3o da rede resultou na instala\u00e7\u00e3o de 34.640 novas lumin\u00e1rias [&hellip;]\" \/>\n<meta property=\"og:url\" content=\"https:\/\/blogdobispo.com.br\/?p=6003\" \/>\n<meta property=\"og:site_name\" content=\"Blog do Bispo\" \/>\n<meta property=\"article:published_time\" content=\"2025-07-18T12:59:51+00:00\" \/>\n<meta property=\"article:modified_time\" content=\"2025-07-18T12:59:52+00:00\" \/>\n<meta property=\"og:image\" content=\"http:\/\/blogdobispo.com.br\/wp-content\/uploads\/2025\/07\/42865_Original.jpeg\" \/>\n<meta name=\"author\" content=\"Jefferson Sterfeno\" \/>\n<meta name=\"twitter:card\" content=\"summary_large_image\" \/>\n<meta name=\"twitter:label1\" content=\"Escrito por\" \/>\n\t<meta name=\"twitter:data1\" content=\"Jefferson Sterfeno\" \/>\n\t<meta name=\"twitter:label2\" content=\"Est. tempo de leitura\" \/>\n\t<meta name=\"twitter:data2\" content=\"3 minutos\" \/>\n<script type=\"application\/ld+json\" class=\"yoast-schema-graph\">{\"@context\":\"https:\/\/schema.org\",\"@graph\":[{\"@type\":\"Article\",\"@id\":\"https:\/\/blogdobispo.com.br\/?p=6003#article\",\"isPartOf\":{\"@id\":\"https:\/\/blogdobispo.com.br\/?p=6003\"},\"author\":{\"name\":\"Jefferson Sterfeno\",\"@id\":\"https:\/\/blogdobispo.com.br\/#\/schema\/person\/e2209cc0e6cea5c5233d033e997b373f\"},\"headline\":\"Prefeitura do Natal j\u00e1 modernizou 85% da ilumina\u00e7\u00e3o p\u00fablica com tecnologia LED\",\"datePublished\":\"2025-07-18T12:59:51+00:00\",\"dateModified\":\"2025-07-18T12:59:52+00:00\",\"mainEntityOfPage\":{\"@id\":\"https:\/\/blogdobispo.com.br\/?p=6003\"},\"wordCount\":486,\"commentCount\":0,\"publisher\":{\"@id\":\"https:\/\/blogdobispo.com.br\/#organization\"},\"image\":{\"@id\":\"https:\/\/blogdobispo.com.br\/?p=6003#primaryimage\"},\"thumbnailUrl\":\"http:\/\/blogdobispo.com.br\/wp-content\/uploads\/2025\/07\/42865_Original.jpeg\",\"articleSection\":[\"diversos\"],\"inLanguage\":\"pt-BR\",\"potentialAction\":[{\"@type\":\"CommentAction\",\"name\":\"Comment\",\"target\":[\"https:\/\/blogdobispo.com.br\/?p=6003#respond\"]}]},{\"@type\":\"WebPage\",\"@id\":\"https:\/\/blogdobispo.com.br\/?p=6003\",\"url\":\"https:\/\/blogdobispo.com.br\/?p=6003\",\"name\":\"Prefeitura do Natal j\u00e1 modernizou 85% da ilumina\u00e7\u00e3o p\u00fablica com tecnologia LED - Blog do Bispo\",\"isPartOf\":{\"@id\":\"https:\/\/blogdobispo.com.br\/#website\"},\"primaryImageOfPage\":{\"@id\":\"https:\/\/blogdobispo.com.br\/?p=6003#primaryimage\"},\"image\":{\"@id\":\"https:\/\/blogdobispo.com.br\/?p=6003#primaryimage\"},\"thumbnailUrl\":\"http:\/\/blogdobispo.com.br\/wp-content\/uploads\/2025\/07\/42865_Original.jpeg\",\"datePublished\":\"2025-07-18T12:59:51+00:00\",\"dateModified\":\"2025-07-18T12:59:52+00:00\",\"breadcrumb\":{\"@id\":\"https:\/\/blogdobispo.com.br\/?p=6003#breadcrumb\"},\"inLanguage\":\"pt-BR\",\"potentialAction\":[{\"@type\":\"ReadAction\",\"target\":[\"https:\/\/blogdobispo.com.br\/?p=6003\"]}]},{\"@type\":\"ImageObject\",\"inLanguage\":\"pt-BR\",\"@id\":\"https:\/\/blogdobispo.com.br\/?p=6003#primaryimage\",\"url\":\"http:\/\/blogdobispo.com.br\/wp-content\/uploads\/2025\/07\/42865_Original.jpeg\",\"contentUrl\":\"http:\/\/blogdobispo.com.br\/wp-content\/uploads\/2025\/07\/42865_Original.jpeg\"},{\"@type\":\"BreadcrumbList\",\"@id\":\"https:\/\/blogdobispo.com.br\/?p=6003#breadcrumb\",\"itemListElement\":[{\"@type\":\"ListItem\",\"position\":1,\"name\":\"In\u00edcio\",\"item\":\"https:\/\/blogdobispo.com.br\/\"},{\"@type\":\"ListItem\",\"position\":2,\"name\":\"Prefeitura do Natal j\u00e1 modernizou 85% da ilumina\u00e7\u00e3o p\u00fablica com tecnologia LED\"}]},{\"@type\":\"WebSite\",\"@id\":\"https:\/\/blogdobispo.com.br\/#website\",\"url\":\"https:\/\/blogdobispo.com.br\/\",\"name\":\"Blog do Bispo\",\"description\":\"Comprometido apenas com o leitor\",\"publisher\":{\"@id\":\"https:\/\/blogdobispo.com.br\/#organization\"},\"potentialAction\":[{\"@type\":\"SearchAction\",\"target\":{\"@type\":\"EntryPoint\",\"urlTemplate\":\"https:\/\/blogdobispo.com.br\/?s={search_term_string}\"},\"query-input\":{\"@type\":\"PropertyValueSpecification\",\"valueRequired\":true,\"valueName\":\"search_term_string\"}}],\"inLanguage\":\"pt-BR\"},{\"@type\":\"Organization\",\"@id\":\"https:\/\/blogdobispo.com.br\/#organization\",\"name\":\"Blog do Bispo\",\"url\":\"https:\/\/blogdobispo.com.br\/\",\"logo\":{\"@type\":\"ImageObject\",\"inLanguage\":\"pt-BR\",\"@id\":\"https:\/\/blogdobispo.com.br\/#\/schema\/logo\/image\/\",\"url\":\"http:\/\/blogdobispo.com.br\/wp-content\/uploads\/2023\/05\/cropped-headear.png\",\"contentUrl\":\"http:\/\/blogdobispo.com.br\/wp-content\/uploads\/2023\/05\/cropped-headear.png\",\"width\":1500,\"height\":399,\"caption\":\"Blog do Bispo\"},\"image\":{\"@id\":\"https:\/\/blogdobispo.com.br\/#\/schema\/logo\/image\/\"}},{\"@type\":\"Person\",\"@id\":\"https:\/\/blogdobispo.com.br\/#\/schema\/person\/e2209cc0e6cea5c5233d033e997b373f\",\"name\":\"Jefferson Sterfeno\",\"image\":{\"@type\":\"ImageObject\",\"inLanguage\":\"pt-BR\",\"@id\":\"https:\/\/blogdobispo.com.br\/#\/schema\/person\/image\/\",\"url\":\"https:\/\/secure.gravatar.com\/avatar\/0534e84764641168a677026b6d57a3f51dc7ac4db0b4f6186d9cb330d4ee1160?s=96&d=mm&r=g\",\"contentUrl\":\"https:\/\/secure.gravatar.com\/avatar\/0534e84764641168a677026b6d57a3f51dc7ac4db0b4f6186d9cb330d4ee1160?s=96&d=mm&r=g\",\"caption\":\"Jefferson Sterfeno\"},\"sameAs\":[\"http:\/\/blogdobispo.com.br\"],\"url\":\"https:\/\/blogdobispo.com.br\/?author=1\"}]}<\/script>\n<!-- \/ Yoast SEO plugin. -->","yoast_head_json":{"title":"Prefeitura do Natal j\u00e1 modernizou 85% da ilumina\u00e7\u00e3o p\u00fablica com tecnologia LED - Blog do Bispo","robots":{"index":"index","follow":"follow","max-snippet":"max-snippet:-1","max-image-preview":"max-image-preview:large","max-video-preview":"max-video-preview:-1"},"canonical":"https:\/\/blogdobispo.com.br\/?p=6003","og_locale":"pt_BR","og_type":"article","og_title":"Prefeitura do Natal j\u00e1 modernizou 85% da ilumina\u00e7\u00e3o p\u00fablica com tecnologia LED - Blog do Bispo","og_description":"A Prefeitura do Natal&nbsp;alcan\u00e7ou um marco expressivo na moderniza\u00e7\u00e3o da infraestrutura urbana: 85% do parque de ilumina\u00e7\u00e3o p\u00fablica da capital potiguar j\u00e1 conta com tecnologia LED, proporcionando mais seguran\u00e7a, economia e efici\u00eancia energ\u00e9tica para a popula\u00e7\u00e3o. Coordenada pela Secretaria Municipal de Servi\u00e7os Urbanos (Semsur), a moderniza\u00e7\u00e3o da rede resultou na instala\u00e7\u00e3o de 34.640 novas lumin\u00e1rias [&hellip;]","og_url":"https:\/\/blogdobispo.com.br\/?p=6003","og_site_name":"Blog do Bispo","article_published_time":"2025-07-18T12:59:51+00:00","article_modified_time":"2025-07-18T12:59:52+00:00","og_image":[{"url":"http:\/\/blogdobispo.com.br\/wp-content\/uploads\/2025\/07\/42865_Original.jpeg","type":"","width":"","height":""}],"author":"Jefferson Sterfeno","twitter_card":"summary_large_image","twitter_misc":{"Escrito por":"Jefferson Sterfeno","Est. tempo de leitura":"3 minutos"},"schema":{"@context":"https:\/\/schema.org","@graph":[{"@type":"Article","@id":"https:\/\/blogdobispo.com.br\/?p=6003#article","isPartOf":{"@id":"https:\/\/blogdobispo.com.br\/?p=6003"},"author":{"name":"Jefferson Sterfeno","@id":"https:\/\/blogdobispo.com.br\/#\/schema\/person\/e2209cc0e6cea5c5233d033e997b373f"},"headline":"Prefeitura do Natal j\u00e1 modernizou 85% da ilumina\u00e7\u00e3o p\u00fablica com tecnologia LED","datePublished":"2025-07-18T12:59:51+00:00","dateModified":"2025-07-18T12:59:52+00:00","mainEntityOfPage":{"@id":"https:\/\/blogdobispo.com.br\/?p=6003"},"wordCount":486,"commentCount":0,"publisher":{"@id":"https:\/\/blogdobispo.com.br\/#organization"},"image":{"@id":"https:\/\/blogdobispo.com.br\/?p=6003#primaryimage"},"thumbnailUrl":"http:\/\/blogdobispo.com.br\/wp-content\/uploads\/2025\/07\/42865_Original.jpeg","articleSection":["diversos"],"inLanguage":"pt-BR","potentialAction":[{"@type":"CommentAction","name":"Comment","target":["https:\/\/blogdobispo.com.br\/?p=6003#respond"]}]},{"@type":"WebPage","@id":"https:\/\/blogdobispo.com.br\/?p=6003","url":"https:\/\/blogdobispo.com.br\/?p=6003","name":"Prefeitura do Natal j\u00e1 modernizou 85% da ilumina\u00e7\u00e3o p\u00fablica com tecnologia LED - Blog do Bispo","isPartOf":{"@id":"https:\/\/blogdobispo.com.br\/#website"},"primaryImageOfPage":{"@id":"https:\/\/blogdobispo.com.br\/?p=6003#primaryimage"},"image":{"@id":"https:\/\/blogdobispo.com.br\/?p=6003#primaryimage"},"thumbnailUrl":"http:\/\/blogdobispo.com.br\/wp-content\/uploads\/2025\/07\/42865_Original.jpeg","datePublished":"2025-07-18T12:59:51+00:00","dateModified":"2025-07-18T12:59:52+00:00","breadcrumb":{"@id":"https:\/\/blogdobispo.com.br\/?p=6003#breadcrumb"},"inLanguage":"pt-BR","potentialAction":[{"@type":"ReadAction","target":["https:\/\/blogdobispo.com.br\/?p=6003"]}]},{"@type":"ImageObject","inLanguage":"pt-BR","@id":"https:\/\/blogdobispo.com.br\/?p=6003#primaryimage","url":"http:\/\/blogdobispo.com.br\/wp-content\/uploads\/2025\/07\/42865_Original.jpeg","contentUrl":"http:\/\/blogdobispo.com.br\/wp-content\/uploads\/2025\/07\/42865_Original.jpeg"},{"@type":"BreadcrumbList","@id":"https:\/\/blogdobispo.com.br\/?p=6003#breadcrumb","itemListElement":[{"@type":"ListItem","position":1,"name":"In\u00edcio","item":"https:\/\/blogdobispo.com.br\/"},{"@type":"ListItem","position":2,"name":"Prefeitura do Natal j\u00e1 modernizou 85% da ilumina\u00e7\u00e3o p\u00fablica com tecnologia LED"}]},{"@type":"WebSite","@id":"https:\/\/blogdobispo.com.br\/#website","url":"https:\/\/blogdobispo.com.br\/","name":"Blog do Bispo","description":"Comprometido apenas com o leitor","publisher":{"@id":"https:\/\/blogdobispo.com.br\/#organization"},"potentialAction":[{"@type":"SearchAction","target":{"@type":"EntryPoint","urlTemplate":"https:\/\/blogdobispo.com.br\/?s={search_term_string}"},"query-input":{"@type":"PropertyValueSpecification","valueRequired":true,"valueName":"search_term_string"}}],"inLanguage":"pt-BR"},{"@type":"Organization","@id":"https:\/\/blogdobispo.com.br\/#organization","name":"Blog do Bispo","url":"https:\/\/blogdobispo.com.br\/","logo":{"@type":"ImageObject","inLanguage":"pt-BR","@id":"https:\/\/blogdobispo.com.br\/#\/schema\/logo\/image\/","url":"http:\/\/blogdobispo.com.br\/wp-content\/uploads\/2023\/05\/cropped-headear.png","contentUrl":"http:\/\/blogdobispo.com.br\/wp-content\/uploads\/2023\/05\/cropped-headear.png","width":1500,"height":399,"caption":"Blog do Bispo"},"image":{"@id":"https:\/\/blogdobispo.com.br\/#\/schema\/logo\/image\/"}},{"@type":"Person","@id":"https:\/\/blogdobispo.com.br\/#\/schema\/person\/e2209cc0e6cea5c5233d033e997b373f","name":"Jefferson Sterfeno","image":{"@type":"ImageObject","inLanguage":"pt-BR","@id":"https:\/\/blogdobispo.com.br\/#\/schema\/person\/image\/","url":"https:\/\/secure.gravatar.com\/avatar\/0534e84764641168a677026b6d57a3f51dc7ac4db0b4f6186d9cb330d4ee1160?s=96&d=mm&r=g","contentUrl":"https:\/\/secure.gravatar.com\/avatar\/0534e84764641168a677026b6d57a3f51dc7ac4db0b4f6186d9cb330d4ee1160?s=96&d=mm&r=g","caption":"Jefferson Sterfeno"},"sameAs":["http:\/\/blogdobispo.com.br"],"url":"https:\/\/blogdobispo.com.br\/?author=1"}]}},"featured_image_urls":{"full":"","thumbnail":"","medium":"","medium_large":"","large":"","1536x1536":"","2048x2048":""},"author_info":{"display_name":"Jefferson Sterfeno","author_link":"https:\/\/blogdobispo.com.br\/?author=1"},"category_info":"<a href=\"https:\/\/blogdobispo.com.br\/?cat=1\" rel=\"category\">diversos<\/a>","tag_info":"diversos","comment_count":"0","jetpack_featured_media_url":"","jetpack_sharing_enabled":true,"_links":{"self":[{"href":"https:\/\/blogdobispo.com.br\/index.php?rest_route=\/wp\/v2\/posts\/6003","targetHints":{"allow":["GET"]}}],"collection":[{"href":"https:\/\/blogdobispo.com.br\/index.php?rest_route=\/wp\/v2\/posts"}],"about":[{"href":"https:\/\/blogdobispo.com.br\/index.php?rest_route=\/wp\/v2\/types\/post"}],"author":[{"embeddable":true,"href":"https:\/\/blogdobispo.com.br\/index.php?rest_route=\/wp\/v2\/users\/1"}],"replies":[{"embeddable":true,"href":"https:\/\/blogdobispo.com.br\/index.php?rest_route=%2Fwp%2Fv2%2Fcomments&post=6003"}],"version-history":[{"count":1,"href":"https:\/\/blogdobispo.com.br\/index.php?rest_route=\/wp\/v2\/posts\/6003\/revisions"}],"predecessor-version":[{"id":6005,"href":"https:\/\/blogdobispo.com.br\/index.php?rest_route=\/wp\/v2\/posts\/6003\/revisions\/6005"}],"wp:attachment":[{"href":"https:\/\/blogdobispo.com.br\/index.php?rest_route=%2Fwp%2Fv2%2Fmedia&parent=6003"}],"wp:term":[{"taxonomy":"category","embeddable":true,"href":"https:\/\/blogdobispo.com.br\/index.php?rest_route=%2Fwp%2Fv2%2Fcategories&post=6003"},{"taxonomy":"post_tag","embeddable":true,"href":"https:\/\/blogdobispo.com.br\/index.php?rest_route=%2Fwp%2Fv2%2Ftags&post=6003"}],"curies":[{"name":"wp","href":"https:\/\/api.w.org\/{rel}","templated":true}]}}