{"id":6000,"date":"2025-07-18T12:55:31","date_gmt":"2025-07-18T12:55:31","guid":{"rendered":"https:\/\/blogdobispo.com.br\/?p=6000"},"modified":"2025-07-18T12:55:33","modified_gmt":"2025-07-18T12:55:33","slug":"gestao-wolney-deixou-r-2-milhoes-em-divida-na-camara-de-parnamirim-revela-cesar","status":"publish","type":"post","link":"https:\/\/blogdobispo.com.br\/?p=6000","title":{"rendered":"Gest\u00e3o Wolney deixou R$ 2 milh\u00f5es em d\u00edvida na C\u00e2mara de Parnamirim, revela C\u00e9sar"},"content":{"rendered":"\n<p>O presidente da C\u00e2mara Municipal de Parnamirim, vereador Dr. C\u00e9sar Maia (MDB), reagiu aos ataques que tem recebido nos \u00faltimos dias e revelou nesta quinta-feira 17 que, ao assumir a gest\u00e3o da Casa em 1\u00ba de janeiro deste ano, encontrou a C\u00e2mara com aproximadamente R$ 2 milh\u00f5es em d\u00edvidas, incluindo folhas do INSS em atraso e pend\u00eancias com fornecedores.<\/p>\n\n\n\n<p>\u201cEu, quando assumi a presid\u00eancia da C\u00e2mara Municipal, fiz quest\u00e3o de n\u00e3o dar nenhuma declara\u00e7\u00e3o p\u00fablica a respeito de como herdei, de como a nova Mesa Diretora herdou a C\u00e2mara. Mas, diante dos fatos que t\u00eam acontecido na cidade, das publicidades, das batidas que a Mesa Diretora tem levado, achei de bom tom vir a plen\u00e1rio para fazer o que a gente prop\u00f4s a fazer: uma gest\u00e3o transparente\u201d, afirmou o presidente.<\/p>\n\n\n\n<p>As falas de C\u00e9sar Maia ocorreram durante a \u00faltima sess\u00e3o da C\u00e2mara no 1\u00ba semestre legislativo de 2025. Agora, os vereadores entram em recesso parlamentar, retomando as atividade em 1\u00ba de agosto. A fala do presidente da C\u00e2mara ocorreu ap\u00f3s ele ter recebido cr\u00edticas e ataques nas redes sociais.<\/p>\n\n\n\n<p>Nos bastidores, a fala foi vista como um recado a interlocutores do ex-presidente da Casa, o vereador licenciado Wolney Fran\u00e7a (PSDB), que atualmente \u00e9 secret\u00e1rio municipal de Tributa\u00e7\u00e3o em Parnamirim.<\/p>\n\n\n\n<p>Segundo C\u00e9sar Maia, as d\u00edvidas n\u00e3o chegaram a paralisar o funcionamento da Casa, mas exigiram medidas imediatas para preservar a credibilidade institucional e garantir o recebimento regular do duod\u00e9cimo constitucional. \u201cCom cuidado e zelo com o recurso p\u00fablico, estamos conseguindo fazer parcelamentos e quitar todas as contas atrasadas da C\u00e2mara Municipal. Parcelamos, com muitos juros, inclusive, mas para que possamos ter a C\u00e2mara com o nome limpo e continuar recebendo o duod\u00e9cimo\u201d, explicou.<\/p>\n\n\n\n<p>Dr. C\u00e9sar tamb\u00e9m destacou que, poucos dias ap\u00f3s a posse, a nova Mesa Diretora precisou lidar com uma folha de pagamento de terceirizados que havia sido deixada em aberto. \u201cNo dia 4 de janeiro, tr\u00eas dias ap\u00f3s a posse, j\u00e1 t\u00ednhamos uma folha salarial atrasada dos nossos terceirizados. Com muita sensibilidade, empatia e zelo, conseguimos \u2014 mesmo sem ter nada empenhado na conta da C\u00e2mara \u2014 junto aos fornecedores, quitar e pagar a folha salarial que estava atrasada\u201d, relatou.<\/p>\n\n\n\n<p>Apesar do cen\u00e1rio adverso, o presidente destacou que a C\u00e2mara vem conseguindo manter o equil\u00edbrio financeiro e adotar medidas de economia. Como exemplo, citou a redu\u00e7\u00e3o de mais de R$ 200 mil nas despesas com buffet em compara\u00e7\u00e3o com o mesmo per\u00edodo do ano passado e um corte de 20% no consumo de materiais de expediente.<\/p>\n\n\n\n<p>\u201cMesmo aumentando o n\u00famero de vereadores, gabinetes, servidores \u2014 que convocamos do \u00faltimo concurso e dos gabinetes \u2014 n\u00f3s somos uma C\u00e2mara produtiva, sustent\u00e1vel e, principalmente, respons\u00e1vel. A prova disso \u00e9 que, mesmo aumentando o n\u00famero de gabinetes e servidores, reduzimos em 20% o consumo de material de expediente\u201d, disse o presidente da C\u00e2mara, citando que Parnamirim passou de 18 para 21 vereadores na atual legislatura.<\/p>\n\n\n\n<p>O parlamentar tamb\u00e9m lembrou dificuldades enfrentadas logo no in\u00edcio da gest\u00e3o, como a necessidade de contratar servi\u00e7os emergencialmente para reparar danos causados por fortes chuvas na estrutura da sede do Legislativo.<\/p>\n\n\n\n<p>\u201cNa primeira quinzena da nossa legislatura, tamb\u00e9m enfrentamos dificuldade. Na grande chuva que teve em Parnamirim, tivemos o servidor (da parte de tecnologia) danificado, o telhado da C\u00e2mara (tamb\u00e9m). Precisamos fazer uma contrata\u00e7\u00e3o emergencial, que comprometeu a parte financeira da C\u00e2mara porque n\u00e3o era algo previsto. Mas cumprimos com nossa obriga\u00e7\u00e3o e estamos quitando todas as d\u00edvidas\u201d, destacou C\u00e9sar Maia.<\/p>\n\n\n\n<p>Outro problema herdado, segundo Dr. C\u00e9sar, foi a reforma inacabada da sede da C\u00e2mara, o que obrigou a gest\u00e3o atual a concluir obras e comprar mobili\u00e1rio para os gabinetes dos novos vereadores. Apesar disso, ele refor\u00e7ou que todos os contratos atuais passaram por revis\u00e3o, gerando novas redu\u00e7\u00f5es de custos. \u201cEu gostaria de dizer que a gente tem muita responsabilidade com o recurso p\u00fablico. A C\u00e2mara tem feito hist\u00f3ria\u201d, acrescentou.<\/p>\n\n\n\n<p>Agora RN<\/p>\n\n\n\n<figure class=\"wp-block-image\"><img data-recalc-dims=\"1\" fetchpriority=\"high\" decoding=\"async\" width=\"800\" height=\"451\" src=\"https:\/\/i0.wp.com\/blogdobispo.com.br\/wp-content\/uploads\/2025\/07\/Cesar-Maia-1-830x468.jpg.webp?resize=800%2C451\" alt=\"\" class=\"wp-image-6001\" srcset=\"https:\/\/i0.wp.com\/blogdobispo.com.br\/wp-content\/uploads\/2025\/07\/Cesar-Maia-1-830x468.jpg.webp?w=830&amp;ssl=1 830w, https:\/\/i0.wp.com\/blogdobispo.com.br\/wp-content\/uploads\/2025\/07\/Cesar-Maia-1-830x468.jpg.webp?resize=300%2C169&amp;ssl=1 300w, https:\/\/i0.wp.com\/blogdobispo.com.br\/wp-content\/uploads\/2025\/07\/Cesar-Maia-1-830x468.jpg.webp?resize=768%2C433&amp;ssl=1 768w\" sizes=\"(max-width: 800px) 100vw, 800px\" \/><\/figure>\n","protected":false},"excerpt":{"rendered":"<p>O presidente da C\u00e2mara Municipal de Parnamirim, vereador Dr. C\u00e9sar Maia (MDB), reagiu aos ataques que tem recebido nos \u00faltimos dias e revelou nesta quinta-feira 17 que, ao assumir a gest\u00e3o da Casa em 1\u00ba de janeiro deste ano, encontrou a C\u00e2mara com aproximadamente R$ 2 milh\u00f5es em d\u00edvidas, incluindo folhas do INSS em atraso [&hellip;]<\/p>\n","protected":false},"author":1,"featured_media":0,"comment_status":"open","ping_status":"open","sticky":false,"template":"","format":"standard","meta":{"cybocfi_hide_featured_image":"","_jetpack_memberships_contains_paid_content":false,"footnotes":""},"categories":[1],"tags":[],"class_list":["post-6000","post","type-post","status-publish","format-standard","hentry","category-diversos"],"yoast_head":"<!-- This site is optimized with the Yoast SEO plugin v25.6 - https:\/\/yoast.com\/wordpress\/plugins\/seo\/ -->\n<title>Gest\u00e3o Wolney deixou R$ 2 milh\u00f5es em d\u00edvida na C\u00e2mara de Parnamirim, revela C\u00e9sar - Blog do Bispo<\/title>\n<meta name=\"robots\" content=\"index, follow, max-snippet:-1, max-image-preview:large, max-video-preview:-1\" \/>\n<link rel=\"canonical\" href=\"https:\/\/blogdobispo.com.br\/?p=6000\" \/>\n<meta property=\"og:locale\" content=\"pt_BR\" \/>\n<meta property=\"og:type\" content=\"article\" \/>\n<meta property=\"og:title\" content=\"Gest\u00e3o Wolney deixou R$ 2 milh\u00f5es em d\u00edvida na C\u00e2mara de Parnamirim, revela C\u00e9sar - Blog do Bispo\" \/>\n<meta property=\"og:description\" content=\"O presidente da C\u00e2mara Municipal de Parnamirim, vereador Dr. C\u00e9sar Maia (MDB), reagiu aos ataques que tem recebido nos \u00faltimos dias e revelou nesta quinta-feira 17 que, ao assumir a gest\u00e3o da Casa em 1\u00ba de janeiro deste ano, encontrou a C\u00e2mara com aproximadamente R$ 2 milh\u00f5es em d\u00edvidas, incluindo folhas do INSS em atraso [&hellip;]\" \/>\n<meta property=\"og:url\" content=\"https:\/\/blogdobispo.com.br\/?p=6000\" \/>\n<meta property=\"og:site_name\" content=\"Blog do Bispo\" \/>\n<meta property=\"article:published_time\" content=\"2025-07-18T12:55:31+00:00\" \/>\n<meta property=\"article:modified_time\" content=\"2025-07-18T12:55:33+00:00\" \/>\n<meta property=\"og:image\" content=\"http:\/\/blogdobispo.com.br\/wp-content\/uploads\/2025\/07\/Cesar-Maia-1-830x468.jpg.webp\" \/>\n<meta name=\"author\" content=\"Jefferson Sterfeno\" \/>\n<meta name=\"twitter:card\" content=\"summary_large_image\" \/>\n<meta name=\"twitter:label1\" content=\"Escrito por\" \/>\n\t<meta name=\"twitter:data1\" content=\"Jefferson Sterfeno\" \/>\n\t<meta name=\"twitter:label2\" content=\"Est. tempo de leitura\" \/>\n\t<meta name=\"twitter:data2\" content=\"4 minutos\" \/>\n<script type=\"application\/ld+json\" class=\"yoast-schema-graph\">{\"@context\":\"https:\/\/schema.org\",\"@graph\":[{\"@type\":\"Article\",\"@id\":\"https:\/\/blogdobispo.com.br\/?p=6000#article\",\"isPartOf\":{\"@id\":\"https:\/\/blogdobispo.com.br\/?p=6000\"},\"author\":{\"name\":\"Jefferson Sterfeno\",\"@id\":\"https:\/\/blogdobispo.com.br\/#\/schema\/person\/e2209cc0e6cea5c5233d033e997b373f\"},\"headline\":\"Gest\u00e3o Wolney deixou R$ 2 milh\u00f5es em d\u00edvida na C\u00e2mara de Parnamirim, revela C\u00e9sar\",\"datePublished\":\"2025-07-18T12:55:31+00:00\",\"dateModified\":\"2025-07-18T12:55:33+00:00\",\"mainEntityOfPage\":{\"@id\":\"https:\/\/blogdobispo.com.br\/?p=6000\"},\"wordCount\":723,\"commentCount\":0,\"publisher\":{\"@id\":\"https:\/\/blogdobispo.com.br\/#organization\"},\"image\":{\"@id\":\"https:\/\/blogdobispo.com.br\/?p=6000#primaryimage\"},\"thumbnailUrl\":\"http:\/\/blogdobispo.com.br\/wp-content\/uploads\/2025\/07\/Cesar-Maia-1-830x468.jpg.webp\",\"articleSection\":[\"diversos\"],\"inLanguage\":\"pt-BR\",\"potentialAction\":[{\"@type\":\"CommentAction\",\"name\":\"Comment\",\"target\":[\"https:\/\/blogdobispo.com.br\/?p=6000#respond\"]}]},{\"@type\":\"WebPage\",\"@id\":\"https:\/\/blogdobispo.com.br\/?p=6000\",\"url\":\"https:\/\/blogdobispo.com.br\/?p=6000\",\"name\":\"Gest\u00e3o Wolney deixou R$ 2 milh\u00f5es em d\u00edvida na C\u00e2mara de Parnamirim, revela C\u00e9sar - Blog do Bispo\",\"isPartOf\":{\"@id\":\"https:\/\/blogdobispo.com.br\/#website\"},\"primaryImageOfPage\":{\"@id\":\"https:\/\/blogdobispo.com.br\/?p=6000#primaryimage\"},\"image\":{\"@id\":\"https:\/\/blogdobispo.com.br\/?p=6000#primaryimage\"},\"thumbnailUrl\":\"http:\/\/blogdobispo.com.br\/wp-content\/uploads\/2025\/07\/Cesar-Maia-1-830x468.jpg.webp\",\"datePublished\":\"2025-07-18T12:55:31+00:00\",\"dateModified\":\"2025-07-18T12:55:33+00:00\",\"breadcrumb\":{\"@id\":\"https:\/\/blogdobispo.com.br\/?p=6000#breadcrumb\"},\"inLanguage\":\"pt-BR\",\"potentialAction\":[{\"@type\":\"ReadAction\",\"target\":[\"https:\/\/blogdobispo.com.br\/?p=6000\"]}]},{\"@type\":\"ImageObject\",\"inLanguage\":\"pt-BR\",\"@id\":\"https:\/\/blogdobispo.com.br\/?p=6000#primaryimage\",\"url\":\"http:\/\/blogdobispo.com.br\/wp-content\/uploads\/2025\/07\/Cesar-Maia-1-830x468.jpg.webp\",\"contentUrl\":\"http:\/\/blogdobispo.com.br\/wp-content\/uploads\/2025\/07\/Cesar-Maia-1-830x468.jpg.webp\"},{\"@type\":\"BreadcrumbList\",\"@id\":\"https:\/\/blogdobispo.com.br\/?p=6000#breadcrumb\",\"itemListElement\":[{\"@type\":\"ListItem\",\"position\":1,\"name\":\"In\u00edcio\",\"item\":\"https:\/\/blogdobispo.com.br\/\"},{\"@type\":\"ListItem\",\"position\":2,\"name\":\"Gest\u00e3o Wolney deixou R$ 2 milh\u00f5es em d\u00edvida na C\u00e2mara de Parnamirim, revela C\u00e9sar\"}]},{\"@type\":\"WebSite\",\"@id\":\"https:\/\/blogdobispo.com.br\/#website\",\"url\":\"https:\/\/blogdobispo.com.br\/\",\"name\":\"Blog do Bispo\",\"description\":\"Comprometido apenas com o leitor\",\"publisher\":{\"@id\":\"https:\/\/blogdobispo.com.br\/#organization\"},\"potentialAction\":[{\"@type\":\"SearchAction\",\"target\":{\"@type\":\"EntryPoint\",\"urlTemplate\":\"https:\/\/blogdobispo.com.br\/?s={search_term_string}\"},\"query-input\":{\"@type\":\"PropertyValueSpecification\",\"valueRequired\":true,\"valueName\":\"search_term_string\"}}],\"inLanguage\":\"pt-BR\"},{\"@type\":\"Organization\",\"@id\":\"https:\/\/blogdobispo.com.br\/#organization\",\"name\":\"Blog do Bispo\",\"url\":\"https:\/\/blogdobispo.com.br\/\",\"logo\":{\"@type\":\"ImageObject\",\"inLanguage\":\"pt-BR\",\"@id\":\"https:\/\/blogdobispo.com.br\/#\/schema\/logo\/image\/\",\"url\":\"http:\/\/blogdobispo.com.br\/wp-content\/uploads\/2023\/05\/cropped-headear.png\",\"contentUrl\":\"http:\/\/blogdobispo.com.br\/wp-content\/uploads\/2023\/05\/cropped-headear.png\",\"width\":1500,\"height\":399,\"caption\":\"Blog do Bispo\"},\"image\":{\"@id\":\"https:\/\/blogdobispo.com.br\/#\/schema\/logo\/image\/\"}},{\"@type\":\"Person\",\"@id\":\"https:\/\/blogdobispo.com.br\/#\/schema\/person\/e2209cc0e6cea5c5233d033e997b373f\",\"name\":\"Jefferson Sterfeno\",\"image\":{\"@type\":\"ImageObject\",\"inLanguage\":\"pt-BR\",\"@id\":\"https:\/\/blogdobispo.com.br\/#\/schema\/person\/image\/\",\"url\":\"https:\/\/secure.gravatar.com\/avatar\/0534e84764641168a677026b6d57a3f51dc7ac4db0b4f6186d9cb330d4ee1160?s=96&d=mm&r=g\",\"contentUrl\":\"https:\/\/secure.gravatar.com\/avatar\/0534e84764641168a677026b6d57a3f51dc7ac4db0b4f6186d9cb330d4ee1160?s=96&d=mm&r=g\",\"caption\":\"Jefferson Sterfeno\"},\"sameAs\":[\"http:\/\/blogdobispo.com.br\"],\"url\":\"https:\/\/blogdobispo.com.br\/?author=1\"}]}<\/script>\n<!-- \/ Yoast SEO plugin. -->","yoast_head_json":{"title":"Gest\u00e3o Wolney deixou R$ 2 milh\u00f5es em d\u00edvida na C\u00e2mara de Parnamirim, revela C\u00e9sar - Blog do Bispo","robots":{"index":"index","follow":"follow","max-snippet":"max-snippet:-1","max-image-preview":"max-image-preview:large","max-video-preview":"max-video-preview:-1"},"canonical":"https:\/\/blogdobispo.com.br\/?p=6000","og_locale":"pt_BR","og_type":"article","og_title":"Gest\u00e3o Wolney deixou R$ 2 milh\u00f5es em d\u00edvida na C\u00e2mara de Parnamirim, revela C\u00e9sar - Blog do Bispo","og_description":"O presidente da C\u00e2mara Municipal de Parnamirim, vereador Dr. C\u00e9sar Maia (MDB), reagiu aos ataques que tem recebido nos \u00faltimos dias e revelou nesta quinta-feira 17 que, ao assumir a gest\u00e3o da Casa em 1\u00ba de janeiro deste ano, encontrou a C\u00e2mara com aproximadamente R$ 2 milh\u00f5es em d\u00edvidas, incluindo folhas do INSS em atraso [&hellip;]","og_url":"https:\/\/blogdobispo.com.br\/?p=6000","og_site_name":"Blog do Bispo","article_published_time":"2025-07-18T12:55:31+00:00","article_modified_time":"2025-07-18T12:55:33+00:00","og_image":[{"url":"http:\/\/blogdobispo.com.br\/wp-content\/uploads\/2025\/07\/Cesar-Maia-1-830x468.jpg.webp","type":"","width":"","height":""}],"author":"Jefferson Sterfeno","twitter_card":"summary_large_image","twitter_misc":{"Escrito por":"Jefferson Sterfeno","Est. tempo de leitura":"4 minutos"},"schema":{"@context":"https:\/\/schema.org","@graph":[{"@type":"Article","@id":"https:\/\/blogdobispo.com.br\/?p=6000#article","isPartOf":{"@id":"https:\/\/blogdobispo.com.br\/?p=6000"},"author":{"name":"Jefferson Sterfeno","@id":"https:\/\/blogdobispo.com.br\/#\/schema\/person\/e2209cc0e6cea5c5233d033e997b373f"},"headline":"Gest\u00e3o Wolney deixou R$ 2 milh\u00f5es em d\u00edvida na C\u00e2mara de Parnamirim, revela C\u00e9sar","datePublished":"2025-07-18T12:55:31+00:00","dateModified":"2025-07-18T12:55:33+00:00","mainEntityOfPage":{"@id":"https:\/\/blogdobispo.com.br\/?p=6000"},"wordCount":723,"commentCount":0,"publisher":{"@id":"https:\/\/blogdobispo.com.br\/#organization"},"image":{"@id":"https:\/\/blogdobispo.com.br\/?p=6000#primaryimage"},"thumbnailUrl":"http:\/\/blogdobispo.com.br\/wp-content\/uploads\/2025\/07\/Cesar-Maia-1-830x468.jpg.webp","articleSection":["diversos"],"inLanguage":"pt-BR","potentialAction":[{"@type":"CommentAction","name":"Comment","target":["https:\/\/blogdobispo.com.br\/?p=6000#respond"]}]},{"@type":"WebPage","@id":"https:\/\/blogdobispo.com.br\/?p=6000","url":"https:\/\/blogdobispo.com.br\/?p=6000","name":"Gest\u00e3o Wolney deixou R$ 2 milh\u00f5es em d\u00edvida na C\u00e2mara de Parnamirim, revela C\u00e9sar - Blog do Bispo","isPartOf":{"@id":"https:\/\/blogdobispo.com.br\/#website"},"primaryImageOfPage":{"@id":"https:\/\/blogdobispo.com.br\/?p=6000#primaryimage"},"image":{"@id":"https:\/\/blogdobispo.com.br\/?p=6000#primaryimage"},"thumbnailUrl":"http:\/\/blogdobispo.com.br\/wp-content\/uploads\/2025\/07\/Cesar-Maia-1-830x468.jpg.webp","datePublished":"2025-07-18T12:55:31+00:00","dateModified":"2025-07-18T12:55:33+00:00","breadcrumb":{"@id":"https:\/\/blogdobispo.com.br\/?p=6000#breadcrumb"},"inLanguage":"pt-BR","potentialAction":[{"@type":"ReadAction","target":["https:\/\/blogdobispo.com.br\/?p=6000"]}]},{"@type":"ImageObject","inLanguage":"pt-BR","@id":"https:\/\/blogdobispo.com.br\/?p=6000#primaryimage","url":"http:\/\/blogdobispo.com.br\/wp-content\/uploads\/2025\/07\/Cesar-Maia-1-830x468.jpg.webp","contentUrl":"http:\/\/blogdobispo.com.br\/wp-content\/uploads\/2025\/07\/Cesar-Maia-1-830x468.jpg.webp"},{"@type":"BreadcrumbList","@id":"https:\/\/blogdobispo.com.br\/?p=6000#breadcrumb","itemListElement":[{"@type":"ListItem","position":1,"name":"In\u00edcio","item":"https:\/\/blogdobispo.com.br\/"},{"@type":"ListItem","position":2,"name":"Gest\u00e3o Wolney deixou R$ 2 milh\u00f5es em d\u00edvida na C\u00e2mara de Parnamirim, revela C\u00e9sar"}]},{"@type":"WebSite","@id":"https:\/\/blogdobispo.com.br\/#website","url":"https:\/\/blogdobispo.com.br\/","name":"Blog do Bispo","description":"Comprometido apenas com o leitor","publisher":{"@id":"https:\/\/blogdobispo.com.br\/#organization"},"potentialAction":[{"@type":"SearchAction","target":{"@type":"EntryPoint","urlTemplate":"https:\/\/blogdobispo.com.br\/?s={search_term_string}"},"query-input":{"@type":"PropertyValueSpecification","valueRequired":true,"valueName":"search_term_string"}}],"inLanguage":"pt-BR"},{"@type":"Organization","@id":"https:\/\/blogdobispo.com.br\/#organization","name":"Blog do Bispo","url":"https:\/\/blogdobispo.com.br\/","logo":{"@type":"ImageObject","inLanguage":"pt-BR","@id":"https:\/\/blogdobispo.com.br\/#\/schema\/logo\/image\/","url":"http:\/\/blogdobispo.com.br\/wp-content\/uploads\/2023\/05\/cropped-headear.png","contentUrl":"http:\/\/blogdobispo.com.br\/wp-content\/uploads\/2023\/05\/cropped-headear.png","width":1500,"height":399,"caption":"Blog do Bispo"},"image":{"@id":"https:\/\/blogdobispo.com.br\/#\/schema\/logo\/image\/"}},{"@type":"Person","@id":"https:\/\/blogdobispo.com.br\/#\/schema\/person\/e2209cc0e6cea5c5233d033e997b373f","name":"Jefferson Sterfeno","image":{"@type":"ImageObject","inLanguage":"pt-BR","@id":"https:\/\/blogdobispo.com.br\/#\/schema\/person\/image\/","url":"https:\/\/secure.gravatar.com\/avatar\/0534e84764641168a677026b6d57a3f51dc7ac4db0b4f6186d9cb330d4ee1160?s=96&d=mm&r=g","contentUrl":"https:\/\/secure.gravatar.com\/avatar\/0534e84764641168a677026b6d57a3f51dc7ac4db0b4f6186d9cb330d4ee1160?s=96&d=mm&r=g","caption":"Jefferson Sterfeno"},"sameAs":["http:\/\/blogdobispo.com.br"],"url":"https:\/\/blogdobispo.com.br\/?author=1"}]}},"featured_image_urls":{"full":"","thumbnail":"","medium":"","medium_large":"","large":"","1536x1536":"","2048x2048":""},"author_info":{"display_name":"Jefferson Sterfeno","author_link":"https:\/\/blogdobispo.com.br\/?author=1"},"category_info":"<a href=\"https:\/\/blogdobispo.com.br\/?cat=1\" rel=\"category\">diversos<\/a>","tag_info":"diversos","comment_count":"0","jetpack_featured_media_url":"","jetpack_sharing_enabled":true,"_links":{"self":[{"href":"https:\/\/blogdobispo.com.br\/index.php?rest_route=\/wp\/v2\/posts\/6000","targetHints":{"allow":["GET"]}}],"collection":[{"href":"https:\/\/blogdobispo.com.br\/index.php?rest_route=\/wp\/v2\/posts"}],"about":[{"href":"https:\/\/blogdobispo.com.br\/index.php?rest_route=\/wp\/v2\/types\/post"}],"author":[{"embeddable":true,"href":"https:\/\/blogdobispo.com.br\/index.php?rest_route=\/wp\/v2\/users\/1"}],"replies":[{"embeddable":true,"href":"https:\/\/blogdobispo.com.br\/index.php?rest_route=%2Fwp%2Fv2%2Fcomments&post=6000"}],"version-history":[{"count":1,"href":"https:\/\/blogdobispo.com.br\/index.php?rest_route=\/wp\/v2\/posts\/6000\/revisions"}],"predecessor-version":[{"id":6002,"href":"https:\/\/blogdobispo.com.br\/index.php?rest_route=\/wp\/v2\/posts\/6000\/revisions\/6002"}],"wp:attachment":[{"href":"https:\/\/blogdobispo.com.br\/index.php?rest_route=%2Fwp%2Fv2%2Fmedia&parent=6000"}],"wp:term":[{"taxonomy":"category","embeddable":true,"href":"https:\/\/blogdobispo.com.br\/index.php?rest_route=%2Fwp%2Fv2%2Fcategories&post=6000"},{"taxonomy":"post_tag","embeddable":true,"href":"https:\/\/blogdobispo.com.br\/index.php?rest_route=%2Fwp%2Fv2%2Ftags&post=6000"}],"curies":[{"name":"wp","href":"https:\/\/api.w.org\/{rel}","templated":true}]}}