{"id":5967,"date":"2025-07-15T20:53:16","date_gmt":"2025-07-15T20:53:16","guid":{"rendered":"https:\/\/blogdobispo.com.br\/?p=5967"},"modified":"2025-07-15T20:53:17","modified_gmt":"2025-07-15T20:53:17","slug":"mp-pede-a-cassacao-do-mandato-de-allyson-bezerra-por-uso-da-maquina","status":"publish","type":"post","link":"https:\/\/blogdobispo.com.br\/?p=5967","title":{"rendered":"MP pede a cassa\u00e7\u00e3o do mandato de Allyson Bezerra por uso da m\u00e1quina"},"content":{"rendered":"\n<p>A Procuradoria Regional Eleitoral do Rio Grande do Norte emitiu parecer favor\u00e1vel \u00e0 cassa\u00e7\u00e3o do mandato do prefeito de Mossor\u00f3, Allyson Bezerra (Uni\u00e3o Brasil), por abuso de poder econ\u00f4mico nas elei\u00e7\u00f5es de 2020. O documento, referente ao recurso eleitoral n\u00ba 0600127-80.2024.6.20.0033, foi assinado eletronicamente pela procuradora regional eleitoral Clarisier Azevedo Cavalcante de Morais, foi protocolado \u00e0s 7h24 desta segunda-feira (14) e agora ser\u00e1 analisado pelo Tribunal Regional Eleitoral (TRE-RN).<\/p>\n\n\n\n<p>No parecer, a procuradora opina pela reforma parcial da senten\u00e7a de primeiro grau, que havia rejeitado a cassa\u00e7\u00e3o de Allyson, e sustenta que houve uso excessivo e desequilibrado da m\u00e1quina p\u00fablica para pagar, com dinheiro p\u00fablico, produ\u00e7\u00e3o de material na m\u00eddia em favor do ent\u00e3o candidato \u00e0 reelei\u00e7\u00e3o. Segundo ela, o volume de postagens e o alcance de perfis e sites ligados \u00e0 campanha geraram \u201cclaro desequil\u00edbrio da disputa eleitoral\u201d, favorecendo a constru\u00e7\u00e3o de uma imagem positiva do prefeito junto ao eleitorado.<\/p>\n\n\n\n<p>\u201cO conjunto probat\u00f3rio comprova que os investigados foram os benefici\u00e1rios do uso excessivo da internet, o que comprometeu objetivamente a igualdade de condi\u00e7\u00f5es entre os concorrentes\u201d, afirma o parecer.<\/p>\n\n\n\n<p>Em entrevista exclusiva ao Di\u00e1rio do RN, Clarisier Azevedo detalhou os fundamentos da sua manifesta\u00e7\u00e3o. \u201cForam v\u00e1rios fundamentos f\u00e1ticos e jur\u00eddicos. Em alguns casos, eu entendi que havia elementos suficientes. Em outros, entendi que houve cerceamento de defesa, como no caso do pedido de quebra de sigilo banc\u00e1rio que foi indeferido\u201d, explicou.<\/p>\n\n\n\n<p>Questionada se, com base nas provas, acredita que o mandato do prefeito deve ser cassado, ela afirmou:<\/p>\n\n\n\n<p>\u201cPor um dos fundamentos, eu entendi que havia provas suficientes. Tem outros que afastei. O parecer agora vai ao TRE, que vai julgar se acolhe o recurso. Se acolher o m\u00e9rito, pode haver a cassa\u00e7\u00e3o. Se acolher apenas a preliminar, o processo volta para o primeiro grau\u201d, complementa a procuradora de Justi\u00e7a.<\/p>\n\n\n\n<p>Segundo a representante do MP, houve clara instrumentaliza\u00e7\u00e3o da m\u00eddia em favor da promo\u00e7\u00e3o da candidatura e o seu conhecimento quanto \u00e0 propaga\u00e7\u00e3o de conte\u00fado em seu benef\u00edcio.<\/p>\n\n\n\n<p>\u201cEmbora n\u00e3o tenha sido poss\u00edvel demonstrar a extrapola\u00e7\u00e3o de limite de gastos com publicidade institucional ou o desvio de recursos p\u00fablicos no seu implemento, dada a j\u00e1 abordada limita\u00e7\u00e3o probat\u00f3ria, o fato \u00e9 que as postagens favor\u00e1veis divulgadas em rede social, com amplitude de perfis de largo alcance social, demonstram a constru\u00e7\u00e3o de uma imagem politicamente favor\u00e1vel dos investigados junto ao eleitorado, contribuindo para o refor\u00e7o de sua visibilidade em ambiente de disputa eleitoral, revelando a gravidade da conduta, com claro desequil\u00edbrio da disputa eleitoral (aspecto quantitativo)\u201d, observa a procuradora no parecer observando que o uso dos recursos da administra\u00e7\u00e3o municipal de Mossor\u00f3 levou ao benef\u00edcio eleitoral de Allyson Bezerra.<\/p>\n\n\n\n<p>Agora, caber\u00e1 ao plen\u00e1rio do TRE-RN julgar o recurso com base no parecer do Minist\u00e9rio P\u00fablico.<\/p>\n\n\n\n<p>A decis\u00e3o pode manter a senten\u00e7a original, cassar o mandato de Allyson Bezerra ou devolver o processo \u00e0 Zona Eleitoral de Mossor\u00f3 para novo julgamento com reabertura da instru\u00e7\u00e3o.<\/p>\n\n\n\n<p>Di\u00e1rio do RN<\/p>\n\n\n\n<figure class=\"wp-block-image\"><img data-recalc-dims=\"1\" fetchpriority=\"high\" decoding=\"async\" width=\"600\" height=\"400\" src=\"https:\/\/i0.wp.com\/blogdobispo.com.br\/wp-content\/uploads\/2025\/07\/dfhsdhsdh.jpeg?resize=600%2C400\" alt=\"\" class=\"wp-image-5968\" srcset=\"https:\/\/i0.wp.com\/blogdobispo.com.br\/wp-content\/uploads\/2025\/07\/dfhsdhsdh.jpeg?w=600&amp;ssl=1 600w, https:\/\/i0.wp.com\/blogdobispo.com.br\/wp-content\/uploads\/2025\/07\/dfhsdhsdh.jpeg?resize=300%2C200&amp;ssl=1 300w\" sizes=\"(max-width: 600px) 100vw, 600px\" \/><\/figure>\n","protected":false},"excerpt":{"rendered":"<p>A Procuradoria Regional Eleitoral do Rio Grande do Norte emitiu parecer favor\u00e1vel \u00e0 cassa\u00e7\u00e3o do mandato do prefeito de Mossor\u00f3, Allyson Bezerra (Uni\u00e3o Brasil), por abuso de poder econ\u00f4mico nas elei\u00e7\u00f5es de 2020. O documento, referente ao recurso eleitoral n\u00ba 0600127-80.2024.6.20.0033, foi assinado eletronicamente pela procuradora regional eleitoral Clarisier Azevedo Cavalcante de Morais, foi protocolado [&hellip;]<\/p>\n","protected":false},"author":1,"featured_media":0,"comment_status":"open","ping_status":"open","sticky":false,"template":"","format":"standard","meta":{"cybocfi_hide_featured_image":"","_jetpack_memberships_contains_paid_content":false,"footnotes":""},"categories":[1],"tags":[],"class_list":["post-5967","post","type-post","status-publish","format-standard","hentry","category-diversos"],"yoast_head":"<!-- This site is optimized with the Yoast SEO plugin v25.6 - https:\/\/yoast.com\/wordpress\/plugins\/seo\/ -->\n<title>MP pede a cassa\u00e7\u00e3o do mandato de Allyson Bezerra por uso da m\u00e1quina - Blog do Bispo<\/title>\n<meta name=\"robots\" content=\"index, follow, max-snippet:-1, max-image-preview:large, max-video-preview:-1\" \/>\n<link rel=\"canonical\" href=\"https:\/\/blogdobispo.com.br\/?p=5967\" \/>\n<meta property=\"og:locale\" content=\"pt_BR\" \/>\n<meta property=\"og:type\" content=\"article\" \/>\n<meta property=\"og:title\" content=\"MP pede a cassa\u00e7\u00e3o do mandato de Allyson Bezerra por uso da m\u00e1quina - Blog do Bispo\" \/>\n<meta property=\"og:description\" content=\"A Procuradoria Regional Eleitoral do Rio Grande do Norte emitiu parecer favor\u00e1vel \u00e0 cassa\u00e7\u00e3o do mandato do prefeito de Mossor\u00f3, Allyson Bezerra (Uni\u00e3o Brasil), por abuso de poder econ\u00f4mico nas elei\u00e7\u00f5es de 2020. O documento, referente ao recurso eleitoral n\u00ba 0600127-80.2024.6.20.0033, foi assinado eletronicamente pela procuradora regional eleitoral Clarisier Azevedo Cavalcante de Morais, foi protocolado [&hellip;]\" \/>\n<meta property=\"og:url\" content=\"https:\/\/blogdobispo.com.br\/?p=5967\" \/>\n<meta property=\"og:site_name\" content=\"Blog do Bispo\" \/>\n<meta property=\"article:published_time\" content=\"2025-07-15T20:53:16+00:00\" \/>\n<meta property=\"article:modified_time\" content=\"2025-07-15T20:53:17+00:00\" \/>\n<meta property=\"og:image\" content=\"http:\/\/blogdobispo.com.br\/wp-content\/uploads\/2025\/07\/dfhsdhsdh.jpeg\" \/>\n<meta name=\"author\" content=\"Jefferson Sterfeno\" \/>\n<meta name=\"twitter:card\" content=\"summary_large_image\" \/>\n<meta name=\"twitter:label1\" content=\"Escrito por\" \/>\n\t<meta name=\"twitter:data1\" content=\"Jefferson Sterfeno\" \/>\n\t<meta name=\"twitter:label2\" content=\"Est. tempo de leitura\" \/>\n\t<meta name=\"twitter:data2\" content=\"3 minutos\" \/>\n<script type=\"application\/ld+json\" class=\"yoast-schema-graph\">{\"@context\":\"https:\/\/schema.org\",\"@graph\":[{\"@type\":\"Article\",\"@id\":\"https:\/\/blogdobispo.com.br\/?p=5967#article\",\"isPartOf\":{\"@id\":\"https:\/\/blogdobispo.com.br\/?p=5967\"},\"author\":{\"name\":\"Jefferson Sterfeno\",\"@id\":\"https:\/\/blogdobispo.com.br\/#\/schema\/person\/e2209cc0e6cea5c5233d033e997b373f\"},\"headline\":\"MP pede a cassa\u00e7\u00e3o do mandato de Allyson Bezerra por uso da m\u00e1quina\",\"datePublished\":\"2025-07-15T20:53:16+00:00\",\"dateModified\":\"2025-07-15T20:53:17+00:00\",\"mainEntityOfPage\":{\"@id\":\"https:\/\/blogdobispo.com.br\/?p=5967\"},\"wordCount\":548,\"commentCount\":0,\"publisher\":{\"@id\":\"https:\/\/blogdobispo.com.br\/#organization\"},\"image\":{\"@id\":\"https:\/\/blogdobispo.com.br\/?p=5967#primaryimage\"},\"thumbnailUrl\":\"http:\/\/blogdobispo.com.br\/wp-content\/uploads\/2025\/07\/dfhsdhsdh.jpeg\",\"articleSection\":[\"diversos\"],\"inLanguage\":\"pt-BR\",\"potentialAction\":[{\"@type\":\"CommentAction\",\"name\":\"Comment\",\"target\":[\"https:\/\/blogdobispo.com.br\/?p=5967#respond\"]}]},{\"@type\":\"WebPage\",\"@id\":\"https:\/\/blogdobispo.com.br\/?p=5967\",\"url\":\"https:\/\/blogdobispo.com.br\/?p=5967\",\"name\":\"MP pede a cassa\u00e7\u00e3o do mandato de Allyson Bezerra por uso da m\u00e1quina - Blog do Bispo\",\"isPartOf\":{\"@id\":\"https:\/\/blogdobispo.com.br\/#website\"},\"primaryImageOfPage\":{\"@id\":\"https:\/\/blogdobispo.com.br\/?p=5967#primaryimage\"},\"image\":{\"@id\":\"https:\/\/blogdobispo.com.br\/?p=5967#primaryimage\"},\"thumbnailUrl\":\"http:\/\/blogdobispo.com.br\/wp-content\/uploads\/2025\/07\/dfhsdhsdh.jpeg\",\"datePublished\":\"2025-07-15T20:53:16+00:00\",\"dateModified\":\"2025-07-15T20:53:17+00:00\",\"breadcrumb\":{\"@id\":\"https:\/\/blogdobispo.com.br\/?p=5967#breadcrumb\"},\"inLanguage\":\"pt-BR\",\"potentialAction\":[{\"@type\":\"ReadAction\",\"target\":[\"https:\/\/blogdobispo.com.br\/?p=5967\"]}]},{\"@type\":\"ImageObject\",\"inLanguage\":\"pt-BR\",\"@id\":\"https:\/\/blogdobispo.com.br\/?p=5967#primaryimage\",\"url\":\"http:\/\/blogdobispo.com.br\/wp-content\/uploads\/2025\/07\/dfhsdhsdh.jpeg\",\"contentUrl\":\"http:\/\/blogdobispo.com.br\/wp-content\/uploads\/2025\/07\/dfhsdhsdh.jpeg\"},{\"@type\":\"BreadcrumbList\",\"@id\":\"https:\/\/blogdobispo.com.br\/?p=5967#breadcrumb\",\"itemListElement\":[{\"@type\":\"ListItem\",\"position\":1,\"name\":\"In\u00edcio\",\"item\":\"https:\/\/blogdobispo.com.br\/\"},{\"@type\":\"ListItem\",\"position\":2,\"name\":\"MP pede a cassa\u00e7\u00e3o do mandato de Allyson Bezerra por uso da m\u00e1quina\"}]},{\"@type\":\"WebSite\",\"@id\":\"https:\/\/blogdobispo.com.br\/#website\",\"url\":\"https:\/\/blogdobispo.com.br\/\",\"name\":\"Blog do Bispo\",\"description\":\"Comprometido apenas com o leitor\",\"publisher\":{\"@id\":\"https:\/\/blogdobispo.com.br\/#organization\"},\"potentialAction\":[{\"@type\":\"SearchAction\",\"target\":{\"@type\":\"EntryPoint\",\"urlTemplate\":\"https:\/\/blogdobispo.com.br\/?s={search_term_string}\"},\"query-input\":{\"@type\":\"PropertyValueSpecification\",\"valueRequired\":true,\"valueName\":\"search_term_string\"}}],\"inLanguage\":\"pt-BR\"},{\"@type\":\"Organization\",\"@id\":\"https:\/\/blogdobispo.com.br\/#organization\",\"name\":\"Blog do Bispo\",\"url\":\"https:\/\/blogdobispo.com.br\/\",\"logo\":{\"@type\":\"ImageObject\",\"inLanguage\":\"pt-BR\",\"@id\":\"https:\/\/blogdobispo.com.br\/#\/schema\/logo\/image\/\",\"url\":\"http:\/\/blogdobispo.com.br\/wp-content\/uploads\/2023\/05\/cropped-headear.png\",\"contentUrl\":\"http:\/\/blogdobispo.com.br\/wp-content\/uploads\/2023\/05\/cropped-headear.png\",\"width\":1500,\"height\":399,\"caption\":\"Blog do Bispo\"},\"image\":{\"@id\":\"https:\/\/blogdobispo.com.br\/#\/schema\/logo\/image\/\"}},{\"@type\":\"Person\",\"@id\":\"https:\/\/blogdobispo.com.br\/#\/schema\/person\/e2209cc0e6cea5c5233d033e997b373f\",\"name\":\"Jefferson Sterfeno\",\"image\":{\"@type\":\"ImageObject\",\"inLanguage\":\"pt-BR\",\"@id\":\"https:\/\/blogdobispo.com.br\/#\/schema\/person\/image\/\",\"url\":\"https:\/\/secure.gravatar.com\/avatar\/0534e84764641168a677026b6d57a3f51dc7ac4db0b4f6186d9cb330d4ee1160?s=96&d=mm&r=g\",\"contentUrl\":\"https:\/\/secure.gravatar.com\/avatar\/0534e84764641168a677026b6d57a3f51dc7ac4db0b4f6186d9cb330d4ee1160?s=96&d=mm&r=g\",\"caption\":\"Jefferson Sterfeno\"},\"sameAs\":[\"http:\/\/blogdobispo.com.br\"],\"url\":\"https:\/\/blogdobispo.com.br\/?author=1\"}]}<\/script>\n<!-- \/ Yoast SEO plugin. -->","yoast_head_json":{"title":"MP pede a cassa\u00e7\u00e3o do mandato de Allyson Bezerra por uso da m\u00e1quina - Blog do Bispo","robots":{"index":"index","follow":"follow","max-snippet":"max-snippet:-1","max-image-preview":"max-image-preview:large","max-video-preview":"max-video-preview:-1"},"canonical":"https:\/\/blogdobispo.com.br\/?p=5967","og_locale":"pt_BR","og_type":"article","og_title":"MP pede a cassa\u00e7\u00e3o do mandato de Allyson Bezerra por uso da m\u00e1quina - Blog do Bispo","og_description":"A Procuradoria Regional Eleitoral do Rio Grande do Norte emitiu parecer favor\u00e1vel \u00e0 cassa\u00e7\u00e3o do mandato do prefeito de Mossor\u00f3, Allyson Bezerra (Uni\u00e3o Brasil), por abuso de poder econ\u00f4mico nas elei\u00e7\u00f5es de 2020. O documento, referente ao recurso eleitoral n\u00ba 0600127-80.2024.6.20.0033, foi assinado eletronicamente pela procuradora regional eleitoral Clarisier Azevedo Cavalcante de Morais, foi protocolado [&hellip;]","og_url":"https:\/\/blogdobispo.com.br\/?p=5967","og_site_name":"Blog do Bispo","article_published_time":"2025-07-15T20:53:16+00:00","article_modified_time":"2025-07-15T20:53:17+00:00","og_image":[{"url":"http:\/\/blogdobispo.com.br\/wp-content\/uploads\/2025\/07\/dfhsdhsdh.jpeg","type":"","width":"","height":""}],"author":"Jefferson Sterfeno","twitter_card":"summary_large_image","twitter_misc":{"Escrito por":"Jefferson Sterfeno","Est. tempo de leitura":"3 minutos"},"schema":{"@context":"https:\/\/schema.org","@graph":[{"@type":"Article","@id":"https:\/\/blogdobispo.com.br\/?p=5967#article","isPartOf":{"@id":"https:\/\/blogdobispo.com.br\/?p=5967"},"author":{"name":"Jefferson Sterfeno","@id":"https:\/\/blogdobispo.com.br\/#\/schema\/person\/e2209cc0e6cea5c5233d033e997b373f"},"headline":"MP pede a cassa\u00e7\u00e3o do mandato de Allyson Bezerra por uso da m\u00e1quina","datePublished":"2025-07-15T20:53:16+00:00","dateModified":"2025-07-15T20:53:17+00:00","mainEntityOfPage":{"@id":"https:\/\/blogdobispo.com.br\/?p=5967"},"wordCount":548,"commentCount":0,"publisher":{"@id":"https:\/\/blogdobispo.com.br\/#organization"},"image":{"@id":"https:\/\/blogdobispo.com.br\/?p=5967#primaryimage"},"thumbnailUrl":"http:\/\/blogdobispo.com.br\/wp-content\/uploads\/2025\/07\/dfhsdhsdh.jpeg","articleSection":["diversos"],"inLanguage":"pt-BR","potentialAction":[{"@type":"CommentAction","name":"Comment","target":["https:\/\/blogdobispo.com.br\/?p=5967#respond"]}]},{"@type":"WebPage","@id":"https:\/\/blogdobispo.com.br\/?p=5967","url":"https:\/\/blogdobispo.com.br\/?p=5967","name":"MP pede a cassa\u00e7\u00e3o do mandato de Allyson Bezerra por uso da m\u00e1quina - Blog do Bispo","isPartOf":{"@id":"https:\/\/blogdobispo.com.br\/#website"},"primaryImageOfPage":{"@id":"https:\/\/blogdobispo.com.br\/?p=5967#primaryimage"},"image":{"@id":"https:\/\/blogdobispo.com.br\/?p=5967#primaryimage"},"thumbnailUrl":"http:\/\/blogdobispo.com.br\/wp-content\/uploads\/2025\/07\/dfhsdhsdh.jpeg","datePublished":"2025-07-15T20:53:16+00:00","dateModified":"2025-07-15T20:53:17+00:00","breadcrumb":{"@id":"https:\/\/blogdobispo.com.br\/?p=5967#breadcrumb"},"inLanguage":"pt-BR","potentialAction":[{"@type":"ReadAction","target":["https:\/\/blogdobispo.com.br\/?p=5967"]}]},{"@type":"ImageObject","inLanguage":"pt-BR","@id":"https:\/\/blogdobispo.com.br\/?p=5967#primaryimage","url":"http:\/\/blogdobispo.com.br\/wp-content\/uploads\/2025\/07\/dfhsdhsdh.jpeg","contentUrl":"http:\/\/blogdobispo.com.br\/wp-content\/uploads\/2025\/07\/dfhsdhsdh.jpeg"},{"@type":"BreadcrumbList","@id":"https:\/\/blogdobispo.com.br\/?p=5967#breadcrumb","itemListElement":[{"@type":"ListItem","position":1,"name":"In\u00edcio","item":"https:\/\/blogdobispo.com.br\/"},{"@type":"ListItem","position":2,"name":"MP pede a cassa\u00e7\u00e3o do mandato de Allyson Bezerra por uso da m\u00e1quina"}]},{"@type":"WebSite","@id":"https:\/\/blogdobispo.com.br\/#website","url":"https:\/\/blogdobispo.com.br\/","name":"Blog do Bispo","description":"Comprometido apenas com o leitor","publisher":{"@id":"https:\/\/blogdobispo.com.br\/#organization"},"potentialAction":[{"@type":"SearchAction","target":{"@type":"EntryPoint","urlTemplate":"https:\/\/blogdobispo.com.br\/?s={search_term_string}"},"query-input":{"@type":"PropertyValueSpecification","valueRequired":true,"valueName":"search_term_string"}}],"inLanguage":"pt-BR"},{"@type":"Organization","@id":"https:\/\/blogdobispo.com.br\/#organization","name":"Blog do Bispo","url":"https:\/\/blogdobispo.com.br\/","logo":{"@type":"ImageObject","inLanguage":"pt-BR","@id":"https:\/\/blogdobispo.com.br\/#\/schema\/logo\/image\/","url":"http:\/\/blogdobispo.com.br\/wp-content\/uploads\/2023\/05\/cropped-headear.png","contentUrl":"http:\/\/blogdobispo.com.br\/wp-content\/uploads\/2023\/05\/cropped-headear.png","width":1500,"height":399,"caption":"Blog do Bispo"},"image":{"@id":"https:\/\/blogdobispo.com.br\/#\/schema\/logo\/image\/"}},{"@type":"Person","@id":"https:\/\/blogdobispo.com.br\/#\/schema\/person\/e2209cc0e6cea5c5233d033e997b373f","name":"Jefferson Sterfeno","image":{"@type":"ImageObject","inLanguage":"pt-BR","@id":"https:\/\/blogdobispo.com.br\/#\/schema\/person\/image\/","url":"https:\/\/secure.gravatar.com\/avatar\/0534e84764641168a677026b6d57a3f51dc7ac4db0b4f6186d9cb330d4ee1160?s=96&d=mm&r=g","contentUrl":"https:\/\/secure.gravatar.com\/avatar\/0534e84764641168a677026b6d57a3f51dc7ac4db0b4f6186d9cb330d4ee1160?s=96&d=mm&r=g","caption":"Jefferson Sterfeno"},"sameAs":["http:\/\/blogdobispo.com.br"],"url":"https:\/\/blogdobispo.com.br\/?author=1"}]}},"featured_image_urls":{"full":"","thumbnail":"","medium":"","medium_large":"","large":"","1536x1536":"","2048x2048":""},"author_info":{"display_name":"Jefferson Sterfeno","author_link":"https:\/\/blogdobispo.com.br\/?author=1"},"category_info":"<a href=\"https:\/\/blogdobispo.com.br\/?cat=1\" rel=\"category\">diversos<\/a>","tag_info":"diversos","comment_count":"0","jetpack_featured_media_url":"","jetpack_sharing_enabled":true,"_links":{"self":[{"href":"https:\/\/blogdobispo.com.br\/index.php?rest_route=\/wp\/v2\/posts\/5967","targetHints":{"allow":["GET"]}}],"collection":[{"href":"https:\/\/blogdobispo.com.br\/index.php?rest_route=\/wp\/v2\/posts"}],"about":[{"href":"https:\/\/blogdobispo.com.br\/index.php?rest_route=\/wp\/v2\/types\/post"}],"author":[{"embeddable":true,"href":"https:\/\/blogdobispo.com.br\/index.php?rest_route=\/wp\/v2\/users\/1"}],"replies":[{"embeddable":true,"href":"https:\/\/blogdobispo.com.br\/index.php?rest_route=%2Fwp%2Fv2%2Fcomments&post=5967"}],"version-history":[{"count":1,"href":"https:\/\/blogdobispo.com.br\/index.php?rest_route=\/wp\/v2\/posts\/5967\/revisions"}],"predecessor-version":[{"id":5969,"href":"https:\/\/blogdobispo.com.br\/index.php?rest_route=\/wp\/v2\/posts\/5967\/revisions\/5969"}],"wp:attachment":[{"href":"https:\/\/blogdobispo.com.br\/index.php?rest_route=%2Fwp%2Fv2%2Fmedia&parent=5967"}],"wp:term":[{"taxonomy":"category","embeddable":true,"href":"https:\/\/blogdobispo.com.br\/index.php?rest_route=%2Fwp%2Fv2%2Fcategories&post=5967"},{"taxonomy":"post_tag","embeddable":true,"href":"https:\/\/blogdobispo.com.br\/index.php?rest_route=%2Fwp%2Fv2%2Ftags&post=5967"}],"curies":[{"name":"wp","href":"https:\/\/api.w.org\/{rel}","templated":true}]}}