{"id":5964,"date":"2025-07-15T13:24:33","date_gmt":"2025-07-15T13:24:33","guid":{"rendered":"https:\/\/blogdobispo.com.br\/?p=5964"},"modified":"2025-07-15T13:24:33","modified_gmt":"2025-07-15T13:24:33","slug":"morre-john-macarthur-um-dos-pastores-mais-influentes-da-sua-geracao","status":"publish","type":"post","link":"https:\/\/blogdobispo.com.br\/?p=5964","title":{"rendered":"Morre John MacArthur, um dos pastores mais influentes da sua gera\u00e7\u00e3o"},"content":{"rendered":"\n<p>O pastor batista John MacArthur, um dos nomes mais influentes do meio evang\u00e9lico americano, morreu na noite desta segunda-feira (14) aos 86 anos.<\/p>\n\n\n\n<p>A informa\u00e7\u00e3o foi confirmada pelo minist\u00e9rio Grace to You, fundado por ele. &#8220;Nossos cora\u00e7\u00f5es est\u00e3o pesados, mas tamb\u00e9m se alegram ao compartilharmos a not\u00edcia de que nosso amado pastor e mestre John MacArthur entrou na presen\u00e7a do Salvador. Nesta noite, sua f\u00e9 se transformou em vis\u00e3o&#8221;, diz o an\u00fancio.<\/p>\n\n\n\n<p>MacArthur, que havia passado por um tratamento contra um c\u00e2ncer nos \u00faltimos anos, estava internado por causa de complica\u00e7\u00f5es de uma pneumonia. Segundo o comunicado, ele passou suas \u00faltimas horas de forma pac\u00edfica, rodeado pela fam\u00edlia. Na v\u00e9spera, familiares j\u00e1 haviam anunciado que John MacArthur estava em seus momentos finais.<\/p>\n\n\n\n<h2 class=\"wp-block-heading\">Vis\u00e3o de mundo conservadora<\/h2>\n\n\n\n<p>Pregador, autor de livros e defensor da ortodoxia crist\u00e3, John MacArthur mantinha um estilo s\u00f3brio e sem as extravag\u00e2ncias de outros l\u00edderes evang\u00e9licos famosos. Ele tamb\u00e9m se destacou pelo conservadorismo em temas como casamento gay, aborto e ideologia de g\u00eanero.<\/p>\n\n\n\n<p>Talvez a maior prova da sua influ\u00eancia tenha sido o fato de que ele foi bem-sucedido ao liderar uma igreja com milhares de membros (a Grace Community Church) e presidir uma universidade batista (The Master&#8217;s University) em plena&nbsp;<a href=\"https:\/\/www.gazetadopovo.com.br\/tudo-sobre\/california\/?ref=link-interno-materia-amp\">Calif\u00f3rnia<\/a>, um estado que n\u00e3o costuma ser associado ao movimento evang\u00e9lico.<\/p>\n\n\n\n<p>Ao lado de nomes como R.C. Sproul e Al Mohler, MacArthur foi um dos pilares do movimento conhecido como neocalvinismo, que buscava resgatar os princ\u00edpios da teologia de Jo\u00e3o Calvino. Ele ainda foi autor de livros sobre teologia e de coment\u00e1rios b\u00edblicos reunidos na B\u00edblia de Estudo MacArthur.<\/p>\n\n\n\n<p>Durante a pandemia de covid-19, MacArthur foi manchete internacional ao desafiar as ordens que proibiam cultos presenciais. MacArthur afirmava que a igreja deveria obedecer a Deus, n\u00e3o ao governo. A disputa terminou com vit\u00f3ria judicial: o condado de Los Angeles teve de pagar uma indeniza\u00e7\u00e3o \u00e0 igreja.<\/p>\n\n\n\n<p>MacArthur era casado com Patricia, sua esposa por mais de 60 anos. Juntos, eles tiveram quatro filhos, 15 netos e nove bisnetos.<\/p>\n\n\n\n<figure class=\"wp-block-image size-large\"><img data-recalc-dims=\"1\" fetchpriority=\"high\" decoding=\"async\" width=\"660\" height=\"372\" src=\"https:\/\/i0.wp.com\/blogdobispo.com.br\/wp-content\/uploads\/2025\/07\/img_5554-1.jpg?resize=660%2C372&#038;ssl=1\" class=\"wp-image-5963\" srcset=\"https:\/\/i0.wp.com\/blogdobispo.com.br\/wp-content\/uploads\/2025\/07\/img_5554-1.jpg?w=660&amp;ssl=1 660w, https:\/\/i0.wp.com\/blogdobispo.com.br\/wp-content\/uploads\/2025\/07\/img_5554-1.jpg?resize=300%2C169&amp;ssl=1 300w\" sizes=\"(max-width: 660px) 100vw, 660px\" \/><\/figure>\n","protected":false},"excerpt":{"rendered":"<p>O pastor batista John MacArthur, um dos nomes mais influentes do meio evang\u00e9lico americano, morreu na noite desta segunda-feira (14) aos 86 anos. A informa\u00e7\u00e3o foi confirmada pelo minist\u00e9rio Grace to You, fundado por ele. &#8220;Nossos cora\u00e7\u00f5es est\u00e3o pesados, mas tamb\u00e9m se alegram ao compartilharmos a not\u00edcia de que nosso amado pastor e mestre John [&hellip;]<\/p>\n","protected":false},"author":1,"featured_media":0,"comment_status":"open","ping_status":"open","sticky":false,"template":"","format":"standard","meta":{"cybocfi_hide_featured_image":"","_jetpack_memberships_contains_paid_content":false,"footnotes":""},"categories":[1],"tags":[],"class_list":["post-5964","post","type-post","status-publish","format-standard","hentry","category-diversos"],"yoast_head":"<!-- This site is optimized with the Yoast SEO plugin v25.6 - https:\/\/yoast.com\/wordpress\/plugins\/seo\/ -->\n<title>Morre John MacArthur, um dos pastores mais influentes da sua gera\u00e7\u00e3o - Blog do Bispo<\/title>\n<meta name=\"robots\" content=\"index, follow, max-snippet:-1, max-image-preview:large, max-video-preview:-1\" \/>\n<link rel=\"canonical\" href=\"https:\/\/blogdobispo.com.br\/?p=5964\" \/>\n<meta property=\"og:locale\" content=\"pt_BR\" \/>\n<meta property=\"og:type\" content=\"article\" \/>\n<meta property=\"og:title\" content=\"Morre John MacArthur, um dos pastores mais influentes da sua gera\u00e7\u00e3o - Blog do Bispo\" \/>\n<meta property=\"og:description\" content=\"O pastor batista John MacArthur, um dos nomes mais influentes do meio evang\u00e9lico americano, morreu na noite desta segunda-feira (14) aos 86 anos. A informa\u00e7\u00e3o foi confirmada pelo minist\u00e9rio Grace to You, fundado por ele. &#8220;Nossos cora\u00e7\u00f5es est\u00e3o pesados, mas tamb\u00e9m se alegram ao compartilharmos a not\u00edcia de que nosso amado pastor e mestre John [&hellip;]\" \/>\n<meta property=\"og:url\" content=\"https:\/\/blogdobispo.com.br\/?p=5964\" \/>\n<meta property=\"og:site_name\" content=\"Blog do Bispo\" \/>\n<meta property=\"article:published_time\" content=\"2025-07-15T13:24:33+00:00\" \/>\n<meta property=\"og:image\" content=\"https:\/\/blogdobispo.com.br\/wp-content\/uploads\/2025\/07\/img_5554-1.jpg\" \/>\n<meta name=\"author\" content=\"Jefferson Sterfeno\" \/>\n<meta name=\"twitter:card\" content=\"summary_large_image\" \/>\n<meta name=\"twitter:label1\" content=\"Escrito por\" \/>\n\t<meta name=\"twitter:data1\" content=\"Jefferson Sterfeno\" \/>\n\t<meta name=\"twitter:label2\" content=\"Est. tempo de leitura\" \/>\n\t<meta name=\"twitter:data2\" content=\"2 minutos\" \/>\n<script type=\"application\/ld+json\" class=\"yoast-schema-graph\">{\"@context\":\"https:\/\/schema.org\",\"@graph\":[{\"@type\":\"Article\",\"@id\":\"https:\/\/blogdobispo.com.br\/?p=5964#article\",\"isPartOf\":{\"@id\":\"https:\/\/blogdobispo.com.br\/?p=5964\"},\"author\":{\"name\":\"Jefferson Sterfeno\",\"@id\":\"https:\/\/blogdobispo.com.br\/#\/schema\/person\/e2209cc0e6cea5c5233d033e997b373f\"},\"headline\":\"Morre John MacArthur, um dos pastores mais influentes da sua gera\u00e7\u00e3o\",\"datePublished\":\"2025-07-15T13:24:33+00:00\",\"mainEntityOfPage\":{\"@id\":\"https:\/\/blogdobispo.com.br\/?p=5964\"},\"wordCount\":375,\"commentCount\":0,\"publisher\":{\"@id\":\"https:\/\/blogdobispo.com.br\/#organization\"},\"image\":{\"@id\":\"https:\/\/blogdobispo.com.br\/?p=5964#primaryimage\"},\"thumbnailUrl\":\"https:\/\/blogdobispo.com.br\/wp-content\/uploads\/2025\/07\/img_5554-1.jpg\",\"articleSection\":[\"diversos\"],\"inLanguage\":\"pt-BR\",\"potentialAction\":[{\"@type\":\"CommentAction\",\"name\":\"Comment\",\"target\":[\"https:\/\/blogdobispo.com.br\/?p=5964#respond\"]}]},{\"@type\":\"WebPage\",\"@id\":\"https:\/\/blogdobispo.com.br\/?p=5964\",\"url\":\"https:\/\/blogdobispo.com.br\/?p=5964\",\"name\":\"Morre John MacArthur, um dos pastores mais influentes da sua gera\u00e7\u00e3o - Blog do Bispo\",\"isPartOf\":{\"@id\":\"https:\/\/blogdobispo.com.br\/#website\"},\"primaryImageOfPage\":{\"@id\":\"https:\/\/blogdobispo.com.br\/?p=5964#primaryimage\"},\"image\":{\"@id\":\"https:\/\/blogdobispo.com.br\/?p=5964#primaryimage\"},\"thumbnailUrl\":\"https:\/\/blogdobispo.com.br\/wp-content\/uploads\/2025\/07\/img_5554-1.jpg\",\"datePublished\":\"2025-07-15T13:24:33+00:00\",\"breadcrumb\":{\"@id\":\"https:\/\/blogdobispo.com.br\/?p=5964#breadcrumb\"},\"inLanguage\":\"pt-BR\",\"potentialAction\":[{\"@type\":\"ReadAction\",\"target\":[\"https:\/\/blogdobispo.com.br\/?p=5964\"]}]},{\"@type\":\"ImageObject\",\"inLanguage\":\"pt-BR\",\"@id\":\"https:\/\/blogdobispo.com.br\/?p=5964#primaryimage\",\"url\":\"https:\/\/blogdobispo.com.br\/wp-content\/uploads\/2025\/07\/img_5554-1.jpg\",\"contentUrl\":\"https:\/\/blogdobispo.com.br\/wp-content\/uploads\/2025\/07\/img_5554-1.jpg\"},{\"@type\":\"BreadcrumbList\",\"@id\":\"https:\/\/blogdobispo.com.br\/?p=5964#breadcrumb\",\"itemListElement\":[{\"@type\":\"ListItem\",\"position\":1,\"name\":\"In\u00edcio\",\"item\":\"https:\/\/blogdobispo.com.br\/\"},{\"@type\":\"ListItem\",\"position\":2,\"name\":\"Morre John MacArthur, um dos pastores mais influentes da sua gera\u00e7\u00e3o\"}]},{\"@type\":\"WebSite\",\"@id\":\"https:\/\/blogdobispo.com.br\/#website\",\"url\":\"https:\/\/blogdobispo.com.br\/\",\"name\":\"Blog do Bispo\",\"description\":\"Comprometido apenas com o leitor\",\"publisher\":{\"@id\":\"https:\/\/blogdobispo.com.br\/#organization\"},\"potentialAction\":[{\"@type\":\"SearchAction\",\"target\":{\"@type\":\"EntryPoint\",\"urlTemplate\":\"https:\/\/blogdobispo.com.br\/?s={search_term_string}\"},\"query-input\":{\"@type\":\"PropertyValueSpecification\",\"valueRequired\":true,\"valueName\":\"search_term_string\"}}],\"inLanguage\":\"pt-BR\"},{\"@type\":\"Organization\",\"@id\":\"https:\/\/blogdobispo.com.br\/#organization\",\"name\":\"Blog do Bispo\",\"url\":\"https:\/\/blogdobispo.com.br\/\",\"logo\":{\"@type\":\"ImageObject\",\"inLanguage\":\"pt-BR\",\"@id\":\"https:\/\/blogdobispo.com.br\/#\/schema\/logo\/image\/\",\"url\":\"http:\/\/blogdobispo.com.br\/wp-content\/uploads\/2023\/05\/cropped-headear.png\",\"contentUrl\":\"http:\/\/blogdobispo.com.br\/wp-content\/uploads\/2023\/05\/cropped-headear.png\",\"width\":1500,\"height\":399,\"caption\":\"Blog do Bispo\"},\"image\":{\"@id\":\"https:\/\/blogdobispo.com.br\/#\/schema\/logo\/image\/\"}},{\"@type\":\"Person\",\"@id\":\"https:\/\/blogdobispo.com.br\/#\/schema\/person\/e2209cc0e6cea5c5233d033e997b373f\",\"name\":\"Jefferson Sterfeno\",\"image\":{\"@type\":\"ImageObject\",\"inLanguage\":\"pt-BR\",\"@id\":\"https:\/\/blogdobispo.com.br\/#\/schema\/person\/image\/\",\"url\":\"https:\/\/secure.gravatar.com\/avatar\/0534e84764641168a677026b6d57a3f51dc7ac4db0b4f6186d9cb330d4ee1160?s=96&d=mm&r=g\",\"contentUrl\":\"https:\/\/secure.gravatar.com\/avatar\/0534e84764641168a677026b6d57a3f51dc7ac4db0b4f6186d9cb330d4ee1160?s=96&d=mm&r=g\",\"caption\":\"Jefferson Sterfeno\"},\"sameAs\":[\"http:\/\/blogdobispo.com.br\"],\"url\":\"https:\/\/blogdobispo.com.br\/?author=1\"}]}<\/script>\n<!-- \/ Yoast SEO plugin. -->","yoast_head_json":{"title":"Morre John MacArthur, um dos pastores mais influentes da sua gera\u00e7\u00e3o - Blog do Bispo","robots":{"index":"index","follow":"follow","max-snippet":"max-snippet:-1","max-image-preview":"max-image-preview:large","max-video-preview":"max-video-preview:-1"},"canonical":"https:\/\/blogdobispo.com.br\/?p=5964","og_locale":"pt_BR","og_type":"article","og_title":"Morre John MacArthur, um dos pastores mais influentes da sua gera\u00e7\u00e3o - Blog do Bispo","og_description":"O pastor batista John MacArthur, um dos nomes mais influentes do meio evang\u00e9lico americano, morreu na noite desta segunda-feira (14) aos 86 anos. A informa\u00e7\u00e3o foi confirmada pelo minist\u00e9rio Grace to You, fundado por ele. &#8220;Nossos cora\u00e7\u00f5es est\u00e3o pesados, mas tamb\u00e9m se alegram ao compartilharmos a not\u00edcia de que nosso amado pastor e mestre John [&hellip;]","og_url":"https:\/\/blogdobispo.com.br\/?p=5964","og_site_name":"Blog do Bispo","article_published_time":"2025-07-15T13:24:33+00:00","og_image":[{"url":"https:\/\/blogdobispo.com.br\/wp-content\/uploads\/2025\/07\/img_5554-1.jpg","type":"","width":"","height":""}],"author":"Jefferson Sterfeno","twitter_card":"summary_large_image","twitter_misc":{"Escrito por":"Jefferson Sterfeno","Est. tempo de leitura":"2 minutos"},"schema":{"@context":"https:\/\/schema.org","@graph":[{"@type":"Article","@id":"https:\/\/blogdobispo.com.br\/?p=5964#article","isPartOf":{"@id":"https:\/\/blogdobispo.com.br\/?p=5964"},"author":{"name":"Jefferson Sterfeno","@id":"https:\/\/blogdobispo.com.br\/#\/schema\/person\/e2209cc0e6cea5c5233d033e997b373f"},"headline":"Morre John MacArthur, um dos pastores mais influentes da sua gera\u00e7\u00e3o","datePublished":"2025-07-15T13:24:33+00:00","mainEntityOfPage":{"@id":"https:\/\/blogdobispo.com.br\/?p=5964"},"wordCount":375,"commentCount":0,"publisher":{"@id":"https:\/\/blogdobispo.com.br\/#organization"},"image":{"@id":"https:\/\/blogdobispo.com.br\/?p=5964#primaryimage"},"thumbnailUrl":"https:\/\/blogdobispo.com.br\/wp-content\/uploads\/2025\/07\/img_5554-1.jpg","articleSection":["diversos"],"inLanguage":"pt-BR","potentialAction":[{"@type":"CommentAction","name":"Comment","target":["https:\/\/blogdobispo.com.br\/?p=5964#respond"]}]},{"@type":"WebPage","@id":"https:\/\/blogdobispo.com.br\/?p=5964","url":"https:\/\/blogdobispo.com.br\/?p=5964","name":"Morre John MacArthur, um dos pastores mais influentes da sua gera\u00e7\u00e3o - Blog do Bispo","isPartOf":{"@id":"https:\/\/blogdobispo.com.br\/#website"},"primaryImageOfPage":{"@id":"https:\/\/blogdobispo.com.br\/?p=5964#primaryimage"},"image":{"@id":"https:\/\/blogdobispo.com.br\/?p=5964#primaryimage"},"thumbnailUrl":"https:\/\/blogdobispo.com.br\/wp-content\/uploads\/2025\/07\/img_5554-1.jpg","datePublished":"2025-07-15T13:24:33+00:00","breadcrumb":{"@id":"https:\/\/blogdobispo.com.br\/?p=5964#breadcrumb"},"inLanguage":"pt-BR","potentialAction":[{"@type":"ReadAction","target":["https:\/\/blogdobispo.com.br\/?p=5964"]}]},{"@type":"ImageObject","inLanguage":"pt-BR","@id":"https:\/\/blogdobispo.com.br\/?p=5964#primaryimage","url":"https:\/\/blogdobispo.com.br\/wp-content\/uploads\/2025\/07\/img_5554-1.jpg","contentUrl":"https:\/\/blogdobispo.com.br\/wp-content\/uploads\/2025\/07\/img_5554-1.jpg"},{"@type":"BreadcrumbList","@id":"https:\/\/blogdobispo.com.br\/?p=5964#breadcrumb","itemListElement":[{"@type":"ListItem","position":1,"name":"In\u00edcio","item":"https:\/\/blogdobispo.com.br\/"},{"@type":"ListItem","position":2,"name":"Morre John MacArthur, um dos pastores mais influentes da sua gera\u00e7\u00e3o"}]},{"@type":"WebSite","@id":"https:\/\/blogdobispo.com.br\/#website","url":"https:\/\/blogdobispo.com.br\/","name":"Blog do Bispo","description":"Comprometido apenas com o leitor","publisher":{"@id":"https:\/\/blogdobispo.com.br\/#organization"},"potentialAction":[{"@type":"SearchAction","target":{"@type":"EntryPoint","urlTemplate":"https:\/\/blogdobispo.com.br\/?s={search_term_string}"},"query-input":{"@type":"PropertyValueSpecification","valueRequired":true,"valueName":"search_term_string"}}],"inLanguage":"pt-BR"},{"@type":"Organization","@id":"https:\/\/blogdobispo.com.br\/#organization","name":"Blog do Bispo","url":"https:\/\/blogdobispo.com.br\/","logo":{"@type":"ImageObject","inLanguage":"pt-BR","@id":"https:\/\/blogdobispo.com.br\/#\/schema\/logo\/image\/","url":"http:\/\/blogdobispo.com.br\/wp-content\/uploads\/2023\/05\/cropped-headear.png","contentUrl":"http:\/\/blogdobispo.com.br\/wp-content\/uploads\/2023\/05\/cropped-headear.png","width":1500,"height":399,"caption":"Blog do Bispo"},"image":{"@id":"https:\/\/blogdobispo.com.br\/#\/schema\/logo\/image\/"}},{"@type":"Person","@id":"https:\/\/blogdobispo.com.br\/#\/schema\/person\/e2209cc0e6cea5c5233d033e997b373f","name":"Jefferson Sterfeno","image":{"@type":"ImageObject","inLanguage":"pt-BR","@id":"https:\/\/blogdobispo.com.br\/#\/schema\/person\/image\/","url":"https:\/\/secure.gravatar.com\/avatar\/0534e84764641168a677026b6d57a3f51dc7ac4db0b4f6186d9cb330d4ee1160?s=96&d=mm&r=g","contentUrl":"https:\/\/secure.gravatar.com\/avatar\/0534e84764641168a677026b6d57a3f51dc7ac4db0b4f6186d9cb330d4ee1160?s=96&d=mm&r=g","caption":"Jefferson Sterfeno"},"sameAs":["http:\/\/blogdobispo.com.br"],"url":"https:\/\/blogdobispo.com.br\/?author=1"}]}},"featured_image_urls":{"full":"","thumbnail":"","medium":"","medium_large":"","large":"","1536x1536":"","2048x2048":""},"author_info":{"display_name":"Jefferson Sterfeno","author_link":"https:\/\/blogdobispo.com.br\/?author=1"},"category_info":"<a href=\"https:\/\/blogdobispo.com.br\/?cat=1\" rel=\"category\">diversos<\/a>","tag_info":"diversos","comment_count":"0","jetpack_featured_media_url":"","jetpack_sharing_enabled":true,"_links":{"self":[{"href":"https:\/\/blogdobispo.com.br\/index.php?rest_route=\/wp\/v2\/posts\/5964","targetHints":{"allow":["GET"]}}],"collection":[{"href":"https:\/\/blogdobispo.com.br\/index.php?rest_route=\/wp\/v2\/posts"}],"about":[{"href":"https:\/\/blogdobispo.com.br\/index.php?rest_route=\/wp\/v2\/types\/post"}],"author":[{"embeddable":true,"href":"https:\/\/blogdobispo.com.br\/index.php?rest_route=\/wp\/v2\/users\/1"}],"replies":[{"embeddable":true,"href":"https:\/\/blogdobispo.com.br\/index.php?rest_route=%2Fwp%2Fv2%2Fcomments&post=5964"}],"version-history":[{"count":0,"href":"https:\/\/blogdobispo.com.br\/index.php?rest_route=\/wp\/v2\/posts\/5964\/revisions"}],"wp:attachment":[{"href":"https:\/\/blogdobispo.com.br\/index.php?rest_route=%2Fwp%2Fv2%2Fmedia&parent=5964"}],"wp:term":[{"taxonomy":"category","embeddable":true,"href":"https:\/\/blogdobispo.com.br\/index.php?rest_route=%2Fwp%2Fv2%2Fcategories&post=5964"},{"taxonomy":"post_tag","embeddable":true,"href":"https:\/\/blogdobispo.com.br\/index.php?rest_route=%2Fwp%2Fv2%2Ftags&post=5964"}],"curies":[{"name":"wp","href":"https:\/\/api.w.org\/{rel}","templated":true}]}}