{"id":5958,"date":"2025-07-14T21:27:40","date_gmt":"2025-07-14T21:27:40","guid":{"rendered":"https:\/\/blogdobispo.com.br\/?p=5958"},"modified":"2025-07-14T21:27:41","modified_gmt":"2025-07-14T21:27:41","slug":"janones-acusa-sargento-goncalves-de-agressao-e-importunacao-sexual-na-camara","status":"publish","type":"post","link":"https:\/\/blogdobispo.com.br\/?p=5958","title":{"rendered":"Janones acusa Sargento Gon\u00e7alves de agress\u00e3o e importuna\u00e7\u00e3o sexual na C\u00e2mara"},"content":{"rendered":"\n<p>O deputado federal Andr\u00e9 Janones (Avante\/MG) acusou o deputado potiguar Sargento Gon\u00e7alves (PL\/RN) e outros parlamentares bolsonaristas de agress\u00e3o f\u00edsica e importuna\u00e7\u00e3o sexual durante uma confus\u00e3o no plen\u00e1rio da C\u00e2mara dos Deputados na quarta-feira 9. O epis\u00f3dio foi registrado em v\u00eddeo e divulgado nas redes sociais.<\/p>\n\n\n\n<p>Segundo Janones, ele foi impedido de gravar uma selfie criticando o discurso do deputado Nikolas Ferreira (PL\/MG), que celebrava a taxa\u00e7\u00e3o de 50% dos produtos brasileiros pelo governo dos Estados Unidos. Nas imagens, \u00e9 poss\u00edvel ver empurr\u00f5es, um soco na barriga e um chute na canela.<\/p>\n\n\n\n<p>O parlamentar afirma que foi cercado por 12 deputados e que, al\u00e9m de empurr\u00f5es, sofreu agress\u00f5es f\u00edsicas. No Boletim de Ocorr\u00eancia divulgado pelo portal Metr\u00f3poles, ele relatou que Sargento Gon\u00e7alves apalpou suas n\u00e1degas e genit\u00e1lia. \u201cO deputado disse ainda que levou v\u00e1rios empurr\u00f5es desses parlamentares. Os demais agressores ainda n\u00e3o foram identificados. Informa ainda que, durante as agress\u00f5es f\u00edsicas, por diversas vezes, v\u00e1rios deputados \u2013 sendo identificado como um deles o deputado Evandro (Sargento Gon\u00e7alves) \u2013 apalparam suas partes \u00edntimas, n\u00e1degas e p\u00eanis, causando-lhe grande constrangimento e sofrimento emocional\u201d, diz o trecho.<\/p>\n\n\n\n<p>Janones afirmou nas redes sociais que registrou boletim de ocorr\u00eancia e realizou exame de corpo de delito. \u201cAcabo de ser agredido fisicamente dentro do plen\u00e1rio da C\u00e2mara dos Deputados pela tropa de choque bolsonarista. Sozinho, fui cercado por 12 deputados que tentaram me intimidar para que eu n\u00e3o criticasse o deputado Nikolas Ferreira enquanto ele discursava na tribuna\u201d, escreveu.<\/p>\n\n\n\n<p>O deputado potiguar Sargento Gon\u00e7alves se pronunciou por v\u00eddeo, acusando Janones de provocar tumultos. \u201cJanones s\u00f3 sabe tumultuar\u201d, afirmou.<\/p>\n\n\n\n<p>O caso ocorreu durante sess\u00e3o na C\u00e2mara e envolve, al\u00e9m de Gon\u00e7alves, os deputados Cabo Gilberto Silva (PL\/PB), Giovani Cherini (PL\/RS) e Rodolfo Nogueira (PL\/MS), segundo Janones. At\u00e9 o momento, n\u00e3o houve pronunciamento oficial da Mesa Diretora da C\u00e2mara sobre o epis\u00f3dio.<\/p>\n\n\n\n<p>Agora RN<\/p>\n\n\n\n<figure class=\"wp-block-image\"><img data-recalc-dims=\"1\" fetchpriority=\"high\" decoding=\"async\" width=\"800\" height=\"450\" src=\"https:\/\/i0.wp.com\/blogdobispo.com.br\/wp-content\/uploads\/2025\/07\/Design-sem-nome-2.jpg.webp?resize=800%2C450\" alt=\"\" class=\"wp-image-5959\" srcset=\"https:\/\/i0.wp.com\/blogdobispo.com.br\/wp-content\/uploads\/2025\/07\/Design-sem-nome-2.jpg.webp?w=1920&amp;ssl=1 1920w, https:\/\/i0.wp.com\/blogdobispo.com.br\/wp-content\/uploads\/2025\/07\/Design-sem-nome-2.jpg.webp?resize=300%2C169&amp;ssl=1 300w, https:\/\/i0.wp.com\/blogdobispo.com.br\/wp-content\/uploads\/2025\/07\/Design-sem-nome-2.jpg.webp?resize=1024%2C576&amp;ssl=1 1024w, https:\/\/i0.wp.com\/blogdobispo.com.br\/wp-content\/uploads\/2025\/07\/Design-sem-nome-2.jpg.webp?resize=768%2C432&amp;ssl=1 768w, https:\/\/i0.wp.com\/blogdobispo.com.br\/wp-content\/uploads\/2025\/07\/Design-sem-nome-2.jpg.webp?resize=1536%2C864&amp;ssl=1 1536w, https:\/\/i0.wp.com\/blogdobispo.com.br\/wp-content\/uploads\/2025\/07\/Design-sem-nome-2.jpg.webp?w=1600 1600w\" sizes=\"(max-width: 800px) 100vw, 800px\" \/><\/figure>\n","protected":false},"excerpt":{"rendered":"<p>O deputado federal Andr\u00e9 Janones (Avante\/MG) acusou o deputado potiguar Sargento Gon\u00e7alves (PL\/RN) e outros parlamentares bolsonaristas de agress\u00e3o f\u00edsica e importuna\u00e7\u00e3o sexual durante uma confus\u00e3o no plen\u00e1rio da C\u00e2mara dos Deputados na quarta-feira 9. O epis\u00f3dio foi registrado em v\u00eddeo e divulgado nas redes sociais. Segundo Janones, ele foi impedido de gravar uma selfie [&hellip;]<\/p>\n","protected":false},"author":1,"featured_media":0,"comment_status":"open","ping_status":"open","sticky":false,"template":"","format":"standard","meta":{"cybocfi_hide_featured_image":"","_jetpack_memberships_contains_paid_content":false,"footnotes":""},"categories":[1],"tags":[],"class_list":["post-5958","post","type-post","status-publish","format-standard","hentry","category-diversos"],"yoast_head":"<!-- This site is optimized with the Yoast SEO plugin v25.6 - https:\/\/yoast.com\/wordpress\/plugins\/seo\/ -->\n<title>Janones acusa Sargento Gon\u00e7alves de agress\u00e3o e importuna\u00e7\u00e3o sexual na C\u00e2mara - Blog do Bispo<\/title>\n<meta name=\"robots\" content=\"index, follow, max-snippet:-1, max-image-preview:large, max-video-preview:-1\" \/>\n<link rel=\"canonical\" href=\"https:\/\/blogdobispo.com.br\/?p=5958\" \/>\n<meta property=\"og:locale\" content=\"pt_BR\" \/>\n<meta property=\"og:type\" content=\"article\" \/>\n<meta property=\"og:title\" content=\"Janones acusa Sargento Gon\u00e7alves de agress\u00e3o e importuna\u00e7\u00e3o sexual na C\u00e2mara - Blog do Bispo\" \/>\n<meta property=\"og:description\" content=\"O deputado federal Andr\u00e9 Janones (Avante\/MG) acusou o deputado potiguar Sargento Gon\u00e7alves (PL\/RN) e outros parlamentares bolsonaristas de agress\u00e3o f\u00edsica e importuna\u00e7\u00e3o sexual durante uma confus\u00e3o no plen\u00e1rio da C\u00e2mara dos Deputados na quarta-feira 9. O epis\u00f3dio foi registrado em v\u00eddeo e divulgado nas redes sociais. Segundo Janones, ele foi impedido de gravar uma selfie [&hellip;]\" \/>\n<meta property=\"og:url\" content=\"https:\/\/blogdobispo.com.br\/?p=5958\" \/>\n<meta property=\"og:site_name\" content=\"Blog do Bispo\" \/>\n<meta property=\"article:published_time\" content=\"2025-07-14T21:27:40+00:00\" \/>\n<meta property=\"article:modified_time\" content=\"2025-07-14T21:27:41+00:00\" \/>\n<meta property=\"og:image\" content=\"http:\/\/blogdobispo.com.br\/wp-content\/uploads\/2025\/07\/Design-sem-nome-2.jpg.webp\" \/>\n<meta name=\"author\" content=\"Jefferson Sterfeno\" \/>\n<meta name=\"twitter:card\" content=\"summary_large_image\" \/>\n<meta name=\"twitter:label1\" content=\"Escrito por\" \/>\n\t<meta name=\"twitter:data1\" content=\"Jefferson Sterfeno\" \/>\n\t<meta name=\"twitter:label2\" content=\"Est. tempo de leitura\" \/>\n\t<meta name=\"twitter:data2\" content=\"2 minutos\" \/>\n<script type=\"application\/ld+json\" class=\"yoast-schema-graph\">{\"@context\":\"https:\/\/schema.org\",\"@graph\":[{\"@type\":\"Article\",\"@id\":\"https:\/\/blogdobispo.com.br\/?p=5958#article\",\"isPartOf\":{\"@id\":\"https:\/\/blogdobispo.com.br\/?p=5958\"},\"author\":{\"name\":\"Jefferson Sterfeno\",\"@id\":\"https:\/\/blogdobispo.com.br\/#\/schema\/person\/e2209cc0e6cea5c5233d033e997b373f\"},\"headline\":\"Janones acusa Sargento Gon\u00e7alves de agress\u00e3o e importuna\u00e7\u00e3o sexual na C\u00e2mara\",\"datePublished\":\"2025-07-14T21:27:40+00:00\",\"dateModified\":\"2025-07-14T21:27:41+00:00\",\"mainEntityOfPage\":{\"@id\":\"https:\/\/blogdobispo.com.br\/?p=5958\"},\"wordCount\":363,\"commentCount\":0,\"publisher\":{\"@id\":\"https:\/\/blogdobispo.com.br\/#organization\"},\"image\":{\"@id\":\"https:\/\/blogdobispo.com.br\/?p=5958#primaryimage\"},\"thumbnailUrl\":\"http:\/\/blogdobispo.com.br\/wp-content\/uploads\/2025\/07\/Design-sem-nome-2.jpg.webp\",\"articleSection\":[\"diversos\"],\"inLanguage\":\"pt-BR\",\"potentialAction\":[{\"@type\":\"CommentAction\",\"name\":\"Comment\",\"target\":[\"https:\/\/blogdobispo.com.br\/?p=5958#respond\"]}]},{\"@type\":\"WebPage\",\"@id\":\"https:\/\/blogdobispo.com.br\/?p=5958\",\"url\":\"https:\/\/blogdobispo.com.br\/?p=5958\",\"name\":\"Janones acusa Sargento Gon\u00e7alves de agress\u00e3o e importuna\u00e7\u00e3o sexual na C\u00e2mara - Blog do Bispo\",\"isPartOf\":{\"@id\":\"https:\/\/blogdobispo.com.br\/#website\"},\"primaryImageOfPage\":{\"@id\":\"https:\/\/blogdobispo.com.br\/?p=5958#primaryimage\"},\"image\":{\"@id\":\"https:\/\/blogdobispo.com.br\/?p=5958#primaryimage\"},\"thumbnailUrl\":\"http:\/\/blogdobispo.com.br\/wp-content\/uploads\/2025\/07\/Design-sem-nome-2.jpg.webp\",\"datePublished\":\"2025-07-14T21:27:40+00:00\",\"dateModified\":\"2025-07-14T21:27:41+00:00\",\"breadcrumb\":{\"@id\":\"https:\/\/blogdobispo.com.br\/?p=5958#breadcrumb\"},\"inLanguage\":\"pt-BR\",\"potentialAction\":[{\"@type\":\"ReadAction\",\"target\":[\"https:\/\/blogdobispo.com.br\/?p=5958\"]}]},{\"@type\":\"ImageObject\",\"inLanguage\":\"pt-BR\",\"@id\":\"https:\/\/blogdobispo.com.br\/?p=5958#primaryimage\",\"url\":\"http:\/\/blogdobispo.com.br\/wp-content\/uploads\/2025\/07\/Design-sem-nome-2.jpg.webp\",\"contentUrl\":\"http:\/\/blogdobispo.com.br\/wp-content\/uploads\/2025\/07\/Design-sem-nome-2.jpg.webp\"},{\"@type\":\"BreadcrumbList\",\"@id\":\"https:\/\/blogdobispo.com.br\/?p=5958#breadcrumb\",\"itemListElement\":[{\"@type\":\"ListItem\",\"position\":1,\"name\":\"In\u00edcio\",\"item\":\"https:\/\/blogdobispo.com.br\/\"},{\"@type\":\"ListItem\",\"position\":2,\"name\":\"Janones acusa Sargento Gon\u00e7alves de agress\u00e3o e importuna\u00e7\u00e3o sexual na C\u00e2mara\"}]},{\"@type\":\"WebSite\",\"@id\":\"https:\/\/blogdobispo.com.br\/#website\",\"url\":\"https:\/\/blogdobispo.com.br\/\",\"name\":\"Blog do Bispo\",\"description\":\"Comprometido apenas com o leitor\",\"publisher\":{\"@id\":\"https:\/\/blogdobispo.com.br\/#organization\"},\"potentialAction\":[{\"@type\":\"SearchAction\",\"target\":{\"@type\":\"EntryPoint\",\"urlTemplate\":\"https:\/\/blogdobispo.com.br\/?s={search_term_string}\"},\"query-input\":{\"@type\":\"PropertyValueSpecification\",\"valueRequired\":true,\"valueName\":\"search_term_string\"}}],\"inLanguage\":\"pt-BR\"},{\"@type\":\"Organization\",\"@id\":\"https:\/\/blogdobispo.com.br\/#organization\",\"name\":\"Blog do Bispo\",\"url\":\"https:\/\/blogdobispo.com.br\/\",\"logo\":{\"@type\":\"ImageObject\",\"inLanguage\":\"pt-BR\",\"@id\":\"https:\/\/blogdobispo.com.br\/#\/schema\/logo\/image\/\",\"url\":\"http:\/\/blogdobispo.com.br\/wp-content\/uploads\/2023\/05\/cropped-headear.png\",\"contentUrl\":\"http:\/\/blogdobispo.com.br\/wp-content\/uploads\/2023\/05\/cropped-headear.png\",\"width\":1500,\"height\":399,\"caption\":\"Blog do Bispo\"},\"image\":{\"@id\":\"https:\/\/blogdobispo.com.br\/#\/schema\/logo\/image\/\"}},{\"@type\":\"Person\",\"@id\":\"https:\/\/blogdobispo.com.br\/#\/schema\/person\/e2209cc0e6cea5c5233d033e997b373f\",\"name\":\"Jefferson Sterfeno\",\"image\":{\"@type\":\"ImageObject\",\"inLanguage\":\"pt-BR\",\"@id\":\"https:\/\/blogdobispo.com.br\/#\/schema\/person\/image\/\",\"url\":\"https:\/\/secure.gravatar.com\/avatar\/0534e84764641168a677026b6d57a3f51dc7ac4db0b4f6186d9cb330d4ee1160?s=96&d=mm&r=g\",\"contentUrl\":\"https:\/\/secure.gravatar.com\/avatar\/0534e84764641168a677026b6d57a3f51dc7ac4db0b4f6186d9cb330d4ee1160?s=96&d=mm&r=g\",\"caption\":\"Jefferson Sterfeno\"},\"sameAs\":[\"http:\/\/blogdobispo.com.br\"],\"url\":\"https:\/\/blogdobispo.com.br\/?author=1\"}]}<\/script>\n<!-- \/ Yoast SEO plugin. -->","yoast_head_json":{"title":"Janones acusa Sargento Gon\u00e7alves de agress\u00e3o e importuna\u00e7\u00e3o sexual na C\u00e2mara - Blog do Bispo","robots":{"index":"index","follow":"follow","max-snippet":"max-snippet:-1","max-image-preview":"max-image-preview:large","max-video-preview":"max-video-preview:-1"},"canonical":"https:\/\/blogdobispo.com.br\/?p=5958","og_locale":"pt_BR","og_type":"article","og_title":"Janones acusa Sargento Gon\u00e7alves de agress\u00e3o e importuna\u00e7\u00e3o sexual na C\u00e2mara - Blog do Bispo","og_description":"O deputado federal Andr\u00e9 Janones (Avante\/MG) acusou o deputado potiguar Sargento Gon\u00e7alves (PL\/RN) e outros parlamentares bolsonaristas de agress\u00e3o f\u00edsica e importuna\u00e7\u00e3o sexual durante uma confus\u00e3o no plen\u00e1rio da C\u00e2mara dos Deputados na quarta-feira 9. O epis\u00f3dio foi registrado em v\u00eddeo e divulgado nas redes sociais. Segundo Janones, ele foi impedido de gravar uma selfie [&hellip;]","og_url":"https:\/\/blogdobispo.com.br\/?p=5958","og_site_name":"Blog do Bispo","article_published_time":"2025-07-14T21:27:40+00:00","article_modified_time":"2025-07-14T21:27:41+00:00","og_image":[{"url":"http:\/\/blogdobispo.com.br\/wp-content\/uploads\/2025\/07\/Design-sem-nome-2.jpg.webp","type":"","width":"","height":""}],"author":"Jefferson Sterfeno","twitter_card":"summary_large_image","twitter_misc":{"Escrito por":"Jefferson Sterfeno","Est. tempo de leitura":"2 minutos"},"schema":{"@context":"https:\/\/schema.org","@graph":[{"@type":"Article","@id":"https:\/\/blogdobispo.com.br\/?p=5958#article","isPartOf":{"@id":"https:\/\/blogdobispo.com.br\/?p=5958"},"author":{"name":"Jefferson Sterfeno","@id":"https:\/\/blogdobispo.com.br\/#\/schema\/person\/e2209cc0e6cea5c5233d033e997b373f"},"headline":"Janones acusa Sargento Gon\u00e7alves de agress\u00e3o e importuna\u00e7\u00e3o sexual na C\u00e2mara","datePublished":"2025-07-14T21:27:40+00:00","dateModified":"2025-07-14T21:27:41+00:00","mainEntityOfPage":{"@id":"https:\/\/blogdobispo.com.br\/?p=5958"},"wordCount":363,"commentCount":0,"publisher":{"@id":"https:\/\/blogdobispo.com.br\/#organization"},"image":{"@id":"https:\/\/blogdobispo.com.br\/?p=5958#primaryimage"},"thumbnailUrl":"http:\/\/blogdobispo.com.br\/wp-content\/uploads\/2025\/07\/Design-sem-nome-2.jpg.webp","articleSection":["diversos"],"inLanguage":"pt-BR","potentialAction":[{"@type":"CommentAction","name":"Comment","target":["https:\/\/blogdobispo.com.br\/?p=5958#respond"]}]},{"@type":"WebPage","@id":"https:\/\/blogdobispo.com.br\/?p=5958","url":"https:\/\/blogdobispo.com.br\/?p=5958","name":"Janones acusa Sargento Gon\u00e7alves de agress\u00e3o e importuna\u00e7\u00e3o sexual na C\u00e2mara - Blog do Bispo","isPartOf":{"@id":"https:\/\/blogdobispo.com.br\/#website"},"primaryImageOfPage":{"@id":"https:\/\/blogdobispo.com.br\/?p=5958#primaryimage"},"image":{"@id":"https:\/\/blogdobispo.com.br\/?p=5958#primaryimage"},"thumbnailUrl":"http:\/\/blogdobispo.com.br\/wp-content\/uploads\/2025\/07\/Design-sem-nome-2.jpg.webp","datePublished":"2025-07-14T21:27:40+00:00","dateModified":"2025-07-14T21:27:41+00:00","breadcrumb":{"@id":"https:\/\/blogdobispo.com.br\/?p=5958#breadcrumb"},"inLanguage":"pt-BR","potentialAction":[{"@type":"ReadAction","target":["https:\/\/blogdobispo.com.br\/?p=5958"]}]},{"@type":"ImageObject","inLanguage":"pt-BR","@id":"https:\/\/blogdobispo.com.br\/?p=5958#primaryimage","url":"http:\/\/blogdobispo.com.br\/wp-content\/uploads\/2025\/07\/Design-sem-nome-2.jpg.webp","contentUrl":"http:\/\/blogdobispo.com.br\/wp-content\/uploads\/2025\/07\/Design-sem-nome-2.jpg.webp"},{"@type":"BreadcrumbList","@id":"https:\/\/blogdobispo.com.br\/?p=5958#breadcrumb","itemListElement":[{"@type":"ListItem","position":1,"name":"In\u00edcio","item":"https:\/\/blogdobispo.com.br\/"},{"@type":"ListItem","position":2,"name":"Janones acusa Sargento Gon\u00e7alves de agress\u00e3o e importuna\u00e7\u00e3o sexual na C\u00e2mara"}]},{"@type":"WebSite","@id":"https:\/\/blogdobispo.com.br\/#website","url":"https:\/\/blogdobispo.com.br\/","name":"Blog do Bispo","description":"Comprometido apenas com o leitor","publisher":{"@id":"https:\/\/blogdobispo.com.br\/#organization"},"potentialAction":[{"@type":"SearchAction","target":{"@type":"EntryPoint","urlTemplate":"https:\/\/blogdobispo.com.br\/?s={search_term_string}"},"query-input":{"@type":"PropertyValueSpecification","valueRequired":true,"valueName":"search_term_string"}}],"inLanguage":"pt-BR"},{"@type":"Organization","@id":"https:\/\/blogdobispo.com.br\/#organization","name":"Blog do Bispo","url":"https:\/\/blogdobispo.com.br\/","logo":{"@type":"ImageObject","inLanguage":"pt-BR","@id":"https:\/\/blogdobispo.com.br\/#\/schema\/logo\/image\/","url":"http:\/\/blogdobispo.com.br\/wp-content\/uploads\/2023\/05\/cropped-headear.png","contentUrl":"http:\/\/blogdobispo.com.br\/wp-content\/uploads\/2023\/05\/cropped-headear.png","width":1500,"height":399,"caption":"Blog do Bispo"},"image":{"@id":"https:\/\/blogdobispo.com.br\/#\/schema\/logo\/image\/"}},{"@type":"Person","@id":"https:\/\/blogdobispo.com.br\/#\/schema\/person\/e2209cc0e6cea5c5233d033e997b373f","name":"Jefferson Sterfeno","image":{"@type":"ImageObject","inLanguage":"pt-BR","@id":"https:\/\/blogdobispo.com.br\/#\/schema\/person\/image\/","url":"https:\/\/secure.gravatar.com\/avatar\/0534e84764641168a677026b6d57a3f51dc7ac4db0b4f6186d9cb330d4ee1160?s=96&d=mm&r=g","contentUrl":"https:\/\/secure.gravatar.com\/avatar\/0534e84764641168a677026b6d57a3f51dc7ac4db0b4f6186d9cb330d4ee1160?s=96&d=mm&r=g","caption":"Jefferson Sterfeno"},"sameAs":["http:\/\/blogdobispo.com.br"],"url":"https:\/\/blogdobispo.com.br\/?author=1"}]}},"featured_image_urls":{"full":"","thumbnail":"","medium":"","medium_large":"","large":"","1536x1536":"","2048x2048":""},"author_info":{"display_name":"Jefferson Sterfeno","author_link":"https:\/\/blogdobispo.com.br\/?author=1"},"category_info":"<a href=\"https:\/\/blogdobispo.com.br\/?cat=1\" rel=\"category\">diversos<\/a>","tag_info":"diversos","comment_count":"0","jetpack_featured_media_url":"","jetpack_sharing_enabled":true,"_links":{"self":[{"href":"https:\/\/blogdobispo.com.br\/index.php?rest_route=\/wp\/v2\/posts\/5958","targetHints":{"allow":["GET"]}}],"collection":[{"href":"https:\/\/blogdobispo.com.br\/index.php?rest_route=\/wp\/v2\/posts"}],"about":[{"href":"https:\/\/blogdobispo.com.br\/index.php?rest_route=\/wp\/v2\/types\/post"}],"author":[{"embeddable":true,"href":"https:\/\/blogdobispo.com.br\/index.php?rest_route=\/wp\/v2\/users\/1"}],"replies":[{"embeddable":true,"href":"https:\/\/blogdobispo.com.br\/index.php?rest_route=%2Fwp%2Fv2%2Fcomments&post=5958"}],"version-history":[{"count":1,"href":"https:\/\/blogdobispo.com.br\/index.php?rest_route=\/wp\/v2\/posts\/5958\/revisions"}],"predecessor-version":[{"id":5960,"href":"https:\/\/blogdobispo.com.br\/index.php?rest_route=\/wp\/v2\/posts\/5958\/revisions\/5960"}],"wp:attachment":[{"href":"https:\/\/blogdobispo.com.br\/index.php?rest_route=%2Fwp%2Fv2%2Fmedia&parent=5958"}],"wp:term":[{"taxonomy":"category","embeddable":true,"href":"https:\/\/blogdobispo.com.br\/index.php?rest_route=%2Fwp%2Fv2%2Fcategories&post=5958"},{"taxonomy":"post_tag","embeddable":true,"href":"https:\/\/blogdobispo.com.br\/index.php?rest_route=%2Fwp%2Fv2%2Ftags&post=5958"}],"curies":[{"name":"wp","href":"https:\/\/api.w.org\/{rel}","templated":true}]}}