{"id":5953,"date":"2025-07-14T21:20:57","date_gmt":"2025-07-14T21:20:57","guid":{"rendered":"https:\/\/blogdobispo.com.br\/?p=5953"},"modified":"2025-07-14T21:20:59","modified_gmt":"2025-07-14T21:20:59","slug":"comunicadores-prestigiam-evento-na-camara-de-parnamirim","status":"publish","type":"post","link":"https:\/\/blogdobispo.com.br\/?p=5953","title":{"rendered":"Comunicadores prestigiam evento na C\u00e2mara de Parnamirim"},"content":{"rendered":"\n<p>Com o objetivo de fortalecer a rela\u00e7\u00e3o entre o Legislativo e os comunicadores da cidade, a C\u00e2mara Municipal de Parnamirim promoveu, na manh\u00e3 desta segunda-feira (14), o \u201cC\u00e2mara em Pauta: Encontro com Comunicadores de Parnamirim\u201d, primeiro evento focado na \u00e1rea realizado pela Casa. Na ocasi\u00e3o, estiveram presentes blogueiros, assessores de comunica\u00e7\u00e3o e profissionais da m\u00eddia local, que foram recebidos pelo presidente da Casa Legislativa, vereador Dr. C\u00e9sar Maia, e pelo Diretor de Comunica\u00e7\u00e3o Social, Gustavo Brendo. Tamb\u00e9m marcaram presen\u00e7a os vereadores Thiago Fernandes, Michael Borges, Serginho, Chic\u00e3o e Irani Guedes.&nbsp;<\/p>\n\n\n\n<p>PublicidadeO diretor de Comunica\u00e7\u00e3o, Gustavo Brendo, celebrou a oportunidade de promover esse encontro com os profissionais da \u00e1rea. \u201cAtrav\u00e9s dos ve\u00edculos de comunica\u00e7\u00e3o locais conseguimos expandir nossas pautas e falar com com o cidad\u00e3o parnamirinense. Esse evento \u00e9 um momento de confraterniza\u00e7\u00e3o, de networking e de mostrar nossos resultados neste primeiro semestre\u201d, afirma. Atualmente, o setor de comunica\u00e7\u00e3o \u00e9 o maior da Casa do Povo, abarcando a Assessoria de Comunica\u00e7\u00e3o, TV C\u00e2mara, Libras e Som e tem logrado n\u00fameros exitosos nas redes sociais oficiais.&nbsp;&nbsp;<\/p>\n\n\n\n<p>Para o presidente da Casa, vereador Dr. C\u00e9sar Maia, esses n\u00fameros refletem o interesse do povo com as pautas discutidas na C\u00e2mara. \u201cO que n\u00f3s temos feito na Ascom \u00e9 tentar desconstruir a imagem de que os pol\u00edticos est\u00e3o distantes da popula\u00e7\u00e3o e mostrar que n\u00f3s precisamos da participa\u00e7\u00e3o popular\u201d, declara.&nbsp;<\/p>\n\n\n\n<p>Para os participantes, o evento tamb\u00e9m foi de enorme ganho. O editor do Potiguar Not\u00edcias, Hiago Luis, parabenizou pela iniciativa e acrescentou que &#8220;o grande ponto deste encontro foi a import\u00e2ncia de construir e manter certa credibilidade, j\u00e1 que nosso compromisso \u00e9 fazer uma aproxima\u00e7\u00e3o entre o Legislativo e o povo&#8221;, assegura.&nbsp;<\/p>\n\n\n\n<p>O evento tamb\u00e9m teve a finalidade de valorizar o trabalho desses agentes da m\u00eddia e ressaltar o compromisso da C\u00e2mara com a transpar\u00eancia.&nbsp; &#8220;O trabalho do jornalista tem como princ\u00edpio a transforma\u00e7\u00e3o social, e quando alinhado com a C\u00e2mara, que \u00e9 a Casa do Povo, esse trabalho tende a ser mais eficiente&#8221;, disse o jornalista Willien Moura do Jornal Di\u00e1rio Potiguar.<\/p>\n\n\n\n<p><strong>Palestra e participa\u00e7\u00e3o<\/strong><\/p>\n\n\n\n<p>Um dos destaques do evento foi a palestra da jornalista Anna Ruth Dantas: \u201cA responsabilidade do comunicador e a constru\u00e7\u00e3o da cidadania\u201d. Para a jornalista, esse foi um momento importante para o debate sobre a comunica\u00e7\u00e3o p\u00fablica e a constru\u00e7\u00e3o da credibilidade de uma institui\u00e7\u00e3o p\u00fablica.&nbsp;<\/p>\n\n\n\n<p>Estiveram participando representantes de diversos ve\u00edculos, como Potiguar Not\u00edcias, Jornal Di\u00e1rio Potiguar, Blog do Gilson Moura, NoCast Podcast, Blog DuSouto, Blog Helo\u00edsa Macedo, Na Cophab, entre outros.<\/p>\n\n\n\n<figure class=\"wp-block-image\"><img data-recalc-dims=\"1\" fetchpriority=\"high\" decoding=\"async\" width=\"800\" height=\"533\" src=\"https:\/\/i0.wp.com\/blogdobispo.com.br\/wp-content\/uploads\/2025\/07\/comunicadores-prestigiam-evento-na-camara-de-parnamirim-1.jpeg?resize=800%2C533\" alt=\"\" class=\"wp-image-5954\" srcset=\"https:\/\/i0.wp.com\/blogdobispo.com.br\/wp-content\/uploads\/2025\/07\/comunicadores-prestigiam-evento-na-camara-de-parnamirim-1.jpeg?w=900&amp;ssl=1 900w, https:\/\/i0.wp.com\/blogdobispo.com.br\/wp-content\/uploads\/2025\/07\/comunicadores-prestigiam-evento-na-camara-de-parnamirim-1.jpeg?resize=300%2C200&amp;ssl=1 300w, https:\/\/i0.wp.com\/blogdobispo.com.br\/wp-content\/uploads\/2025\/07\/comunicadores-prestigiam-evento-na-camara-de-parnamirim-1.jpeg?resize=768%2C512&amp;ssl=1 768w\" sizes=\"(max-width: 800px) 100vw, 800px\" \/><\/figure>\n","protected":false},"excerpt":{"rendered":"<p>Com o objetivo de fortalecer a rela\u00e7\u00e3o entre o Legislativo e os comunicadores da cidade, a C\u00e2mara Municipal de Parnamirim promoveu, na manh\u00e3 desta segunda-feira (14), o \u201cC\u00e2mara em Pauta: Encontro com Comunicadores de Parnamirim\u201d, primeiro evento focado na \u00e1rea realizado pela Casa. Na ocasi\u00e3o, estiveram presentes blogueiros, assessores de comunica\u00e7\u00e3o e profissionais da m\u00eddia [&hellip;]<\/p>\n","protected":false},"author":1,"featured_media":0,"comment_status":"open","ping_status":"open","sticky":false,"template":"","format":"standard","meta":{"cybocfi_hide_featured_image":"","_jetpack_memberships_contains_paid_content":false,"footnotes":""},"categories":[1],"tags":[],"class_list":["post-5953","post","type-post","status-publish","format-standard","hentry","category-diversos"],"yoast_head":"<!-- This site is optimized with the Yoast SEO plugin v25.6 - https:\/\/yoast.com\/wordpress\/plugins\/seo\/ -->\n<title>Comunicadores prestigiam evento na C\u00e2mara de Parnamirim - Blog do Bispo<\/title>\n<meta name=\"robots\" content=\"index, follow, max-snippet:-1, max-image-preview:large, max-video-preview:-1\" \/>\n<link rel=\"canonical\" href=\"https:\/\/blogdobispo.com.br\/?p=5953\" \/>\n<meta property=\"og:locale\" content=\"pt_BR\" \/>\n<meta property=\"og:type\" content=\"article\" \/>\n<meta property=\"og:title\" content=\"Comunicadores prestigiam evento na C\u00e2mara de Parnamirim - Blog do Bispo\" \/>\n<meta property=\"og:description\" content=\"Com o objetivo de fortalecer a rela\u00e7\u00e3o entre o Legislativo e os comunicadores da cidade, a C\u00e2mara Municipal de Parnamirim promoveu, na manh\u00e3 desta segunda-feira (14), o \u201cC\u00e2mara em Pauta: Encontro com Comunicadores de Parnamirim\u201d, primeiro evento focado na \u00e1rea realizado pela Casa. Na ocasi\u00e3o, estiveram presentes blogueiros, assessores de comunica\u00e7\u00e3o e profissionais da m\u00eddia [&hellip;]\" \/>\n<meta property=\"og:url\" content=\"https:\/\/blogdobispo.com.br\/?p=5953\" \/>\n<meta property=\"og:site_name\" content=\"Blog do Bispo\" \/>\n<meta property=\"article:published_time\" content=\"2025-07-14T21:20:57+00:00\" \/>\n<meta property=\"article:modified_time\" content=\"2025-07-14T21:20:59+00:00\" \/>\n<meta property=\"og:image\" content=\"http:\/\/blogdobispo.com.br\/wp-content\/uploads\/2025\/07\/comunicadores-prestigiam-evento-na-camara-de-parnamirim-1.jpeg\" \/>\n<meta name=\"author\" content=\"Jefferson Sterfeno\" \/>\n<meta name=\"twitter:card\" content=\"summary_large_image\" \/>\n<meta name=\"twitter:label1\" content=\"Escrito por\" \/>\n\t<meta name=\"twitter:data1\" content=\"Jefferson Sterfeno\" \/>\n\t<meta name=\"twitter:label2\" content=\"Est. tempo de leitura\" \/>\n\t<meta name=\"twitter:data2\" content=\"3 minutos\" \/>\n<script type=\"application\/ld+json\" class=\"yoast-schema-graph\">{\"@context\":\"https:\/\/schema.org\",\"@graph\":[{\"@type\":\"Article\",\"@id\":\"https:\/\/blogdobispo.com.br\/?p=5953#article\",\"isPartOf\":{\"@id\":\"https:\/\/blogdobispo.com.br\/?p=5953\"},\"author\":{\"name\":\"Jefferson Sterfeno\",\"@id\":\"https:\/\/blogdobispo.com.br\/#\/schema\/person\/e2209cc0e6cea5c5233d033e997b373f\"},\"headline\":\"Comunicadores prestigiam evento na C\u00e2mara de Parnamirim\",\"datePublished\":\"2025-07-14T21:20:57+00:00\",\"dateModified\":\"2025-07-14T21:20:59+00:00\",\"mainEntityOfPage\":{\"@id\":\"https:\/\/blogdobispo.com.br\/?p=5953\"},\"wordCount\":476,\"commentCount\":0,\"publisher\":{\"@id\":\"https:\/\/blogdobispo.com.br\/#organization\"},\"image\":{\"@id\":\"https:\/\/blogdobispo.com.br\/?p=5953#primaryimage\"},\"thumbnailUrl\":\"http:\/\/blogdobispo.com.br\/wp-content\/uploads\/2025\/07\/comunicadores-prestigiam-evento-na-camara-de-parnamirim-1.jpeg\",\"articleSection\":[\"diversos\"],\"inLanguage\":\"pt-BR\",\"potentialAction\":[{\"@type\":\"CommentAction\",\"name\":\"Comment\",\"target\":[\"https:\/\/blogdobispo.com.br\/?p=5953#respond\"]}]},{\"@type\":\"WebPage\",\"@id\":\"https:\/\/blogdobispo.com.br\/?p=5953\",\"url\":\"https:\/\/blogdobispo.com.br\/?p=5953\",\"name\":\"Comunicadores prestigiam evento na C\u00e2mara de Parnamirim - Blog do Bispo\",\"isPartOf\":{\"@id\":\"https:\/\/blogdobispo.com.br\/#website\"},\"primaryImageOfPage\":{\"@id\":\"https:\/\/blogdobispo.com.br\/?p=5953#primaryimage\"},\"image\":{\"@id\":\"https:\/\/blogdobispo.com.br\/?p=5953#primaryimage\"},\"thumbnailUrl\":\"http:\/\/blogdobispo.com.br\/wp-content\/uploads\/2025\/07\/comunicadores-prestigiam-evento-na-camara-de-parnamirim-1.jpeg\",\"datePublished\":\"2025-07-14T21:20:57+00:00\",\"dateModified\":\"2025-07-14T21:20:59+00:00\",\"breadcrumb\":{\"@id\":\"https:\/\/blogdobispo.com.br\/?p=5953#breadcrumb\"},\"inLanguage\":\"pt-BR\",\"potentialAction\":[{\"@type\":\"ReadAction\",\"target\":[\"https:\/\/blogdobispo.com.br\/?p=5953\"]}]},{\"@type\":\"ImageObject\",\"inLanguage\":\"pt-BR\",\"@id\":\"https:\/\/blogdobispo.com.br\/?p=5953#primaryimage\",\"url\":\"http:\/\/blogdobispo.com.br\/wp-content\/uploads\/2025\/07\/comunicadores-prestigiam-evento-na-camara-de-parnamirim-1.jpeg\",\"contentUrl\":\"http:\/\/blogdobispo.com.br\/wp-content\/uploads\/2025\/07\/comunicadores-prestigiam-evento-na-camara-de-parnamirim-1.jpeg\"},{\"@type\":\"BreadcrumbList\",\"@id\":\"https:\/\/blogdobispo.com.br\/?p=5953#breadcrumb\",\"itemListElement\":[{\"@type\":\"ListItem\",\"position\":1,\"name\":\"In\u00edcio\",\"item\":\"https:\/\/blogdobispo.com.br\/\"},{\"@type\":\"ListItem\",\"position\":2,\"name\":\"Comunicadores prestigiam evento na C\u00e2mara de Parnamirim\"}]},{\"@type\":\"WebSite\",\"@id\":\"https:\/\/blogdobispo.com.br\/#website\",\"url\":\"https:\/\/blogdobispo.com.br\/\",\"name\":\"Blog do Bispo\",\"description\":\"Comprometido apenas com o leitor\",\"publisher\":{\"@id\":\"https:\/\/blogdobispo.com.br\/#organization\"},\"potentialAction\":[{\"@type\":\"SearchAction\",\"target\":{\"@type\":\"EntryPoint\",\"urlTemplate\":\"https:\/\/blogdobispo.com.br\/?s={search_term_string}\"},\"query-input\":{\"@type\":\"PropertyValueSpecification\",\"valueRequired\":true,\"valueName\":\"search_term_string\"}}],\"inLanguage\":\"pt-BR\"},{\"@type\":\"Organization\",\"@id\":\"https:\/\/blogdobispo.com.br\/#organization\",\"name\":\"Blog do Bispo\",\"url\":\"https:\/\/blogdobispo.com.br\/\",\"logo\":{\"@type\":\"ImageObject\",\"inLanguage\":\"pt-BR\",\"@id\":\"https:\/\/blogdobispo.com.br\/#\/schema\/logo\/image\/\",\"url\":\"http:\/\/blogdobispo.com.br\/wp-content\/uploads\/2023\/05\/cropped-headear.png\",\"contentUrl\":\"http:\/\/blogdobispo.com.br\/wp-content\/uploads\/2023\/05\/cropped-headear.png\",\"width\":1500,\"height\":399,\"caption\":\"Blog do Bispo\"},\"image\":{\"@id\":\"https:\/\/blogdobispo.com.br\/#\/schema\/logo\/image\/\"}},{\"@type\":\"Person\",\"@id\":\"https:\/\/blogdobispo.com.br\/#\/schema\/person\/e2209cc0e6cea5c5233d033e997b373f\",\"name\":\"Jefferson Sterfeno\",\"image\":{\"@type\":\"ImageObject\",\"inLanguage\":\"pt-BR\",\"@id\":\"https:\/\/blogdobispo.com.br\/#\/schema\/person\/image\/\",\"url\":\"https:\/\/secure.gravatar.com\/avatar\/0534e84764641168a677026b6d57a3f51dc7ac4db0b4f6186d9cb330d4ee1160?s=96&d=mm&r=g\",\"contentUrl\":\"https:\/\/secure.gravatar.com\/avatar\/0534e84764641168a677026b6d57a3f51dc7ac4db0b4f6186d9cb330d4ee1160?s=96&d=mm&r=g\",\"caption\":\"Jefferson Sterfeno\"},\"sameAs\":[\"http:\/\/blogdobispo.com.br\"],\"url\":\"https:\/\/blogdobispo.com.br\/?author=1\"}]}<\/script>\n<!-- \/ Yoast SEO plugin. -->","yoast_head_json":{"title":"Comunicadores prestigiam evento na C\u00e2mara de Parnamirim - Blog do Bispo","robots":{"index":"index","follow":"follow","max-snippet":"max-snippet:-1","max-image-preview":"max-image-preview:large","max-video-preview":"max-video-preview:-1"},"canonical":"https:\/\/blogdobispo.com.br\/?p=5953","og_locale":"pt_BR","og_type":"article","og_title":"Comunicadores prestigiam evento na C\u00e2mara de Parnamirim - Blog do Bispo","og_description":"Com o objetivo de fortalecer a rela\u00e7\u00e3o entre o Legislativo e os comunicadores da cidade, a C\u00e2mara Municipal de Parnamirim promoveu, na manh\u00e3 desta segunda-feira (14), o \u201cC\u00e2mara em Pauta: Encontro com Comunicadores de Parnamirim\u201d, primeiro evento focado na \u00e1rea realizado pela Casa. Na ocasi\u00e3o, estiveram presentes blogueiros, assessores de comunica\u00e7\u00e3o e profissionais da m\u00eddia [&hellip;]","og_url":"https:\/\/blogdobispo.com.br\/?p=5953","og_site_name":"Blog do Bispo","article_published_time":"2025-07-14T21:20:57+00:00","article_modified_time":"2025-07-14T21:20:59+00:00","og_image":[{"url":"http:\/\/blogdobispo.com.br\/wp-content\/uploads\/2025\/07\/comunicadores-prestigiam-evento-na-camara-de-parnamirim-1.jpeg","type":"","width":"","height":""}],"author":"Jefferson Sterfeno","twitter_card":"summary_large_image","twitter_misc":{"Escrito por":"Jefferson Sterfeno","Est. tempo de leitura":"3 minutos"},"schema":{"@context":"https:\/\/schema.org","@graph":[{"@type":"Article","@id":"https:\/\/blogdobispo.com.br\/?p=5953#article","isPartOf":{"@id":"https:\/\/blogdobispo.com.br\/?p=5953"},"author":{"name":"Jefferson Sterfeno","@id":"https:\/\/blogdobispo.com.br\/#\/schema\/person\/e2209cc0e6cea5c5233d033e997b373f"},"headline":"Comunicadores prestigiam evento na C\u00e2mara de Parnamirim","datePublished":"2025-07-14T21:20:57+00:00","dateModified":"2025-07-14T21:20:59+00:00","mainEntityOfPage":{"@id":"https:\/\/blogdobispo.com.br\/?p=5953"},"wordCount":476,"commentCount":0,"publisher":{"@id":"https:\/\/blogdobispo.com.br\/#organization"},"image":{"@id":"https:\/\/blogdobispo.com.br\/?p=5953#primaryimage"},"thumbnailUrl":"http:\/\/blogdobispo.com.br\/wp-content\/uploads\/2025\/07\/comunicadores-prestigiam-evento-na-camara-de-parnamirim-1.jpeg","articleSection":["diversos"],"inLanguage":"pt-BR","potentialAction":[{"@type":"CommentAction","name":"Comment","target":["https:\/\/blogdobispo.com.br\/?p=5953#respond"]}]},{"@type":"WebPage","@id":"https:\/\/blogdobispo.com.br\/?p=5953","url":"https:\/\/blogdobispo.com.br\/?p=5953","name":"Comunicadores prestigiam evento na C\u00e2mara de Parnamirim - Blog do Bispo","isPartOf":{"@id":"https:\/\/blogdobispo.com.br\/#website"},"primaryImageOfPage":{"@id":"https:\/\/blogdobispo.com.br\/?p=5953#primaryimage"},"image":{"@id":"https:\/\/blogdobispo.com.br\/?p=5953#primaryimage"},"thumbnailUrl":"http:\/\/blogdobispo.com.br\/wp-content\/uploads\/2025\/07\/comunicadores-prestigiam-evento-na-camara-de-parnamirim-1.jpeg","datePublished":"2025-07-14T21:20:57+00:00","dateModified":"2025-07-14T21:20:59+00:00","breadcrumb":{"@id":"https:\/\/blogdobispo.com.br\/?p=5953#breadcrumb"},"inLanguage":"pt-BR","potentialAction":[{"@type":"ReadAction","target":["https:\/\/blogdobispo.com.br\/?p=5953"]}]},{"@type":"ImageObject","inLanguage":"pt-BR","@id":"https:\/\/blogdobispo.com.br\/?p=5953#primaryimage","url":"http:\/\/blogdobispo.com.br\/wp-content\/uploads\/2025\/07\/comunicadores-prestigiam-evento-na-camara-de-parnamirim-1.jpeg","contentUrl":"http:\/\/blogdobispo.com.br\/wp-content\/uploads\/2025\/07\/comunicadores-prestigiam-evento-na-camara-de-parnamirim-1.jpeg"},{"@type":"BreadcrumbList","@id":"https:\/\/blogdobispo.com.br\/?p=5953#breadcrumb","itemListElement":[{"@type":"ListItem","position":1,"name":"In\u00edcio","item":"https:\/\/blogdobispo.com.br\/"},{"@type":"ListItem","position":2,"name":"Comunicadores prestigiam evento na C\u00e2mara de Parnamirim"}]},{"@type":"WebSite","@id":"https:\/\/blogdobispo.com.br\/#website","url":"https:\/\/blogdobispo.com.br\/","name":"Blog do Bispo","description":"Comprometido apenas com o leitor","publisher":{"@id":"https:\/\/blogdobispo.com.br\/#organization"},"potentialAction":[{"@type":"SearchAction","target":{"@type":"EntryPoint","urlTemplate":"https:\/\/blogdobispo.com.br\/?s={search_term_string}"},"query-input":{"@type":"PropertyValueSpecification","valueRequired":true,"valueName":"search_term_string"}}],"inLanguage":"pt-BR"},{"@type":"Organization","@id":"https:\/\/blogdobispo.com.br\/#organization","name":"Blog do Bispo","url":"https:\/\/blogdobispo.com.br\/","logo":{"@type":"ImageObject","inLanguage":"pt-BR","@id":"https:\/\/blogdobispo.com.br\/#\/schema\/logo\/image\/","url":"http:\/\/blogdobispo.com.br\/wp-content\/uploads\/2023\/05\/cropped-headear.png","contentUrl":"http:\/\/blogdobispo.com.br\/wp-content\/uploads\/2023\/05\/cropped-headear.png","width":1500,"height":399,"caption":"Blog do Bispo"},"image":{"@id":"https:\/\/blogdobispo.com.br\/#\/schema\/logo\/image\/"}},{"@type":"Person","@id":"https:\/\/blogdobispo.com.br\/#\/schema\/person\/e2209cc0e6cea5c5233d033e997b373f","name":"Jefferson Sterfeno","image":{"@type":"ImageObject","inLanguage":"pt-BR","@id":"https:\/\/blogdobispo.com.br\/#\/schema\/person\/image\/","url":"https:\/\/secure.gravatar.com\/avatar\/0534e84764641168a677026b6d57a3f51dc7ac4db0b4f6186d9cb330d4ee1160?s=96&d=mm&r=g","contentUrl":"https:\/\/secure.gravatar.com\/avatar\/0534e84764641168a677026b6d57a3f51dc7ac4db0b4f6186d9cb330d4ee1160?s=96&d=mm&r=g","caption":"Jefferson Sterfeno"},"sameAs":["http:\/\/blogdobispo.com.br"],"url":"https:\/\/blogdobispo.com.br\/?author=1"}]}},"featured_image_urls":{"full":"","thumbnail":"","medium":"","medium_large":"","large":"","1536x1536":"","2048x2048":""},"author_info":{"display_name":"Jefferson Sterfeno","author_link":"https:\/\/blogdobispo.com.br\/?author=1"},"category_info":"<a href=\"https:\/\/blogdobispo.com.br\/?cat=1\" rel=\"category\">diversos<\/a>","tag_info":"diversos","comment_count":"0","jetpack_featured_media_url":"","jetpack_sharing_enabled":true,"_links":{"self":[{"href":"https:\/\/blogdobispo.com.br\/index.php?rest_route=\/wp\/v2\/posts\/5953","targetHints":{"allow":["GET"]}}],"collection":[{"href":"https:\/\/blogdobispo.com.br\/index.php?rest_route=\/wp\/v2\/posts"}],"about":[{"href":"https:\/\/blogdobispo.com.br\/index.php?rest_route=\/wp\/v2\/types\/post"}],"author":[{"embeddable":true,"href":"https:\/\/blogdobispo.com.br\/index.php?rest_route=\/wp\/v2\/users\/1"}],"replies":[{"embeddable":true,"href":"https:\/\/blogdobispo.com.br\/index.php?rest_route=%2Fwp%2Fv2%2Fcomments&post=5953"}],"version-history":[{"count":1,"href":"https:\/\/blogdobispo.com.br\/index.php?rest_route=\/wp\/v2\/posts\/5953\/revisions"}],"predecessor-version":[{"id":5955,"href":"https:\/\/blogdobispo.com.br\/index.php?rest_route=\/wp\/v2\/posts\/5953\/revisions\/5955"}],"wp:attachment":[{"href":"https:\/\/blogdobispo.com.br\/index.php?rest_route=%2Fwp%2Fv2%2Fmedia&parent=5953"}],"wp:term":[{"taxonomy":"category","embeddable":true,"href":"https:\/\/blogdobispo.com.br\/index.php?rest_route=%2Fwp%2Fv2%2Fcategories&post=5953"},{"taxonomy":"post_tag","embeddable":true,"href":"https:\/\/blogdobispo.com.br\/index.php?rest_route=%2Fwp%2Fv2%2Ftags&post=5953"}],"curies":[{"name":"wp","href":"https:\/\/api.w.org\/{rel}","templated":true}]}}